{"id":22873,"date":"2022-07-01T12:04:49","date_gmt":"2022-07-01T10:04:49","guid":{"rendered":"https:\/\/dignitynews.eu\/?p=22873"},"modified":"2022-07-01T12:04:49","modified_gmt":"2022-07-01T10:04:49","slug":"premier-dobrnelismy-do-konca-negocjacji-z-komisja-europejska-w-sprawie-umowy-partnerstwa","status":"publish","type":"post","link":"https:\/\/dignitynews.eu\/pl\/premier-dobrnelismy-do-konca-negocjacji-z-komisja-europejska-w-sprawie-umowy-partnerstwa\/","title":{"rendered":"Premier: Dobrn\u0119li\u015bmy do ko\u0144ca negocjacji z Komisj\u0105 Europejsk\u0105 w sprawie Umowy Partnerstwa"},"content":{"rendered":"<h5>Dobrn\u0119li\u015bmy do ko\u0144ca negocjacji z Komisj\u0105 Europejsk\u0105 w sprawie Umowy Partnerstwa &#8211; poinformowa\u0142 w czwartek prezes Rady Ministr\u00f3w Mateusz Morawiecki. Premier przypomnia\u0142, \u017ce Polska jest najwi\u0119kszym beneficjentem \u015brodk\u00f3w z polityki sp\u00f3jno\u015bci i otrzyma z niej ponad 76 mld euro.<\/h5>\n<p>30 listopada 2021 r. Rada Ministr\u00f3w przyj\u0119\u0142a projekt Umowy Partnerstwa, kt\u00f3ry nast\u0119pnie sta\u0142 si\u0119 przedmiotem negocjacji z Komisj\u0105 Europejsk\u0105. Umowa Partnerstwa to kluczowy dokument dotycz\u0105cy pozyskiwania \u015brodk\u00f3w unijnych w perspektywie 2021-2027<\/p>\n<p>Zdaniem Mateusza Morawieckiego zako\u0144czenie negocjacji z Komisj\u0105 Europejsk\u0105 to szczeg\u00f3lnie dobra wiadomo\u015b\u0107, bo rz\u0105d chce si\u0119 koncentrowa\u0107 na tym, aby pieni\u0105dze na potrzebne zmiany otrzyma\u0142y tereny wiejskie, powiaty, mniejsze miasta i tereny, kt\u00f3re wymagaj\u0105 transformacji \u015brodowiskowej i energetycznej. Umowa pozwala te\u017c uruchomi\u0107 \u015brodki na Wsp\u00f3ln\u0105 Polityk\u0119 Roln\u0105 i polityki sektorowe.<\/p>\n<p>Szef rz\u0105du zaznaczy\u0142, \u017ce Umowa Partnerstwa to strategia wykorzystania \u015brodk\u00f3w pochodz\u0105cych z bud\u017cetu UE na najr\u00f3\u017cniejsze projekty, kt\u00f3re do tej pory wszyscy Polacy znaj\u0105. &#8211; Polska si\u0119 zmieni\u0142a tak\u017ce dzi\u0119ki tym funduszom &#8211; podkre\u015bli\u0142.<\/p>\n<p>W ocenie premiera Morawieckiego Polska pozostaje najwi\u0119kszym beneficjentem polityki sp\u00f3jno\u015bci w wielu sektorach, a wyr\u00f3wnywanie szans dzi\u0119ki funduszom odczuj\u0105 np. polscy rolnicy.<\/p>\n<p>&#8211; Chcemy, aby \u015brednia dop\u0142ata do hektara by\u0142a dla ogromnej wi\u0119kszo\u015bci rolnik\u00f3w, dla 95-97 proc. rolnik\u00f3w, na poziomie \u015bredniej unijnej, a nawet powy\u017cej \u015bredniej Unii Europejskiej \u2013 powiedzia\u0142 szef rz\u0105du.<\/p>\n<p>Mateusz Morawiecki zwr\u00f3ci\u0142 uwag\u0119, \u017ce Polska jest te\u017c liderem w jako\u015bci wykorzystania \u015brodk\u00f3w UE.<\/p>\n<p>&#8211; Poniewa\u017c bardzo dbamy o uczciwe wykonanie bud\u017cetu. W naszym DNA jest walka z korupcj\u0105. I chcia\u0142bym, by tak by\u0142o dalej &#8211; stwierdzi\u0142 premier cytowany w portalu polsatnews.pl.<\/p>\n<p>Arkadiusz S\u0142omczy\u0144ski<\/p>\n","protected":false},"excerpt":{"rendered":"<p>Dobrn\u0119li\u015bmy do ko\u0144ca negocjacji z Komisj\u0105 Europejsk\u0105 w sprawie Umowy Partnerstwa &#8211; poinformowa\u0142 w czwartek prezes Rady Ministr\u00f3w Mateusz Morawiecki. Premier przypomnia\u0142, \u017ce Polska jest najwi\u0119kszym beneficjentem \u015brodk\u00f3w z polityki&hellip;<\/p>\n","protected":false},"author":7,"featured_media":22879,"comment_status":"closed","ping_status":"open","sticky":false,"template":"","format":"standard","meta":{"_mi_skip_tracking":false,"footnotes":""},"categories":[47],"tags":[],"class_list":["post-22873","post","type-post","status-publish","format-standard","has-post-thumbnail","hentry","category-wydarzenia"],"yoast_head":"<!-- This site is optimized with the Yoast SEO plugin v19.4 - https:\/\/yoast.com\/wordpress\/plugins\/seo\/ -->\n<title>Premier: Dobrn\u0119li\u015bmy do ko\u0144ca negocjacji z Komisj\u0105 Europejsk\u0105 w sprawie Umowy Partnerstwa - Godno\u015b\u0107 - DignityNews.eu<\/title>\n<meta name=\"robots\" content=\"index, follow, max-snippet:-1, max-image-preview:large, max-video-preview:-1\" \/>\n<link rel=\"canonical\" href=\"https:\/\/dignitynews.eu\/pl\/premier-dobrnelismy-do-konca-negocjacji-z-komisja-europejska-w-sprawie-umowy-partnerstwa\/\" \/>\n<meta property=\"og:locale\" content=\"pl_PL\" \/>\n<meta property=\"og:type\" content=\"article\" \/>\n<meta property=\"og:title\" content=\"Premier: Dobrn\u0119li\u015bmy do ko\u0144ca negocjacji z Komisj\u0105 Europejsk\u0105 w sprawie Umowy Partnerstwa - Godno\u015b\u0107 - DignityNews.eu\" \/>\n<meta property=\"og:description\" content=\"Dobrn\u0119li\u015bmy do ko\u0144ca negocjacji z Komisj\u0105 Europejsk\u0105 w sprawie Umowy Partnerstwa &#8211; poinformowa\u0142 w czwartek prezes Rady Ministr\u00f3w Mateusz Morawiecki. Premier przypomnia\u0142, \u017ce Polska jest najwi\u0119kszym beneficjentem \u015brodk\u00f3w z polityki&hellip;\" \/>\n<meta property=\"og:url\" content=\"https:\/\/dignitynews.eu\/pl\/premier-dobrnelismy-do-konca-negocjacji-z-komisja-europejska-w-sprawie-umowy-partnerstwa\/\" \/>\n<meta property=\"og:site_name\" content=\"Godno\u015b\u0107 - DignityNews.eu\" \/>\n<meta property=\"article:published_time\" content=\"2022-07-01T10:04:49+00:00\" \/>\n<meta property=\"og:image\" content=\"https:\/\/dignitynews.eu\/wp-content\/uploads\/2022\/07\/Premier-o-zakonczeniu-negocjacji-z-KE-fot.-Jacek-Dominski-REPORTER.jpg\" \/>\n\t<meta property=\"og:image:width\" content=\"1500\" \/>\n\t<meta property=\"og:image:height\" content=\"1000\" \/>\n\t<meta property=\"og:image:type\" content=\"image\/jpeg\" \/>\n<meta name=\"author\" content=\"Dignity News\" \/>\n<meta name=\"twitter:card\" content=\"summary_large_image\" \/>\n<meta name=\"twitter:label1\" content=\"Napisane przez\" \/>\n\t<meta name=\"twitter:data1\" content=\"Dignity News\" \/>\n\t<meta name=\"twitter:label2\" content=\"Szacowany czas czytania\" \/>\n\t<meta name=\"twitter:data2\" content=\"1 minuta\" \/>\n<script type=\"application\/ld+json\" class=\"yoast-schema-graph\">{\"@context\":\"https:\/\/schema.org\",\"@graph\":[{\"@type\":\"WebSite\",\"@id\":\"https:\/\/dignitynews.eu\/pl\/#website\",\"url\":\"https:\/\/dignitynews.eu\/pl\/\",\"name\":\"Godno\u015b\u0107 - DignityNews.eu\",\"description\":\"\",\"potentialAction\":[{\"@type\":\"SearchAction\",\"target\":{\"@type\":\"EntryPoint\",\"urlTemplate\":\"https:\/\/dignitynews.eu\/pl\/?s={search_term_string}\"},\"query-input\":\"required name=search_term_string\"}],\"inLanguage\":\"pl-PL\"},{\"@type\":\"WebPage\",\"@id\":\"https:\/\/dignitynews.eu\/pl\/premier-dobrnelismy-do-konca-negocjacji-z-komisja-europejska-w-sprawie-umowy-partnerstwa\/\",\"url\":\"https:\/\/dignitynews.eu\/pl\/premier-dobrnelismy-do-konca-negocjacji-z-komisja-europejska-w-sprawie-umowy-partnerstwa\/\",\"name\":\"Premier: Dobrn\u0119li\u015bmy do ko\u0144ca negocjacji z Komisj\u0105 Europejsk\u0105 w sprawie Umowy Partnerstwa - Godno\u015b\u0107 - DignityNews.eu\",\"isPartOf\":{\"@id\":\"https:\/\/dignitynews.eu\/pl\/#website\"},\"datePublished\":\"2022-07-01T10:04:49+00:00\",\"dateModified\":\"2022-07-01T10:04:49+00:00\",\"author\":{\"@id\":\"https:\/\/dignitynews.eu\/pl\/#\/schema\/person\/0b62b762b8174802fabc81a3ecb1bfcb\"},\"breadcrumb\":{\"@id\":\"https:\/\/dignitynews.eu\/pl\/premier-dobrnelismy-do-konca-negocjacji-z-komisja-europejska-w-sprawie-umowy-partnerstwa\/#breadcrumb\"},\"inLanguage\":\"pl-PL\",\"potentialAction\":[{\"@type\":\"ReadAction\",\"target\":[\"https:\/\/dignitynews.eu\/pl\/premier-dobrnelismy-do-konca-negocjacji-z-komisja-europejska-w-sprawie-umowy-partnerstwa\/\"]}]},{\"@type\":\"BreadcrumbList\",\"@id\":\"https:\/\/dignitynews.eu\/pl\/premier-dobrnelismy-do-konca-negocjacji-z-komisja-europejska-w-sprawie-umowy-partnerstwa\/#breadcrumb\",\"itemListElement\":[{\"@type\":\"ListItem\",\"position\":1,\"name\":\"Strona g\u0142\u00f3wna\",\"item\":\"https:\/\/dignitynews.eu\/pl\/\"},{\"@type\":\"ListItem\",\"position\":2,\"name\":\"Premier: Dobrn\u0119li\u015bmy do ko\u0144ca negocjacji z Komisj\u0105 Europejsk\u0105 w sprawie Umowy Partnerstwa\"}]},{\"@type\":\"Person\",\"@id\":\"https:\/\/dignitynews.eu\/pl\/#\/schema\/person\/0b62b762b8174802fabc81a3ecb1bfcb\",\"name\":\"Dignity News\",\"image\":{\"@type\":\"ImageObject\",\"inLanguage\":\"pl-PL\",\"@id\":\"https:\/\/dignitynews.eu\/pl\/#\/schema\/person\/image\/\",\"url\":\"https:\/\/secure.gravatar.com\/avatar\/97963171a6d9108f8381bbefb1c6b150c445b6ddd9e3077b96c86cf5892c85dc?s=96&d=mm&r=g\",\"contentUrl\":\"https:\/\/secure.gravatar.com\/avatar\/97963171a6d9108f8381bbefb1c6b150c445b6ddd9e3077b96c86cf5892c85dc?s=96&d=mm&r=g\",\"caption\":\"Dignity News\"},\"url\":\"https:\/\/dignitynews.eu\/pl\/author\/mikolaj-palade\/\"}]}<\/script>\n<!-- \/ Yoast SEO plugin. -->","yoast_head_json":{"title":"Premier: Dobrn\u0119li\u015bmy do ko\u0144ca negocjacji z Komisj\u0105 Europejsk\u0105 w sprawie Umowy Partnerstwa - Godno\u015b\u0107 - DignityNews.eu","robots":{"index":"index","follow":"follow","max-snippet":"max-snippet:-1","max-image-preview":"max-image-preview:large","max-video-preview":"max-video-preview:-1"},"canonical":"https:\/\/dignitynews.eu\/pl\/premier-dobrnelismy-do-konca-negocjacji-z-komisja-europejska-w-sprawie-umowy-partnerstwa\/","og_locale":"pl_PL","og_type":"article","og_title":"Premier: Dobrn\u0119li\u015bmy do ko\u0144ca negocjacji z Komisj\u0105 Europejsk\u0105 w sprawie Umowy Partnerstwa - Godno\u015b\u0107 - DignityNews.eu","og_description":"Dobrn\u0119li\u015bmy do ko\u0144ca negocjacji z Komisj\u0105 Europejsk\u0105 w sprawie Umowy Partnerstwa &#8211; poinformowa\u0142 w czwartek prezes Rady Ministr\u00f3w Mateusz Morawiecki. Premier przypomnia\u0142, \u017ce Polska jest najwi\u0119kszym beneficjentem \u015brodk\u00f3w z polityki&hellip;","og_url":"https:\/\/dignitynews.eu\/pl\/premier-dobrnelismy-do-konca-negocjacji-z-komisja-europejska-w-sprawie-umowy-partnerstwa\/","og_site_name":"Godno\u015b\u0107 - DignityNews.eu","article_published_time":"2022-07-01T10:04:49+00:00","og_image":[{"width":1500,"height":1000,"url":"https:\/\/dignitynews.eu\/wp-content\/uploads\/2022\/07\/Premier-o-zakonczeniu-negocjacji-z-KE-fot.-Jacek-Dominski-REPORTER.jpg","type":"image\/jpeg"}],"author":"Dignity News","twitter_card":"summary_large_image","twitter_misc":{"Napisane przez":"Dignity News","Szacowany czas czytania":"1 minuta"},"schema":{"@context":"https:\/\/schema.org","@graph":[{"@type":"WebSite","@id":"https:\/\/dignitynews.eu\/pl\/#website","url":"https:\/\/dignitynews.eu\/pl\/","name":"Godno\u015b\u0107 - DignityNews.eu","description":"","potentialAction":[{"@type":"SearchAction","target":{"@type":"EntryPoint","urlTemplate":"https:\/\/dignitynews.eu\/pl\/?s={search_term_string}"},"query-input":"required name=search_term_string"}],"inLanguage":"pl-PL"},{"@type":"WebPage","@id":"https:\/\/dignitynews.eu\/pl\/premier-dobrnelismy-do-konca-negocjacji-z-komisja-europejska-w-sprawie-umowy-partnerstwa\/","url":"https:\/\/dignitynews.eu\/pl\/premier-dobrnelismy-do-konca-negocjacji-z-komisja-europejska-w-sprawie-umowy-partnerstwa\/","name":"Premier: Dobrn\u0119li\u015bmy do ko\u0144ca negocjacji z Komisj\u0105 Europejsk\u0105 w sprawie Umowy Partnerstwa - Godno\u015b\u0107 - DignityNews.eu","isPartOf":{"@id":"https:\/\/dignitynews.eu\/pl\/#website"},"datePublished":"2022-07-01T10:04:49+00:00","dateModified":"2022-07-01T10:04:49+00:00","author":{"@id":"https:\/\/dignitynews.eu\/pl\/#\/schema\/person\/0b62b762b8174802fabc81a3ecb1bfcb"},"breadcrumb":{"@id":"https:\/\/dignitynews.eu\/pl\/premier-dobrnelismy-do-konca-negocjacji-z-komisja-europejska-w-sprawie-umowy-partnerstwa\/#breadcrumb"},"inLanguage":"pl-PL","potentialAction":[{"@type":"ReadAction","target":["https:\/\/dignitynews.eu\/pl\/premier-dobrnelismy-do-konca-negocjacji-z-komisja-europejska-w-sprawie-umowy-partnerstwa\/"]}]},{"@type":"BreadcrumbList","@id":"https:\/\/dignitynews.eu\/pl\/premier-dobrnelismy-do-konca-negocjacji-z-komisja-europejska-w-sprawie-umowy-partnerstwa\/#breadcrumb","itemListElement":[{"@type":"ListItem","position":1,"name":"Strona g\u0142\u00f3wna","item":"https:\/\/dignitynews.eu\/pl\/"},{"@type":"ListItem","position":2,"name":"Premier: Dobrn\u0119li\u015bmy do ko\u0144ca negocjacji z Komisj\u0105 Europejsk\u0105 w sprawie Umowy Partnerstwa"}]},{"@type":"Person","@id":"https:\/\/dignitynews.eu\/pl\/#\/schema\/person\/0b62b762b8174802fabc81a3ecb1bfcb","name":"Dignity News","image":{"@type":"ImageObject","inLanguage":"pl-PL","@id":"https:\/\/dignitynews.eu\/pl\/#\/schema\/person\/image\/","url":"https:\/\/secure.gravatar.com\/avatar\/97963171a6d9108f8381bbefb1c6b150c445b6ddd9e3077b96c86cf5892c85dc?s=96&d=mm&r=g","contentUrl":"https:\/\/secure.gravatar.com\/avatar\/97963171a6d9108f8381bbefb1c6b150c445b6ddd9e3077b96c86cf5892c85dc?s=96&d=mm&r=g","caption":"Dignity News"},"url":"https:\/\/dignitynews.eu\/pl\/author\/mikolaj-palade\/"}]}},"_links":{"self":[{"href":"https:\/\/dignitynews.eu\/pl\/wp-json\/wp\/v2\/posts\/22873","targetHints":{"allow":["GET"]}}],"collection":[{"href":"https:\/\/dignitynews.eu\/pl\/wp-json\/wp\/v2\/posts"}],"about":[{"href":"https:\/\/dignitynews.eu\/pl\/wp-json\/wp\/v2\/types\/post"}],"author":[{"embeddable":true,"href":"https:\/\/dignitynews.eu\/pl\/wp-json\/wp\/v2\/users\/7"}],"replies":[{"embeddable":true,"href":"https:\/\/dignitynews.eu\/pl\/wp-json\/wp\/v2\/comments?post=22873"}],"version-history":[{"count":1,"href":"https:\/\/dignitynews.eu\/pl\/wp-json\/wp\/v2\/posts\/22873\/revisions"}],"predecessor-version":[{"id":22884,"href":"https:\/\/dignitynews.eu\/pl\/wp-json\/wp\/v2\/posts\/22873\/revisions\/22884"}],"wp:featuredmedia":[{"embeddable":true,"href":"https:\/\/dignitynews.eu\/pl\/wp-json\/wp\/v2\/media\/22879"}],"wp:attachment":[{"href":"https:\/\/dignitynews.eu\/pl\/wp-json\/wp\/v2\/media?parent=22873"}],"wp:term":[{"taxonomy":"category","embeddable":true,"href":"https:\/\/dignitynews.eu\/pl\/wp-json\/wp\/v2\/categories?post=22873"},{"taxonomy":"post_tag","embeddable":true,"href":"https:\/\/dignitynews.eu\/pl\/wp-json\/wp\/v2\/tags?post=22873"}],"curies":[{"name":"wp","href":"https:\/\/api.w.org\/{rel}","templated":true}]}}