{"id":22858,"date":"2022-07-01T10:14:28","date_gmt":"2022-07-01T08:14:28","guid":{"rendered":"https:\/\/dignitynews.eu\/?p=22858"},"modified":"2022-07-01T10:14:28","modified_gmt":"2022-07-01T08:14:28","slug":"na-podhalu-powstanie-najglebszy-na-swiecie-odwiert-geotermalny","status":"publish","type":"post","link":"https:\/\/dignitynews.eu\/pl\/na-podhalu-powstanie-najglebszy-na-swiecie-odwiert-geotermalny\/","title":{"rendered":"Na Podhalu powstanie najg\u0142\u0119bszy na \u015bwiecie odwiert geotermalny"},"content":{"rendered":"<h5>W Szaflarach na Podhalu powstanie najg\u0142\u0119bszy na \u015bwiecie, siedmiokilometrowy odwiert geotermalny. Podpisano umow\u0119 z jego wykonawc\u0105, firm\u0105 UOS Drilling S.A. Koszt inwestycji, finansowanej z Narodowego Funduszu Ochrony \u015arodowiska i Gospodarki Wodnej, to prawie 132 mln z\u0142.<\/h5>\n<p>&#8211; B\u0119dzie to odwiert badawczo-eksploatacyjny. To historyczny moment, z kt\u00f3rym wi\u0105\u017cemy bardzo wiele oczekiwa\u0144. Chcemy, aby nasz region znacznie lepiej si\u0119 rozwija\u0142. \u0179r\u00f3d\u0142a ciep\u0142ych w\u00f3d b\u0119d\u0105 s\u0142u\u017cy\u0142y potrzebom mieszka\u0144c\u00f3w, czyli b\u0119d\u0105 wykorzystane do ogrzewania dom\u00f3w, ale tak\u017ce do produkcji energii elektrycznej, do rekreacji, w celach zdrowotnych, ale tak\u017ce do uprawy warzyw i owoc\u00f3w, poniewa\u017c woda b\u0119dzie tak\u017ce mog\u0142a ogrzewa\u0107 grunt w szklarniach \u2013 m\u00f3wi w\u00f3jt gminy Szaflary Rafa\u0142 Szkaradzi\u0144ski cytowany w portalu polskieradio24.pl.<\/p>\n<p>Wie\u017ca wiertnicza b\u0119dzie montowana w czwartym kwartale bie\u017c\u0105cego roku, a samo wiercenie ma rozpocz\u0105\u0107 si\u0119 najprawdopodobniej na pocz\u0105tku przysz\u0142ego roku \u015arednica otworu b\u0119dzie zr\u00f3\u017cnicowana i b\u0119dzie zaczyna\u0142a si\u0119 od 13 cali i zaw\u0119\u017ca\u0142a teleskopowo, stosownie do g\u0142\u0119boko\u015bci. W celu wydobycia urobku b\u0119dzie wyt\u0142aczana ciecz, kt\u00f3ra jednocze\u015bnie b\u0119dzie ch\u0142odzi\u0142a g\u0142owic\u0119 wierc\u0105c\u0105.<\/p>\n<p>Zak\u0142adane s\u0105 trzy warianty eksploatowania nowego \u017ar\u00f3d\u0142a geotermalnego. Pierwszy to pobieranie gor\u0105cych w\u00f3d z g\u0142\u0119boko\u015bci docelowej, czyli 7 km, gdzie temperatura wody si\u0119ga 180 stopni Celsjusza. Je\u017celi oka\u017ce si\u0119, \u017ce na tej g\u0142\u0119boko\u015bci nie ma odpowiedniej ilo\u015bci ciep\u0142ej wody, to zostanie zastosowany drugi wariant, czyli pob\u00f3r wody z g\u0142\u0119boko\u015bci 5 km. Trzeci wariant to pob\u00f3r wody z g\u0142\u0119boko\u015bci 3,6 km. Decyzje b\u0119d\u0105 podejmowane w trakcie wiercenia i badania geologicznego.<\/p>\n<p>&#8211; Jeste\u015bmy w takim rejonie i \u017cyjemy w takich czasach, \u017ce musimy si\u0119 nauczy\u0107 wykorzystywa\u0107 nasze zasoby naturalne, kt\u00f3rych jest pod dostatkiem, tylko trzeba po nie si\u0119gn\u0105\u0107 i powinni\u015bmy uniezale\u017cni\u0107 si\u0119 energetycznie od wszystkich innych zewn\u0119trznych \u017ar\u00f3de\u0142 \u2013 podkre\u015bli\u0142 Szkaradzi\u0144ski.<\/p>\n<p>Arkadiusz S\u0142omczy\u0144ski<\/p>\n","protected":false},"excerpt":{"rendered":"<p>W Szaflarach na Podhalu powstanie najg\u0142\u0119bszy na \u015bwiecie, siedmiokilometrowy odwiert geotermalny. Podpisano umow\u0119 z jego wykonawc\u0105, firm\u0105 UOS Drilling S.A. Koszt inwestycji, finansowanej z Narodowego Funduszu Ochrony \u015arodowiska i Gospodarki&hellip;<\/p>\n","protected":false},"author":7,"featured_media":22860,"comment_status":"closed","ping_status":"open","sticky":false,"template":"","format":"standard","meta":{"_mi_skip_tracking":false,"footnotes":""},"categories":[48],"tags":[],"class_list":["post-22858","post","type-post","status-publish","format-standard","has-post-thumbnail","hentry","category-gospodarka"],"yoast_head":"<!-- This site is optimized with the Yoast SEO plugin v19.4 - https:\/\/yoast.com\/wordpress\/plugins\/seo\/ -->\n<title>Na Podhalu powstanie najg\u0142\u0119bszy na \u015bwiecie odwiert geotermalny - Godno\u015b\u0107 - DignityNews.eu<\/title>\n<meta name=\"robots\" content=\"index, follow, max-snippet:-1, max-image-preview:large, max-video-preview:-1\" \/>\n<link rel=\"canonical\" href=\"https:\/\/dignitynews.eu\/pl\/na-podhalu-powstanie-najglebszy-na-swiecie-odwiert-geotermalny\/\" \/>\n<meta property=\"og:locale\" content=\"pl_PL\" \/>\n<meta property=\"og:type\" content=\"article\" \/>\n<meta property=\"og:title\" content=\"Na Podhalu powstanie najg\u0142\u0119bszy na \u015bwiecie odwiert geotermalny - Godno\u015b\u0107 - DignityNews.eu\" \/>\n<meta property=\"og:description\" content=\"W Szaflarach na Podhalu powstanie najg\u0142\u0119bszy na \u015bwiecie, siedmiokilometrowy odwiert geotermalny. Podpisano umow\u0119 z jego wykonawc\u0105, firm\u0105 UOS Drilling S.A. Koszt inwestycji, finansowanej z Narodowego Funduszu Ochrony \u015arodowiska i Gospodarki&hellip;\" \/>\n<meta property=\"og:url\" content=\"https:\/\/dignitynews.eu\/pl\/na-podhalu-powstanie-najglebszy-na-swiecie-odwiert-geotermalny\/\" \/>\n<meta property=\"og:site_name\" content=\"Godno\u015b\u0107 - DignityNews.eu\" \/>\n<meta property=\"article:published_time\" content=\"2022-07-01T08:14:28+00:00\" \/>\n<meta property=\"og:image\" content=\"https:\/\/dignitynews.eu\/wp-content\/uploads\/2022\/07\/odwiert-geotermalny-fot-EAST-NEWS.jpg\" \/>\n\t<meta property=\"og:image:width\" content=\"996\" \/>\n\t<meta property=\"og:image:height\" content=\"1500\" \/>\n\t<meta property=\"og:image:type\" content=\"image\/jpeg\" \/>\n<meta name=\"author\" content=\"Dignity News\" \/>\n<meta name=\"twitter:card\" content=\"summary_large_image\" \/>\n<meta name=\"twitter:label1\" content=\"Napisane przez\" \/>\n\t<meta name=\"twitter:data1\" content=\"Dignity News\" \/>\n\t<meta name=\"twitter:label2\" content=\"Szacowany czas czytania\" \/>\n\t<meta name=\"twitter:data2\" content=\"2 minuty\" \/>\n<script type=\"application\/ld+json\" class=\"yoast-schema-graph\">{\"@context\":\"https:\/\/schema.org\",\"@graph\":[{\"@type\":\"WebSite\",\"@id\":\"https:\/\/dignitynews.eu\/pl\/#website\",\"url\":\"https:\/\/dignitynews.eu\/pl\/\",\"name\":\"Godno\u015b\u0107 - DignityNews.eu\",\"description\":\"\",\"potentialAction\":[{\"@type\":\"SearchAction\",\"target\":{\"@type\":\"EntryPoint\",\"urlTemplate\":\"https:\/\/dignitynews.eu\/pl\/?s={search_term_string}\"},\"query-input\":\"required name=search_term_string\"}],\"inLanguage\":\"pl-PL\"},{\"@type\":\"WebPage\",\"@id\":\"https:\/\/dignitynews.eu\/pl\/na-podhalu-powstanie-najglebszy-na-swiecie-odwiert-geotermalny\/\",\"url\":\"https:\/\/dignitynews.eu\/pl\/na-podhalu-powstanie-najglebszy-na-swiecie-odwiert-geotermalny\/\",\"name\":\"Na Podhalu powstanie najg\u0142\u0119bszy na \u015bwiecie odwiert geotermalny - Godno\u015b\u0107 - DignityNews.eu\",\"isPartOf\":{\"@id\":\"https:\/\/dignitynews.eu\/pl\/#website\"},\"datePublished\":\"2022-07-01T08:14:28+00:00\",\"dateModified\":\"2022-07-01T08:14:28+00:00\",\"author\":{\"@id\":\"https:\/\/dignitynews.eu\/pl\/#\/schema\/person\/0b62b762b8174802fabc81a3ecb1bfcb\"},\"breadcrumb\":{\"@id\":\"https:\/\/dignitynews.eu\/pl\/na-podhalu-powstanie-najglebszy-na-swiecie-odwiert-geotermalny\/#breadcrumb\"},\"inLanguage\":\"pl-PL\",\"potentialAction\":[{\"@type\":\"ReadAction\",\"target\":[\"https:\/\/dignitynews.eu\/pl\/na-podhalu-powstanie-najglebszy-na-swiecie-odwiert-geotermalny\/\"]}]},{\"@type\":\"BreadcrumbList\",\"@id\":\"https:\/\/dignitynews.eu\/pl\/na-podhalu-powstanie-najglebszy-na-swiecie-odwiert-geotermalny\/#breadcrumb\",\"itemListElement\":[{\"@type\":\"ListItem\",\"position\":1,\"name\":\"Strona g\u0142\u00f3wna\",\"item\":\"https:\/\/dignitynews.eu\/pl\/\"},{\"@type\":\"ListItem\",\"position\":2,\"name\":\"Na Podhalu powstanie najg\u0142\u0119bszy na \u015bwiecie odwiert geotermalny\"}]},{\"@type\":\"Person\",\"@id\":\"https:\/\/dignitynews.eu\/pl\/#\/schema\/person\/0b62b762b8174802fabc81a3ecb1bfcb\",\"name\":\"Dignity News\",\"image\":{\"@type\":\"ImageObject\",\"inLanguage\":\"pl-PL\",\"@id\":\"https:\/\/dignitynews.eu\/pl\/#\/schema\/person\/image\/\",\"url\":\"https:\/\/secure.gravatar.com\/avatar\/97963171a6d9108f8381bbefb1c6b150c445b6ddd9e3077b96c86cf5892c85dc?s=96&d=mm&r=g\",\"contentUrl\":\"https:\/\/secure.gravatar.com\/avatar\/97963171a6d9108f8381bbefb1c6b150c445b6ddd9e3077b96c86cf5892c85dc?s=96&d=mm&r=g\",\"caption\":\"Dignity News\"},\"url\":\"https:\/\/dignitynews.eu\/pl\/author\/mikolaj-palade\/\"}]}<\/script>\n<!-- \/ Yoast SEO plugin. -->","yoast_head_json":{"title":"Na Podhalu powstanie najg\u0142\u0119bszy na \u015bwiecie odwiert geotermalny - Godno\u015b\u0107 - DignityNews.eu","robots":{"index":"index","follow":"follow","max-snippet":"max-snippet:-1","max-image-preview":"max-image-preview:large","max-video-preview":"max-video-preview:-1"},"canonical":"https:\/\/dignitynews.eu\/pl\/na-podhalu-powstanie-najglebszy-na-swiecie-odwiert-geotermalny\/","og_locale":"pl_PL","og_type":"article","og_title":"Na Podhalu powstanie najg\u0142\u0119bszy na \u015bwiecie odwiert geotermalny - Godno\u015b\u0107 - DignityNews.eu","og_description":"W Szaflarach na Podhalu powstanie najg\u0142\u0119bszy na \u015bwiecie, siedmiokilometrowy odwiert geotermalny. Podpisano umow\u0119 z jego wykonawc\u0105, firm\u0105 UOS Drilling S.A. Koszt inwestycji, finansowanej z Narodowego Funduszu Ochrony \u015arodowiska i Gospodarki&hellip;","og_url":"https:\/\/dignitynews.eu\/pl\/na-podhalu-powstanie-najglebszy-na-swiecie-odwiert-geotermalny\/","og_site_name":"Godno\u015b\u0107 - DignityNews.eu","article_published_time":"2022-07-01T08:14:28+00:00","og_image":[{"width":996,"height":1500,"url":"https:\/\/dignitynews.eu\/wp-content\/uploads\/2022\/07\/odwiert-geotermalny-fot-EAST-NEWS.jpg","type":"image\/jpeg"}],"author":"Dignity News","twitter_card":"summary_large_image","twitter_misc":{"Napisane przez":"Dignity News","Szacowany czas czytania":"2 minuty"},"schema":{"@context":"https:\/\/schema.org","@graph":[{"@type":"WebSite","@id":"https:\/\/dignitynews.eu\/pl\/#website","url":"https:\/\/dignitynews.eu\/pl\/","name":"Godno\u015b\u0107 - DignityNews.eu","description":"","potentialAction":[{"@type":"SearchAction","target":{"@type":"EntryPoint","urlTemplate":"https:\/\/dignitynews.eu\/pl\/?s={search_term_string}"},"query-input":"required name=search_term_string"}],"inLanguage":"pl-PL"},{"@type":"WebPage","@id":"https:\/\/dignitynews.eu\/pl\/na-podhalu-powstanie-najglebszy-na-swiecie-odwiert-geotermalny\/","url":"https:\/\/dignitynews.eu\/pl\/na-podhalu-powstanie-najglebszy-na-swiecie-odwiert-geotermalny\/","name":"Na Podhalu powstanie najg\u0142\u0119bszy na \u015bwiecie odwiert geotermalny - Godno\u015b\u0107 - DignityNews.eu","isPartOf":{"@id":"https:\/\/dignitynews.eu\/pl\/#website"},"datePublished":"2022-07-01T08:14:28+00:00","dateModified":"2022-07-01T08:14:28+00:00","author":{"@id":"https:\/\/dignitynews.eu\/pl\/#\/schema\/person\/0b62b762b8174802fabc81a3ecb1bfcb"},"breadcrumb":{"@id":"https:\/\/dignitynews.eu\/pl\/na-podhalu-powstanie-najglebszy-na-swiecie-odwiert-geotermalny\/#breadcrumb"},"inLanguage":"pl-PL","potentialAction":[{"@type":"ReadAction","target":["https:\/\/dignitynews.eu\/pl\/na-podhalu-powstanie-najglebszy-na-swiecie-odwiert-geotermalny\/"]}]},{"@type":"BreadcrumbList","@id":"https:\/\/dignitynews.eu\/pl\/na-podhalu-powstanie-najglebszy-na-swiecie-odwiert-geotermalny\/#breadcrumb","itemListElement":[{"@type":"ListItem","position":1,"name":"Strona g\u0142\u00f3wna","item":"https:\/\/dignitynews.eu\/pl\/"},{"@type":"ListItem","position":2,"name":"Na Podhalu powstanie najg\u0142\u0119bszy na \u015bwiecie odwiert geotermalny"}]},{"@type":"Person","@id":"https:\/\/dignitynews.eu\/pl\/#\/schema\/person\/0b62b762b8174802fabc81a3ecb1bfcb","name":"Dignity News","image":{"@type":"ImageObject","inLanguage":"pl-PL","@id":"https:\/\/dignitynews.eu\/pl\/#\/schema\/person\/image\/","url":"https:\/\/secure.gravatar.com\/avatar\/97963171a6d9108f8381bbefb1c6b150c445b6ddd9e3077b96c86cf5892c85dc?s=96&d=mm&r=g","contentUrl":"https:\/\/secure.gravatar.com\/avatar\/97963171a6d9108f8381bbefb1c6b150c445b6ddd9e3077b96c86cf5892c85dc?s=96&d=mm&r=g","caption":"Dignity News"},"url":"https:\/\/dignitynews.eu\/pl\/author\/mikolaj-palade\/"}]}},"_links":{"self":[{"href":"https:\/\/dignitynews.eu\/pl\/wp-json\/wp\/v2\/posts\/22858","targetHints":{"allow":["GET"]}}],"collection":[{"href":"https:\/\/dignitynews.eu\/pl\/wp-json\/wp\/v2\/posts"}],"about":[{"href":"https:\/\/dignitynews.eu\/pl\/wp-json\/wp\/v2\/types\/post"}],"author":[{"embeddable":true,"href":"https:\/\/dignitynews.eu\/pl\/wp-json\/wp\/v2\/users\/7"}],"replies":[{"embeddable":true,"href":"https:\/\/dignitynews.eu\/pl\/wp-json\/wp\/v2\/comments?post=22858"}],"version-history":[{"count":1,"href":"https:\/\/dignitynews.eu\/pl\/wp-json\/wp\/v2\/posts\/22858\/revisions"}],"predecessor-version":[{"id":22859,"href":"https:\/\/dignitynews.eu\/pl\/wp-json\/wp\/v2\/posts\/22858\/revisions\/22859"}],"wp:featuredmedia":[{"embeddable":true,"href":"https:\/\/dignitynews.eu\/pl\/wp-json\/wp\/v2\/media\/22860"}],"wp:attachment":[{"href":"https:\/\/dignitynews.eu\/pl\/wp-json\/wp\/v2\/media?parent=22858"}],"wp:term":[{"taxonomy":"category","embeddable":true,"href":"https:\/\/dignitynews.eu\/pl\/wp-json\/wp\/v2\/categories?post=22858"},{"taxonomy":"post_tag","embeddable":true,"href":"https:\/\/dignitynews.eu\/pl\/wp-json\/wp\/v2\/tags?post=22858"}],"curies":[{"name":"wp","href":"https:\/\/api.w.org\/{rel}","templated":true}]}}