{"id":22587,"date":"2022-06-30T11:14:16","date_gmt":"2022-06-30T09:14:16","guid":{"rendered":"https:\/\/dignitynews.eu\/?p=22587"},"modified":"2022-06-30T11:14:16","modified_gmt":"2022-06-30T09:14:16","slug":"bariera-na-granicy-z-bialorusia-gotowa","status":"publish","type":"post","link":"https:\/\/dignitynews.eu\/pl\/bariera-na-granicy-z-bialorusia-gotowa\/","title":{"rendered":"Bariera na granicy z Bia\u0142orusi\u0105 gotowa"},"content":{"rendered":"<h5><strong>W czwartek 30 czerwca ko\u0144czy si\u0119 budowa bariery &#8211; powiedzia\u0142a porucznik Anna Michalska, rzeczniczka prasowa Komendy G\u0142\u00f3wnej Stra\u017cy Granicznej w rozmowie z Informacyjna Agencj\u0105 Radiow\u0105. Budowa bariery fizycznej, kt\u00f3ra stanie na 187 km podlaskiego odcinka granicy polsko-bia\u0142oruskiej, rozpocz\u0119\u0142a si\u0119 25 stycznia.<\/strong><\/h5>\n<p>Ca\u0142y czas na bie\u017c\u0105co\u00a0odbieramy kolejne odcinki\u00a0bariery fizycznej. Po kilka odcink\u00f3w dziennie. Odbiory, tak samo, jak i instalacja prz\u0119se\u0142, trwaj\u0105 do p\u00f3\u017anych godzin wieczornych \u2013 poinformowa\u0142a Michalska.<\/p>\n<p>R\u00f3wnolegle z odbiorami bariery fizycznej ruszy\u0142a budowa bariery elektronicznej, kt\u00f3ra ma zabezpieczy\u0107 polsk\u0105 granic\u0119 na 202 kilometrach. Stra\u017c Graniczna chce, aby zosta\u0142a ona oddana do ko\u0144ca sierpnia tego roku. Jak poinformowa\u0142a rzeczniczka Stra\u017cy Granicznej, kolejne 30 dni b\u0119dzie potrzebne na kalibracj\u0119, czyli zgranie wszystkich system\u00f3w. Zatem granica polsko-bia\u0142oruska od 1 pa\u017adziernika powinna by\u0107 zabezpieczona zar\u00f3wno fizycznie jak i elektronicznie.<\/p>\n<p>Bariera fizyczna to stalowe ogrodzenie o wysoko\u015bci 5,5 metra zwie\u0144czone concertin\u0105. Do jej powstania zu\u017cyto ponad 40 tys. stalowych prz\u0119se\u0142. Bariera elektroniczna zasi\u0119giem dzia\u0142ania obejmie wszystkie odcinki zapory fizycznej, a tak\u017ce cz\u0119\u015b\u0107 w\u00f3d granicznych. Zastosowane zostan\u0105 nowoczesne, elektroniczne\u00a0metody zarz\u0105dzania granic\u0105\u00a0takie jak czujniki ruchu czy kamery.<\/p>\n<p>W barierze fizycznej s\u0105 24 przej\u015bcia dla du\u017cych zwierz\u0105t i 140 tys. otwor\u00f3w dla ma\u0142ych zwierz\u0105t oraz przepusty na istniej\u0105cych ciekach wodnych.<\/p>\n<p>Barier\u0119\u00a0fizyczn\u0105 buduj\u0105 Budimex oraz konsorcjum Unibepu i sp\u00f3\u0142ki zale\u017cnej Budrex. Jej stalowe elementy wykona\u0142o konsorcjum trzech firm: Polimex-Mostostal, Mostostal Siedlce i W\u0119glokoks. Barier\u0119 elektroniczn\u0105 stworzy firma Elektrotim. Warto\u015b\u0107 um\u00f3w z tymi firmami to 1 mld 565 mln z\u0142otych.<\/p>\n<p>Adrian Andrzejewski<\/p>\n","protected":false},"excerpt":{"rendered":"<p>W czwartek 30 czerwca ko\u0144czy si\u0119 budowa bariery &#8211; powiedzia\u0142a porucznik Anna Michalska, rzeczniczka prasowa Komendy G\u0142\u00f3wnej Stra\u017cy Granicznej w rozmowie z Informacyjna Agencj\u0105 Radiow\u0105. Budowa bariery fizycznej, kt\u00f3ra stanie&hellip;<\/p>\n","protected":false},"author":7,"featured_media":22588,"comment_status":"closed","ping_status":"open","sticky":false,"template":"","format":"standard","meta":{"_mi_skip_tracking":false,"footnotes":""},"categories":[47],"tags":[],"class_list":["post-22587","post","type-post","status-publish","format-standard","has-post-thumbnail","hentry","category-wydarzenia"],"yoast_head":"<!-- This site is optimized with the Yoast SEO plugin v19.4 - https:\/\/yoast.com\/wordpress\/plugins\/seo\/ -->\n<title>Bariera na granicy z Bia\u0142orusi\u0105 gotowa - Godno\u015b\u0107 - DignityNews.eu<\/title>\n<meta name=\"robots\" content=\"index, follow, max-snippet:-1, max-image-preview:large, max-video-preview:-1\" \/>\n<link rel=\"canonical\" href=\"https:\/\/dignitynews.eu\/pl\/bariera-na-granicy-z-bialorusia-gotowa\/\" \/>\n<meta property=\"og:locale\" content=\"pl_PL\" \/>\n<meta property=\"og:type\" content=\"article\" \/>\n<meta property=\"og:title\" content=\"Bariera na granicy z Bia\u0142orusi\u0105 gotowa - Godno\u015b\u0107 - DignityNews.eu\" \/>\n<meta property=\"og:description\" content=\"W czwartek 30 czerwca ko\u0144czy si\u0119 budowa bariery &#8211; powiedzia\u0142a porucznik Anna Michalska, rzeczniczka prasowa Komendy G\u0142\u00f3wnej Stra\u017cy Granicznej w rozmowie z Informacyjna Agencj\u0105 Radiow\u0105. Budowa bariery fizycznej, kt\u00f3ra stanie&hellip;\" \/>\n<meta property=\"og:url\" content=\"https:\/\/dignitynews.eu\/pl\/bariera-na-granicy-z-bialorusia-gotowa\/\" \/>\n<meta property=\"og:site_name\" content=\"Godno\u015b\u0107 - DignityNews.eu\" \/>\n<meta property=\"article:published_time\" content=\"2022-06-30T09:14:16+00:00\" \/>\n<meta property=\"og:image\" content=\"https:\/\/dignitynews.eu\/wp-content\/uploads\/2022\/06\/Bariera-na-granicy-fot.-Piotr-Molecki-East-News.jpg\" \/>\n\t<meta property=\"og:image:width\" content=\"1500\" \/>\n\t<meta property=\"og:image:height\" content=\"856\" \/>\n\t<meta property=\"og:image:type\" content=\"image\/jpeg\" \/>\n<meta name=\"author\" content=\"Dignity News\" \/>\n<meta name=\"twitter:card\" content=\"summary_large_image\" \/>\n<meta name=\"twitter:label1\" content=\"Napisane przez\" \/>\n\t<meta name=\"twitter:data1\" content=\"Dignity News\" \/>\n\t<meta name=\"twitter:label2\" content=\"Szacowany czas czytania\" \/>\n\t<meta name=\"twitter:data2\" content=\"1 minuta\" \/>\n<script type=\"application\/ld+json\" class=\"yoast-schema-graph\">{\"@context\":\"https:\/\/schema.org\",\"@graph\":[{\"@type\":\"WebSite\",\"@id\":\"https:\/\/dignitynews.eu\/pl\/#website\",\"url\":\"https:\/\/dignitynews.eu\/pl\/\",\"name\":\"Godno\u015b\u0107 - DignityNews.eu\",\"description\":\"\",\"potentialAction\":[{\"@type\":\"SearchAction\",\"target\":{\"@type\":\"EntryPoint\",\"urlTemplate\":\"https:\/\/dignitynews.eu\/pl\/?s={search_term_string}\"},\"query-input\":\"required name=search_term_string\"}],\"inLanguage\":\"pl-PL\"},{\"@type\":\"WebPage\",\"@id\":\"https:\/\/dignitynews.eu\/pl\/bariera-na-granicy-z-bialorusia-gotowa\/\",\"url\":\"https:\/\/dignitynews.eu\/pl\/bariera-na-granicy-z-bialorusia-gotowa\/\",\"name\":\"Bariera na granicy z Bia\u0142orusi\u0105 gotowa - Godno\u015b\u0107 - DignityNews.eu\",\"isPartOf\":{\"@id\":\"https:\/\/dignitynews.eu\/pl\/#website\"},\"datePublished\":\"2022-06-30T09:14:16+00:00\",\"dateModified\":\"2022-06-30T09:14:16+00:00\",\"author\":{\"@id\":\"https:\/\/dignitynews.eu\/pl\/#\/schema\/person\/0b62b762b8174802fabc81a3ecb1bfcb\"},\"breadcrumb\":{\"@id\":\"https:\/\/dignitynews.eu\/pl\/bariera-na-granicy-z-bialorusia-gotowa\/#breadcrumb\"},\"inLanguage\":\"pl-PL\",\"potentialAction\":[{\"@type\":\"ReadAction\",\"target\":[\"https:\/\/dignitynews.eu\/pl\/bariera-na-granicy-z-bialorusia-gotowa\/\"]}]},{\"@type\":\"BreadcrumbList\",\"@id\":\"https:\/\/dignitynews.eu\/pl\/bariera-na-granicy-z-bialorusia-gotowa\/#breadcrumb\",\"itemListElement\":[{\"@type\":\"ListItem\",\"position\":1,\"name\":\"Strona g\u0142\u00f3wna\",\"item\":\"https:\/\/dignitynews.eu\/pl\/\"},{\"@type\":\"ListItem\",\"position\":2,\"name\":\"Bariera na granicy z Bia\u0142orusi\u0105 gotowa\"}]},{\"@type\":\"Person\",\"@id\":\"https:\/\/dignitynews.eu\/pl\/#\/schema\/person\/0b62b762b8174802fabc81a3ecb1bfcb\",\"name\":\"Dignity News\",\"image\":{\"@type\":\"ImageObject\",\"inLanguage\":\"pl-PL\",\"@id\":\"https:\/\/dignitynews.eu\/pl\/#\/schema\/person\/image\/\",\"url\":\"https:\/\/secure.gravatar.com\/avatar\/97963171a6d9108f8381bbefb1c6b150c445b6ddd9e3077b96c86cf5892c85dc?s=96&d=mm&r=g\",\"contentUrl\":\"https:\/\/secure.gravatar.com\/avatar\/97963171a6d9108f8381bbefb1c6b150c445b6ddd9e3077b96c86cf5892c85dc?s=96&d=mm&r=g\",\"caption\":\"Dignity News\"},\"url\":\"https:\/\/dignitynews.eu\/pl\/author\/mikolaj-palade\/\"}]}<\/script>\n<!-- \/ Yoast SEO plugin. -->","yoast_head_json":{"title":"Bariera na granicy z Bia\u0142orusi\u0105 gotowa - Godno\u015b\u0107 - DignityNews.eu","robots":{"index":"index","follow":"follow","max-snippet":"max-snippet:-1","max-image-preview":"max-image-preview:large","max-video-preview":"max-video-preview:-1"},"canonical":"https:\/\/dignitynews.eu\/pl\/bariera-na-granicy-z-bialorusia-gotowa\/","og_locale":"pl_PL","og_type":"article","og_title":"Bariera na granicy z Bia\u0142orusi\u0105 gotowa - Godno\u015b\u0107 - DignityNews.eu","og_description":"W czwartek 30 czerwca ko\u0144czy si\u0119 budowa bariery &#8211; powiedzia\u0142a porucznik Anna Michalska, rzeczniczka prasowa Komendy G\u0142\u00f3wnej Stra\u017cy Granicznej w rozmowie z Informacyjna Agencj\u0105 Radiow\u0105. Budowa bariery fizycznej, kt\u00f3ra stanie&hellip;","og_url":"https:\/\/dignitynews.eu\/pl\/bariera-na-granicy-z-bialorusia-gotowa\/","og_site_name":"Godno\u015b\u0107 - DignityNews.eu","article_published_time":"2022-06-30T09:14:16+00:00","og_image":[{"width":1500,"height":856,"url":"https:\/\/dignitynews.eu\/wp-content\/uploads\/2022\/06\/Bariera-na-granicy-fot.-Piotr-Molecki-East-News.jpg","type":"image\/jpeg"}],"author":"Dignity News","twitter_card":"summary_large_image","twitter_misc":{"Napisane przez":"Dignity News","Szacowany czas czytania":"1 minuta"},"schema":{"@context":"https:\/\/schema.org","@graph":[{"@type":"WebSite","@id":"https:\/\/dignitynews.eu\/pl\/#website","url":"https:\/\/dignitynews.eu\/pl\/","name":"Godno\u015b\u0107 - DignityNews.eu","description":"","potentialAction":[{"@type":"SearchAction","target":{"@type":"EntryPoint","urlTemplate":"https:\/\/dignitynews.eu\/pl\/?s={search_term_string}"},"query-input":"required name=search_term_string"}],"inLanguage":"pl-PL"},{"@type":"WebPage","@id":"https:\/\/dignitynews.eu\/pl\/bariera-na-granicy-z-bialorusia-gotowa\/","url":"https:\/\/dignitynews.eu\/pl\/bariera-na-granicy-z-bialorusia-gotowa\/","name":"Bariera na granicy z Bia\u0142orusi\u0105 gotowa - Godno\u015b\u0107 - DignityNews.eu","isPartOf":{"@id":"https:\/\/dignitynews.eu\/pl\/#website"},"datePublished":"2022-06-30T09:14:16+00:00","dateModified":"2022-06-30T09:14:16+00:00","author":{"@id":"https:\/\/dignitynews.eu\/pl\/#\/schema\/person\/0b62b762b8174802fabc81a3ecb1bfcb"},"breadcrumb":{"@id":"https:\/\/dignitynews.eu\/pl\/bariera-na-granicy-z-bialorusia-gotowa\/#breadcrumb"},"inLanguage":"pl-PL","potentialAction":[{"@type":"ReadAction","target":["https:\/\/dignitynews.eu\/pl\/bariera-na-granicy-z-bialorusia-gotowa\/"]}]},{"@type":"BreadcrumbList","@id":"https:\/\/dignitynews.eu\/pl\/bariera-na-granicy-z-bialorusia-gotowa\/#breadcrumb","itemListElement":[{"@type":"ListItem","position":1,"name":"Strona g\u0142\u00f3wna","item":"https:\/\/dignitynews.eu\/pl\/"},{"@type":"ListItem","position":2,"name":"Bariera na granicy z Bia\u0142orusi\u0105 gotowa"}]},{"@type":"Person","@id":"https:\/\/dignitynews.eu\/pl\/#\/schema\/person\/0b62b762b8174802fabc81a3ecb1bfcb","name":"Dignity News","image":{"@type":"ImageObject","inLanguage":"pl-PL","@id":"https:\/\/dignitynews.eu\/pl\/#\/schema\/person\/image\/","url":"https:\/\/secure.gravatar.com\/avatar\/97963171a6d9108f8381bbefb1c6b150c445b6ddd9e3077b96c86cf5892c85dc?s=96&d=mm&r=g","contentUrl":"https:\/\/secure.gravatar.com\/avatar\/97963171a6d9108f8381bbefb1c6b150c445b6ddd9e3077b96c86cf5892c85dc?s=96&d=mm&r=g","caption":"Dignity News"},"url":"https:\/\/dignitynews.eu\/pl\/author\/mikolaj-palade\/"}]}},"_links":{"self":[{"href":"https:\/\/dignitynews.eu\/pl\/wp-json\/wp\/v2\/posts\/22587","targetHints":{"allow":["GET"]}}],"collection":[{"href":"https:\/\/dignitynews.eu\/pl\/wp-json\/wp\/v2\/posts"}],"about":[{"href":"https:\/\/dignitynews.eu\/pl\/wp-json\/wp\/v2\/types\/post"}],"author":[{"embeddable":true,"href":"https:\/\/dignitynews.eu\/pl\/wp-json\/wp\/v2\/users\/7"}],"replies":[{"embeddable":true,"href":"https:\/\/dignitynews.eu\/pl\/wp-json\/wp\/v2\/comments?post=22587"}],"version-history":[{"count":1,"href":"https:\/\/dignitynews.eu\/pl\/wp-json\/wp\/v2\/posts\/22587\/revisions"}],"predecessor-version":[{"id":22593,"href":"https:\/\/dignitynews.eu\/pl\/wp-json\/wp\/v2\/posts\/22587\/revisions\/22593"}],"wp:featuredmedia":[{"embeddable":true,"href":"https:\/\/dignitynews.eu\/pl\/wp-json\/wp\/v2\/media\/22588"}],"wp:attachment":[{"href":"https:\/\/dignitynews.eu\/pl\/wp-json\/wp\/v2\/media?parent=22587"}],"wp:term":[{"taxonomy":"category","embeddable":true,"href":"https:\/\/dignitynews.eu\/pl\/wp-json\/wp\/v2\/categories?post=22587"},{"taxonomy":"post_tag","embeddable":true,"href":"https:\/\/dignitynews.eu\/pl\/wp-json\/wp\/v2\/tags?post=22587"}],"curies":[{"name":"wp","href":"https:\/\/api.w.org\/{rel}","templated":true}]}}