{"id":22565,"date":"2022-06-30T11:11:19","date_gmt":"2022-06-30T09:11:19","guid":{"rendered":"https:\/\/dignitynews.eu\/?p=22565"},"modified":"2022-06-30T11:11:19","modified_gmt":"2022-06-30T09:11:19","slug":"dowodztwo-v-korpusu-armii-usa-bedzie-w-polsce-tak-dla-finlandii-i-szwecji-w-nato","status":"publish","type":"post","link":"https:\/\/dignitynews.eu\/pl\/dowodztwo-v-korpusu-armii-usa-bedzie-w-polsce-tak-dla-finlandii-i-szwecji-w-nato\/","title":{"rendered":"Dow\u00f3dztwo V Korpusu Armii USA b\u0119dzie w Polsce. Tak dla Finlandii i Szwecji w NATO"},"content":{"rendered":"<h5><strong>Rosja jest najwi\u0119kszym i bezpo\u015brednim zagro\u017ceniem dla bezpiecze\u0144stwa sojusznik\u00f3w oraz dla pokoju i stabilno\u015bci w obszarze euroatlantyckim \u2013 uznali przyw\u00f3dcy pa\u0144stw NATO\u00a0w deklaracji, przyj\u0119tej podczas Szczytu w Madrycie.\u00a0Zdecydowali o wzmocnieniu wschodniej flanki Sojuszu P\u00f3\u0142nocnoatlantyckiego i zaproszeniu Finlandii i Szwecji do cz\u0142onkostwa. Prezydent USA Joe Biden og\u0142osi\u0142, \u017ce dow\u00f3dztwo V Korpusu Armii USA b\u0119dzie w Polsce.<\/strong><\/h5>\n<p>Jak oceni\u0142 Prezydent Polski Andrzej Duda, szczyt w Madrycie jest sukcesem ca\u0142ego Sojuszu P\u00f3\u0142nocnoatlantyckiego. Podkre\u015bli\u0142, \u017ce sta\u0142e dow\u00f3dztwo V Korpusu Armii USA w Polsce wzmocni nasze bezpiecze\u0144stwo, a decyzj\u0119 o rozszerzeniu NATO o Finlandi\u0119 i Szwecj\u0119 uzna\u0142 za historyczn\u0105.<\/p>\n<p>Uda\u0142o si\u0119 zachowa\u0107 jedno\u015b\u0107. Sojusz P\u00f3\u0142nocnoatlantycki jest jedno\u015bci\u0105, jest solidarny. Jest zielone \u015bwiat\u0142o dla Szwecji i Finlandii do wst\u0105pienia do Sojuszu P\u00f3\u0142nocnoatlantyckiego, i to jest z ca\u0142\u0105 pewno\u015bci\u0105 absolutnie historyczna z punktu widzenia ca\u0142ego Sojuszu decyzja \u2013\u00a0m\u00f3wi\u0142 Prezydent Polski na spotkaniu z dziennikarzami.<\/p>\n<p>Andrzej Duda podkre\u015bli\u0142, \u017ce dla naszego regionu i wschodniej flanki NATO jest to decyzja o charakterze absolutnie fundamentalnym.<\/p>\n<p>Dwa bardzo pot\u0119\u017cne pa\u0144stwa, o wielkiej historii, ale tak\u017ce posiadaj\u0105ce bardzo powa\u017cne zaplecze militarne, czyli Szwecja i Finlandia, pa\u0144stwa basenu Morza Ba\u0142tyckiego, b\u0119d\u0105 przyj\u0119te do Sojuszu P\u00f3\u0142nocnoatlantyckiego, co oznacza, przede wszystkim to, \u017ce granica wschodniej flanki NATO, granica tej flanki z Rosj\u0105, wyd\u0142u\u017ca si\u0119 o ponad 1600 km \u2013 stwierdzi\u0142.<\/p>\n<p>Z kolei wicepremier, minister obrony narodowej Mariusz B\u0142aszczak komentuj\u0105c rezultaty pierwszego dnia Szczytu NATO powiedzia\u0142, \u017ce USA podj\u0119\u0142y decyzj\u0119, o kt\u00f3r\u0105 zabiega\u0142a Polska.<\/p>\n<p>To bardzo wa\u017cne,\u00a0\u017ce wysuni\u0119ty element dow\u00f3dztwa V Korpusu Wojsk L\u0105dowych b\u0119dzie na sta\u0142e w Polsce. Wcze\u015bniej mieli\u015bmy rotacyjn\u0105 obecno\u015b\u0107, potem w czasie negocjacji doszli\u015bmy do wzmocnionej obecno\u015bci, a teraz mamy ju\u017c sta\u0142\u0105 obecno\u015b\u0107. O to zabiegali\u015bmy &#8211; przyzna\u0142 B\u0142aszczak.<\/p>\n<p>Adrian Andrzejewski<\/p>\n","protected":false},"excerpt":{"rendered":"<p>Rosja jest najwi\u0119kszym i bezpo\u015brednim zagro\u017ceniem dla bezpiecze\u0144stwa sojusznik\u00f3w oraz dla pokoju i stabilno\u015bci w obszarze euroatlantyckim \u2013 uznali przyw\u00f3dcy pa\u0144stw NATO\u00a0w deklaracji, przyj\u0119tej podczas Szczytu w Madrycie.\u00a0Zdecydowali o wzmocnieniu&hellip;<\/p>\n","protected":false},"author":7,"featured_media":22566,"comment_status":"closed","ping_status":"open","sticky":false,"template":"","format":"standard","meta":{"_mi_skip_tracking":false,"footnotes":""},"categories":[47],"tags":[],"class_list":["post-22565","post","type-post","status-publish","format-standard","has-post-thumbnail","hentry","category-wydarzenia"],"yoast_head":"<!-- This site is optimized with the Yoast SEO plugin v19.4 - https:\/\/yoast.com\/wordpress\/plugins\/seo\/ -->\n<title>Dow\u00f3dztwo V Korpusu Armii USA b\u0119dzie w Polsce. Tak dla Finlandii i Szwecji w NATO - Godno\u015b\u0107 - DignityNews.eu<\/title>\n<meta name=\"robots\" content=\"index, follow, max-snippet:-1, max-image-preview:large, max-video-preview:-1\" \/>\n<link rel=\"canonical\" href=\"https:\/\/dignitynews.eu\/pl\/dowodztwo-v-korpusu-armii-usa-bedzie-w-polsce-tak-dla-finlandii-i-szwecji-w-nato\/\" \/>\n<meta property=\"og:locale\" content=\"pl_PL\" \/>\n<meta property=\"og:type\" content=\"article\" \/>\n<meta property=\"og:title\" content=\"Dow\u00f3dztwo V Korpusu Armii USA b\u0119dzie w Polsce. Tak dla Finlandii i Szwecji w NATO - Godno\u015b\u0107 - DignityNews.eu\" \/>\n<meta property=\"og:description\" content=\"Rosja jest najwi\u0119kszym i bezpo\u015brednim zagro\u017ceniem dla bezpiecze\u0144stwa sojusznik\u00f3w oraz dla pokoju i stabilno\u015bci w obszarze euroatlantyckim \u2013 uznali przyw\u00f3dcy pa\u0144stw NATO\u00a0w deklaracji, przyj\u0119tej podczas Szczytu w Madrycie.\u00a0Zdecydowali o wzmocnieniu&hellip;\" \/>\n<meta property=\"og:url\" content=\"https:\/\/dignitynews.eu\/pl\/dowodztwo-v-korpusu-armii-usa-bedzie-w-polsce-tak-dla-finlandii-i-szwecji-w-nato\/\" \/>\n<meta property=\"og:site_name\" content=\"Godno\u015b\u0107 - DignityNews.eu\" \/>\n<meta property=\"article:published_time\" content=\"2022-06-30T09:11:19+00:00\" \/>\n<meta property=\"og:image\" content=\"https:\/\/dignitynews.eu\/wp-content\/uploads\/2022\/06\/Andrzej_Duda_Madryt-fot.-Marek-Borawski-KPRP.jpg\" \/>\n\t<meta property=\"og:image:width\" content=\"1600\" \/>\n\t<meta property=\"og:image:height\" content=\"1066\" \/>\n\t<meta property=\"og:image:type\" content=\"image\/jpeg\" \/>\n<meta name=\"author\" content=\"Dignity News\" \/>\n<meta name=\"twitter:card\" content=\"summary_large_image\" \/>\n<meta name=\"twitter:label1\" content=\"Napisane przez\" \/>\n\t<meta name=\"twitter:data1\" content=\"Dignity News\" \/>\n\t<meta name=\"twitter:label2\" content=\"Szacowany czas czytania\" \/>\n\t<meta name=\"twitter:data2\" content=\"2 minuty\" \/>\n<script type=\"application\/ld+json\" class=\"yoast-schema-graph\">{\"@context\":\"https:\/\/schema.org\",\"@graph\":[{\"@type\":\"WebSite\",\"@id\":\"https:\/\/dignitynews.eu\/pl\/#website\",\"url\":\"https:\/\/dignitynews.eu\/pl\/\",\"name\":\"Godno\u015b\u0107 - DignityNews.eu\",\"description\":\"\",\"potentialAction\":[{\"@type\":\"SearchAction\",\"target\":{\"@type\":\"EntryPoint\",\"urlTemplate\":\"https:\/\/dignitynews.eu\/pl\/?s={search_term_string}\"},\"query-input\":\"required name=search_term_string\"}],\"inLanguage\":\"pl-PL\"},{\"@type\":\"WebPage\",\"@id\":\"https:\/\/dignitynews.eu\/pl\/dowodztwo-v-korpusu-armii-usa-bedzie-w-polsce-tak-dla-finlandii-i-szwecji-w-nato\/\",\"url\":\"https:\/\/dignitynews.eu\/pl\/dowodztwo-v-korpusu-armii-usa-bedzie-w-polsce-tak-dla-finlandii-i-szwecji-w-nato\/\",\"name\":\"Dow\u00f3dztwo V Korpusu Armii USA b\u0119dzie w Polsce. Tak dla Finlandii i Szwecji w NATO - Godno\u015b\u0107 - DignityNews.eu\",\"isPartOf\":{\"@id\":\"https:\/\/dignitynews.eu\/pl\/#website\"},\"datePublished\":\"2022-06-30T09:11:19+00:00\",\"dateModified\":\"2022-06-30T09:11:19+00:00\",\"author\":{\"@id\":\"https:\/\/dignitynews.eu\/pl\/#\/schema\/person\/0b62b762b8174802fabc81a3ecb1bfcb\"},\"breadcrumb\":{\"@id\":\"https:\/\/dignitynews.eu\/pl\/dowodztwo-v-korpusu-armii-usa-bedzie-w-polsce-tak-dla-finlandii-i-szwecji-w-nato\/#breadcrumb\"},\"inLanguage\":\"pl-PL\",\"potentialAction\":[{\"@type\":\"ReadAction\",\"target\":[\"https:\/\/dignitynews.eu\/pl\/dowodztwo-v-korpusu-armii-usa-bedzie-w-polsce-tak-dla-finlandii-i-szwecji-w-nato\/\"]}]},{\"@type\":\"BreadcrumbList\",\"@id\":\"https:\/\/dignitynews.eu\/pl\/dowodztwo-v-korpusu-armii-usa-bedzie-w-polsce-tak-dla-finlandii-i-szwecji-w-nato\/#breadcrumb\",\"itemListElement\":[{\"@type\":\"ListItem\",\"position\":1,\"name\":\"Strona g\u0142\u00f3wna\",\"item\":\"https:\/\/dignitynews.eu\/pl\/\"},{\"@type\":\"ListItem\",\"position\":2,\"name\":\"Dow\u00f3dztwo V Korpusu Armii USA b\u0119dzie w Polsce. Tak dla Finlandii i Szwecji w NATO\"}]},{\"@type\":\"Person\",\"@id\":\"https:\/\/dignitynews.eu\/pl\/#\/schema\/person\/0b62b762b8174802fabc81a3ecb1bfcb\",\"name\":\"Dignity News\",\"image\":{\"@type\":\"ImageObject\",\"inLanguage\":\"pl-PL\",\"@id\":\"https:\/\/dignitynews.eu\/pl\/#\/schema\/person\/image\/\",\"url\":\"https:\/\/secure.gravatar.com\/avatar\/97963171a6d9108f8381bbefb1c6b150c445b6ddd9e3077b96c86cf5892c85dc?s=96&d=mm&r=g\",\"contentUrl\":\"https:\/\/secure.gravatar.com\/avatar\/97963171a6d9108f8381bbefb1c6b150c445b6ddd9e3077b96c86cf5892c85dc?s=96&d=mm&r=g\",\"caption\":\"Dignity News\"},\"url\":\"https:\/\/dignitynews.eu\/pl\/author\/mikolaj-palade\/\"}]}<\/script>\n<!-- \/ Yoast SEO plugin. -->","yoast_head_json":{"title":"Dow\u00f3dztwo V Korpusu Armii USA b\u0119dzie w Polsce. Tak dla Finlandii i Szwecji w NATO - Godno\u015b\u0107 - DignityNews.eu","robots":{"index":"index","follow":"follow","max-snippet":"max-snippet:-1","max-image-preview":"max-image-preview:large","max-video-preview":"max-video-preview:-1"},"canonical":"https:\/\/dignitynews.eu\/pl\/dowodztwo-v-korpusu-armii-usa-bedzie-w-polsce-tak-dla-finlandii-i-szwecji-w-nato\/","og_locale":"pl_PL","og_type":"article","og_title":"Dow\u00f3dztwo V Korpusu Armii USA b\u0119dzie w Polsce. Tak dla Finlandii i Szwecji w NATO - Godno\u015b\u0107 - DignityNews.eu","og_description":"Rosja jest najwi\u0119kszym i bezpo\u015brednim zagro\u017ceniem dla bezpiecze\u0144stwa sojusznik\u00f3w oraz dla pokoju i stabilno\u015bci w obszarze euroatlantyckim \u2013 uznali przyw\u00f3dcy pa\u0144stw NATO\u00a0w deklaracji, przyj\u0119tej podczas Szczytu w Madrycie.\u00a0Zdecydowali o wzmocnieniu&hellip;","og_url":"https:\/\/dignitynews.eu\/pl\/dowodztwo-v-korpusu-armii-usa-bedzie-w-polsce-tak-dla-finlandii-i-szwecji-w-nato\/","og_site_name":"Godno\u015b\u0107 - DignityNews.eu","article_published_time":"2022-06-30T09:11:19+00:00","og_image":[{"width":1600,"height":1066,"url":"https:\/\/dignitynews.eu\/wp-content\/uploads\/2022\/06\/Andrzej_Duda_Madryt-fot.-Marek-Borawski-KPRP.jpg","type":"image\/jpeg"}],"author":"Dignity News","twitter_card":"summary_large_image","twitter_misc":{"Napisane przez":"Dignity News","Szacowany czas czytania":"2 minuty"},"schema":{"@context":"https:\/\/schema.org","@graph":[{"@type":"WebSite","@id":"https:\/\/dignitynews.eu\/pl\/#website","url":"https:\/\/dignitynews.eu\/pl\/","name":"Godno\u015b\u0107 - DignityNews.eu","description":"","potentialAction":[{"@type":"SearchAction","target":{"@type":"EntryPoint","urlTemplate":"https:\/\/dignitynews.eu\/pl\/?s={search_term_string}"},"query-input":"required name=search_term_string"}],"inLanguage":"pl-PL"},{"@type":"WebPage","@id":"https:\/\/dignitynews.eu\/pl\/dowodztwo-v-korpusu-armii-usa-bedzie-w-polsce-tak-dla-finlandii-i-szwecji-w-nato\/","url":"https:\/\/dignitynews.eu\/pl\/dowodztwo-v-korpusu-armii-usa-bedzie-w-polsce-tak-dla-finlandii-i-szwecji-w-nato\/","name":"Dow\u00f3dztwo V Korpusu Armii USA b\u0119dzie w Polsce. Tak dla Finlandii i Szwecji w NATO - Godno\u015b\u0107 - DignityNews.eu","isPartOf":{"@id":"https:\/\/dignitynews.eu\/pl\/#website"},"datePublished":"2022-06-30T09:11:19+00:00","dateModified":"2022-06-30T09:11:19+00:00","author":{"@id":"https:\/\/dignitynews.eu\/pl\/#\/schema\/person\/0b62b762b8174802fabc81a3ecb1bfcb"},"breadcrumb":{"@id":"https:\/\/dignitynews.eu\/pl\/dowodztwo-v-korpusu-armii-usa-bedzie-w-polsce-tak-dla-finlandii-i-szwecji-w-nato\/#breadcrumb"},"inLanguage":"pl-PL","potentialAction":[{"@type":"ReadAction","target":["https:\/\/dignitynews.eu\/pl\/dowodztwo-v-korpusu-armii-usa-bedzie-w-polsce-tak-dla-finlandii-i-szwecji-w-nato\/"]}]},{"@type":"BreadcrumbList","@id":"https:\/\/dignitynews.eu\/pl\/dowodztwo-v-korpusu-armii-usa-bedzie-w-polsce-tak-dla-finlandii-i-szwecji-w-nato\/#breadcrumb","itemListElement":[{"@type":"ListItem","position":1,"name":"Strona g\u0142\u00f3wna","item":"https:\/\/dignitynews.eu\/pl\/"},{"@type":"ListItem","position":2,"name":"Dow\u00f3dztwo V Korpusu Armii USA b\u0119dzie w Polsce. Tak dla Finlandii i Szwecji w NATO"}]},{"@type":"Person","@id":"https:\/\/dignitynews.eu\/pl\/#\/schema\/person\/0b62b762b8174802fabc81a3ecb1bfcb","name":"Dignity News","image":{"@type":"ImageObject","inLanguage":"pl-PL","@id":"https:\/\/dignitynews.eu\/pl\/#\/schema\/person\/image\/","url":"https:\/\/secure.gravatar.com\/avatar\/97963171a6d9108f8381bbefb1c6b150c445b6ddd9e3077b96c86cf5892c85dc?s=96&d=mm&r=g","contentUrl":"https:\/\/secure.gravatar.com\/avatar\/97963171a6d9108f8381bbefb1c6b150c445b6ddd9e3077b96c86cf5892c85dc?s=96&d=mm&r=g","caption":"Dignity News"},"url":"https:\/\/dignitynews.eu\/pl\/author\/mikolaj-palade\/"}]}},"_links":{"self":[{"href":"https:\/\/dignitynews.eu\/pl\/wp-json\/wp\/v2\/posts\/22565","targetHints":{"allow":["GET"]}}],"collection":[{"href":"https:\/\/dignitynews.eu\/pl\/wp-json\/wp\/v2\/posts"}],"about":[{"href":"https:\/\/dignitynews.eu\/pl\/wp-json\/wp\/v2\/types\/post"}],"author":[{"embeddable":true,"href":"https:\/\/dignitynews.eu\/pl\/wp-json\/wp\/v2\/users\/7"}],"replies":[{"embeddable":true,"href":"https:\/\/dignitynews.eu\/pl\/wp-json\/wp\/v2\/comments?post=22565"}],"version-history":[{"count":1,"href":"https:\/\/dignitynews.eu\/pl\/wp-json\/wp\/v2\/posts\/22565\/revisions"}],"predecessor-version":[{"id":22571,"href":"https:\/\/dignitynews.eu\/pl\/wp-json\/wp\/v2\/posts\/22565\/revisions\/22571"}],"wp:featuredmedia":[{"embeddable":true,"href":"https:\/\/dignitynews.eu\/pl\/wp-json\/wp\/v2\/media\/22566"}],"wp:attachment":[{"href":"https:\/\/dignitynews.eu\/pl\/wp-json\/wp\/v2\/media?parent=22565"}],"wp:term":[{"taxonomy":"category","embeddable":true,"href":"https:\/\/dignitynews.eu\/pl\/wp-json\/wp\/v2\/categories?post=22565"},{"taxonomy":"post_tag","embeddable":true,"href":"https:\/\/dignitynews.eu\/pl\/wp-json\/wp\/v2\/tags?post=22565"}],"curies":[{"name":"wp","href":"https:\/\/api.w.org\/{rel}","templated":true}]}}