{"id":22448,"date":"2022-06-29T12:04:48","date_gmt":"2022-06-29T10:04:48","guid":{"rendered":"https:\/\/dignitynews.eu\/?p=22448"},"modified":"2022-06-29T12:04:48","modified_gmt":"2022-06-29T10:04:48","slug":"polska-przygotowuje-sie-na-rozszerzenie-obecnosci-wojsk-usa-w-sytuacji-zagrozenia","status":"publish","type":"post","link":"https:\/\/dignitynews.eu\/pl\/polska-przygotowuje-sie-na-rozszerzenie-obecnosci-wojsk-usa-w-sytuacji-zagrozenia\/","title":{"rendered":"Polska przygotowuje si\u0119 na rozszerzenie obecno\u015bci wojsk USA w sytuacji zagro\u017cenia"},"content":{"rendered":"<h5>NATO zdaje sobie spraw\u0119, \u017ce dzi\u015b najwi\u0119ksze zagro\u017cenie jest na wschodzie Europy, na wschodniej flance NATO, i zwi\u0119kszenie obecno\u015bci wojsk sojuszniczych, wojsk ameryka\u0144skich jest kluczowe &#8211; powiedzia\u0142 wiceminister obrony narodowej Wojciech Skurkiewicz.<\/h5>\n<p>Wiceszef Ministerstwa Obrony Narodowej (MON) i senator PiS Wojciech Skurkiewicz m\u00f3wi\u0142 w &#8222;Sygna\u0142ach dnia&#8221; w Programie 1 Polskiego Radia o decyzjach, kt\u00f3re podejmowane s\u0105 na szczycie NATO w Madrycie.<\/p>\n<p>&#8211; Najwa\u017cniejsza informacja z wczorajszego wieczoru to to, \u017ce jest zgoda Turcji na rozszerzenie Sojuszu, bo tu by\u0142a najwi\u0119ksza obawa &#8211; powiedzia\u0142 polityk. Odni\u00f3s\u0142 si\u0119 te\u017c do informacji o nowych ustaleniach w sprawie si\u0142 szybkiego reagowania NATO.<\/p>\n<p>&#8211; To te\u017c absolutnie prze\u0142omowa decyzja, zwi\u0119kszenie z 40 tys. do 300 tys., 7,5-krotnie. To gigantyczny wzrost, tu musz\u0105 by\u0107 zaanga\u017cowane wszystkie kraje Sojuszu. To nie jest tak, \u017ce ten ci\u0119\u017car wezm\u0105 na siebie USA, Wielka Brytania czy Polska na wschodniej flance &#8211; tutaj b\u0119d\u0105 musia\u0142y by\u0107 wkomponowane wszystkie kraje &#8211; powiedzia\u0142 Skurkiewicz<\/p>\n<p>Wiceszef MON by\u0142 tak\u017ce pytany o si\u0142y NATO dzi\u015b stacjonuj\u0105ce w naszym kraju. &#8211; W Polsce jest ok. 12 tysi\u0119cy \u017co\u0142nierzy USA plus \u017co\u0142nierze wojsk sojuszniczych, kt\u00f3rzy stacjonuj\u0105 w r\u00f3\u017cnych formatach, chocia\u017cby eFP (enhanced Forward Presence &#8211; wzmocniona Wysuni\u0119ta Obecno\u015b\u0107) na p\u00f3\u0142nocnym wschodzie, to dzi\u015b kluczowy element. To Amerykanie, Rumuni, Brytyjczycy, Chorwaci, to batalion wielonarodowy &#8211; m\u00f3wi\u0142 wiceminister.<\/p>\n<p>&#8211; Przygotowujemy si\u0119 na znaczne rozszerzenie obecno\u015bci wojsk ameryka\u0144skich w sytuacji zagro\u017cenia, to bardzo du\u017ce rozszerzenie ilo\u015bciowe pod wzgl\u0119dem os\u00f3b i sprz\u0119tu, m\u00f3wi\u0119 o dziesi\u0105tkach tysi\u0119cy. Tworzymy mo\u017cliwo\u015bci ich przyj\u0119cia, chodzi o sytuacje zagro\u017cenia \u2013 zapowiedzia\u0142 Wojciech Skurkiewicz.<\/p>\n<p>Ameryka\u0144ska telewizja NBC News, powo\u0142uj\u0105c si\u0119 na \u017ar\u00f3d\u0142a w Bia\u0142ym Domu, zapowiada og\u0142oszenie przed\u0142u\u017cenia zwi\u0119kszonej obecno\u015bci wojsk USA w Polsce.<\/p>\n<p>Arkadiusz S\u0142omczy\u0144ski<\/p>\n","protected":false},"excerpt":{"rendered":"<p>NATO zdaje sobie spraw\u0119, \u017ce dzi\u015b najwi\u0119ksze zagro\u017cenie jest na wschodzie Europy, na wschodniej flance NATO, i zwi\u0119kszenie obecno\u015bci wojsk sojuszniczych, wojsk ameryka\u0144skich jest kluczowe &#8211; powiedzia\u0142 wiceminister obrony narodowej&hellip;<\/p>\n","protected":false},"author":7,"featured_media":22449,"comment_status":"closed","ping_status":"open","sticky":false,"template":"","format":"standard","meta":{"_mi_skip_tracking":false,"footnotes":""},"categories":[47],"tags":[],"class_list":["post-22448","post","type-post","status-publish","format-standard","has-post-thumbnail","hentry","category-wydarzenia"],"yoast_head":"<!-- This site is optimized with the Yoast SEO plugin v19.4 - https:\/\/yoast.com\/wordpress\/plugins\/seo\/ -->\n<title>Polska przygotowuje si\u0119 na rozszerzenie obecno\u015bci wojsk USA w sytuacji zagro\u017cenia - Godno\u015b\u0107 - DignityNews.eu<\/title>\n<meta name=\"robots\" content=\"index, follow, max-snippet:-1, max-image-preview:large, max-video-preview:-1\" \/>\n<link rel=\"canonical\" href=\"https:\/\/dignitynews.eu\/pl\/polska-przygotowuje-sie-na-rozszerzenie-obecnosci-wojsk-usa-w-sytuacji-zagrozenia\/\" \/>\n<meta property=\"og:locale\" content=\"pl_PL\" \/>\n<meta property=\"og:type\" content=\"article\" \/>\n<meta property=\"og:title\" content=\"Polska przygotowuje si\u0119 na rozszerzenie obecno\u015bci wojsk USA w sytuacji zagro\u017cenia - Godno\u015b\u0107 - DignityNews.eu\" \/>\n<meta property=\"og:description\" content=\"NATO zdaje sobie spraw\u0119, \u017ce dzi\u015b najwi\u0119ksze zagro\u017cenie jest na wschodzie Europy, na wschodniej flance NATO, i zwi\u0119kszenie obecno\u015bci wojsk sojuszniczych, wojsk ameryka\u0144skich jest kluczowe &#8211; powiedzia\u0142 wiceminister obrony narodowej&hellip;\" \/>\n<meta property=\"og:url\" content=\"https:\/\/dignitynews.eu\/pl\/polska-przygotowuje-sie-na-rozszerzenie-obecnosci-wojsk-usa-w-sytuacji-zagrozenia\/\" \/>\n<meta property=\"og:site_name\" content=\"Godno\u015b\u0107 - DignityNews.eu\" \/>\n<meta property=\"article:published_time\" content=\"2022-06-29T10:04:48+00:00\" \/>\n<meta property=\"og:image\" content=\"https:\/\/dignitynews.eu\/wp-content\/uploads\/2022\/06\/zwiekszona-obecnosc-wojsk-USA-w-Polsce-fot-.-EAST-NEWS.jpg\" \/>\n\t<meta property=\"og:image:width\" content=\"1500\" \/>\n\t<meta property=\"og:image:height\" content=\"1001\" \/>\n\t<meta property=\"og:image:type\" content=\"image\/jpeg\" \/>\n<meta name=\"author\" content=\"Dignity News\" \/>\n<meta name=\"twitter:card\" content=\"summary_large_image\" \/>\n<meta name=\"twitter:label1\" content=\"Napisane przez\" \/>\n\t<meta name=\"twitter:data1\" content=\"Dignity News\" \/>\n\t<meta name=\"twitter:label2\" content=\"Szacowany czas czytania\" \/>\n\t<meta name=\"twitter:data2\" content=\"2 minuty\" \/>\n<script type=\"application\/ld+json\" class=\"yoast-schema-graph\">{\"@context\":\"https:\/\/schema.org\",\"@graph\":[{\"@type\":\"WebSite\",\"@id\":\"https:\/\/dignitynews.eu\/pl\/#website\",\"url\":\"https:\/\/dignitynews.eu\/pl\/\",\"name\":\"Godno\u015b\u0107 - DignityNews.eu\",\"description\":\"\",\"potentialAction\":[{\"@type\":\"SearchAction\",\"target\":{\"@type\":\"EntryPoint\",\"urlTemplate\":\"https:\/\/dignitynews.eu\/pl\/?s={search_term_string}\"},\"query-input\":\"required name=search_term_string\"}],\"inLanguage\":\"pl-PL\"},{\"@type\":\"WebPage\",\"@id\":\"https:\/\/dignitynews.eu\/pl\/polska-przygotowuje-sie-na-rozszerzenie-obecnosci-wojsk-usa-w-sytuacji-zagrozenia\/\",\"url\":\"https:\/\/dignitynews.eu\/pl\/polska-przygotowuje-sie-na-rozszerzenie-obecnosci-wojsk-usa-w-sytuacji-zagrozenia\/\",\"name\":\"Polska przygotowuje si\u0119 na rozszerzenie obecno\u015bci wojsk USA w sytuacji zagro\u017cenia - Godno\u015b\u0107 - DignityNews.eu\",\"isPartOf\":{\"@id\":\"https:\/\/dignitynews.eu\/pl\/#website\"},\"datePublished\":\"2022-06-29T10:04:48+00:00\",\"dateModified\":\"2022-06-29T10:04:48+00:00\",\"author\":{\"@id\":\"https:\/\/dignitynews.eu\/pl\/#\/schema\/person\/0b62b762b8174802fabc81a3ecb1bfcb\"},\"breadcrumb\":{\"@id\":\"https:\/\/dignitynews.eu\/pl\/polska-przygotowuje-sie-na-rozszerzenie-obecnosci-wojsk-usa-w-sytuacji-zagrozenia\/#breadcrumb\"},\"inLanguage\":\"pl-PL\",\"potentialAction\":[{\"@type\":\"ReadAction\",\"target\":[\"https:\/\/dignitynews.eu\/pl\/polska-przygotowuje-sie-na-rozszerzenie-obecnosci-wojsk-usa-w-sytuacji-zagrozenia\/\"]}]},{\"@type\":\"BreadcrumbList\",\"@id\":\"https:\/\/dignitynews.eu\/pl\/polska-przygotowuje-sie-na-rozszerzenie-obecnosci-wojsk-usa-w-sytuacji-zagrozenia\/#breadcrumb\",\"itemListElement\":[{\"@type\":\"ListItem\",\"position\":1,\"name\":\"Strona g\u0142\u00f3wna\",\"item\":\"https:\/\/dignitynews.eu\/pl\/\"},{\"@type\":\"ListItem\",\"position\":2,\"name\":\"Polska przygotowuje si\u0119 na rozszerzenie obecno\u015bci wojsk USA w sytuacji zagro\u017cenia\"}]},{\"@type\":\"Person\",\"@id\":\"https:\/\/dignitynews.eu\/pl\/#\/schema\/person\/0b62b762b8174802fabc81a3ecb1bfcb\",\"name\":\"Dignity News\",\"image\":{\"@type\":\"ImageObject\",\"inLanguage\":\"pl-PL\",\"@id\":\"https:\/\/dignitynews.eu\/pl\/#\/schema\/person\/image\/\",\"url\":\"https:\/\/secure.gravatar.com\/avatar\/97963171a6d9108f8381bbefb1c6b150c445b6ddd9e3077b96c86cf5892c85dc?s=96&d=mm&r=g\",\"contentUrl\":\"https:\/\/secure.gravatar.com\/avatar\/97963171a6d9108f8381bbefb1c6b150c445b6ddd9e3077b96c86cf5892c85dc?s=96&d=mm&r=g\",\"caption\":\"Dignity News\"},\"url\":\"https:\/\/dignitynews.eu\/pl\/author\/mikolaj-palade\/\"}]}<\/script>\n<!-- \/ Yoast SEO plugin. -->","yoast_head_json":{"title":"Polska przygotowuje si\u0119 na rozszerzenie obecno\u015bci wojsk USA w sytuacji zagro\u017cenia - Godno\u015b\u0107 - DignityNews.eu","robots":{"index":"index","follow":"follow","max-snippet":"max-snippet:-1","max-image-preview":"max-image-preview:large","max-video-preview":"max-video-preview:-1"},"canonical":"https:\/\/dignitynews.eu\/pl\/polska-przygotowuje-sie-na-rozszerzenie-obecnosci-wojsk-usa-w-sytuacji-zagrozenia\/","og_locale":"pl_PL","og_type":"article","og_title":"Polska przygotowuje si\u0119 na rozszerzenie obecno\u015bci wojsk USA w sytuacji zagro\u017cenia - Godno\u015b\u0107 - DignityNews.eu","og_description":"NATO zdaje sobie spraw\u0119, \u017ce dzi\u015b najwi\u0119ksze zagro\u017cenie jest na wschodzie Europy, na wschodniej flance NATO, i zwi\u0119kszenie obecno\u015bci wojsk sojuszniczych, wojsk ameryka\u0144skich jest kluczowe &#8211; powiedzia\u0142 wiceminister obrony narodowej&hellip;","og_url":"https:\/\/dignitynews.eu\/pl\/polska-przygotowuje-sie-na-rozszerzenie-obecnosci-wojsk-usa-w-sytuacji-zagrozenia\/","og_site_name":"Godno\u015b\u0107 - DignityNews.eu","article_published_time":"2022-06-29T10:04:48+00:00","og_image":[{"width":1500,"height":1001,"url":"https:\/\/dignitynews.eu\/wp-content\/uploads\/2022\/06\/zwiekszona-obecnosc-wojsk-USA-w-Polsce-fot-.-EAST-NEWS.jpg","type":"image\/jpeg"}],"author":"Dignity News","twitter_card":"summary_large_image","twitter_misc":{"Napisane przez":"Dignity News","Szacowany czas czytania":"2 minuty"},"schema":{"@context":"https:\/\/schema.org","@graph":[{"@type":"WebSite","@id":"https:\/\/dignitynews.eu\/pl\/#website","url":"https:\/\/dignitynews.eu\/pl\/","name":"Godno\u015b\u0107 - DignityNews.eu","description":"","potentialAction":[{"@type":"SearchAction","target":{"@type":"EntryPoint","urlTemplate":"https:\/\/dignitynews.eu\/pl\/?s={search_term_string}"},"query-input":"required name=search_term_string"}],"inLanguage":"pl-PL"},{"@type":"WebPage","@id":"https:\/\/dignitynews.eu\/pl\/polska-przygotowuje-sie-na-rozszerzenie-obecnosci-wojsk-usa-w-sytuacji-zagrozenia\/","url":"https:\/\/dignitynews.eu\/pl\/polska-przygotowuje-sie-na-rozszerzenie-obecnosci-wojsk-usa-w-sytuacji-zagrozenia\/","name":"Polska przygotowuje si\u0119 na rozszerzenie obecno\u015bci wojsk USA w sytuacji zagro\u017cenia - Godno\u015b\u0107 - DignityNews.eu","isPartOf":{"@id":"https:\/\/dignitynews.eu\/pl\/#website"},"datePublished":"2022-06-29T10:04:48+00:00","dateModified":"2022-06-29T10:04:48+00:00","author":{"@id":"https:\/\/dignitynews.eu\/pl\/#\/schema\/person\/0b62b762b8174802fabc81a3ecb1bfcb"},"breadcrumb":{"@id":"https:\/\/dignitynews.eu\/pl\/polska-przygotowuje-sie-na-rozszerzenie-obecnosci-wojsk-usa-w-sytuacji-zagrozenia\/#breadcrumb"},"inLanguage":"pl-PL","potentialAction":[{"@type":"ReadAction","target":["https:\/\/dignitynews.eu\/pl\/polska-przygotowuje-sie-na-rozszerzenie-obecnosci-wojsk-usa-w-sytuacji-zagrozenia\/"]}]},{"@type":"BreadcrumbList","@id":"https:\/\/dignitynews.eu\/pl\/polska-przygotowuje-sie-na-rozszerzenie-obecnosci-wojsk-usa-w-sytuacji-zagrozenia\/#breadcrumb","itemListElement":[{"@type":"ListItem","position":1,"name":"Strona g\u0142\u00f3wna","item":"https:\/\/dignitynews.eu\/pl\/"},{"@type":"ListItem","position":2,"name":"Polska przygotowuje si\u0119 na rozszerzenie obecno\u015bci wojsk USA w sytuacji zagro\u017cenia"}]},{"@type":"Person","@id":"https:\/\/dignitynews.eu\/pl\/#\/schema\/person\/0b62b762b8174802fabc81a3ecb1bfcb","name":"Dignity News","image":{"@type":"ImageObject","inLanguage":"pl-PL","@id":"https:\/\/dignitynews.eu\/pl\/#\/schema\/person\/image\/","url":"https:\/\/secure.gravatar.com\/avatar\/97963171a6d9108f8381bbefb1c6b150c445b6ddd9e3077b96c86cf5892c85dc?s=96&d=mm&r=g","contentUrl":"https:\/\/secure.gravatar.com\/avatar\/97963171a6d9108f8381bbefb1c6b150c445b6ddd9e3077b96c86cf5892c85dc?s=96&d=mm&r=g","caption":"Dignity News"},"url":"https:\/\/dignitynews.eu\/pl\/author\/mikolaj-palade\/"}]}},"_links":{"self":[{"href":"https:\/\/dignitynews.eu\/pl\/wp-json\/wp\/v2\/posts\/22448","targetHints":{"allow":["GET"]}}],"collection":[{"href":"https:\/\/dignitynews.eu\/pl\/wp-json\/wp\/v2\/posts"}],"about":[{"href":"https:\/\/dignitynews.eu\/pl\/wp-json\/wp\/v2\/types\/post"}],"author":[{"embeddable":true,"href":"https:\/\/dignitynews.eu\/pl\/wp-json\/wp\/v2\/users\/7"}],"replies":[{"embeddable":true,"href":"https:\/\/dignitynews.eu\/pl\/wp-json\/wp\/v2\/comments?post=22448"}],"version-history":[{"count":1,"href":"https:\/\/dignitynews.eu\/pl\/wp-json\/wp\/v2\/posts\/22448\/revisions"}],"predecessor-version":[{"id":22454,"href":"https:\/\/dignitynews.eu\/pl\/wp-json\/wp\/v2\/posts\/22448\/revisions\/22454"}],"wp:featuredmedia":[{"embeddable":true,"href":"https:\/\/dignitynews.eu\/pl\/wp-json\/wp\/v2\/media\/22449"}],"wp:attachment":[{"href":"https:\/\/dignitynews.eu\/pl\/wp-json\/wp\/v2\/media?parent=22448"}],"wp:term":[{"taxonomy":"category","embeddable":true,"href":"https:\/\/dignitynews.eu\/pl\/wp-json\/wp\/v2\/categories?post=22448"},{"taxonomy":"post_tag","embeddable":true,"href":"https:\/\/dignitynews.eu\/pl\/wp-json\/wp\/v2\/tags?post=22448"}],"curies":[{"name":"wp","href":"https:\/\/api.w.org\/{rel}","templated":true}]}}