{"id":22299,"date":"2022-06-28T12:24:50","date_gmt":"2022-06-28T10:24:50","guid":{"rendered":"https:\/\/dignitynews.eu\/?p=22299"},"modified":"2022-06-28T12:24:50","modified_gmt":"2022-06-28T10:24:50","slug":"w-katowicach-odbywa-sie-11-edycja-swiatowego-forum-miejskiego","status":"publish","type":"post","link":"https:\/\/dignitynews.eu\/pl\/w-katowicach-odbywa-sie-11-edycja-swiatowego-forum-miejskiego\/","title":{"rendered":"W Katowicach odbywa si\u0119 11. edycja \u015awiatowego Forum Miejskiego"},"content":{"rendered":"<h5><strong>Do 30 czerwca w Katowicach potrwa 11. edycja \u015awiatowego Forum Miejskiego &#8211; World Urban Forum \u2013 WUF11, kt\u00f3re w tym roku skupia wok\u00f3\u0142\u00a0siedmiu temat\u00f3w\u00a0dotycz\u0105cych wyzwa\u0144 istotnych dla zr\u00f3wnowa\u017conej przysz\u0142o\u015bci miast: zielony rozw\u00f3j; sprawiedliwa przysz\u0142o\u015b\u0107; innowacje i technologie; budowanie odporno\u015bci miast; planowanie i zarz\u0105dzanie miejskie; przysz\u0142o\u015b\u0107 gospodarki i finans\u00f3w miejskich oraz reagowanie na kryzysy i odbudowa miast.<\/strong><\/h5>\n<p>Uroczystego otwarcia Forum dokonali minister funduszy i polityki regionalnej Grzegorz Puda, dyrektor wykonawcza UN-Habitat Maimunah Mohd Sharif, wiceminister Ma\u0142gorzata Jarosi\u0144ska-Jedynak oraz prezydent Katowic Marcin Krupa. W wydarzeniu wzi\u0105\u0142 udzia\u0142 premier Mateusz Morawiecki.<\/p>\n<p>Miasta s\u0105 dzisiaj g\u0142\u00f3wn\u0105 si\u0142\u0105 nap\u0119dow\u0105 zr\u00f3wnowa\u017conego rozwoju. To one determinuj\u0105 kierunki i dynamik\u0119 rozwoju \u015bwiatowej gospodarki. Tempo proces\u00f3w urbanizacyjnych wymaga jednak dzia\u0142a\u0144 i koordynacji w wymiarze mi\u0119dzynarodowym \u2013 powiedzia\u0142\u00a0minister funduszy i polityki regionalnej Grzegorz Puda.<\/p>\n<p>W swoim wyst\u0105pieniu minister Puda wskaza\u0142 tak\u017ce na potrzeb\u0119 kompleksowej i pog\u0142\u0119bionej dyskusji nad transformacj\u0105 modelu rozwoju miast oraz przeniesieniem na grunt polski wszystkich dzia\u0142a\u0144 zwi\u0105zanych z realizacj\u0105 cel\u00f3w zr\u00f3wnowa\u017conego rozwoju i sprawiedliwej urbanizacji.<\/p>\n<p>11. sesja \u015awiatowego Forum Miejskiego odbywa si\u0119 pod has\u0142em \u201eZmieniamy miasta dla lepszej przysz\u0142o\u015bci\u201d. Przedstawiciele pa\u0144stw z ca\u0142ego \u015bwiata dyskutuj\u0105 na nim nad zr\u00f3wnowa\u017conym i odpowiedzialnym rozwojem miast.<\/p>\n<p>\u015awiatowe Forum Miejskie powsta\u0142o z inicjatywy Organizacji Narod\u00f3w Zjednoczonych. Pierwsze Forum odby\u0142o si\u0119 w Nairobi w Kenii w 2002 roku i od tego czasu odbywa si\u0119 na ca\u0142ym \u015bwiecie, regularnie co dwa lata. Gospodarzami kolejnych sesji by\u0142y kolejno: Barcelona, Vancouver, Nanjing, Rio de Janeiro, Neapol, Medellin, Kuala Lumpur i Abu Zabi.<\/p>\n<p>Adrian Andrzejewski<\/p>\n","protected":false},"excerpt":{"rendered":"<p>Do 30 czerwca w Katowicach potrwa 11. edycja \u015awiatowego Forum Miejskiego &#8211; World Urban Forum \u2013 WUF11, kt\u00f3re w tym roku skupia wok\u00f3\u0142\u00a0siedmiu temat\u00f3w\u00a0dotycz\u0105cych wyzwa\u0144 istotnych dla zr\u00f3wnowa\u017conej przysz\u0142o\u015bci miast:&hellip;<\/p>\n","protected":false},"author":7,"featured_media":22300,"comment_status":"closed","ping_status":"open","sticky":false,"template":"","format":"standard","meta":{"_mi_skip_tracking":false,"footnotes":""},"categories":[47],"tags":[],"class_list":["post-22299","post","type-post","status-publish","format-standard","has-post-thumbnail","hentry","category-wydarzenia"],"yoast_head":"<!-- This site is optimized with the Yoast SEO plugin v19.4 - https:\/\/yoast.com\/wordpress\/plugins\/seo\/ -->\n<title>W Katowicach odbywa si\u0119 11. edycja \u015awiatowego Forum Miejskiego - Godno\u015b\u0107 - DignityNews.eu<\/title>\n<meta name=\"robots\" content=\"index, follow, max-snippet:-1, max-image-preview:large, max-video-preview:-1\" \/>\n<link rel=\"canonical\" href=\"https:\/\/dignitynews.eu\/pl\/w-katowicach-odbywa-sie-11-edycja-swiatowego-forum-miejskiego\/\" \/>\n<meta property=\"og:locale\" content=\"pl_PL\" \/>\n<meta property=\"og:type\" content=\"article\" \/>\n<meta property=\"og:title\" content=\"W Katowicach odbywa si\u0119 11. edycja \u015awiatowego Forum Miejskiego - Godno\u015b\u0107 - DignityNews.eu\" \/>\n<meta property=\"og:description\" content=\"Do 30 czerwca w Katowicach potrwa 11. edycja \u015awiatowego Forum Miejskiego &#8211; World Urban Forum \u2013 WUF11, kt\u00f3re w tym roku skupia wok\u00f3\u0142\u00a0siedmiu temat\u00f3w\u00a0dotycz\u0105cych wyzwa\u0144 istotnych dla zr\u00f3wnowa\u017conej przysz\u0142o\u015bci miast:&hellip;\" \/>\n<meta property=\"og:url\" content=\"https:\/\/dignitynews.eu\/pl\/w-katowicach-odbywa-sie-11-edycja-swiatowego-forum-miejskiego\/\" \/>\n<meta property=\"og:site_name\" content=\"Godno\u015b\u0107 - DignityNews.eu\" \/>\n<meta property=\"article:published_time\" content=\"2022-06-28T10:24:50+00:00\" \/>\n<meta property=\"og:image\" content=\"https:\/\/dignitynews.eu\/wp-content\/uploads\/2022\/06\/Swiatowe-Forum-Miejskie-fot.-Andrzej-Grygiel-East-News.jpg\" \/>\n\t<meta property=\"og:image:width\" content=\"1500\" \/>\n\t<meta property=\"og:image:height\" content=\"1005\" \/>\n\t<meta property=\"og:image:type\" content=\"image\/jpeg\" \/>\n<meta name=\"author\" content=\"Dignity News\" \/>\n<meta name=\"twitter:card\" content=\"summary_large_image\" \/>\n<meta name=\"twitter:label1\" content=\"Napisane przez\" \/>\n\t<meta name=\"twitter:data1\" content=\"Dignity News\" \/>\n\t<meta name=\"twitter:label2\" content=\"Szacowany czas czytania\" \/>\n\t<meta name=\"twitter:data2\" content=\"2 minuty\" \/>\n<script type=\"application\/ld+json\" class=\"yoast-schema-graph\">{\"@context\":\"https:\/\/schema.org\",\"@graph\":[{\"@type\":\"WebSite\",\"@id\":\"https:\/\/dignitynews.eu\/pl\/#website\",\"url\":\"https:\/\/dignitynews.eu\/pl\/\",\"name\":\"Godno\u015b\u0107 - DignityNews.eu\",\"description\":\"\",\"potentialAction\":[{\"@type\":\"SearchAction\",\"target\":{\"@type\":\"EntryPoint\",\"urlTemplate\":\"https:\/\/dignitynews.eu\/pl\/?s={search_term_string}\"},\"query-input\":\"required name=search_term_string\"}],\"inLanguage\":\"pl-PL\"},{\"@type\":\"WebPage\",\"@id\":\"https:\/\/dignitynews.eu\/pl\/w-katowicach-odbywa-sie-11-edycja-swiatowego-forum-miejskiego\/\",\"url\":\"https:\/\/dignitynews.eu\/pl\/w-katowicach-odbywa-sie-11-edycja-swiatowego-forum-miejskiego\/\",\"name\":\"W Katowicach odbywa si\u0119 11. edycja \u015awiatowego Forum Miejskiego - Godno\u015b\u0107 - DignityNews.eu\",\"isPartOf\":{\"@id\":\"https:\/\/dignitynews.eu\/pl\/#website\"},\"datePublished\":\"2022-06-28T10:24:50+00:00\",\"dateModified\":\"2022-06-28T10:24:50+00:00\",\"author\":{\"@id\":\"https:\/\/dignitynews.eu\/pl\/#\/schema\/person\/0b62b762b8174802fabc81a3ecb1bfcb\"},\"breadcrumb\":{\"@id\":\"https:\/\/dignitynews.eu\/pl\/w-katowicach-odbywa-sie-11-edycja-swiatowego-forum-miejskiego\/#breadcrumb\"},\"inLanguage\":\"pl-PL\",\"potentialAction\":[{\"@type\":\"ReadAction\",\"target\":[\"https:\/\/dignitynews.eu\/pl\/w-katowicach-odbywa-sie-11-edycja-swiatowego-forum-miejskiego\/\"]}]},{\"@type\":\"BreadcrumbList\",\"@id\":\"https:\/\/dignitynews.eu\/pl\/w-katowicach-odbywa-sie-11-edycja-swiatowego-forum-miejskiego\/#breadcrumb\",\"itemListElement\":[{\"@type\":\"ListItem\",\"position\":1,\"name\":\"Strona g\u0142\u00f3wna\",\"item\":\"https:\/\/dignitynews.eu\/pl\/\"},{\"@type\":\"ListItem\",\"position\":2,\"name\":\"W Katowicach odbywa si\u0119 11. edycja \u015awiatowego Forum Miejskiego\"}]},{\"@type\":\"Person\",\"@id\":\"https:\/\/dignitynews.eu\/pl\/#\/schema\/person\/0b62b762b8174802fabc81a3ecb1bfcb\",\"name\":\"Dignity News\",\"image\":{\"@type\":\"ImageObject\",\"inLanguage\":\"pl-PL\",\"@id\":\"https:\/\/dignitynews.eu\/pl\/#\/schema\/person\/image\/\",\"url\":\"https:\/\/secure.gravatar.com\/avatar\/97963171a6d9108f8381bbefb1c6b150c445b6ddd9e3077b96c86cf5892c85dc?s=96&d=mm&r=g\",\"contentUrl\":\"https:\/\/secure.gravatar.com\/avatar\/97963171a6d9108f8381bbefb1c6b150c445b6ddd9e3077b96c86cf5892c85dc?s=96&d=mm&r=g\",\"caption\":\"Dignity News\"},\"url\":\"https:\/\/dignitynews.eu\/pl\/author\/mikolaj-palade\/\"}]}<\/script>\n<!-- \/ Yoast SEO plugin. -->","yoast_head_json":{"title":"W Katowicach odbywa si\u0119 11. edycja \u015awiatowego Forum Miejskiego - Godno\u015b\u0107 - DignityNews.eu","robots":{"index":"index","follow":"follow","max-snippet":"max-snippet:-1","max-image-preview":"max-image-preview:large","max-video-preview":"max-video-preview:-1"},"canonical":"https:\/\/dignitynews.eu\/pl\/w-katowicach-odbywa-sie-11-edycja-swiatowego-forum-miejskiego\/","og_locale":"pl_PL","og_type":"article","og_title":"W Katowicach odbywa si\u0119 11. edycja \u015awiatowego Forum Miejskiego - Godno\u015b\u0107 - DignityNews.eu","og_description":"Do 30 czerwca w Katowicach potrwa 11. edycja \u015awiatowego Forum Miejskiego &#8211; World Urban Forum \u2013 WUF11, kt\u00f3re w tym roku skupia wok\u00f3\u0142\u00a0siedmiu temat\u00f3w\u00a0dotycz\u0105cych wyzwa\u0144 istotnych dla zr\u00f3wnowa\u017conej przysz\u0142o\u015bci miast:&hellip;","og_url":"https:\/\/dignitynews.eu\/pl\/w-katowicach-odbywa-sie-11-edycja-swiatowego-forum-miejskiego\/","og_site_name":"Godno\u015b\u0107 - DignityNews.eu","article_published_time":"2022-06-28T10:24:50+00:00","og_image":[{"width":1500,"height":1005,"url":"https:\/\/dignitynews.eu\/wp-content\/uploads\/2022\/06\/Swiatowe-Forum-Miejskie-fot.-Andrzej-Grygiel-East-News.jpg","type":"image\/jpeg"}],"author":"Dignity News","twitter_card":"summary_large_image","twitter_misc":{"Napisane przez":"Dignity News","Szacowany czas czytania":"2 minuty"},"schema":{"@context":"https:\/\/schema.org","@graph":[{"@type":"WebSite","@id":"https:\/\/dignitynews.eu\/pl\/#website","url":"https:\/\/dignitynews.eu\/pl\/","name":"Godno\u015b\u0107 - DignityNews.eu","description":"","potentialAction":[{"@type":"SearchAction","target":{"@type":"EntryPoint","urlTemplate":"https:\/\/dignitynews.eu\/pl\/?s={search_term_string}"},"query-input":"required name=search_term_string"}],"inLanguage":"pl-PL"},{"@type":"WebPage","@id":"https:\/\/dignitynews.eu\/pl\/w-katowicach-odbywa-sie-11-edycja-swiatowego-forum-miejskiego\/","url":"https:\/\/dignitynews.eu\/pl\/w-katowicach-odbywa-sie-11-edycja-swiatowego-forum-miejskiego\/","name":"W Katowicach odbywa si\u0119 11. edycja \u015awiatowego Forum Miejskiego - Godno\u015b\u0107 - DignityNews.eu","isPartOf":{"@id":"https:\/\/dignitynews.eu\/pl\/#website"},"datePublished":"2022-06-28T10:24:50+00:00","dateModified":"2022-06-28T10:24:50+00:00","author":{"@id":"https:\/\/dignitynews.eu\/pl\/#\/schema\/person\/0b62b762b8174802fabc81a3ecb1bfcb"},"breadcrumb":{"@id":"https:\/\/dignitynews.eu\/pl\/w-katowicach-odbywa-sie-11-edycja-swiatowego-forum-miejskiego\/#breadcrumb"},"inLanguage":"pl-PL","potentialAction":[{"@type":"ReadAction","target":["https:\/\/dignitynews.eu\/pl\/w-katowicach-odbywa-sie-11-edycja-swiatowego-forum-miejskiego\/"]}]},{"@type":"BreadcrumbList","@id":"https:\/\/dignitynews.eu\/pl\/w-katowicach-odbywa-sie-11-edycja-swiatowego-forum-miejskiego\/#breadcrumb","itemListElement":[{"@type":"ListItem","position":1,"name":"Strona g\u0142\u00f3wna","item":"https:\/\/dignitynews.eu\/pl\/"},{"@type":"ListItem","position":2,"name":"W Katowicach odbywa si\u0119 11. edycja \u015awiatowego Forum Miejskiego"}]},{"@type":"Person","@id":"https:\/\/dignitynews.eu\/pl\/#\/schema\/person\/0b62b762b8174802fabc81a3ecb1bfcb","name":"Dignity News","image":{"@type":"ImageObject","inLanguage":"pl-PL","@id":"https:\/\/dignitynews.eu\/pl\/#\/schema\/person\/image\/","url":"https:\/\/secure.gravatar.com\/avatar\/97963171a6d9108f8381bbefb1c6b150c445b6ddd9e3077b96c86cf5892c85dc?s=96&d=mm&r=g","contentUrl":"https:\/\/secure.gravatar.com\/avatar\/97963171a6d9108f8381bbefb1c6b150c445b6ddd9e3077b96c86cf5892c85dc?s=96&d=mm&r=g","caption":"Dignity News"},"url":"https:\/\/dignitynews.eu\/pl\/author\/mikolaj-palade\/"}]}},"_links":{"self":[{"href":"https:\/\/dignitynews.eu\/pl\/wp-json\/wp\/v2\/posts\/22299","targetHints":{"allow":["GET"]}}],"collection":[{"href":"https:\/\/dignitynews.eu\/pl\/wp-json\/wp\/v2\/posts"}],"about":[{"href":"https:\/\/dignitynews.eu\/pl\/wp-json\/wp\/v2\/types\/post"}],"author":[{"embeddable":true,"href":"https:\/\/dignitynews.eu\/pl\/wp-json\/wp\/v2\/users\/7"}],"replies":[{"embeddable":true,"href":"https:\/\/dignitynews.eu\/pl\/wp-json\/wp\/v2\/comments?post=22299"}],"version-history":[{"count":1,"href":"https:\/\/dignitynews.eu\/pl\/wp-json\/wp\/v2\/posts\/22299\/revisions"}],"predecessor-version":[{"id":22305,"href":"https:\/\/dignitynews.eu\/pl\/wp-json\/wp\/v2\/posts\/22299\/revisions\/22305"}],"wp:featuredmedia":[{"embeddable":true,"href":"https:\/\/dignitynews.eu\/pl\/wp-json\/wp\/v2\/media\/22300"}],"wp:attachment":[{"href":"https:\/\/dignitynews.eu\/pl\/wp-json\/wp\/v2\/media?parent=22299"}],"wp:term":[{"taxonomy":"category","embeddable":true,"href":"https:\/\/dignitynews.eu\/pl\/wp-json\/wp\/v2\/categories?post=22299"},{"taxonomy":"post_tag","embeddable":true,"href":"https:\/\/dignitynews.eu\/pl\/wp-json\/wp\/v2\/tags?post=22299"}],"curies":[{"name":"wp","href":"https:\/\/api.w.org\/{rel}","templated":true}]}}