{"id":22108,"date":"2022-06-27T11:09:26","date_gmt":"2022-06-27T09:09:26","guid":{"rendered":"https:\/\/dignitynews.eu\/?p=22108"},"modified":"2022-06-27T11:09:26","modified_gmt":"2022-06-27T09:09:26","slug":"rosjanie-usuneli-polskie-flagi-z-cmentarza-wojennego-w-katyniu-jest-reakcja-polskiego-rzadu","status":"publish","type":"post","link":"https:\/\/dignitynews.eu\/pl\/rosjanie-usuneli-polskie-flagi-z-cmentarza-wojennego-w-katyniu-jest-reakcja-polskiego-rzadu\/","title":{"rendered":"Rosjanie usun\u0119li polskie flagi z cmentarza wojennego w Katyniu. Jest reakcja polskiego rz\u0105du"},"content":{"rendered":"<h5>Rosjanie usun\u0119li polskie flagi z cmentarza wojennego w Katyniu. Jest reakcja polskiego Ministerstwa Spraw Zagranicznych (MSZ). &#8211; Jest w tym zakresie oczywi\u015bcie oficjalne stanowisko MSZ &#8211; protest pa\u0144stwa polskiego; konsul by\u0142 na miejscu &#8211; powiedzia\u0142 doradca prezydenta Andrzeja Dudy, Pawe\u0142 Mucha.<\/h5>\n<p>&#8211; To s\u0105 takie akty wrogo\u015bci, kt\u00f3re pokazuj\u0105, \u017ce Rosjanie maj\u0105 \u015bwiadomo\u015b\u0107 tego, \u017ce obrona Ukrainy nie by\u0142aby mo\u017cliwa w takim zakresie i w takim czasie, gdyby nie wsparcie Zachodu &#8211; powiedzia\u0142 Mucha w niedziel\u0119, w telewizji Polsat News.<\/p>\n<p>W poniedzia\u0142ek wiceszef MSZ Marcin Przydacz powiedzia\u0142 w Programie III Polskiego Radia, \u017ce w tej sprawie zostanie z\u0142o\u017cona nota do ministerstwa spraw zagranicznych Rosji. Wcze\u015bniej polski konsul w Smole\u0144sku potwierdzi\u0142 fakt zdj\u0119cia polskiej flagi z memoria\u0142u w Katyniu. Podj\u0105\u0142 te\u017c interwencj\u0119 domagaj\u0105c si\u0119 wyja\u015bnie\u0144 i wskazuj\u0105c, \u017ce tego typu post\u0119powanie jest absolutnie nieakceptowalne przez stron\u0119 polsk\u0105 i \u015bwiadczy o braku cywilizowanego podej\u015bcia do kwestii pami\u0119ci os\u00f3b pomordowanych.<\/p>\n<p>O usuni\u0119ciu flag informowa\u0142 niezale\u017cny rosyjski portal Meduza, przytaczaj\u0105c s\u0142owa mera Smole\u0144ska Andrieja Borisowa z portalu spo\u0142eczno\u015bciowego umieszczone wraz ze zdj\u0119ciem dw\u00f3ch maszt\u00f3w flagowych &#8211; jednego z flag\u0105 Rosji i drugiego &#8211; pustego, z przystawion\u0105 drabin\u0105.<\/p>\n<p>&#8211; Wyra\u017c\u0119 og\u00f3ln\u0105 opini\u0119. Nie mo\u017ce by\u0107 polskich flag na rosyjskich cmentarzach! A po jawnie antyrosyjskich wypowiedziach polskich polityk\u00f3w \u2013 tym bardziej. Uwa\u017cam, \u017ce ministerstwo kultury podj\u0119\u0142o jedynie s\u0142uszn\u0105 decyzj\u0119 \u2013 nale\u017cy zdj\u0105\u0107 flag\u0119 Polski. Katy\u0144 to rosyjski cmentarz, to rosyjska historia &#8211; napisa\u0142 Borisow.<\/p>\n<p>Rzecznik prasowy ministra koordynatora s\u0142u\u017cb specjalnych Stanis\u0142aw \u017baryn powiedzia\u0142, \u00a0\u017ce usuni\u0119cie polskich flag z polskich cmentarzy wojennych to kolejny akt wrogo\u015bci Kremla i element antypolskiej kampanii, prowadzonej od wielu lat. W jego ocenie decyzje w\u0142adz Rosji dowodz\u0105, \u017ce Polska s\u0142usznie diagnozuje dzia\u0142ania rosyjskie jako polityk\u0119 celowej konfrontacji z krajami Zachodu.<\/p>\n<p>Arkadiusz S\u0142omczy\u0144ski<\/p>\n","protected":false},"excerpt":{"rendered":"<p>Rosjanie usun\u0119li polskie flagi z cmentarza wojennego w Katyniu. Jest reakcja polskiego Ministerstwa Spraw Zagranicznych (MSZ). &#8211; Jest w tym zakresie oczywi\u015bcie oficjalne stanowisko MSZ &#8211; protest pa\u0144stwa polskiego; konsul&hellip;<\/p>\n","protected":false},"author":7,"featured_media":22109,"comment_status":"closed","ping_status":"open","sticky":false,"template":"","format":"standard","meta":{"_mi_skip_tracking":false,"footnotes":""},"categories":[47],"tags":[],"class_list":["post-22108","post","type-post","status-publish","format-standard","has-post-thumbnail","hentry","category-wydarzenia"],"yoast_head":"<!-- This site is optimized with the Yoast SEO plugin v19.4 - https:\/\/yoast.com\/wordpress\/plugins\/seo\/ -->\n<title>Rosjanie usun\u0119li polskie flagi z cmentarza wojennego w Katyniu. Jest reakcja polskiego rz\u0105du - Godno\u015b\u0107 - DignityNews.eu<\/title>\n<meta name=\"robots\" content=\"index, follow, max-snippet:-1, max-image-preview:large, max-video-preview:-1\" \/>\n<link rel=\"canonical\" href=\"https:\/\/dignitynews.eu\/pl\/rosjanie-usuneli-polskie-flagi-z-cmentarza-wojennego-w-katyniu-jest-reakcja-polskiego-rzadu\/\" \/>\n<meta property=\"og:locale\" content=\"pl_PL\" \/>\n<meta property=\"og:type\" content=\"article\" \/>\n<meta property=\"og:title\" content=\"Rosjanie usun\u0119li polskie flagi z cmentarza wojennego w Katyniu. Jest reakcja polskiego rz\u0105du - Godno\u015b\u0107 - DignityNews.eu\" \/>\n<meta property=\"og:description\" content=\"Rosjanie usun\u0119li polskie flagi z cmentarza wojennego w Katyniu. Jest reakcja polskiego Ministerstwa Spraw Zagranicznych (MSZ). &#8211; Jest w tym zakresie oczywi\u015bcie oficjalne stanowisko MSZ &#8211; protest pa\u0144stwa polskiego; konsul&hellip;\" \/>\n<meta property=\"og:url\" content=\"https:\/\/dignitynews.eu\/pl\/rosjanie-usuneli-polskie-flagi-z-cmentarza-wojennego-w-katyniu-jest-reakcja-polskiego-rzadu\/\" \/>\n<meta property=\"og:site_name\" content=\"Godno\u015b\u0107 - DignityNews.eu\" \/>\n<meta property=\"article:published_time\" content=\"2022-06-27T09:09:26+00:00\" \/>\n<meta property=\"og:image\" content=\"https:\/\/dignitynews.eu\/wp-content\/uploads\/2022\/06\/rosjanie-zdjeli-polska-flage-w-Katyniu-fot.-STANISLAW-KOWALCZUK-East-News.jpg\" \/>\n\t<meta property=\"og:image:width\" content=\"1500\" \/>\n\t<meta property=\"og:image:height\" content=\"1067\" \/>\n\t<meta property=\"og:image:type\" content=\"image\/jpeg\" \/>\n<meta name=\"author\" content=\"Dignity News\" \/>\n<meta name=\"twitter:card\" content=\"summary_large_image\" \/>\n<meta name=\"twitter:label1\" content=\"Napisane przez\" \/>\n\t<meta name=\"twitter:data1\" content=\"Dignity News\" \/>\n\t<meta name=\"twitter:label2\" content=\"Szacowany czas czytania\" \/>\n\t<meta name=\"twitter:data2\" content=\"2 minuty\" \/>\n<script type=\"application\/ld+json\" class=\"yoast-schema-graph\">{\"@context\":\"https:\/\/schema.org\",\"@graph\":[{\"@type\":\"WebSite\",\"@id\":\"https:\/\/dignitynews.eu\/pl\/#website\",\"url\":\"https:\/\/dignitynews.eu\/pl\/\",\"name\":\"Godno\u015b\u0107 - DignityNews.eu\",\"description\":\"\",\"potentialAction\":[{\"@type\":\"SearchAction\",\"target\":{\"@type\":\"EntryPoint\",\"urlTemplate\":\"https:\/\/dignitynews.eu\/pl\/?s={search_term_string}\"},\"query-input\":\"required name=search_term_string\"}],\"inLanguage\":\"pl-PL\"},{\"@type\":\"WebPage\",\"@id\":\"https:\/\/dignitynews.eu\/pl\/rosjanie-usuneli-polskie-flagi-z-cmentarza-wojennego-w-katyniu-jest-reakcja-polskiego-rzadu\/\",\"url\":\"https:\/\/dignitynews.eu\/pl\/rosjanie-usuneli-polskie-flagi-z-cmentarza-wojennego-w-katyniu-jest-reakcja-polskiego-rzadu\/\",\"name\":\"Rosjanie usun\u0119li polskie flagi z cmentarza wojennego w Katyniu. Jest reakcja polskiego rz\u0105du - Godno\u015b\u0107 - DignityNews.eu\",\"isPartOf\":{\"@id\":\"https:\/\/dignitynews.eu\/pl\/#website\"},\"datePublished\":\"2022-06-27T09:09:26+00:00\",\"dateModified\":\"2022-06-27T09:09:26+00:00\",\"author\":{\"@id\":\"https:\/\/dignitynews.eu\/pl\/#\/schema\/person\/0b62b762b8174802fabc81a3ecb1bfcb\"},\"breadcrumb\":{\"@id\":\"https:\/\/dignitynews.eu\/pl\/rosjanie-usuneli-polskie-flagi-z-cmentarza-wojennego-w-katyniu-jest-reakcja-polskiego-rzadu\/#breadcrumb\"},\"inLanguage\":\"pl-PL\",\"potentialAction\":[{\"@type\":\"ReadAction\",\"target\":[\"https:\/\/dignitynews.eu\/pl\/rosjanie-usuneli-polskie-flagi-z-cmentarza-wojennego-w-katyniu-jest-reakcja-polskiego-rzadu\/\"]}]},{\"@type\":\"BreadcrumbList\",\"@id\":\"https:\/\/dignitynews.eu\/pl\/rosjanie-usuneli-polskie-flagi-z-cmentarza-wojennego-w-katyniu-jest-reakcja-polskiego-rzadu\/#breadcrumb\",\"itemListElement\":[{\"@type\":\"ListItem\",\"position\":1,\"name\":\"Strona g\u0142\u00f3wna\",\"item\":\"https:\/\/dignitynews.eu\/pl\/\"},{\"@type\":\"ListItem\",\"position\":2,\"name\":\"Rosjanie usun\u0119li polskie flagi z cmentarza wojennego w Katyniu. Jest reakcja polskiego rz\u0105du\"}]},{\"@type\":\"Person\",\"@id\":\"https:\/\/dignitynews.eu\/pl\/#\/schema\/person\/0b62b762b8174802fabc81a3ecb1bfcb\",\"name\":\"Dignity News\",\"image\":{\"@type\":\"ImageObject\",\"inLanguage\":\"pl-PL\",\"@id\":\"https:\/\/dignitynews.eu\/pl\/#\/schema\/person\/image\/\",\"url\":\"https:\/\/secure.gravatar.com\/avatar\/97963171a6d9108f8381bbefb1c6b150c445b6ddd9e3077b96c86cf5892c85dc?s=96&d=mm&r=g\",\"contentUrl\":\"https:\/\/secure.gravatar.com\/avatar\/97963171a6d9108f8381bbefb1c6b150c445b6ddd9e3077b96c86cf5892c85dc?s=96&d=mm&r=g\",\"caption\":\"Dignity News\"},\"url\":\"https:\/\/dignitynews.eu\/pl\/author\/mikolaj-palade\/\"}]}<\/script>\n<!-- \/ Yoast SEO plugin. -->","yoast_head_json":{"title":"Rosjanie usun\u0119li polskie flagi z cmentarza wojennego w Katyniu. Jest reakcja polskiego rz\u0105du - Godno\u015b\u0107 - DignityNews.eu","robots":{"index":"index","follow":"follow","max-snippet":"max-snippet:-1","max-image-preview":"max-image-preview:large","max-video-preview":"max-video-preview:-1"},"canonical":"https:\/\/dignitynews.eu\/pl\/rosjanie-usuneli-polskie-flagi-z-cmentarza-wojennego-w-katyniu-jest-reakcja-polskiego-rzadu\/","og_locale":"pl_PL","og_type":"article","og_title":"Rosjanie usun\u0119li polskie flagi z cmentarza wojennego w Katyniu. Jest reakcja polskiego rz\u0105du - Godno\u015b\u0107 - DignityNews.eu","og_description":"Rosjanie usun\u0119li polskie flagi z cmentarza wojennego w Katyniu. Jest reakcja polskiego Ministerstwa Spraw Zagranicznych (MSZ). &#8211; Jest w tym zakresie oczywi\u015bcie oficjalne stanowisko MSZ &#8211; protest pa\u0144stwa polskiego; konsul&hellip;","og_url":"https:\/\/dignitynews.eu\/pl\/rosjanie-usuneli-polskie-flagi-z-cmentarza-wojennego-w-katyniu-jest-reakcja-polskiego-rzadu\/","og_site_name":"Godno\u015b\u0107 - DignityNews.eu","article_published_time":"2022-06-27T09:09:26+00:00","og_image":[{"width":1500,"height":1067,"url":"https:\/\/dignitynews.eu\/wp-content\/uploads\/2022\/06\/rosjanie-zdjeli-polska-flage-w-Katyniu-fot.-STANISLAW-KOWALCZUK-East-News.jpg","type":"image\/jpeg"}],"author":"Dignity News","twitter_card":"summary_large_image","twitter_misc":{"Napisane przez":"Dignity News","Szacowany czas czytania":"2 minuty"},"schema":{"@context":"https:\/\/schema.org","@graph":[{"@type":"WebSite","@id":"https:\/\/dignitynews.eu\/pl\/#website","url":"https:\/\/dignitynews.eu\/pl\/","name":"Godno\u015b\u0107 - DignityNews.eu","description":"","potentialAction":[{"@type":"SearchAction","target":{"@type":"EntryPoint","urlTemplate":"https:\/\/dignitynews.eu\/pl\/?s={search_term_string}"},"query-input":"required name=search_term_string"}],"inLanguage":"pl-PL"},{"@type":"WebPage","@id":"https:\/\/dignitynews.eu\/pl\/rosjanie-usuneli-polskie-flagi-z-cmentarza-wojennego-w-katyniu-jest-reakcja-polskiego-rzadu\/","url":"https:\/\/dignitynews.eu\/pl\/rosjanie-usuneli-polskie-flagi-z-cmentarza-wojennego-w-katyniu-jest-reakcja-polskiego-rzadu\/","name":"Rosjanie usun\u0119li polskie flagi z cmentarza wojennego w Katyniu. Jest reakcja polskiego rz\u0105du - Godno\u015b\u0107 - DignityNews.eu","isPartOf":{"@id":"https:\/\/dignitynews.eu\/pl\/#website"},"datePublished":"2022-06-27T09:09:26+00:00","dateModified":"2022-06-27T09:09:26+00:00","author":{"@id":"https:\/\/dignitynews.eu\/pl\/#\/schema\/person\/0b62b762b8174802fabc81a3ecb1bfcb"},"breadcrumb":{"@id":"https:\/\/dignitynews.eu\/pl\/rosjanie-usuneli-polskie-flagi-z-cmentarza-wojennego-w-katyniu-jest-reakcja-polskiego-rzadu\/#breadcrumb"},"inLanguage":"pl-PL","potentialAction":[{"@type":"ReadAction","target":["https:\/\/dignitynews.eu\/pl\/rosjanie-usuneli-polskie-flagi-z-cmentarza-wojennego-w-katyniu-jest-reakcja-polskiego-rzadu\/"]}]},{"@type":"BreadcrumbList","@id":"https:\/\/dignitynews.eu\/pl\/rosjanie-usuneli-polskie-flagi-z-cmentarza-wojennego-w-katyniu-jest-reakcja-polskiego-rzadu\/#breadcrumb","itemListElement":[{"@type":"ListItem","position":1,"name":"Strona g\u0142\u00f3wna","item":"https:\/\/dignitynews.eu\/pl\/"},{"@type":"ListItem","position":2,"name":"Rosjanie usun\u0119li polskie flagi z cmentarza wojennego w Katyniu. Jest reakcja polskiego rz\u0105du"}]},{"@type":"Person","@id":"https:\/\/dignitynews.eu\/pl\/#\/schema\/person\/0b62b762b8174802fabc81a3ecb1bfcb","name":"Dignity News","image":{"@type":"ImageObject","inLanguage":"pl-PL","@id":"https:\/\/dignitynews.eu\/pl\/#\/schema\/person\/image\/","url":"https:\/\/secure.gravatar.com\/avatar\/97963171a6d9108f8381bbefb1c6b150c445b6ddd9e3077b96c86cf5892c85dc?s=96&d=mm&r=g","contentUrl":"https:\/\/secure.gravatar.com\/avatar\/97963171a6d9108f8381bbefb1c6b150c445b6ddd9e3077b96c86cf5892c85dc?s=96&d=mm&r=g","caption":"Dignity News"},"url":"https:\/\/dignitynews.eu\/pl\/author\/mikolaj-palade\/"}]}},"_links":{"self":[{"href":"https:\/\/dignitynews.eu\/pl\/wp-json\/wp\/v2\/posts\/22108","targetHints":{"allow":["GET"]}}],"collection":[{"href":"https:\/\/dignitynews.eu\/pl\/wp-json\/wp\/v2\/posts"}],"about":[{"href":"https:\/\/dignitynews.eu\/pl\/wp-json\/wp\/v2\/types\/post"}],"author":[{"embeddable":true,"href":"https:\/\/dignitynews.eu\/pl\/wp-json\/wp\/v2\/users\/7"}],"replies":[{"embeddable":true,"href":"https:\/\/dignitynews.eu\/pl\/wp-json\/wp\/v2\/comments?post=22108"}],"version-history":[{"count":1,"href":"https:\/\/dignitynews.eu\/pl\/wp-json\/wp\/v2\/posts\/22108\/revisions"}],"predecessor-version":[{"id":22114,"href":"https:\/\/dignitynews.eu\/pl\/wp-json\/wp\/v2\/posts\/22108\/revisions\/22114"}],"wp:featuredmedia":[{"embeddable":true,"href":"https:\/\/dignitynews.eu\/pl\/wp-json\/wp\/v2\/media\/22109"}],"wp:attachment":[{"href":"https:\/\/dignitynews.eu\/pl\/wp-json\/wp\/v2\/media?parent=22108"}],"wp:term":[{"taxonomy":"category","embeddable":true,"href":"https:\/\/dignitynews.eu\/pl\/wp-json\/wp\/v2\/categories?post=22108"},{"taxonomy":"post_tag","embeddable":true,"href":"https:\/\/dignitynews.eu\/pl\/wp-json\/wp\/v2\/tags?post=22108"}],"curies":[{"name":"wp","href":"https:\/\/api.w.org\/{rel}","templated":true}]}}