{"id":22093,"date":"2022-06-27T11:07:52","date_gmt":"2022-06-27T09:07:52","guid":{"rendered":"https:\/\/dignitynews.eu\/?p=22093"},"modified":"2022-06-27T11:07:21","modified_gmt":"2022-06-27T09:07:21","slug":"otwarto-miasteczko-dla-uchodzcow-w-buczy-w-planach-budowa-takich-osrodkow-dla-20-tys-osob","status":"publish","type":"post","link":"https:\/\/dignitynews.eu\/pl\/otwarto-miasteczko-dla-uchodzcow-w-buczy-w-planach-budowa-takich-osrodkow-dla-20-tys-osob\/","title":{"rendered":"Otwarto miasteczko dla uchod\u017ac\u00f3w w Buczy. W planach budowa takich o\u015brodk\u00f3w dla 20 tys. os\u00f3b"},"content":{"rendered":"<h5>Otwarto miasteczko dla uchod\u017ac\u00f3w w Buczy na Ukrainie. Polski rz\u0105d planuje wybudowa\u0107 tymczasowe o\u015brodki dla 20 tys. os\u00f3b poszkodowanych w wyniku rosyjskiej agresji, w tym dla 4 tys. w obwodzie kijowskim.<\/h5>\n<p>&#8211; Kolejne o\u015brodki powstan\u0105 w Hostomlu i Irpieniu, gdzie rosyjskie wojska zniszczy\u0142y wiele budynk\u00f3w mieszkalnych, rujnuj\u0105c dorobek \u017cycia wielu os\u00f3b &#8211; powiedzia\u0142 szef Kancelarii Prezesa Rady Ministr\u00f3w (KPRM) Micha\u0142 Dworczyk podczas otwarcia miasteczka modu\u0142owego w Buczy pod Kijowem, gdzie \u00a0rosyjscy \u017co\u0142nierze dokonali masowych zbrodni na ludno\u015bci cywilnej.<\/p>\n<p>Miasteczko modu\u0142owe na terenie szko\u0142y nr 3 w Buczy jest przeznaczone dla 22 rodzin. Osiem spo\u015br\u00f3d nich ju\u017c zamieszka\u0142o w o\u015brodku, kolejne maj\u0105 wprowadzi\u0107 si\u0119 w ci\u0105gu najbli\u017cszych dni. W uroczysto\u015bciach wzi\u0119li udzia\u0142 minister ds. wsp\u00f3lnot lokalnych i rozwoju terytorialnego Ukrainy O\u0142eksij Czernyszow oraz mer Buczy Anatolij Fedoruk. Wcze\u015bniej podobne miasteczka domk\u00f3w kontenerowych zbudowane dzi\u0119ki wsparciu polskiego rz\u0105du powsta\u0142y w Borodziance i we Lwowie.<\/p>\n<p>&#8211; Dzi\u0119kuj\u0119 polskiemu rz\u0105dowi i spo\u0142ecze\u0144stwu; poziom waszego wsparcia dla Ukrainy jest bezprecedensowy \u2013 m\u00f3wi\u0142 podczas otwarcia o\u015brodka w Buczy O\u0142eksij Czernyszow cytowany w portalu polskieradio24.pl.<\/p>\n<p>Szef KPRM m\u00f3wi\u0142 w Buczy tak\u017ce o decyzji Rady Europejskiej w sprawie statusu Ukrainy i Mo\u0142dawii jako kandydat\u00f3w do Unii Europejskiej.<\/p>\n<p>&#8211; Gratuluj\u0119 Ukrainie uzyskania statusu kandydata do Unii Europejskiej. Premier Mateusz Morawiecki osobi\u015bcie zabiega\u0142 o to od trzech miesi\u0119cy. To historyczna chwila, bo jeszcze niedawno niewiele os\u00f3b by w to uwierzy\u0142o. (&#8230;) Dzi\u0119kujemy wam, poniewa\u017c bronicie niepodleg\u0142o\u015bci Polski i Europy &#8211; powiedzia\u0142 Dworczyk.<\/p>\n<p>Rado\u015b\u0107 z postanowienia Rady Europejskiej wyrazi\u0142 te\u017c prezydent Andrzej Duda. &#8211; To \u015bwietna wiadomo\u015b\u0107! Gratulujemy! Aktywnie wspierali\u015bmy wnioski Ukrainy i Mo\u0142dawii, a teraz cieszymy si\u0119 razem z nimi &#8211; napisa\u0142 prezydent na Twitterze.<\/p>\n<p>Arkadiusz S\u0142omczy\u0144ski<\/p>\n","protected":false},"excerpt":{"rendered":"<p>Otwarto miasteczko dla uchod\u017ac\u00f3w w Buczy na Ukrainie. Polski rz\u0105d planuje wybudowa\u0107 tymczasowe o\u015brodki dla 20 tys. os\u00f3b poszkodowanych w wyniku rosyjskiej agresji, w tym dla 4 tys. w obwodzie&hellip;<\/p>\n","protected":false},"author":7,"featured_media":22094,"comment_status":"closed","ping_status":"open","sticky":false,"template":"","format":"standard","meta":{"_mi_skip_tracking":false,"footnotes":""},"categories":[47],"tags":[],"class_list":["post-22093","post","type-post","status-publish","format-standard","has-post-thumbnail","hentry","category-wydarzenia"],"yoast_head":"<!-- This site is optimized with the Yoast SEO plugin v19.4 - https:\/\/yoast.com\/wordpress\/plugins\/seo\/ -->\n<title>Otwarto miasteczko dla uchod\u017ac\u00f3w w Buczy. W planach budowa takich o\u015brodk\u00f3w dla 20 tys. os\u00f3b - Godno\u015b\u0107 - DignityNews.eu<\/title>\n<meta name=\"robots\" content=\"index, follow, max-snippet:-1, max-image-preview:large, max-video-preview:-1\" \/>\n<link rel=\"canonical\" href=\"https:\/\/dignitynews.eu\/pl\/otwarto-miasteczko-dla-uchodzcow-w-buczy-w-planach-budowa-takich-osrodkow-dla-20-tys-osob\/\" \/>\n<meta property=\"og:locale\" content=\"pl_PL\" \/>\n<meta property=\"og:type\" content=\"article\" \/>\n<meta property=\"og:title\" content=\"Otwarto miasteczko dla uchod\u017ac\u00f3w w Buczy. W planach budowa takich o\u015brodk\u00f3w dla 20 tys. os\u00f3b - Godno\u015b\u0107 - DignityNews.eu\" \/>\n<meta property=\"og:description\" content=\"Otwarto miasteczko dla uchod\u017ac\u00f3w w Buczy na Ukrainie. Polski rz\u0105d planuje wybudowa\u0107 tymczasowe o\u015brodki dla 20 tys. os\u00f3b poszkodowanych w wyniku rosyjskiej agresji, w tym dla 4 tys. w obwodzie&hellip;\" \/>\n<meta property=\"og:url\" content=\"https:\/\/dignitynews.eu\/pl\/otwarto-miasteczko-dla-uchodzcow-w-buczy-w-planach-budowa-takich-osrodkow-dla-20-tys-osob\/\" \/>\n<meta property=\"og:site_name\" content=\"Godno\u015b\u0107 - DignityNews.eu\" \/>\n<meta property=\"article:published_time\" content=\"2022-06-27T09:07:52+00:00\" \/>\n<meta property=\"article:modified_time\" content=\"2022-06-27T09:07:21+00:00\" \/>\n<meta property=\"og:image\" content=\"https:\/\/dignitynews.eu\/wp-content\/uploads\/2022\/06\/Bucza-osrodki-dla-uchodzcow-fot.-Jakub-KaminskiEast-News.jpg\" \/>\n\t<meta property=\"og:image:width\" content=\"1500\" \/>\n\t<meta property=\"og:image:height\" content=\"1000\" \/>\n\t<meta property=\"og:image:type\" content=\"image\/jpeg\" \/>\n<meta name=\"author\" content=\"Dignity News\" \/>\n<meta name=\"twitter:card\" content=\"summary_large_image\" \/>\n<meta name=\"twitter:label1\" content=\"Napisane przez\" \/>\n\t<meta name=\"twitter:data1\" content=\"Dignity News\" \/>\n\t<meta name=\"twitter:label2\" content=\"Szacowany czas czytania\" \/>\n\t<meta name=\"twitter:data2\" content=\"2 minuty\" \/>\n<script type=\"application\/ld+json\" class=\"yoast-schema-graph\">{\"@context\":\"https:\/\/schema.org\",\"@graph\":[{\"@type\":\"WebSite\",\"@id\":\"https:\/\/dignitynews.eu\/pl\/#website\",\"url\":\"https:\/\/dignitynews.eu\/pl\/\",\"name\":\"Godno\u015b\u0107 - DignityNews.eu\",\"description\":\"\",\"potentialAction\":[{\"@type\":\"SearchAction\",\"target\":{\"@type\":\"EntryPoint\",\"urlTemplate\":\"https:\/\/dignitynews.eu\/pl\/?s={search_term_string}\"},\"query-input\":\"required name=search_term_string\"}],\"inLanguage\":\"pl-PL\"},{\"@type\":\"WebPage\",\"@id\":\"https:\/\/dignitynews.eu\/pl\/otwarto-miasteczko-dla-uchodzcow-w-buczy-w-planach-budowa-takich-osrodkow-dla-20-tys-osob\/\",\"url\":\"https:\/\/dignitynews.eu\/pl\/otwarto-miasteczko-dla-uchodzcow-w-buczy-w-planach-budowa-takich-osrodkow-dla-20-tys-osob\/\",\"name\":\"Otwarto miasteczko dla uchod\u017ac\u00f3w w Buczy. W planach budowa takich o\u015brodk\u00f3w dla 20 tys. os\u00f3b - Godno\u015b\u0107 - DignityNews.eu\",\"isPartOf\":{\"@id\":\"https:\/\/dignitynews.eu\/pl\/#website\"},\"datePublished\":\"2022-06-27T09:07:52+00:00\",\"dateModified\":\"2022-06-27T09:07:21+00:00\",\"author\":{\"@id\":\"https:\/\/dignitynews.eu\/pl\/#\/schema\/person\/0b62b762b8174802fabc81a3ecb1bfcb\"},\"breadcrumb\":{\"@id\":\"https:\/\/dignitynews.eu\/pl\/otwarto-miasteczko-dla-uchodzcow-w-buczy-w-planach-budowa-takich-osrodkow-dla-20-tys-osob\/#breadcrumb\"},\"inLanguage\":\"pl-PL\",\"potentialAction\":[{\"@type\":\"ReadAction\",\"target\":[\"https:\/\/dignitynews.eu\/pl\/otwarto-miasteczko-dla-uchodzcow-w-buczy-w-planach-budowa-takich-osrodkow-dla-20-tys-osob\/\"]}]},{\"@type\":\"BreadcrumbList\",\"@id\":\"https:\/\/dignitynews.eu\/pl\/otwarto-miasteczko-dla-uchodzcow-w-buczy-w-planach-budowa-takich-osrodkow-dla-20-tys-osob\/#breadcrumb\",\"itemListElement\":[{\"@type\":\"ListItem\",\"position\":1,\"name\":\"Strona g\u0142\u00f3wna\",\"item\":\"https:\/\/dignitynews.eu\/pl\/\"},{\"@type\":\"ListItem\",\"position\":2,\"name\":\"Otwarto miasteczko dla uchod\u017ac\u00f3w w Buczy. W planach budowa takich o\u015brodk\u00f3w dla 20 tys. os\u00f3b\"}]},{\"@type\":\"Person\",\"@id\":\"https:\/\/dignitynews.eu\/pl\/#\/schema\/person\/0b62b762b8174802fabc81a3ecb1bfcb\",\"name\":\"Dignity News\",\"image\":{\"@type\":\"ImageObject\",\"inLanguage\":\"pl-PL\",\"@id\":\"https:\/\/dignitynews.eu\/pl\/#\/schema\/person\/image\/\",\"url\":\"https:\/\/secure.gravatar.com\/avatar\/97963171a6d9108f8381bbefb1c6b150c445b6ddd9e3077b96c86cf5892c85dc?s=96&d=mm&r=g\",\"contentUrl\":\"https:\/\/secure.gravatar.com\/avatar\/97963171a6d9108f8381bbefb1c6b150c445b6ddd9e3077b96c86cf5892c85dc?s=96&d=mm&r=g\",\"caption\":\"Dignity News\"},\"url\":\"https:\/\/dignitynews.eu\/pl\/author\/mikolaj-palade\/\"}]}<\/script>\n<!-- \/ Yoast SEO plugin. -->","yoast_head_json":{"title":"Otwarto miasteczko dla uchod\u017ac\u00f3w w Buczy. W planach budowa takich o\u015brodk\u00f3w dla 20 tys. os\u00f3b - Godno\u015b\u0107 - DignityNews.eu","robots":{"index":"index","follow":"follow","max-snippet":"max-snippet:-1","max-image-preview":"max-image-preview:large","max-video-preview":"max-video-preview:-1"},"canonical":"https:\/\/dignitynews.eu\/pl\/otwarto-miasteczko-dla-uchodzcow-w-buczy-w-planach-budowa-takich-osrodkow-dla-20-tys-osob\/","og_locale":"pl_PL","og_type":"article","og_title":"Otwarto miasteczko dla uchod\u017ac\u00f3w w Buczy. W planach budowa takich o\u015brodk\u00f3w dla 20 tys. os\u00f3b - Godno\u015b\u0107 - DignityNews.eu","og_description":"Otwarto miasteczko dla uchod\u017ac\u00f3w w Buczy na Ukrainie. Polski rz\u0105d planuje wybudowa\u0107 tymczasowe o\u015brodki dla 20 tys. os\u00f3b poszkodowanych w wyniku rosyjskiej agresji, w tym dla 4 tys. w obwodzie&hellip;","og_url":"https:\/\/dignitynews.eu\/pl\/otwarto-miasteczko-dla-uchodzcow-w-buczy-w-planach-budowa-takich-osrodkow-dla-20-tys-osob\/","og_site_name":"Godno\u015b\u0107 - DignityNews.eu","article_published_time":"2022-06-27T09:07:52+00:00","article_modified_time":"2022-06-27T09:07:21+00:00","og_image":[{"width":1500,"height":1000,"url":"https:\/\/dignitynews.eu\/wp-content\/uploads\/2022\/06\/Bucza-osrodki-dla-uchodzcow-fot.-Jakub-KaminskiEast-News.jpg","type":"image\/jpeg"}],"author":"Dignity News","twitter_card":"summary_large_image","twitter_misc":{"Napisane przez":"Dignity News","Szacowany czas czytania":"2 minuty"},"schema":{"@context":"https:\/\/schema.org","@graph":[{"@type":"WebSite","@id":"https:\/\/dignitynews.eu\/pl\/#website","url":"https:\/\/dignitynews.eu\/pl\/","name":"Godno\u015b\u0107 - DignityNews.eu","description":"","potentialAction":[{"@type":"SearchAction","target":{"@type":"EntryPoint","urlTemplate":"https:\/\/dignitynews.eu\/pl\/?s={search_term_string}"},"query-input":"required name=search_term_string"}],"inLanguage":"pl-PL"},{"@type":"WebPage","@id":"https:\/\/dignitynews.eu\/pl\/otwarto-miasteczko-dla-uchodzcow-w-buczy-w-planach-budowa-takich-osrodkow-dla-20-tys-osob\/","url":"https:\/\/dignitynews.eu\/pl\/otwarto-miasteczko-dla-uchodzcow-w-buczy-w-planach-budowa-takich-osrodkow-dla-20-tys-osob\/","name":"Otwarto miasteczko dla uchod\u017ac\u00f3w w Buczy. W planach budowa takich o\u015brodk\u00f3w dla 20 tys. os\u00f3b - Godno\u015b\u0107 - DignityNews.eu","isPartOf":{"@id":"https:\/\/dignitynews.eu\/pl\/#website"},"datePublished":"2022-06-27T09:07:52+00:00","dateModified":"2022-06-27T09:07:21+00:00","author":{"@id":"https:\/\/dignitynews.eu\/pl\/#\/schema\/person\/0b62b762b8174802fabc81a3ecb1bfcb"},"breadcrumb":{"@id":"https:\/\/dignitynews.eu\/pl\/otwarto-miasteczko-dla-uchodzcow-w-buczy-w-planach-budowa-takich-osrodkow-dla-20-tys-osob\/#breadcrumb"},"inLanguage":"pl-PL","potentialAction":[{"@type":"ReadAction","target":["https:\/\/dignitynews.eu\/pl\/otwarto-miasteczko-dla-uchodzcow-w-buczy-w-planach-budowa-takich-osrodkow-dla-20-tys-osob\/"]}]},{"@type":"BreadcrumbList","@id":"https:\/\/dignitynews.eu\/pl\/otwarto-miasteczko-dla-uchodzcow-w-buczy-w-planach-budowa-takich-osrodkow-dla-20-tys-osob\/#breadcrumb","itemListElement":[{"@type":"ListItem","position":1,"name":"Strona g\u0142\u00f3wna","item":"https:\/\/dignitynews.eu\/pl\/"},{"@type":"ListItem","position":2,"name":"Otwarto miasteczko dla uchod\u017ac\u00f3w w Buczy. W planach budowa takich o\u015brodk\u00f3w dla 20 tys. os\u00f3b"}]},{"@type":"Person","@id":"https:\/\/dignitynews.eu\/pl\/#\/schema\/person\/0b62b762b8174802fabc81a3ecb1bfcb","name":"Dignity News","image":{"@type":"ImageObject","inLanguage":"pl-PL","@id":"https:\/\/dignitynews.eu\/pl\/#\/schema\/person\/image\/","url":"https:\/\/secure.gravatar.com\/avatar\/97963171a6d9108f8381bbefb1c6b150c445b6ddd9e3077b96c86cf5892c85dc?s=96&d=mm&r=g","contentUrl":"https:\/\/secure.gravatar.com\/avatar\/97963171a6d9108f8381bbefb1c6b150c445b6ddd9e3077b96c86cf5892c85dc?s=96&d=mm&r=g","caption":"Dignity News"},"url":"https:\/\/dignitynews.eu\/pl\/author\/mikolaj-palade\/"}]}},"_links":{"self":[{"href":"https:\/\/dignitynews.eu\/pl\/wp-json\/wp\/v2\/posts\/22093","targetHints":{"allow":["GET"]}}],"collection":[{"href":"https:\/\/dignitynews.eu\/pl\/wp-json\/wp\/v2\/posts"}],"about":[{"href":"https:\/\/dignitynews.eu\/pl\/wp-json\/wp\/v2\/types\/post"}],"author":[{"embeddable":true,"href":"https:\/\/dignitynews.eu\/pl\/wp-json\/wp\/v2\/users\/7"}],"replies":[{"embeddable":true,"href":"https:\/\/dignitynews.eu\/pl\/wp-json\/wp\/v2\/comments?post=22093"}],"version-history":[{"count":1,"href":"https:\/\/dignitynews.eu\/pl\/wp-json\/wp\/v2\/posts\/22093\/revisions"}],"predecessor-version":[{"id":22099,"href":"https:\/\/dignitynews.eu\/pl\/wp-json\/wp\/v2\/posts\/22093\/revisions\/22099"}],"wp:featuredmedia":[{"embeddable":true,"href":"https:\/\/dignitynews.eu\/pl\/wp-json\/wp\/v2\/media\/22094"}],"wp:attachment":[{"href":"https:\/\/dignitynews.eu\/pl\/wp-json\/wp\/v2\/media?parent=22093"}],"wp:term":[{"taxonomy":"category","embeddable":true,"href":"https:\/\/dignitynews.eu\/pl\/wp-json\/wp\/v2\/categories?post=22093"},{"taxonomy":"post_tag","embeddable":true,"href":"https:\/\/dignitynews.eu\/pl\/wp-json\/wp\/v2\/tags?post=22093"}],"curies":[{"name":"wp","href":"https:\/\/api.w.org\/{rel}","templated":true}]}}