{"id":21958,"date":"2022-06-24T11:51:43","date_gmt":"2022-06-24T09:51:43","guid":{"rendered":"https:\/\/dignitynews.eu\/?p=21958"},"modified":"2022-06-24T11:53:07","modified_gmt":"2022-06-24T09:53:07","slug":"po-raz-pierwszy-od-3-miesiecy-na-polskim-rynku-jest-wiecej-mieszkan-na-wynajem","status":"publish","type":"post","link":"https:\/\/dignitynews.eu\/pl\/po-raz-pierwszy-od-3-miesiecy-na-polskim-rynku-jest-wiecej-mieszkan-na-wynajem\/","title":{"rendered":"Po raz pierwszy od 3 miesi\u0119cy na polskim rynku jest wi\u0119cej mieszka\u0144 na wynajem"},"content":{"rendered":"<h5>Po drastycznym spadku dost\u0119pno\u015bci mieszka\u0144 na wynajem, zwi\u0105zanym m. in. z przybyciem do Polski uchod\u017ac\u00f3w z Ukrainy, rynek odbi\u0142 si\u0119 od dna. Po raz pierwszy od 3 miesi\u0119cy wzros\u0142a liczba ofert najmu lokali mieszkaniowych \u2013 wynika z danych portalu Otodom<\/h5>\n<p>Na zwi\u0119kszenie ofert mieszka\u0144 na wynajem wp\u0142yn\u0119\u0142o kilka czynnik\u00f3w. Przede wszystkim uspokoi\u0142 si\u0119 popyt i zwi\u0119kszy\u0142a si\u0119 liczba dost\u0119pnych ofert. Analitycy Otodom przewiduj\u0105, \u017ce wraz z ko\u0144cem roku akademickiego liczba ofert zn\u00f3w si\u0119 zwi\u0119kszy, ale nie b\u0119dzie ona tak du\u017ca, jak w ubieg\u0142ych latach.<\/p>\n<p>W maju dodano 3,1 tys. nowych ofert, co stanowi wzrost o 35 proc. w por\u00f3wnaniu do kwietnia. To pokazuje, \u017ce zwi\u0119ksza si\u0119 poda\u017c na rynku najmu mieszka\u0144. Jednak liczba nowych ofert jest wci\u0105\u017c du\u017co ni\u017csza ni\u017c w tym samym okresie w 2021 roku &#8211; o niemal 38 proc.<\/p>\n<p>W maju dost\u0119pno\u015b\u0107 ofert najmu wzros\u0142a we wszystkich du\u017cych miastach w por\u00f3wnaniu do kwietnia. Najwi\u0119kszy skok \u2013\u00a0 od 25 do prawie 30 proc. \u2013 by\u0142 widoczny w Krakowie, Wroc\u0142awiu, \u0141odzi i Rzeszowie. W Poznaniu i Warszawie dost\u0119pno\u015b\u0107 mieszka\u0144 na wynajem wzros\u0142a o 18 proc. w por\u00f3wnaniu z poprzednim miesi\u0105cem.<\/p>\n<p>W uj\u0119ciu rocznym liczba ofert mieszka\u0144 na wynajem jest jednak ni\u017csza, ni\u017c w zesz\u0142ym roku. Najwi\u0119ksz\u0105 r\u00f3\u017cnic\u0119 odnotowano w \u0141odzi i Krakowie, gdzie w maju by\u0142o ponad 70 proc. mniej ofert, ni\u017c rok temu. W Warszawie, Wroc\u0142awiu i Rzeszowie liczba ofert jest ni\u017csza o ok. 60 proc., a w Gda\u0144sku o ponad 53 proc.<\/p>\n<p>\u015arednie ceny ofertowe mieszka\u0144 na wynajem w maju br. \u2013 w por\u00f3wnaniu do kwietnia \u2013 wzros\u0142y prawie we wszystkich miastach (od 1,1 proc. we Wroc\u0142awiu do 7 proc. w Gda\u0144sku i 8,5 w Rzeszowie). Wyj\u0105tkiem jest Warszawa, gdzie ten wska\u017anik wynosi -5,8 proc., ale ta r\u00f3\u017cnica wynika z faktu, \u017ce zmieni\u0142a si\u0119 charakterystyka dost\u0119pnych ofert. Maleje liczba du\u017cych i dro\u017cszych mieszka\u0144 powy\u017cej 80 metr\u00f3w kwadratowych, a ich miejsce zajmuj\u0105 ma\u0142e i \u015brednie mieszkania, kt\u00f3re s\u0105 ta\u0144sze.<\/p>\n<p>Inwestycje w lokale mieszkalne na wynajem wci\u0105\u017c pozostaj\u0105 op\u0142acalne, chocia\u017c przy rosn\u0105cych kosztach kredyt\u00f3w ich op\u0142acalno\u015b\u0107 si\u0119 zmniejsza. Jednocze\u015bnie rosn\u0105ce stopy procentowe i kurcz\u0105ca si\u0119 zdolno\u015b\u0107 kredytowa mog\u0105 spowodowa\u0107, \u017ce osoby, kt\u00f3re do tej pory szuka\u0142y mieszka\u0144 na sprzeda\u017c, b\u0119d\u0105 zmuszone szuka\u0107 lokum na wynajem \u2013 przewiduj\u0105 eksperci Otodom.<\/p>\n<p>Arkadiusz S\u0142omczy\u0144ski zlec<\/p>\n","protected":false},"excerpt":{"rendered":"<p>Po drastycznym spadku dost\u0119pno\u015bci mieszka\u0144 na wynajem, zwi\u0105zanym m. in. z przybyciem do Polski uchod\u017ac\u00f3w z Ukrainy, rynek odbi\u0142 si\u0119 od dna. Po raz pierwszy od 3 miesi\u0119cy wzros\u0142a liczba&hellip;<\/p>\n","protected":false},"author":7,"featured_media":21959,"comment_status":"closed","ping_status":"open","sticky":false,"template":"","format":"standard","meta":{"_mi_skip_tracking":false,"footnotes":""},"categories":[48],"tags":[],"class_list":["post-21958","post","type-post","status-publish","format-standard","has-post-thumbnail","hentry","category-gospodarka"],"yoast_head":"<!-- This site is optimized with the Yoast SEO plugin v19.4 - https:\/\/yoast.com\/wordpress\/plugins\/seo\/ -->\n<title>Po raz pierwszy od 3 miesi\u0119cy na polskim rynku jest wi\u0119cej mieszka\u0144 na wynajem - Godno\u015b\u0107 - DignityNews.eu<\/title>\n<meta name=\"robots\" content=\"index, follow, max-snippet:-1, max-image-preview:large, max-video-preview:-1\" \/>\n<link rel=\"canonical\" href=\"https:\/\/dignitynews.eu\/pl\/po-raz-pierwszy-od-3-miesiecy-na-polskim-rynku-jest-wiecej-mieszkan-na-wynajem\/\" \/>\n<meta property=\"og:locale\" content=\"pl_PL\" \/>\n<meta property=\"og:type\" content=\"article\" \/>\n<meta property=\"og:title\" content=\"Po raz pierwszy od 3 miesi\u0119cy na polskim rynku jest wi\u0119cej mieszka\u0144 na wynajem - Godno\u015b\u0107 - DignityNews.eu\" \/>\n<meta property=\"og:description\" content=\"Po drastycznym spadku dost\u0119pno\u015bci mieszka\u0144 na wynajem, zwi\u0105zanym m. in. z przybyciem do Polski uchod\u017ac\u00f3w z Ukrainy, rynek odbi\u0142 si\u0119 od dna. Po raz pierwszy od 3 miesi\u0119cy wzros\u0142a liczba&hellip;\" \/>\n<meta property=\"og:url\" content=\"https:\/\/dignitynews.eu\/pl\/po-raz-pierwszy-od-3-miesiecy-na-polskim-rynku-jest-wiecej-mieszkan-na-wynajem\/\" \/>\n<meta property=\"og:site_name\" content=\"Godno\u015b\u0107 - DignityNews.eu\" \/>\n<meta property=\"article:published_time\" content=\"2022-06-24T09:51:43+00:00\" \/>\n<meta property=\"article:modified_time\" content=\"2022-06-24T09:53:07+00:00\" \/>\n<meta property=\"og:image\" content=\"https:\/\/dignitynews.eu\/wp-content\/uploads\/2022\/06\/wiecej-mieszkan-na-wynajem-fot.-Bartlomiej-Magierowski-East-News.jpg\" \/>\n\t<meta property=\"og:image:width\" content=\"1500\" \/>\n\t<meta property=\"og:image:height\" content=\"917\" \/>\n\t<meta property=\"og:image:type\" content=\"image\/jpeg\" \/>\n<meta name=\"author\" content=\"Dignity News\" \/>\n<meta name=\"twitter:card\" content=\"summary_large_image\" \/>\n<meta name=\"twitter:label1\" content=\"Napisane przez\" \/>\n\t<meta name=\"twitter:data1\" content=\"Dignity News\" \/>\n\t<meta name=\"twitter:label2\" content=\"Szacowany czas czytania\" \/>\n\t<meta name=\"twitter:data2\" content=\"3 minuty\" \/>\n<script type=\"application\/ld+json\" class=\"yoast-schema-graph\">{\"@context\":\"https:\/\/schema.org\",\"@graph\":[{\"@type\":\"WebSite\",\"@id\":\"https:\/\/dignitynews.eu\/pl\/#website\",\"url\":\"https:\/\/dignitynews.eu\/pl\/\",\"name\":\"Godno\u015b\u0107 - DignityNews.eu\",\"description\":\"\",\"potentialAction\":[{\"@type\":\"SearchAction\",\"target\":{\"@type\":\"EntryPoint\",\"urlTemplate\":\"https:\/\/dignitynews.eu\/pl\/?s={search_term_string}\"},\"query-input\":\"required name=search_term_string\"}],\"inLanguage\":\"pl-PL\"},{\"@type\":\"WebPage\",\"@id\":\"https:\/\/dignitynews.eu\/pl\/po-raz-pierwszy-od-3-miesiecy-na-polskim-rynku-jest-wiecej-mieszkan-na-wynajem\/\",\"url\":\"https:\/\/dignitynews.eu\/pl\/po-raz-pierwszy-od-3-miesiecy-na-polskim-rynku-jest-wiecej-mieszkan-na-wynajem\/\",\"name\":\"Po raz pierwszy od 3 miesi\u0119cy na polskim rynku jest wi\u0119cej mieszka\u0144 na wynajem - Godno\u015b\u0107 - DignityNews.eu\",\"isPartOf\":{\"@id\":\"https:\/\/dignitynews.eu\/pl\/#website\"},\"datePublished\":\"2022-06-24T09:51:43+00:00\",\"dateModified\":\"2022-06-24T09:53:07+00:00\",\"author\":{\"@id\":\"https:\/\/dignitynews.eu\/pl\/#\/schema\/person\/0b62b762b8174802fabc81a3ecb1bfcb\"},\"breadcrumb\":{\"@id\":\"https:\/\/dignitynews.eu\/pl\/po-raz-pierwszy-od-3-miesiecy-na-polskim-rynku-jest-wiecej-mieszkan-na-wynajem\/#breadcrumb\"},\"inLanguage\":\"pl-PL\",\"potentialAction\":[{\"@type\":\"ReadAction\",\"target\":[\"https:\/\/dignitynews.eu\/pl\/po-raz-pierwszy-od-3-miesiecy-na-polskim-rynku-jest-wiecej-mieszkan-na-wynajem\/\"]}]},{\"@type\":\"BreadcrumbList\",\"@id\":\"https:\/\/dignitynews.eu\/pl\/po-raz-pierwszy-od-3-miesiecy-na-polskim-rynku-jest-wiecej-mieszkan-na-wynajem\/#breadcrumb\",\"itemListElement\":[{\"@type\":\"ListItem\",\"position\":1,\"name\":\"Strona g\u0142\u00f3wna\",\"item\":\"https:\/\/dignitynews.eu\/pl\/\"},{\"@type\":\"ListItem\",\"position\":2,\"name\":\"Po raz pierwszy od 3 miesi\u0119cy na polskim rynku jest wi\u0119cej mieszka\u0144 na wynajem\"}]},{\"@type\":\"Person\",\"@id\":\"https:\/\/dignitynews.eu\/pl\/#\/schema\/person\/0b62b762b8174802fabc81a3ecb1bfcb\",\"name\":\"Dignity News\",\"image\":{\"@type\":\"ImageObject\",\"inLanguage\":\"pl-PL\",\"@id\":\"https:\/\/dignitynews.eu\/pl\/#\/schema\/person\/image\/\",\"url\":\"https:\/\/secure.gravatar.com\/avatar\/97963171a6d9108f8381bbefb1c6b150c445b6ddd9e3077b96c86cf5892c85dc?s=96&d=mm&r=g\",\"contentUrl\":\"https:\/\/secure.gravatar.com\/avatar\/97963171a6d9108f8381bbefb1c6b150c445b6ddd9e3077b96c86cf5892c85dc?s=96&d=mm&r=g\",\"caption\":\"Dignity News\"},\"url\":\"https:\/\/dignitynews.eu\/pl\/author\/mikolaj-palade\/\"}]}<\/script>\n<!-- \/ Yoast SEO plugin. -->","yoast_head_json":{"title":"Po raz pierwszy od 3 miesi\u0119cy na polskim rynku jest wi\u0119cej mieszka\u0144 na wynajem - Godno\u015b\u0107 - DignityNews.eu","robots":{"index":"index","follow":"follow","max-snippet":"max-snippet:-1","max-image-preview":"max-image-preview:large","max-video-preview":"max-video-preview:-1"},"canonical":"https:\/\/dignitynews.eu\/pl\/po-raz-pierwszy-od-3-miesiecy-na-polskim-rynku-jest-wiecej-mieszkan-na-wynajem\/","og_locale":"pl_PL","og_type":"article","og_title":"Po raz pierwszy od 3 miesi\u0119cy na polskim rynku jest wi\u0119cej mieszka\u0144 na wynajem - Godno\u015b\u0107 - DignityNews.eu","og_description":"Po drastycznym spadku dost\u0119pno\u015bci mieszka\u0144 na wynajem, zwi\u0105zanym m. in. z przybyciem do Polski uchod\u017ac\u00f3w z Ukrainy, rynek odbi\u0142 si\u0119 od dna. Po raz pierwszy od 3 miesi\u0119cy wzros\u0142a liczba&hellip;","og_url":"https:\/\/dignitynews.eu\/pl\/po-raz-pierwszy-od-3-miesiecy-na-polskim-rynku-jest-wiecej-mieszkan-na-wynajem\/","og_site_name":"Godno\u015b\u0107 - DignityNews.eu","article_published_time":"2022-06-24T09:51:43+00:00","article_modified_time":"2022-06-24T09:53:07+00:00","og_image":[{"width":1500,"height":917,"url":"https:\/\/dignitynews.eu\/wp-content\/uploads\/2022\/06\/wiecej-mieszkan-na-wynajem-fot.-Bartlomiej-Magierowski-East-News.jpg","type":"image\/jpeg"}],"author":"Dignity News","twitter_card":"summary_large_image","twitter_misc":{"Napisane przez":"Dignity News","Szacowany czas czytania":"3 minuty"},"schema":{"@context":"https:\/\/schema.org","@graph":[{"@type":"WebSite","@id":"https:\/\/dignitynews.eu\/pl\/#website","url":"https:\/\/dignitynews.eu\/pl\/","name":"Godno\u015b\u0107 - DignityNews.eu","description":"","potentialAction":[{"@type":"SearchAction","target":{"@type":"EntryPoint","urlTemplate":"https:\/\/dignitynews.eu\/pl\/?s={search_term_string}"},"query-input":"required name=search_term_string"}],"inLanguage":"pl-PL"},{"@type":"WebPage","@id":"https:\/\/dignitynews.eu\/pl\/po-raz-pierwszy-od-3-miesiecy-na-polskim-rynku-jest-wiecej-mieszkan-na-wynajem\/","url":"https:\/\/dignitynews.eu\/pl\/po-raz-pierwszy-od-3-miesiecy-na-polskim-rynku-jest-wiecej-mieszkan-na-wynajem\/","name":"Po raz pierwszy od 3 miesi\u0119cy na polskim rynku jest wi\u0119cej mieszka\u0144 na wynajem - Godno\u015b\u0107 - DignityNews.eu","isPartOf":{"@id":"https:\/\/dignitynews.eu\/pl\/#website"},"datePublished":"2022-06-24T09:51:43+00:00","dateModified":"2022-06-24T09:53:07+00:00","author":{"@id":"https:\/\/dignitynews.eu\/pl\/#\/schema\/person\/0b62b762b8174802fabc81a3ecb1bfcb"},"breadcrumb":{"@id":"https:\/\/dignitynews.eu\/pl\/po-raz-pierwszy-od-3-miesiecy-na-polskim-rynku-jest-wiecej-mieszkan-na-wynajem\/#breadcrumb"},"inLanguage":"pl-PL","potentialAction":[{"@type":"ReadAction","target":["https:\/\/dignitynews.eu\/pl\/po-raz-pierwszy-od-3-miesiecy-na-polskim-rynku-jest-wiecej-mieszkan-na-wynajem\/"]}]},{"@type":"BreadcrumbList","@id":"https:\/\/dignitynews.eu\/pl\/po-raz-pierwszy-od-3-miesiecy-na-polskim-rynku-jest-wiecej-mieszkan-na-wynajem\/#breadcrumb","itemListElement":[{"@type":"ListItem","position":1,"name":"Strona g\u0142\u00f3wna","item":"https:\/\/dignitynews.eu\/pl\/"},{"@type":"ListItem","position":2,"name":"Po raz pierwszy od 3 miesi\u0119cy na polskim rynku jest wi\u0119cej mieszka\u0144 na wynajem"}]},{"@type":"Person","@id":"https:\/\/dignitynews.eu\/pl\/#\/schema\/person\/0b62b762b8174802fabc81a3ecb1bfcb","name":"Dignity News","image":{"@type":"ImageObject","inLanguage":"pl-PL","@id":"https:\/\/dignitynews.eu\/pl\/#\/schema\/person\/image\/","url":"https:\/\/secure.gravatar.com\/avatar\/97963171a6d9108f8381bbefb1c6b150c445b6ddd9e3077b96c86cf5892c85dc?s=96&d=mm&r=g","contentUrl":"https:\/\/secure.gravatar.com\/avatar\/97963171a6d9108f8381bbefb1c6b150c445b6ddd9e3077b96c86cf5892c85dc?s=96&d=mm&r=g","caption":"Dignity News"},"url":"https:\/\/dignitynews.eu\/pl\/author\/mikolaj-palade\/"}]}},"_links":{"self":[{"href":"https:\/\/dignitynews.eu\/pl\/wp-json\/wp\/v2\/posts\/21958","targetHints":{"allow":["GET"]}}],"collection":[{"href":"https:\/\/dignitynews.eu\/pl\/wp-json\/wp\/v2\/posts"}],"about":[{"href":"https:\/\/dignitynews.eu\/pl\/wp-json\/wp\/v2\/types\/post"}],"author":[{"embeddable":true,"href":"https:\/\/dignitynews.eu\/pl\/wp-json\/wp\/v2\/users\/7"}],"replies":[{"embeddable":true,"href":"https:\/\/dignitynews.eu\/pl\/wp-json\/wp\/v2\/comments?post=21958"}],"version-history":[{"count":2,"href":"https:\/\/dignitynews.eu\/pl\/wp-json\/wp\/v2\/posts\/21958\/revisions"}],"predecessor-version":[{"id":21972,"href":"https:\/\/dignitynews.eu\/pl\/wp-json\/wp\/v2\/posts\/21958\/revisions\/21972"}],"wp:featuredmedia":[{"embeddable":true,"href":"https:\/\/dignitynews.eu\/pl\/wp-json\/wp\/v2\/media\/21959"}],"wp:attachment":[{"href":"https:\/\/dignitynews.eu\/pl\/wp-json\/wp\/v2\/media?parent=21958"}],"wp:term":[{"taxonomy":"category","embeddable":true,"href":"https:\/\/dignitynews.eu\/pl\/wp-json\/wp\/v2\/categories?post=21958"},{"taxonomy":"post_tag","embeddable":true,"href":"https:\/\/dignitynews.eu\/pl\/wp-json\/wp\/v2\/tags?post=21958"}],"curies":[{"name":"wp","href":"https:\/\/api.w.org\/{rel}","templated":true}]}}