{"id":21951,"date":"2022-06-24T11:50:39","date_gmt":"2022-06-24T09:50:39","guid":{"rendered":"https:\/\/dignitynews.eu\/?p=21951"},"modified":"2022-06-24T11:50:39","modified_gmt":"2022-06-24T09:50:39","slug":"prezydent-andrzej-duda-w-sposob-madry-i-twardy-czuwamy-nad-bezpieczenstwem-polski","status":"publish","type":"post","link":"https:\/\/dignitynews.eu\/pl\/prezydent-andrzej-duda-w-sposob-madry-i-twardy-czuwamy-nad-bezpieczenstwem-polski\/","title":{"rendered":"Prezydent Andrzej Duda: w spos\u00f3b m\u0105dry i twardy czuwamy nad bezpiecze\u0144stwem Polski"},"content":{"rendered":"<h5>Prezydent Andrzej Duda na spotkaniu z mieszka\u0144cami Zambrowa m\u00f3wi\u0142 o zagro\u017ceniach dla Polski, jakie przyni\u00f3s\u0142 ze sob\u0105 atak Rosji na Ukrain\u0119. &#8211; Dzisiaj zmagamy si\u0119 z wieloma przeciwno\u015bciami, ale chc\u0119 zapewni\u0107, \u017ce w spos\u00f3b twardy, odwa\u017cny i m\u0105dry czuwamy nad kwestiami bezpiecze\u0144stwa Rzeczypospolitej &#8211; powiedzia\u0142 prezydent.<\/h5>\n<p>Podczas plenerowego spotkania z mieszka\u0144cami Andrzej Duda zaznaczy\u0142, \u017ce w 2020 roku, kiedy wszyscy zmagali\u015bmy si\u0119 z pandemi\u0105 koronawirusa, nikt nie spodziewa\u0142 si\u0119 tak wielu nowych problem\u00f3w.<\/p>\n<p>&#8211; Wszyscy pa\u0144stwo wiecie doskonale, \u017ce szcz\u0119\u015bliwie, chocia\u017c nie bez b\u00f3lu i nie bez strat, uda\u0142o nam si\u0119 &#8211; de facto &#8211; pokona\u0107 pandemi\u0119 koronawirusa. Niestety zaraz po nim, kiedy on powoli wygasa, przyszed\u0142 rosyjski atak na Ukrain\u0119 i za nim id\u0105ce nie tylko pogorszenie sytuacji bezpiecze\u0144stwa, ogromne w naszej cz\u0119\u015bci Europy, zaraz za nasz\u0105 granic\u0105 \u2013 relacjonowa\u0142 prezydent.<\/p>\n<p>Andrzej Duda zwr\u00f3ci\u0142 te\u017c uwag\u0119 na kwestie ekonomiczne \u2013 podwy\u017cki cen i inflacj\u0119 w krajach europejskich, dodatkowo zwi\u0119kszon\u0105 przez zjawiska zwi\u0105zane z wojn\u0105 na Ukrainie oraz przez wzrost cen surowc\u00f3w i cen energii.<\/p>\n<p>&#8211; Dzisiaj zmagamy si\u0119 z wieloma przeciwno\u015bciami. Ale chc\u0119 pa\u0144stwa zapewni\u0107 o kilku kwestiach. Po pierwsze, \u017ce absolutnie w zdroworozs\u0105dkowy, twardy, odwa\u017cny i m\u0105dry spos\u00f3b czuwamy nad kwestiami bezpiecze\u0144stwa Rzeczypospolitej, bezpiecze\u0144stwa tak\u017ce i militarnego &#8211; podkre\u015bli\u0142 prezydent i doda\u0142, \u017ce wiele spraw uda\u0142o si\u0119 za\u0142atwi\u0107 na czas.<\/p>\n<p>&#8211; Na czas przyj\u0119li\u015bmy ustaw\u0119 o obowi\u0105zku obrony ojczyzny. Wierz\u0119 w to, \u017ce w ci\u0105gu najbli\u017cszych lat zwi\u0119kszymy liczebno\u015b\u0107 naszej armii, ale przede wszystkim, \u017ce modernizacji armii, kt\u00f3r\u0105 na powa\u017cnie rozpocz\u0119li\u015bmy kilka lat temu zamawiaj\u0105c ze Stan\u00f3w Zjednoczonych systemy obrony przeciwrakietowej Patriot i artyleri\u0119 rakietow\u0105 Himars oraz my\u015bliwce F-35, zabezpieczali\u015bmy nas na przysz\u0142o\u015b\u0107 &#8211; powiedzia\u0142 prezydent.<\/p>\n<p>Arkadiusz S\u0142omczy\u0144ski<\/p>\n","protected":false},"excerpt":{"rendered":"<p>Prezydent Andrzej Duda na spotkaniu z mieszka\u0144cami Zambrowa m\u00f3wi\u0142 o zagro\u017ceniach dla Polski, jakie przyni\u00f3s\u0142 ze sob\u0105 atak Rosji na Ukrain\u0119. &#8211; Dzisiaj zmagamy si\u0119 z wieloma przeciwno\u015bciami, ale chc\u0119&hellip;<\/p>\n","protected":false},"author":7,"featured_media":21952,"comment_status":"closed","ping_status":"open","sticky":false,"template":"","format":"standard","meta":{"_mi_skip_tracking":false,"footnotes":""},"categories":[47],"tags":[],"class_list":["post-21951","post","type-post","status-publish","format-standard","has-post-thumbnail","hentry","category-wydarzenia"],"yoast_head":"<!-- This site is optimized with the Yoast SEO plugin v19.4 - https:\/\/yoast.com\/wordpress\/plugins\/seo\/ -->\n<title>Prezydent Andrzej Duda: w spos\u00f3b m\u0105dry i twardy czuwamy nad bezpiecze\u0144stwem Polski - Godno\u015b\u0107 - DignityNews.eu<\/title>\n<meta name=\"robots\" content=\"index, follow, max-snippet:-1, max-image-preview:large, max-video-preview:-1\" \/>\n<link rel=\"canonical\" href=\"https:\/\/dignitynews.eu\/pl\/prezydent-andrzej-duda-w-sposob-madry-i-twardy-czuwamy-nad-bezpieczenstwem-polski\/\" \/>\n<meta property=\"og:locale\" content=\"pl_PL\" \/>\n<meta property=\"og:type\" content=\"article\" \/>\n<meta property=\"og:title\" content=\"Prezydent Andrzej Duda: w spos\u00f3b m\u0105dry i twardy czuwamy nad bezpiecze\u0144stwem Polski - Godno\u015b\u0107 - DignityNews.eu\" \/>\n<meta property=\"og:description\" content=\"Prezydent Andrzej Duda na spotkaniu z mieszka\u0144cami Zambrowa m\u00f3wi\u0142 o zagro\u017ceniach dla Polski, jakie przyni\u00f3s\u0142 ze sob\u0105 atak Rosji na Ukrain\u0119. &#8211; Dzisiaj zmagamy si\u0119 z wieloma przeciwno\u015bciami, ale chc\u0119&hellip;\" \/>\n<meta property=\"og:url\" content=\"https:\/\/dignitynews.eu\/pl\/prezydent-andrzej-duda-w-sposob-madry-i-twardy-czuwamy-nad-bezpieczenstwem-polski\/\" \/>\n<meta property=\"og:site_name\" content=\"Godno\u015b\u0107 - DignityNews.eu\" \/>\n<meta property=\"article:published_time\" content=\"2022-06-24T09:50:39+00:00\" \/>\n<meta property=\"og:image\" content=\"https:\/\/dignitynews.eu\/wp-content\/uploads\/2022\/06\/prezydent-czuwamy-nad-bezpieczenstwem-Polski-fot.-Marek-Maliszewski-REPORTER.jpg\" \/>\n\t<meta property=\"og:image:width\" content=\"1500\" \/>\n\t<meta property=\"og:image:height\" content=\"1000\" \/>\n\t<meta property=\"og:image:type\" content=\"image\/jpeg\" \/>\n<meta name=\"author\" content=\"Dignity News\" \/>\n<meta name=\"twitter:card\" content=\"summary_large_image\" \/>\n<meta name=\"twitter:label1\" content=\"Napisane przez\" \/>\n\t<meta name=\"twitter:data1\" content=\"Dignity News\" \/>\n\t<meta name=\"twitter:label2\" content=\"Szacowany czas czytania\" \/>\n\t<meta name=\"twitter:data2\" content=\"2 minuty\" \/>\n<script type=\"application\/ld+json\" class=\"yoast-schema-graph\">{\"@context\":\"https:\/\/schema.org\",\"@graph\":[{\"@type\":\"WebSite\",\"@id\":\"https:\/\/dignitynews.eu\/pl\/#website\",\"url\":\"https:\/\/dignitynews.eu\/pl\/\",\"name\":\"Godno\u015b\u0107 - DignityNews.eu\",\"description\":\"\",\"potentialAction\":[{\"@type\":\"SearchAction\",\"target\":{\"@type\":\"EntryPoint\",\"urlTemplate\":\"https:\/\/dignitynews.eu\/pl\/?s={search_term_string}\"},\"query-input\":\"required name=search_term_string\"}],\"inLanguage\":\"pl-PL\"},{\"@type\":\"WebPage\",\"@id\":\"https:\/\/dignitynews.eu\/pl\/prezydent-andrzej-duda-w-sposob-madry-i-twardy-czuwamy-nad-bezpieczenstwem-polski\/\",\"url\":\"https:\/\/dignitynews.eu\/pl\/prezydent-andrzej-duda-w-sposob-madry-i-twardy-czuwamy-nad-bezpieczenstwem-polski\/\",\"name\":\"Prezydent Andrzej Duda: w spos\u00f3b m\u0105dry i twardy czuwamy nad bezpiecze\u0144stwem Polski - Godno\u015b\u0107 - DignityNews.eu\",\"isPartOf\":{\"@id\":\"https:\/\/dignitynews.eu\/pl\/#website\"},\"datePublished\":\"2022-06-24T09:50:39+00:00\",\"dateModified\":\"2022-06-24T09:50:39+00:00\",\"author\":{\"@id\":\"https:\/\/dignitynews.eu\/pl\/#\/schema\/person\/0b62b762b8174802fabc81a3ecb1bfcb\"},\"breadcrumb\":{\"@id\":\"https:\/\/dignitynews.eu\/pl\/prezydent-andrzej-duda-w-sposob-madry-i-twardy-czuwamy-nad-bezpieczenstwem-polski\/#breadcrumb\"},\"inLanguage\":\"pl-PL\",\"potentialAction\":[{\"@type\":\"ReadAction\",\"target\":[\"https:\/\/dignitynews.eu\/pl\/prezydent-andrzej-duda-w-sposob-madry-i-twardy-czuwamy-nad-bezpieczenstwem-polski\/\"]}]},{\"@type\":\"BreadcrumbList\",\"@id\":\"https:\/\/dignitynews.eu\/pl\/prezydent-andrzej-duda-w-sposob-madry-i-twardy-czuwamy-nad-bezpieczenstwem-polski\/#breadcrumb\",\"itemListElement\":[{\"@type\":\"ListItem\",\"position\":1,\"name\":\"Strona g\u0142\u00f3wna\",\"item\":\"https:\/\/dignitynews.eu\/pl\/\"},{\"@type\":\"ListItem\",\"position\":2,\"name\":\"Prezydent Andrzej Duda: w spos\u00f3b m\u0105dry i twardy czuwamy nad bezpiecze\u0144stwem Polski\"}]},{\"@type\":\"Person\",\"@id\":\"https:\/\/dignitynews.eu\/pl\/#\/schema\/person\/0b62b762b8174802fabc81a3ecb1bfcb\",\"name\":\"Dignity News\",\"image\":{\"@type\":\"ImageObject\",\"inLanguage\":\"pl-PL\",\"@id\":\"https:\/\/dignitynews.eu\/pl\/#\/schema\/person\/image\/\",\"url\":\"https:\/\/secure.gravatar.com\/avatar\/97963171a6d9108f8381bbefb1c6b150c445b6ddd9e3077b96c86cf5892c85dc?s=96&d=mm&r=g\",\"contentUrl\":\"https:\/\/secure.gravatar.com\/avatar\/97963171a6d9108f8381bbefb1c6b150c445b6ddd9e3077b96c86cf5892c85dc?s=96&d=mm&r=g\",\"caption\":\"Dignity News\"},\"url\":\"https:\/\/dignitynews.eu\/pl\/author\/mikolaj-palade\/\"}]}<\/script>\n<!-- \/ Yoast SEO plugin. -->","yoast_head_json":{"title":"Prezydent Andrzej Duda: w spos\u00f3b m\u0105dry i twardy czuwamy nad bezpiecze\u0144stwem Polski - Godno\u015b\u0107 - DignityNews.eu","robots":{"index":"index","follow":"follow","max-snippet":"max-snippet:-1","max-image-preview":"max-image-preview:large","max-video-preview":"max-video-preview:-1"},"canonical":"https:\/\/dignitynews.eu\/pl\/prezydent-andrzej-duda-w-sposob-madry-i-twardy-czuwamy-nad-bezpieczenstwem-polski\/","og_locale":"pl_PL","og_type":"article","og_title":"Prezydent Andrzej Duda: w spos\u00f3b m\u0105dry i twardy czuwamy nad bezpiecze\u0144stwem Polski - Godno\u015b\u0107 - DignityNews.eu","og_description":"Prezydent Andrzej Duda na spotkaniu z mieszka\u0144cami Zambrowa m\u00f3wi\u0142 o zagro\u017ceniach dla Polski, jakie przyni\u00f3s\u0142 ze sob\u0105 atak Rosji na Ukrain\u0119. &#8211; Dzisiaj zmagamy si\u0119 z wieloma przeciwno\u015bciami, ale chc\u0119&hellip;","og_url":"https:\/\/dignitynews.eu\/pl\/prezydent-andrzej-duda-w-sposob-madry-i-twardy-czuwamy-nad-bezpieczenstwem-polski\/","og_site_name":"Godno\u015b\u0107 - DignityNews.eu","article_published_time":"2022-06-24T09:50:39+00:00","og_image":[{"width":1500,"height":1000,"url":"https:\/\/dignitynews.eu\/wp-content\/uploads\/2022\/06\/prezydent-czuwamy-nad-bezpieczenstwem-Polski-fot.-Marek-Maliszewski-REPORTER.jpg","type":"image\/jpeg"}],"author":"Dignity News","twitter_card":"summary_large_image","twitter_misc":{"Napisane przez":"Dignity News","Szacowany czas czytania":"2 minuty"},"schema":{"@context":"https:\/\/schema.org","@graph":[{"@type":"WebSite","@id":"https:\/\/dignitynews.eu\/pl\/#website","url":"https:\/\/dignitynews.eu\/pl\/","name":"Godno\u015b\u0107 - DignityNews.eu","description":"","potentialAction":[{"@type":"SearchAction","target":{"@type":"EntryPoint","urlTemplate":"https:\/\/dignitynews.eu\/pl\/?s={search_term_string}"},"query-input":"required name=search_term_string"}],"inLanguage":"pl-PL"},{"@type":"WebPage","@id":"https:\/\/dignitynews.eu\/pl\/prezydent-andrzej-duda-w-sposob-madry-i-twardy-czuwamy-nad-bezpieczenstwem-polski\/","url":"https:\/\/dignitynews.eu\/pl\/prezydent-andrzej-duda-w-sposob-madry-i-twardy-czuwamy-nad-bezpieczenstwem-polski\/","name":"Prezydent Andrzej Duda: w spos\u00f3b m\u0105dry i twardy czuwamy nad bezpiecze\u0144stwem Polski - Godno\u015b\u0107 - DignityNews.eu","isPartOf":{"@id":"https:\/\/dignitynews.eu\/pl\/#website"},"datePublished":"2022-06-24T09:50:39+00:00","dateModified":"2022-06-24T09:50:39+00:00","author":{"@id":"https:\/\/dignitynews.eu\/pl\/#\/schema\/person\/0b62b762b8174802fabc81a3ecb1bfcb"},"breadcrumb":{"@id":"https:\/\/dignitynews.eu\/pl\/prezydent-andrzej-duda-w-sposob-madry-i-twardy-czuwamy-nad-bezpieczenstwem-polski\/#breadcrumb"},"inLanguage":"pl-PL","potentialAction":[{"@type":"ReadAction","target":["https:\/\/dignitynews.eu\/pl\/prezydent-andrzej-duda-w-sposob-madry-i-twardy-czuwamy-nad-bezpieczenstwem-polski\/"]}]},{"@type":"BreadcrumbList","@id":"https:\/\/dignitynews.eu\/pl\/prezydent-andrzej-duda-w-sposob-madry-i-twardy-czuwamy-nad-bezpieczenstwem-polski\/#breadcrumb","itemListElement":[{"@type":"ListItem","position":1,"name":"Strona g\u0142\u00f3wna","item":"https:\/\/dignitynews.eu\/pl\/"},{"@type":"ListItem","position":2,"name":"Prezydent Andrzej Duda: w spos\u00f3b m\u0105dry i twardy czuwamy nad bezpiecze\u0144stwem Polski"}]},{"@type":"Person","@id":"https:\/\/dignitynews.eu\/pl\/#\/schema\/person\/0b62b762b8174802fabc81a3ecb1bfcb","name":"Dignity News","image":{"@type":"ImageObject","inLanguage":"pl-PL","@id":"https:\/\/dignitynews.eu\/pl\/#\/schema\/person\/image\/","url":"https:\/\/secure.gravatar.com\/avatar\/97963171a6d9108f8381bbefb1c6b150c445b6ddd9e3077b96c86cf5892c85dc?s=96&d=mm&r=g","contentUrl":"https:\/\/secure.gravatar.com\/avatar\/97963171a6d9108f8381bbefb1c6b150c445b6ddd9e3077b96c86cf5892c85dc?s=96&d=mm&r=g","caption":"Dignity News"},"url":"https:\/\/dignitynews.eu\/pl\/author\/mikolaj-palade\/"}]}},"_links":{"self":[{"href":"https:\/\/dignitynews.eu\/pl\/wp-json\/wp\/v2\/posts\/21951","targetHints":{"allow":["GET"]}}],"collection":[{"href":"https:\/\/dignitynews.eu\/pl\/wp-json\/wp\/v2\/posts"}],"about":[{"href":"https:\/\/dignitynews.eu\/pl\/wp-json\/wp\/v2\/types\/post"}],"author":[{"embeddable":true,"href":"https:\/\/dignitynews.eu\/pl\/wp-json\/wp\/v2\/users\/7"}],"replies":[{"embeddable":true,"href":"https:\/\/dignitynews.eu\/pl\/wp-json\/wp\/v2\/comments?post=21951"}],"version-history":[{"count":1,"href":"https:\/\/dignitynews.eu\/pl\/wp-json\/wp\/v2\/posts\/21951\/revisions"}],"predecessor-version":[{"id":21957,"href":"https:\/\/dignitynews.eu\/pl\/wp-json\/wp\/v2\/posts\/21951\/revisions\/21957"}],"wp:featuredmedia":[{"embeddable":true,"href":"https:\/\/dignitynews.eu\/pl\/wp-json\/wp\/v2\/media\/21952"}],"wp:attachment":[{"href":"https:\/\/dignitynews.eu\/pl\/wp-json\/wp\/v2\/media?parent=21951"}],"wp:term":[{"taxonomy":"category","embeddable":true,"href":"https:\/\/dignitynews.eu\/pl\/wp-json\/wp\/v2\/categories?post=21951"},{"taxonomy":"post_tag","embeddable":true,"href":"https:\/\/dignitynews.eu\/pl\/wp-json\/wp\/v2\/tags?post=21951"}],"curies":[{"name":"wp","href":"https:\/\/api.w.org\/{rel}","templated":true}]}}