{"id":21944,"date":"2022-06-24T11:49:48","date_gmt":"2022-06-24T09:49:48","guid":{"rendered":"https:\/\/dignitynews.eu\/?p=21944"},"modified":"2022-06-24T11:49:48","modified_gmt":"2022-06-24T09:49:48","slug":"minister-edukacji-i-nauki-o-akademii-kopernikanskiej-tu-bedziemy-szkolic-przyszle-polskie-elity","status":"publish","type":"post","link":"https:\/\/dignitynews.eu\/pl\/minister-edukacji-i-nauki-o-akademii-kopernikanskiej-tu-bedziemy-szkolic-przyszle-polskie-elity\/","title":{"rendered":"Minister Edukacji i Nauki o Akademii Kopernika\u0144skiej: Tu b\u0119dziemy szkoli\u0107 przysz\u0142e polskie elity"},"content":{"rendered":"<h5>&#8211; Dorobili\u015bmy si\u0119 czego\u015b, o czym wielu my\u015bla\u0142o od dziesi\u0119cioleci: elitarnej szko\u0142y wy\u017cszej, Akademii Kopernika\u0144skiej \u2013 powiedzia\u0142 szef Ministerstwa Edukacji i Nauki (MEiN) Przemys\u0142aw Czarnek. Ustaw\u0119 o utworzeniu Akademii podpisa\u0142 prezydent Andrzej Duda.<\/h5>\n<p>Celem Akademii Kopernika\u0144skiej jest zwi\u0119kszenie konkurencyjno\u015bci i rozpoznawalno\u015bci polskiej nauki w \u015bwiecie. Akademia b\u0119dzie realizowa\u0107 program obejmuj\u0105cy m.in. finansowanie bada\u0144 naukowych, w tym przyznawanie stypendi\u00f3w kopernika\u0144skich, grant\u00f3w Miko\u0142aja Kopernika, wspieranie Szko\u0142y G\u0142\u00f3wnej Miko\u0142aja Kopernika, przyznawanie nagr\u00f3d kopernika\u0144skich czy powo\u0142ywanie ambasador\u00f3w Akademii Kopernika\u0144skiej.<\/p>\n<p>&#8211; To te\u017c jest miejsce, w kt\u00f3rym b\u0119dziemy szkoli\u0107 przysz\u0142e polskie elity w ramach Szko\u0142y Kopernika\u0144skiej na najwa\u017cniejszych kierunkach i takim elitarnym systemie. Potrzebujemy elit, potrzebujemy kszta\u0142cenia elit i w\u0142a\u015bnie po to zosta\u0142a pomy\u015blana Akademia Kopernika\u0144ska. To te\u017c jest p\u0142aszczyzna do finansowania rozmaitych bada\u0144, do grantowania m\u0142odych naukowc\u00f3w nie tylko z Polski, ale tak\u017ce (&#8230;) z obszaru Tr\u00f3jmorza &#8211; przy wsp\u00f3lnych badaniach, kt\u00f3re mo\u017cemy prowadzi\u0107 &#8211; wylicza\u0142 szef MEiN cytowany w portalu polskieradio24.pl.<\/p>\n<p>\u0141\u0105cznie z Akademi\u0105 powstanie \u2013 powi\u0105zana z ni\u0105 strukturalnie &#8211; Szko\u0142a G\u0142\u00f3wna Miko\u0142aja Kopernika. Instytucja zintegruje funkcjonuj\u0105ce w kraju: Kolegium Astronomii i Nauk Przyrodniczych w Toruniu, Kolegium Nauk Medycznych w Olsztynie, Kolegium Nauk Ekonomicznych i Zarz\u0105dzania w Warszawie, Kolegium Filozofii i Teologii w Krakowie oraz Kolegium Nauk Prawnych w Lublinie.<\/p>\n<p>Minister Czarnek zaznaczy\u0142, \u017ce do sze\u015bciu izb (Astronomii i Nauk Matematyczno-Przyrodniczych, Nauk Medycznych, Nauk Ekonomicznych i Zarz\u0105dzania, Filozofii i Teologii oraz Izby Nauk Prawnych i Izby Laureat\u00f3w Nagrody Kopernika\u0144skiej) dzia\u0142aj\u0105cych w ramach akademii zapraszani b\u0119d\u0105 naukowcy z zagranicy.<\/p>\n<p>Arkadiusz S\u0142omczy\u0144ski<\/p>\n","protected":false},"excerpt":{"rendered":"<p>&#8211; Dorobili\u015bmy si\u0119 czego\u015b, o czym wielu my\u015bla\u0142o od dziesi\u0119cioleci: elitarnej szko\u0142y wy\u017cszej, Akademii Kopernika\u0144skiej \u2013 powiedzia\u0142 szef Ministerstwa Edukacji i Nauki (MEiN) Przemys\u0142aw Czarnek. Ustaw\u0119 o utworzeniu Akademii podpisa\u0142&hellip;<\/p>\n","protected":false},"author":7,"featured_media":21946,"comment_status":"closed","ping_status":"open","sticky":false,"template":"","format":"standard","meta":{"_mi_skip_tracking":false,"footnotes":""},"categories":[47],"tags":[],"class_list":["post-21944","post","type-post","status-publish","format-standard","has-post-thumbnail","hentry","category-wydarzenia"],"yoast_head":"<!-- This site is optimized with the Yoast SEO plugin v19.4 - https:\/\/yoast.com\/wordpress\/plugins\/seo\/ -->\n<title>Minister Edukacji i Nauki o Akademii Kopernika\u0144skiej: Tu b\u0119dziemy szkoli\u0107 przysz\u0142e polskie elity - Godno\u015b\u0107 - DignityNews.eu<\/title>\n<meta name=\"robots\" content=\"index, follow, max-snippet:-1, max-image-preview:large, max-video-preview:-1\" \/>\n<link rel=\"canonical\" href=\"https:\/\/dignitynews.eu\/pl\/minister-edukacji-i-nauki-o-akademii-kopernikanskiej-tu-bedziemy-szkolic-przyszle-polskie-elity\/\" \/>\n<meta property=\"og:locale\" content=\"pl_PL\" \/>\n<meta property=\"og:type\" content=\"article\" \/>\n<meta property=\"og:title\" content=\"Minister Edukacji i Nauki o Akademii Kopernika\u0144skiej: Tu b\u0119dziemy szkoli\u0107 przysz\u0142e polskie elity - Godno\u015b\u0107 - DignityNews.eu\" \/>\n<meta property=\"og:description\" content=\"&#8211; Dorobili\u015bmy si\u0119 czego\u015b, o czym wielu my\u015bla\u0142o od dziesi\u0119cioleci: elitarnej szko\u0142y wy\u017cszej, Akademii Kopernika\u0144skiej \u2013 powiedzia\u0142 szef Ministerstwa Edukacji i Nauki (MEiN) Przemys\u0142aw Czarnek. Ustaw\u0119 o utworzeniu Akademii podpisa\u0142&hellip;\" \/>\n<meta property=\"og:url\" content=\"https:\/\/dignitynews.eu\/pl\/minister-edukacji-i-nauki-o-akademii-kopernikanskiej-tu-bedziemy-szkolic-przyszle-polskie-elity\/\" \/>\n<meta property=\"og:site_name\" content=\"Godno\u015b\u0107 - DignityNews.eu\" \/>\n<meta property=\"article:published_time\" content=\"2022-06-24T09:49:48+00:00\" \/>\n<meta property=\"og:image\" content=\"https:\/\/dignitynews.eu\/wp-content\/uploads\/2022\/06\/minister-o-Akademii-Kopernikanskiej-fot.-Zbyszek-Kaczmarek-REPORTER.jpg\" \/>\n\t<meta property=\"og:image:width\" content=\"1500\" \/>\n\t<meta property=\"og:image:height\" content=\"998\" \/>\n\t<meta property=\"og:image:type\" content=\"image\/jpeg\" \/>\n<meta name=\"author\" content=\"Dignity News\" \/>\n<meta name=\"twitter:card\" content=\"summary_large_image\" \/>\n<meta name=\"twitter:label1\" content=\"Napisane przez\" \/>\n\t<meta name=\"twitter:data1\" content=\"Dignity News\" \/>\n\t<meta name=\"twitter:label2\" content=\"Szacowany czas czytania\" \/>\n\t<meta name=\"twitter:data2\" content=\"1 minuta\" \/>\n<script type=\"application\/ld+json\" class=\"yoast-schema-graph\">{\"@context\":\"https:\/\/schema.org\",\"@graph\":[{\"@type\":\"WebSite\",\"@id\":\"https:\/\/dignitynews.eu\/pl\/#website\",\"url\":\"https:\/\/dignitynews.eu\/pl\/\",\"name\":\"Godno\u015b\u0107 - DignityNews.eu\",\"description\":\"\",\"potentialAction\":[{\"@type\":\"SearchAction\",\"target\":{\"@type\":\"EntryPoint\",\"urlTemplate\":\"https:\/\/dignitynews.eu\/pl\/?s={search_term_string}\"},\"query-input\":\"required name=search_term_string\"}],\"inLanguage\":\"pl-PL\"},{\"@type\":\"WebPage\",\"@id\":\"https:\/\/dignitynews.eu\/pl\/minister-edukacji-i-nauki-o-akademii-kopernikanskiej-tu-bedziemy-szkolic-przyszle-polskie-elity\/\",\"url\":\"https:\/\/dignitynews.eu\/pl\/minister-edukacji-i-nauki-o-akademii-kopernikanskiej-tu-bedziemy-szkolic-przyszle-polskie-elity\/\",\"name\":\"Minister Edukacji i Nauki o Akademii Kopernika\u0144skiej: Tu b\u0119dziemy szkoli\u0107 przysz\u0142e polskie elity - Godno\u015b\u0107 - DignityNews.eu\",\"isPartOf\":{\"@id\":\"https:\/\/dignitynews.eu\/pl\/#website\"},\"datePublished\":\"2022-06-24T09:49:48+00:00\",\"dateModified\":\"2022-06-24T09:49:48+00:00\",\"author\":{\"@id\":\"https:\/\/dignitynews.eu\/pl\/#\/schema\/person\/0b62b762b8174802fabc81a3ecb1bfcb\"},\"breadcrumb\":{\"@id\":\"https:\/\/dignitynews.eu\/pl\/minister-edukacji-i-nauki-o-akademii-kopernikanskiej-tu-bedziemy-szkolic-przyszle-polskie-elity\/#breadcrumb\"},\"inLanguage\":\"pl-PL\",\"potentialAction\":[{\"@type\":\"ReadAction\",\"target\":[\"https:\/\/dignitynews.eu\/pl\/minister-edukacji-i-nauki-o-akademii-kopernikanskiej-tu-bedziemy-szkolic-przyszle-polskie-elity\/\"]}]},{\"@type\":\"BreadcrumbList\",\"@id\":\"https:\/\/dignitynews.eu\/pl\/minister-edukacji-i-nauki-o-akademii-kopernikanskiej-tu-bedziemy-szkolic-przyszle-polskie-elity\/#breadcrumb\",\"itemListElement\":[{\"@type\":\"ListItem\",\"position\":1,\"name\":\"Strona g\u0142\u00f3wna\",\"item\":\"https:\/\/dignitynews.eu\/pl\/\"},{\"@type\":\"ListItem\",\"position\":2,\"name\":\"Minister Edukacji i Nauki o Akademii Kopernika\u0144skiej: Tu b\u0119dziemy szkoli\u0107 przysz\u0142e polskie elity\"}]},{\"@type\":\"Person\",\"@id\":\"https:\/\/dignitynews.eu\/pl\/#\/schema\/person\/0b62b762b8174802fabc81a3ecb1bfcb\",\"name\":\"Dignity News\",\"image\":{\"@type\":\"ImageObject\",\"inLanguage\":\"pl-PL\",\"@id\":\"https:\/\/dignitynews.eu\/pl\/#\/schema\/person\/image\/\",\"url\":\"https:\/\/secure.gravatar.com\/avatar\/97963171a6d9108f8381bbefb1c6b150c445b6ddd9e3077b96c86cf5892c85dc?s=96&d=mm&r=g\",\"contentUrl\":\"https:\/\/secure.gravatar.com\/avatar\/97963171a6d9108f8381bbefb1c6b150c445b6ddd9e3077b96c86cf5892c85dc?s=96&d=mm&r=g\",\"caption\":\"Dignity News\"},\"url\":\"https:\/\/dignitynews.eu\/pl\/author\/mikolaj-palade\/\"}]}<\/script>\n<!-- \/ Yoast SEO plugin. -->","yoast_head_json":{"title":"Minister Edukacji i Nauki o Akademii Kopernika\u0144skiej: Tu b\u0119dziemy szkoli\u0107 przysz\u0142e polskie elity - Godno\u015b\u0107 - DignityNews.eu","robots":{"index":"index","follow":"follow","max-snippet":"max-snippet:-1","max-image-preview":"max-image-preview:large","max-video-preview":"max-video-preview:-1"},"canonical":"https:\/\/dignitynews.eu\/pl\/minister-edukacji-i-nauki-o-akademii-kopernikanskiej-tu-bedziemy-szkolic-przyszle-polskie-elity\/","og_locale":"pl_PL","og_type":"article","og_title":"Minister Edukacji i Nauki o Akademii Kopernika\u0144skiej: Tu b\u0119dziemy szkoli\u0107 przysz\u0142e polskie elity - Godno\u015b\u0107 - DignityNews.eu","og_description":"&#8211; Dorobili\u015bmy si\u0119 czego\u015b, o czym wielu my\u015bla\u0142o od dziesi\u0119cioleci: elitarnej szko\u0142y wy\u017cszej, Akademii Kopernika\u0144skiej \u2013 powiedzia\u0142 szef Ministerstwa Edukacji i Nauki (MEiN) Przemys\u0142aw Czarnek. Ustaw\u0119 o utworzeniu Akademii podpisa\u0142&hellip;","og_url":"https:\/\/dignitynews.eu\/pl\/minister-edukacji-i-nauki-o-akademii-kopernikanskiej-tu-bedziemy-szkolic-przyszle-polskie-elity\/","og_site_name":"Godno\u015b\u0107 - DignityNews.eu","article_published_time":"2022-06-24T09:49:48+00:00","og_image":[{"width":1500,"height":998,"url":"https:\/\/dignitynews.eu\/wp-content\/uploads\/2022\/06\/minister-o-Akademii-Kopernikanskiej-fot.-Zbyszek-Kaczmarek-REPORTER.jpg","type":"image\/jpeg"}],"author":"Dignity News","twitter_card":"summary_large_image","twitter_misc":{"Napisane przez":"Dignity News","Szacowany czas czytania":"1 minuta"},"schema":{"@context":"https:\/\/schema.org","@graph":[{"@type":"WebSite","@id":"https:\/\/dignitynews.eu\/pl\/#website","url":"https:\/\/dignitynews.eu\/pl\/","name":"Godno\u015b\u0107 - DignityNews.eu","description":"","potentialAction":[{"@type":"SearchAction","target":{"@type":"EntryPoint","urlTemplate":"https:\/\/dignitynews.eu\/pl\/?s={search_term_string}"},"query-input":"required name=search_term_string"}],"inLanguage":"pl-PL"},{"@type":"WebPage","@id":"https:\/\/dignitynews.eu\/pl\/minister-edukacji-i-nauki-o-akademii-kopernikanskiej-tu-bedziemy-szkolic-przyszle-polskie-elity\/","url":"https:\/\/dignitynews.eu\/pl\/minister-edukacji-i-nauki-o-akademii-kopernikanskiej-tu-bedziemy-szkolic-przyszle-polskie-elity\/","name":"Minister Edukacji i Nauki o Akademii Kopernika\u0144skiej: Tu b\u0119dziemy szkoli\u0107 przysz\u0142e polskie elity - Godno\u015b\u0107 - DignityNews.eu","isPartOf":{"@id":"https:\/\/dignitynews.eu\/pl\/#website"},"datePublished":"2022-06-24T09:49:48+00:00","dateModified":"2022-06-24T09:49:48+00:00","author":{"@id":"https:\/\/dignitynews.eu\/pl\/#\/schema\/person\/0b62b762b8174802fabc81a3ecb1bfcb"},"breadcrumb":{"@id":"https:\/\/dignitynews.eu\/pl\/minister-edukacji-i-nauki-o-akademii-kopernikanskiej-tu-bedziemy-szkolic-przyszle-polskie-elity\/#breadcrumb"},"inLanguage":"pl-PL","potentialAction":[{"@type":"ReadAction","target":["https:\/\/dignitynews.eu\/pl\/minister-edukacji-i-nauki-o-akademii-kopernikanskiej-tu-bedziemy-szkolic-przyszle-polskie-elity\/"]}]},{"@type":"BreadcrumbList","@id":"https:\/\/dignitynews.eu\/pl\/minister-edukacji-i-nauki-o-akademii-kopernikanskiej-tu-bedziemy-szkolic-przyszle-polskie-elity\/#breadcrumb","itemListElement":[{"@type":"ListItem","position":1,"name":"Strona g\u0142\u00f3wna","item":"https:\/\/dignitynews.eu\/pl\/"},{"@type":"ListItem","position":2,"name":"Minister Edukacji i Nauki o Akademii Kopernika\u0144skiej: Tu b\u0119dziemy szkoli\u0107 przysz\u0142e polskie elity"}]},{"@type":"Person","@id":"https:\/\/dignitynews.eu\/pl\/#\/schema\/person\/0b62b762b8174802fabc81a3ecb1bfcb","name":"Dignity News","image":{"@type":"ImageObject","inLanguage":"pl-PL","@id":"https:\/\/dignitynews.eu\/pl\/#\/schema\/person\/image\/","url":"https:\/\/secure.gravatar.com\/avatar\/97963171a6d9108f8381bbefb1c6b150c445b6ddd9e3077b96c86cf5892c85dc?s=96&d=mm&r=g","contentUrl":"https:\/\/secure.gravatar.com\/avatar\/97963171a6d9108f8381bbefb1c6b150c445b6ddd9e3077b96c86cf5892c85dc?s=96&d=mm&r=g","caption":"Dignity News"},"url":"https:\/\/dignitynews.eu\/pl\/author\/mikolaj-palade\/"}]}},"_links":{"self":[{"href":"https:\/\/dignitynews.eu\/pl\/wp-json\/wp\/v2\/posts\/21944","targetHints":{"allow":["GET"]}}],"collection":[{"href":"https:\/\/dignitynews.eu\/pl\/wp-json\/wp\/v2\/posts"}],"about":[{"href":"https:\/\/dignitynews.eu\/pl\/wp-json\/wp\/v2\/types\/post"}],"author":[{"embeddable":true,"href":"https:\/\/dignitynews.eu\/pl\/wp-json\/wp\/v2\/users\/7"}],"replies":[{"embeddable":true,"href":"https:\/\/dignitynews.eu\/pl\/wp-json\/wp\/v2\/comments?post=21944"}],"version-history":[{"count":1,"href":"https:\/\/dignitynews.eu\/pl\/wp-json\/wp\/v2\/posts\/21944\/revisions"}],"predecessor-version":[{"id":21945,"href":"https:\/\/dignitynews.eu\/pl\/wp-json\/wp\/v2\/posts\/21944\/revisions\/21945"}],"wp:featuredmedia":[{"embeddable":true,"href":"https:\/\/dignitynews.eu\/pl\/wp-json\/wp\/v2\/media\/21946"}],"wp:attachment":[{"href":"https:\/\/dignitynews.eu\/pl\/wp-json\/wp\/v2\/media?parent=21944"}],"wp:term":[{"taxonomy":"category","embeddable":true,"href":"https:\/\/dignitynews.eu\/pl\/wp-json\/wp\/v2\/categories?post=21944"},{"taxonomy":"post_tag","embeddable":true,"href":"https:\/\/dignitynews.eu\/pl\/wp-json\/wp\/v2\/tags?post=21944"}],"curies":[{"name":"wp","href":"https:\/\/api.w.org\/{rel}","templated":true}]}}