{"id":21797,"date":"2022-06-23T11:26:40","date_gmt":"2022-06-23T09:26:40","guid":{"rendered":"https:\/\/dignitynews.eu\/?p=21797"},"modified":"2022-06-23T11:26:40","modified_gmt":"2022-06-23T09:26:40","slug":"w-ciagu-dwoch-lat-w-polsce-powstanie-1-000-hal-sportowych-o-lekkiej-konstrukcji","status":"publish","type":"post","link":"https:\/\/dignitynews.eu\/pl\/w-ciagu-dwoch-lat-w-polsce-powstanie-1-000-hal-sportowych-o-lekkiej-konstrukcji\/","title":{"rendered":"W ci\u0105gu dw\u00f3ch lat w Polsce powstanie 1 000 hal sportowych o lekkiej konstrukcji"},"content":{"rendered":"<h5><strong>Premier Mateusz Morawiecki oraz minister sportu i turystyki Kamil Bortniczuk og\u0142osili rozpocz\u0119cie programu budowy hal sportowych o lekkiej konstrukcji. Ze wsparciem rz\u0105du w gminach wiejskich i miejsko-wiejskich w ca\u0142ej Polsce powstanie ok. 1000 wielofunkcyjnych hal \u0142ukowych. Rz\u0105d przeznaczy na ten cel ok. 80 mln z\u0142. <\/strong><\/h5>\n<p>Rozpoczynamy wielki program budowy hal \u0142ukowych, kt\u00f3re b\u0119d\u0105 wielofunkcyjne, postawione w gminach miejsko-wiejskich i wiejskich. Zw\u0142aszcza tam, gdzie nie ma dzisiaj hal z prawdziwego zdarzenia \u2013 poinformowa\u0142 na konferencji prasowej w Raszynie premier Mateusz Morawiecki. Hale sportowe to szansa na zach\u0119cenie dzieci i m\u0142odzie\u017cy do prowadzenia zdrowszego i aktywnego stylu \u017cycia.<\/p>\n<p>Dzi\u0119ki rz\u0105dowemu dofinansowaniu w ca\u0142ym kraju w nadchodz\u0105cych latach powstanie ok. 1 000 hal. \u2013 To b\u0119d\u0105 hale do gry w koszyk\u00f3wk\u0119, siatk\u00f3wk\u0119, pi\u0142k\u0119 no\u017cn\u0105 czy tenisa \u2013 powiedzia\u0142 szef rz\u0105du.<\/p>\n<p>Ju\u017c w tym roku wybudujemy kilkadziesi\u0105t takich hal. W kolejnym roku chcemy wybudowa\u0107 ich 500 i w nast\u0119pnym roku kolejne 500. To nowe szanse dla milion\u00f3w Polak\u00f3w, dla milion\u00f3w polskich dzieci. To zdrowy tryb \u017cycia, sukcesy sportowe, pasja, rado\u015b\u0107 i emocje \u2013 podkre\u015bli\u0142 premier.<\/p>\n<p>Z kolei minister sportu i turystyki Kamil Bortniczuk zauwa\u017cy\u0142, \u017ce cz\u0119sto w mniejszych miejscowo\u015bciach rodz\u0105 si\u0119 wielkie talenty sportowe takie jak Iga \u015awi\u0105tek, Robert Lewandowski czy wcze\u015bniej Jakub B\u0142aszczykowski.<\/p>\n<p>O dofinansowanie w ramach programu b\u0119d\u0105 mog\u0142y ubiega\u0107 si\u0119 jednostki samorz\u0105du terytorialnego. Nab\u00f3r wniosk\u00f3w potrwa od 18 lipca do 16 sierpnia 2022 r.<\/p>\n<p>Dofinansowanie w ramach programu mo\u017ce wynie\u015b\u0107 do 70 proc. wydatk\u00f3w kwalifikowanych, ale nie wi\u0119cej ni\u017c 2 mln z\u0142 na budow\u0119 nowego boiska wielofunkcyjnego o wymiarach pola gry minimum 20 m x 40 m wraz z zadaszeniem o sta\u0142ej konstrukcji oraz nie wi\u0119cej ni\u017c 1 mln z\u0142 na zadaszenie o sta\u0142ej konstrukcji istniej\u0105cego boiska wielofunkcyjnego o wymiarach pola gry minimum 20 m x 40 m.<\/p>\n<p>Adrian Andrzejewski<\/p>\n","protected":false},"excerpt":{"rendered":"<p>Premier Mateusz Morawiecki oraz minister sportu i turystyki Kamil Bortniczuk og\u0142osili rozpocz\u0119cie programu budowy hal sportowych o lekkiej konstrukcji. Ze wsparciem rz\u0105du w gminach wiejskich i miejsko-wiejskich w ca\u0142ej Polsce&hellip;<\/p>\n","protected":false},"author":7,"featured_media":21798,"comment_status":"closed","ping_status":"open","sticky":false,"template":"","format":"standard","meta":{"_mi_skip_tracking":false,"footnotes":""},"categories":[47],"tags":[],"class_list":["post-21797","post","type-post","status-publish","format-standard","has-post-thumbnail","hentry","category-wydarzenia"],"yoast_head":"<!-- This site is optimized with the Yoast SEO plugin v19.4 - https:\/\/yoast.com\/wordpress\/plugins\/seo\/ -->\n<title>W ci\u0105gu dw\u00f3ch lat w Polsce powstanie 1 000 hal sportowych o lekkiej konstrukcji - Godno\u015b\u0107 - DignityNews.eu<\/title>\n<meta name=\"robots\" content=\"index, follow, max-snippet:-1, max-image-preview:large, max-video-preview:-1\" \/>\n<link rel=\"canonical\" href=\"https:\/\/dignitynews.eu\/pl\/w-ciagu-dwoch-lat-w-polsce-powstanie-1-000-hal-sportowych-o-lekkiej-konstrukcji\/\" \/>\n<meta property=\"og:locale\" content=\"pl_PL\" \/>\n<meta property=\"og:type\" content=\"article\" \/>\n<meta property=\"og:title\" content=\"W ci\u0105gu dw\u00f3ch lat w Polsce powstanie 1 000 hal sportowych o lekkiej konstrukcji - Godno\u015b\u0107 - DignityNews.eu\" \/>\n<meta property=\"og:description\" content=\"Premier Mateusz Morawiecki oraz minister sportu i turystyki Kamil Bortniczuk og\u0142osili rozpocz\u0119cie programu budowy hal sportowych o lekkiej konstrukcji. Ze wsparciem rz\u0105du w gminach wiejskich i miejsko-wiejskich w ca\u0142ej Polsce&hellip;\" \/>\n<meta property=\"og:url\" content=\"https:\/\/dignitynews.eu\/pl\/w-ciagu-dwoch-lat-w-polsce-powstanie-1-000-hal-sportowych-o-lekkiej-konstrukcji\/\" \/>\n<meta property=\"og:site_name\" content=\"Godno\u015b\u0107 - DignityNews.eu\" \/>\n<meta property=\"article:published_time\" content=\"2022-06-23T09:26:40+00:00\" \/>\n<meta property=\"og:image\" content=\"https:\/\/dignitynews.eu\/wp-content\/uploads\/2022\/06\/Hale-sportowe-fot.-Krystian-Maj-KPRM.jpg\" \/>\n\t<meta property=\"og:image:width\" content=\"1920\" \/>\n\t<meta property=\"og:image:height\" content=\"1280\" \/>\n\t<meta property=\"og:image:type\" content=\"image\/jpeg\" \/>\n<meta name=\"author\" content=\"Dignity News\" \/>\n<meta name=\"twitter:card\" content=\"summary_large_image\" \/>\n<meta name=\"twitter:label1\" content=\"Napisane przez\" \/>\n\t<meta name=\"twitter:data1\" content=\"Dignity News\" \/>\n\t<meta name=\"twitter:label2\" content=\"Szacowany czas czytania\" \/>\n\t<meta name=\"twitter:data2\" content=\"2 minuty\" \/>\n<script type=\"application\/ld+json\" class=\"yoast-schema-graph\">{\"@context\":\"https:\/\/schema.org\",\"@graph\":[{\"@type\":\"WebSite\",\"@id\":\"https:\/\/dignitynews.eu\/pl\/#website\",\"url\":\"https:\/\/dignitynews.eu\/pl\/\",\"name\":\"Godno\u015b\u0107 - DignityNews.eu\",\"description\":\"\",\"potentialAction\":[{\"@type\":\"SearchAction\",\"target\":{\"@type\":\"EntryPoint\",\"urlTemplate\":\"https:\/\/dignitynews.eu\/pl\/?s={search_term_string}\"},\"query-input\":\"required name=search_term_string\"}],\"inLanguage\":\"pl-PL\"},{\"@type\":\"WebPage\",\"@id\":\"https:\/\/dignitynews.eu\/pl\/w-ciagu-dwoch-lat-w-polsce-powstanie-1-000-hal-sportowych-o-lekkiej-konstrukcji\/\",\"url\":\"https:\/\/dignitynews.eu\/pl\/w-ciagu-dwoch-lat-w-polsce-powstanie-1-000-hal-sportowych-o-lekkiej-konstrukcji\/\",\"name\":\"W ci\u0105gu dw\u00f3ch lat w Polsce powstanie 1 000 hal sportowych o lekkiej konstrukcji - Godno\u015b\u0107 - DignityNews.eu\",\"isPartOf\":{\"@id\":\"https:\/\/dignitynews.eu\/pl\/#website\"},\"datePublished\":\"2022-06-23T09:26:40+00:00\",\"dateModified\":\"2022-06-23T09:26:40+00:00\",\"author\":{\"@id\":\"https:\/\/dignitynews.eu\/pl\/#\/schema\/person\/0b62b762b8174802fabc81a3ecb1bfcb\"},\"breadcrumb\":{\"@id\":\"https:\/\/dignitynews.eu\/pl\/w-ciagu-dwoch-lat-w-polsce-powstanie-1-000-hal-sportowych-o-lekkiej-konstrukcji\/#breadcrumb\"},\"inLanguage\":\"pl-PL\",\"potentialAction\":[{\"@type\":\"ReadAction\",\"target\":[\"https:\/\/dignitynews.eu\/pl\/w-ciagu-dwoch-lat-w-polsce-powstanie-1-000-hal-sportowych-o-lekkiej-konstrukcji\/\"]}]},{\"@type\":\"BreadcrumbList\",\"@id\":\"https:\/\/dignitynews.eu\/pl\/w-ciagu-dwoch-lat-w-polsce-powstanie-1-000-hal-sportowych-o-lekkiej-konstrukcji\/#breadcrumb\",\"itemListElement\":[{\"@type\":\"ListItem\",\"position\":1,\"name\":\"Strona g\u0142\u00f3wna\",\"item\":\"https:\/\/dignitynews.eu\/pl\/\"},{\"@type\":\"ListItem\",\"position\":2,\"name\":\"W ci\u0105gu dw\u00f3ch lat w Polsce powstanie 1 000 hal sportowych o lekkiej konstrukcji\"}]},{\"@type\":\"Person\",\"@id\":\"https:\/\/dignitynews.eu\/pl\/#\/schema\/person\/0b62b762b8174802fabc81a3ecb1bfcb\",\"name\":\"Dignity News\",\"image\":{\"@type\":\"ImageObject\",\"inLanguage\":\"pl-PL\",\"@id\":\"https:\/\/dignitynews.eu\/pl\/#\/schema\/person\/image\/\",\"url\":\"https:\/\/secure.gravatar.com\/avatar\/97963171a6d9108f8381bbefb1c6b150c445b6ddd9e3077b96c86cf5892c85dc?s=96&d=mm&r=g\",\"contentUrl\":\"https:\/\/secure.gravatar.com\/avatar\/97963171a6d9108f8381bbefb1c6b150c445b6ddd9e3077b96c86cf5892c85dc?s=96&d=mm&r=g\",\"caption\":\"Dignity News\"},\"url\":\"https:\/\/dignitynews.eu\/pl\/author\/mikolaj-palade\/\"}]}<\/script>\n<!-- \/ Yoast SEO plugin. -->","yoast_head_json":{"title":"W ci\u0105gu dw\u00f3ch lat w Polsce powstanie 1 000 hal sportowych o lekkiej konstrukcji - Godno\u015b\u0107 - DignityNews.eu","robots":{"index":"index","follow":"follow","max-snippet":"max-snippet:-1","max-image-preview":"max-image-preview:large","max-video-preview":"max-video-preview:-1"},"canonical":"https:\/\/dignitynews.eu\/pl\/w-ciagu-dwoch-lat-w-polsce-powstanie-1-000-hal-sportowych-o-lekkiej-konstrukcji\/","og_locale":"pl_PL","og_type":"article","og_title":"W ci\u0105gu dw\u00f3ch lat w Polsce powstanie 1 000 hal sportowych o lekkiej konstrukcji - Godno\u015b\u0107 - DignityNews.eu","og_description":"Premier Mateusz Morawiecki oraz minister sportu i turystyki Kamil Bortniczuk og\u0142osili rozpocz\u0119cie programu budowy hal sportowych o lekkiej konstrukcji. Ze wsparciem rz\u0105du w gminach wiejskich i miejsko-wiejskich w ca\u0142ej Polsce&hellip;","og_url":"https:\/\/dignitynews.eu\/pl\/w-ciagu-dwoch-lat-w-polsce-powstanie-1-000-hal-sportowych-o-lekkiej-konstrukcji\/","og_site_name":"Godno\u015b\u0107 - DignityNews.eu","article_published_time":"2022-06-23T09:26:40+00:00","og_image":[{"width":1920,"height":1280,"url":"https:\/\/dignitynews.eu\/wp-content\/uploads\/2022\/06\/Hale-sportowe-fot.-Krystian-Maj-KPRM.jpg","type":"image\/jpeg"}],"author":"Dignity News","twitter_card":"summary_large_image","twitter_misc":{"Napisane przez":"Dignity News","Szacowany czas czytania":"2 minuty"},"schema":{"@context":"https:\/\/schema.org","@graph":[{"@type":"WebSite","@id":"https:\/\/dignitynews.eu\/pl\/#website","url":"https:\/\/dignitynews.eu\/pl\/","name":"Godno\u015b\u0107 - DignityNews.eu","description":"","potentialAction":[{"@type":"SearchAction","target":{"@type":"EntryPoint","urlTemplate":"https:\/\/dignitynews.eu\/pl\/?s={search_term_string}"},"query-input":"required name=search_term_string"}],"inLanguage":"pl-PL"},{"@type":"WebPage","@id":"https:\/\/dignitynews.eu\/pl\/w-ciagu-dwoch-lat-w-polsce-powstanie-1-000-hal-sportowych-o-lekkiej-konstrukcji\/","url":"https:\/\/dignitynews.eu\/pl\/w-ciagu-dwoch-lat-w-polsce-powstanie-1-000-hal-sportowych-o-lekkiej-konstrukcji\/","name":"W ci\u0105gu dw\u00f3ch lat w Polsce powstanie 1 000 hal sportowych o lekkiej konstrukcji - Godno\u015b\u0107 - DignityNews.eu","isPartOf":{"@id":"https:\/\/dignitynews.eu\/pl\/#website"},"datePublished":"2022-06-23T09:26:40+00:00","dateModified":"2022-06-23T09:26:40+00:00","author":{"@id":"https:\/\/dignitynews.eu\/pl\/#\/schema\/person\/0b62b762b8174802fabc81a3ecb1bfcb"},"breadcrumb":{"@id":"https:\/\/dignitynews.eu\/pl\/w-ciagu-dwoch-lat-w-polsce-powstanie-1-000-hal-sportowych-o-lekkiej-konstrukcji\/#breadcrumb"},"inLanguage":"pl-PL","potentialAction":[{"@type":"ReadAction","target":["https:\/\/dignitynews.eu\/pl\/w-ciagu-dwoch-lat-w-polsce-powstanie-1-000-hal-sportowych-o-lekkiej-konstrukcji\/"]}]},{"@type":"BreadcrumbList","@id":"https:\/\/dignitynews.eu\/pl\/w-ciagu-dwoch-lat-w-polsce-powstanie-1-000-hal-sportowych-o-lekkiej-konstrukcji\/#breadcrumb","itemListElement":[{"@type":"ListItem","position":1,"name":"Strona g\u0142\u00f3wna","item":"https:\/\/dignitynews.eu\/pl\/"},{"@type":"ListItem","position":2,"name":"W ci\u0105gu dw\u00f3ch lat w Polsce powstanie 1 000 hal sportowych o lekkiej konstrukcji"}]},{"@type":"Person","@id":"https:\/\/dignitynews.eu\/pl\/#\/schema\/person\/0b62b762b8174802fabc81a3ecb1bfcb","name":"Dignity News","image":{"@type":"ImageObject","inLanguage":"pl-PL","@id":"https:\/\/dignitynews.eu\/pl\/#\/schema\/person\/image\/","url":"https:\/\/secure.gravatar.com\/avatar\/97963171a6d9108f8381bbefb1c6b150c445b6ddd9e3077b96c86cf5892c85dc?s=96&d=mm&r=g","contentUrl":"https:\/\/secure.gravatar.com\/avatar\/97963171a6d9108f8381bbefb1c6b150c445b6ddd9e3077b96c86cf5892c85dc?s=96&d=mm&r=g","caption":"Dignity News"},"url":"https:\/\/dignitynews.eu\/pl\/author\/mikolaj-palade\/"}]}},"_links":{"self":[{"href":"https:\/\/dignitynews.eu\/pl\/wp-json\/wp\/v2\/posts\/21797","targetHints":{"allow":["GET"]}}],"collection":[{"href":"https:\/\/dignitynews.eu\/pl\/wp-json\/wp\/v2\/posts"}],"about":[{"href":"https:\/\/dignitynews.eu\/pl\/wp-json\/wp\/v2\/types\/post"}],"author":[{"embeddable":true,"href":"https:\/\/dignitynews.eu\/pl\/wp-json\/wp\/v2\/users\/7"}],"replies":[{"embeddable":true,"href":"https:\/\/dignitynews.eu\/pl\/wp-json\/wp\/v2\/comments?post=21797"}],"version-history":[{"count":1,"href":"https:\/\/dignitynews.eu\/pl\/wp-json\/wp\/v2\/posts\/21797\/revisions"}],"predecessor-version":[{"id":21803,"href":"https:\/\/dignitynews.eu\/pl\/wp-json\/wp\/v2\/posts\/21797\/revisions\/21803"}],"wp:featuredmedia":[{"embeddable":true,"href":"https:\/\/dignitynews.eu\/pl\/wp-json\/wp\/v2\/media\/21798"}],"wp:attachment":[{"href":"https:\/\/dignitynews.eu\/pl\/wp-json\/wp\/v2\/media?parent=21797"}],"wp:term":[{"taxonomy":"category","embeddable":true,"href":"https:\/\/dignitynews.eu\/pl\/wp-json\/wp\/v2\/categories?post=21797"},{"taxonomy":"post_tag","embeddable":true,"href":"https:\/\/dignitynews.eu\/pl\/wp-json\/wp\/v2\/tags?post=21797"}],"curies":[{"name":"wp","href":"https:\/\/api.w.org\/{rel}","templated":true}]}}