{"id":21790,"date":"2022-06-23T11:25:09","date_gmt":"2022-06-23T09:25:09","guid":{"rendered":"https:\/\/dignitynews.eu\/?p=21790"},"modified":"2022-06-23T16:42:12","modified_gmt":"2022-06-23T14:42:12","slug":"w-tym-roku-20-miliardow-zlotych-na-fundusz-wsparcia-sil-zbrojnych","status":"publish","type":"post","link":"https:\/\/dignitynews.eu\/pl\/w-tym-roku-20-miliardow-zlotych-na-fundusz-wsparcia-sil-zbrojnych\/","title":{"rendered":"W tym roku 20 miliard\u00f3w z\u0142otych na Fundusz Wsparcia Si\u0142 Zbrojnych"},"content":{"rendered":"<h5><strong>Sejmowa komisja obrony narodowej przyj\u0119\u0142a plany finansowe powsta\u0142ego na mocy obowi\u0105zuj\u0105cej od kwietnia tego roku ustawy o obronie Ojczyzny Funduszu Wsparcia Si\u0142 Zbrojnych na 2022 i 2023 r. Fundusz obs\u0142ugiwany jest przez Bank Gospodarstwa Krajowego i pochodz\u0105ce z niego \u015brodki maja by\u0107 przeznaczone na modernizacj\u0119 polskiej armii.<\/strong><\/h5>\n<p>Nowy wicepremier ds. bezpiecze\u0144stwa, minister obrony narodowej Mariusz B\u0142aszczak na konferencji prasowej przedstawi\u0142 szczeg\u00f3\u0142y zwi\u0105zane z uruchomieniem Funduszu Wsparcia Si\u0142 Zbrojnych.<\/p>\n<p>Celem Funduszu jest znacz\u0105ce zwi\u0119kszenie wydatk\u00f3w na modernizacj\u0119 Si\u0142 Zbrojnych RP. Minister poinformowa\u0142, \u017ce w planie finansowym na 2022 r. planowane wp\u0142ywy do Funduszu wynios\u0105 prawie 20,5 mld z\u0142, a w przysz\u0142ym roku b\u0119dzie to prawie 49 mld z\u0142. \u015arodki niemal w ca\u0142o\u015bci zostan\u0105 przeznaczone na modernizacj\u0119 sprz\u0119tow\u0105 Wojska Polskiego.<\/p>\n<p>Nasze dzia\u0142ania skoncentrowane s\u0105 na rozwoju Wojska Polskiego. Rozw\u00f3j ten mo\u017cliwy jest wtedy, gdy mamy fundament finansowy. Ten fundament to ustawa o obronie Ojczyny. Minimum 3 proc. PKB przeznaczymy na obronno\u015b\u0107 w roku przysz\u0142ym. W tym roku b\u0119dzie to 2,4 proc. PKB. Uzgodnili\u015bmy tak\u017ce plan finansowy Funduszu Wsparcia si\u0142 Zbrojnych. M\u00f3wi\u0119 o tym, \u017ceby pokaza\u0107, \u017ce nasz ten wysi\u0142ek jest realny \u2013 podkre\u015bli\u0142 wicepremier.<\/p>\n<p>Przypomnijmy, \u017ce w maju 2022 r. szef resortu obrony narodowej podpisa\u0142 z prezes Banku Gospodarstwa Krajowego (BGK) umow\u0119 dotycz\u0105c\u0105 obs\u0142ugi Funduszu Wsparcia Si\u0142 Zbrojnych.<\/p>\n<p>Fundusz zasila\u0107 b\u0119d\u0105 \u015brodki m.in. ze skarbowych papier\u00f3w warto\u015bciowych, obligacji wyemitowanych przez BGK obj\u0119tych gwarancj\u0105 Skarbu Pa\u0144stwa, z bud\u017cetu pa\u0144stwa oraz wp\u0142at z zysku Narodowego Banku Polskiego. Do funduszu trafi\u0105 te\u017c pieni\u0105dze z tytu\u0142u wsparcia udzielanego obcym wojskom, udost\u0119pniania im poligon\u00f3w czy \u015bwiadczenia specjalistycznych us\u0142ug wojskowych.<\/p>\n<p>Adrian Andrzejewski<\/p>\n","protected":false},"excerpt":{"rendered":"<p>Sejmowa komisja obrony narodowej przyj\u0119\u0142a plany finansowe powsta\u0142ego na mocy obowi\u0105zuj\u0105cej od kwietnia tego roku ustawy o obronie Ojczyzny Funduszu Wsparcia Si\u0142 Zbrojnych na 2022 i 2023 r. Fundusz obs\u0142ugiwany&hellip;<\/p>\n","protected":false},"author":7,"featured_media":21791,"comment_status":"closed","ping_status":"open","sticky":false,"template":"","format":"standard","meta":{"_mi_skip_tracking":false,"footnotes":""},"categories":[47],"tags":[],"class_list":["post-21790","post","type-post","status-publish","format-standard","has-post-thumbnail","hentry","category-wydarzenia"],"yoast_head":"<!-- This site is optimized with the Yoast SEO plugin v19.4 - https:\/\/yoast.com\/wordpress\/plugins\/seo\/ -->\n<title>W tym roku 20 miliard\u00f3w z\u0142otych na Fundusz Wsparcia Si\u0142 Zbrojnych - Godno\u015b\u0107 - DignityNews.eu<\/title>\n<meta name=\"robots\" content=\"index, follow, max-snippet:-1, max-image-preview:large, max-video-preview:-1\" \/>\n<link rel=\"canonical\" href=\"https:\/\/dignitynews.eu\/pl\/w-tym-roku-20-miliardow-zlotych-na-fundusz-wsparcia-sil-zbrojnych\/\" \/>\n<meta property=\"og:locale\" content=\"pl_PL\" \/>\n<meta property=\"og:type\" content=\"article\" \/>\n<meta property=\"og:title\" content=\"W tym roku 20 miliard\u00f3w z\u0142otych na Fundusz Wsparcia Si\u0142 Zbrojnych - Godno\u015b\u0107 - DignityNews.eu\" \/>\n<meta property=\"og:description\" content=\"Sejmowa komisja obrony narodowej przyj\u0119\u0142a plany finansowe powsta\u0142ego na mocy obowi\u0105zuj\u0105cej od kwietnia tego roku ustawy o obronie Ojczyzny Funduszu Wsparcia Si\u0142 Zbrojnych na 2022 i 2023 r. Fundusz obs\u0142ugiwany&hellip;\" \/>\n<meta property=\"og:url\" content=\"https:\/\/dignitynews.eu\/pl\/w-tym-roku-20-miliardow-zlotych-na-fundusz-wsparcia-sil-zbrojnych\/\" \/>\n<meta property=\"og:site_name\" content=\"Godno\u015b\u0107 - DignityNews.eu\" \/>\n<meta property=\"article:published_time\" content=\"2022-06-23T09:25:09+00:00\" \/>\n<meta property=\"article:modified_time\" content=\"2022-06-23T14:42:12+00:00\" \/>\n<meta property=\"og:image\" content=\"https:\/\/dignitynews.eu\/wp-content\/uploads\/2022\/06\/Fundusz-Wsparcia-Sil-Zbrojnych-fot.-Piotr-Molecki-East-News.jpg\" \/>\n\t<meta property=\"og:image:width\" content=\"1500\" \/>\n\t<meta property=\"og:image:height\" content=\"866\" \/>\n\t<meta property=\"og:image:type\" content=\"image\/jpeg\" \/>\n<meta name=\"author\" content=\"Dignity News\" \/>\n<meta name=\"twitter:card\" content=\"summary_large_image\" \/>\n<meta name=\"twitter:label1\" content=\"Napisane przez\" \/>\n\t<meta name=\"twitter:data1\" content=\"Dignity News\" \/>\n\t<meta name=\"twitter:label2\" content=\"Szacowany czas czytania\" \/>\n\t<meta name=\"twitter:data2\" content=\"1 minuta\" \/>\n<script type=\"application\/ld+json\" class=\"yoast-schema-graph\">{\"@context\":\"https:\/\/schema.org\",\"@graph\":[{\"@type\":\"WebSite\",\"@id\":\"https:\/\/dignitynews.eu\/pl\/#website\",\"url\":\"https:\/\/dignitynews.eu\/pl\/\",\"name\":\"Godno\u015b\u0107 - DignityNews.eu\",\"description\":\"\",\"potentialAction\":[{\"@type\":\"SearchAction\",\"target\":{\"@type\":\"EntryPoint\",\"urlTemplate\":\"https:\/\/dignitynews.eu\/pl\/?s={search_term_string}\"},\"query-input\":\"required name=search_term_string\"}],\"inLanguage\":\"pl-PL\"},{\"@type\":\"WebPage\",\"@id\":\"https:\/\/dignitynews.eu\/pl\/w-tym-roku-20-miliardow-zlotych-na-fundusz-wsparcia-sil-zbrojnych\/\",\"url\":\"https:\/\/dignitynews.eu\/pl\/w-tym-roku-20-miliardow-zlotych-na-fundusz-wsparcia-sil-zbrojnych\/\",\"name\":\"W tym roku 20 miliard\u00f3w z\u0142otych na Fundusz Wsparcia Si\u0142 Zbrojnych - Godno\u015b\u0107 - DignityNews.eu\",\"isPartOf\":{\"@id\":\"https:\/\/dignitynews.eu\/pl\/#website\"},\"datePublished\":\"2022-06-23T09:25:09+00:00\",\"dateModified\":\"2022-06-23T14:42:12+00:00\",\"author\":{\"@id\":\"https:\/\/dignitynews.eu\/pl\/#\/schema\/person\/0b62b762b8174802fabc81a3ecb1bfcb\"},\"breadcrumb\":{\"@id\":\"https:\/\/dignitynews.eu\/pl\/w-tym-roku-20-miliardow-zlotych-na-fundusz-wsparcia-sil-zbrojnych\/#breadcrumb\"},\"inLanguage\":\"pl-PL\",\"potentialAction\":[{\"@type\":\"ReadAction\",\"target\":[\"https:\/\/dignitynews.eu\/pl\/w-tym-roku-20-miliardow-zlotych-na-fundusz-wsparcia-sil-zbrojnych\/\"]}]},{\"@type\":\"BreadcrumbList\",\"@id\":\"https:\/\/dignitynews.eu\/pl\/w-tym-roku-20-miliardow-zlotych-na-fundusz-wsparcia-sil-zbrojnych\/#breadcrumb\",\"itemListElement\":[{\"@type\":\"ListItem\",\"position\":1,\"name\":\"Strona g\u0142\u00f3wna\",\"item\":\"https:\/\/dignitynews.eu\/pl\/\"},{\"@type\":\"ListItem\",\"position\":2,\"name\":\"W tym roku 20 miliard\u00f3w z\u0142otych na Fundusz Wsparcia Si\u0142 Zbrojnych\"}]},{\"@type\":\"Person\",\"@id\":\"https:\/\/dignitynews.eu\/pl\/#\/schema\/person\/0b62b762b8174802fabc81a3ecb1bfcb\",\"name\":\"Dignity News\",\"image\":{\"@type\":\"ImageObject\",\"inLanguage\":\"pl-PL\",\"@id\":\"https:\/\/dignitynews.eu\/pl\/#\/schema\/person\/image\/\",\"url\":\"https:\/\/secure.gravatar.com\/avatar\/97963171a6d9108f8381bbefb1c6b150c445b6ddd9e3077b96c86cf5892c85dc?s=96&d=mm&r=g\",\"contentUrl\":\"https:\/\/secure.gravatar.com\/avatar\/97963171a6d9108f8381bbefb1c6b150c445b6ddd9e3077b96c86cf5892c85dc?s=96&d=mm&r=g\",\"caption\":\"Dignity News\"},\"url\":\"https:\/\/dignitynews.eu\/pl\/author\/mikolaj-palade\/\"}]}<\/script>\n<!-- \/ Yoast SEO plugin. -->","yoast_head_json":{"title":"W tym roku 20 miliard\u00f3w z\u0142otych na Fundusz Wsparcia Si\u0142 Zbrojnych - Godno\u015b\u0107 - DignityNews.eu","robots":{"index":"index","follow":"follow","max-snippet":"max-snippet:-1","max-image-preview":"max-image-preview:large","max-video-preview":"max-video-preview:-1"},"canonical":"https:\/\/dignitynews.eu\/pl\/w-tym-roku-20-miliardow-zlotych-na-fundusz-wsparcia-sil-zbrojnych\/","og_locale":"pl_PL","og_type":"article","og_title":"W tym roku 20 miliard\u00f3w z\u0142otych na Fundusz Wsparcia Si\u0142 Zbrojnych - Godno\u015b\u0107 - DignityNews.eu","og_description":"Sejmowa komisja obrony narodowej przyj\u0119\u0142a plany finansowe powsta\u0142ego na mocy obowi\u0105zuj\u0105cej od kwietnia tego roku ustawy o obronie Ojczyzny Funduszu Wsparcia Si\u0142 Zbrojnych na 2022 i 2023 r. Fundusz obs\u0142ugiwany&hellip;","og_url":"https:\/\/dignitynews.eu\/pl\/w-tym-roku-20-miliardow-zlotych-na-fundusz-wsparcia-sil-zbrojnych\/","og_site_name":"Godno\u015b\u0107 - DignityNews.eu","article_published_time":"2022-06-23T09:25:09+00:00","article_modified_time":"2022-06-23T14:42:12+00:00","og_image":[{"width":1500,"height":866,"url":"https:\/\/dignitynews.eu\/wp-content\/uploads\/2022\/06\/Fundusz-Wsparcia-Sil-Zbrojnych-fot.-Piotr-Molecki-East-News.jpg","type":"image\/jpeg"}],"author":"Dignity News","twitter_card":"summary_large_image","twitter_misc":{"Napisane przez":"Dignity News","Szacowany czas czytania":"1 minuta"},"schema":{"@context":"https:\/\/schema.org","@graph":[{"@type":"WebSite","@id":"https:\/\/dignitynews.eu\/pl\/#website","url":"https:\/\/dignitynews.eu\/pl\/","name":"Godno\u015b\u0107 - DignityNews.eu","description":"","potentialAction":[{"@type":"SearchAction","target":{"@type":"EntryPoint","urlTemplate":"https:\/\/dignitynews.eu\/pl\/?s={search_term_string}"},"query-input":"required name=search_term_string"}],"inLanguage":"pl-PL"},{"@type":"WebPage","@id":"https:\/\/dignitynews.eu\/pl\/w-tym-roku-20-miliardow-zlotych-na-fundusz-wsparcia-sil-zbrojnych\/","url":"https:\/\/dignitynews.eu\/pl\/w-tym-roku-20-miliardow-zlotych-na-fundusz-wsparcia-sil-zbrojnych\/","name":"W tym roku 20 miliard\u00f3w z\u0142otych na Fundusz Wsparcia Si\u0142 Zbrojnych - Godno\u015b\u0107 - DignityNews.eu","isPartOf":{"@id":"https:\/\/dignitynews.eu\/pl\/#website"},"datePublished":"2022-06-23T09:25:09+00:00","dateModified":"2022-06-23T14:42:12+00:00","author":{"@id":"https:\/\/dignitynews.eu\/pl\/#\/schema\/person\/0b62b762b8174802fabc81a3ecb1bfcb"},"breadcrumb":{"@id":"https:\/\/dignitynews.eu\/pl\/w-tym-roku-20-miliardow-zlotych-na-fundusz-wsparcia-sil-zbrojnych\/#breadcrumb"},"inLanguage":"pl-PL","potentialAction":[{"@type":"ReadAction","target":["https:\/\/dignitynews.eu\/pl\/w-tym-roku-20-miliardow-zlotych-na-fundusz-wsparcia-sil-zbrojnych\/"]}]},{"@type":"BreadcrumbList","@id":"https:\/\/dignitynews.eu\/pl\/w-tym-roku-20-miliardow-zlotych-na-fundusz-wsparcia-sil-zbrojnych\/#breadcrumb","itemListElement":[{"@type":"ListItem","position":1,"name":"Strona g\u0142\u00f3wna","item":"https:\/\/dignitynews.eu\/pl\/"},{"@type":"ListItem","position":2,"name":"W tym roku 20 miliard\u00f3w z\u0142otych na Fundusz Wsparcia Si\u0142 Zbrojnych"}]},{"@type":"Person","@id":"https:\/\/dignitynews.eu\/pl\/#\/schema\/person\/0b62b762b8174802fabc81a3ecb1bfcb","name":"Dignity News","image":{"@type":"ImageObject","inLanguage":"pl-PL","@id":"https:\/\/dignitynews.eu\/pl\/#\/schema\/person\/image\/","url":"https:\/\/secure.gravatar.com\/avatar\/97963171a6d9108f8381bbefb1c6b150c445b6ddd9e3077b96c86cf5892c85dc?s=96&d=mm&r=g","contentUrl":"https:\/\/secure.gravatar.com\/avatar\/97963171a6d9108f8381bbefb1c6b150c445b6ddd9e3077b96c86cf5892c85dc?s=96&d=mm&r=g","caption":"Dignity News"},"url":"https:\/\/dignitynews.eu\/pl\/author\/mikolaj-palade\/"}]}},"_links":{"self":[{"href":"https:\/\/dignitynews.eu\/pl\/wp-json\/wp\/v2\/posts\/21790","targetHints":{"allow":["GET"]}}],"collection":[{"href":"https:\/\/dignitynews.eu\/pl\/wp-json\/wp\/v2\/posts"}],"about":[{"href":"https:\/\/dignitynews.eu\/pl\/wp-json\/wp\/v2\/types\/post"}],"author":[{"embeddable":true,"href":"https:\/\/dignitynews.eu\/pl\/wp-json\/wp\/v2\/users\/7"}],"replies":[{"embeddable":true,"href":"https:\/\/dignitynews.eu\/pl\/wp-json\/wp\/v2\/comments?post=21790"}],"version-history":[{"count":2,"href":"https:\/\/dignitynews.eu\/pl\/wp-json\/wp\/v2\/posts\/21790\/revisions"}],"predecessor-version":[{"id":21842,"href":"https:\/\/dignitynews.eu\/pl\/wp-json\/wp\/v2\/posts\/21790\/revisions\/21842"}],"wp:featuredmedia":[{"embeddable":true,"href":"https:\/\/dignitynews.eu\/pl\/wp-json\/wp\/v2\/media\/21791"}],"wp:attachment":[{"href":"https:\/\/dignitynews.eu\/pl\/wp-json\/wp\/v2\/media?parent=21790"}],"wp:term":[{"taxonomy":"category","embeddable":true,"href":"https:\/\/dignitynews.eu\/pl\/wp-json\/wp\/v2\/categories?post=21790"},{"taxonomy":"post_tag","embeddable":true,"href":"https:\/\/dignitynews.eu\/pl\/wp-json\/wp\/v2\/tags?post=21790"}],"curies":[{"name":"wp","href":"https:\/\/api.w.org\/{rel}","templated":true}]}}