{"id":21680,"date":"2022-06-22T10:55:50","date_gmt":"2022-06-22T08:55:50","guid":{"rendered":"https:\/\/dignitynews.eu\/?p=21680"},"modified":"2022-06-22T10:55:50","modified_gmt":"2022-06-22T08:55:50","slug":"czy-polski-biznes-jest-zrownowazony","status":"publish","type":"post","link":"https:\/\/dignitynews.eu\/pl\/czy-polski-biznes-jest-zrownowazony\/","title":{"rendered":"Czy polski biznes jest zr\u00f3wnowa\u017cony?"},"content":{"rendered":"<h5><strong>79 proc. polskich przedsi\u0119biorstw ma \u015bwiadomo\u015b\u0107, \u017ce dzia\u0142ania zwi\u0105zane z ochron\u0105 \u015brodowiska b\u0119d\u0105 zyskiwa\u0142y na znaczeniu w ich bran\u017cy w przeci\u0105gu 3-5 lat, a 66 proc. uwa\u017ca, \u017ce s\u0105 one strategiczne dla ich sektora. Jednak a\u017c 18 proc. organizacji nie planuje podj\u0119cia \u017cadnych krok\u00f3w w zakresie ograniczenia \u015bladu w\u0119glowego \u2013 wynika z badania &#8222;Czy polski biznes jest zr\u00f3wnowa\u017cony?&#8221; zrobionego przez IBRiS na zlecenie firmy doradczej EY.<\/strong><\/h5>\n<p>EY zauwa\u017ca, \u017ce w zakresie zr\u00f3wnowa\u017conego rozwoju (sustainability)\u00a0istnieje zauwa\u017calna r\u00f3\u017cnica pomi\u0119dzy deklaracjami a realnymi dzia\u0142aniami.<\/p>\n<p>90 proc. przedsi\u0119biorstw twierdzi \u017ce ich misja zawiera aspekty zwi\u0105zane z ESG (ang. environmental, social and corporate governance), 67 proc. deklaruje, \u017ce realizuje je w codziennej aktywno\u015bci.<\/p>\n<p>48 proc. firm prze\u0142o\u017cy\u0142o za\u0142o\u017cenia strategii zr\u00f3wnowa\u017conego rozwoju na poszczeg\u00f3lne obszary funkcjonowania biznesu, a jako g\u0142\u00f3wne czynniki motywacyjne wymieniane s\u0105 oczekiwania konsument\u00f3w (71 proc.) oraz partner\u00f3w handlowych (59 proc.).<\/p>\n<p>R\u00f3wnocze\u015bnie jedynie 17 proc. ankietowanych przedsi\u0119biorstw publikuje raporty dotycz\u0105ce ESG. Presja na ten aspekt b\u0119dzie jednak rosn\u0105\u0107, gdy\u017c ju\u017c dla 57 proc. organizacji istotne jest czy wybrany przez nich kontrahent spe\u0142nia kryteria zr\u00f3wnowa\u017conego rozwoju.<\/p>\n<p>Polskie przedsi\u0119biorstwa uto\u017csamiaj\u0105 zr\u00f3wnowa\u017cony rozw\u00f3j z dzia\u0142aniami o charakterze \u015brodowiskowym lub prospo\u0142ecznym. Anga\u017cuj\u0105c si\u0119 w te obszary, niezale\u017cnie czy w wyniku zmian prawnych czy presji konsumenckiej, zyskuj\u0105 prze\u015bwiadczenie, \u017ce dzia\u0142aj\u0105 zgodnie z zasadami ESG. Zapominaj\u0105 niestety o aspektach zwi\u0105zanych z \u0142adem korporacyjnym \u2013 twierdzi Jaros\u0142aw Wajer, przedstawiciel EY Polska.<\/p>\n<p>W jego ocenie konsekwencj\u0105 mo\u017ce by\u0107 negatywna weryfikacja przez mi\u0119dzynarodowych partner\u00f3w biznesowych prowadzaj\u0105cych swoj\u0105 dzia\u0142alno\u015b\u0107 w oparciu o szersze standardy lub mniej przychylne podej\u015bcie inwestor\u00f3w w momencie ch\u0119ci pozyskania zewn\u0119trznego finansowania. My\u015bl\u0105c o zr\u00f3wnowa\u017conym rozwoju warto temat traktowa\u0107 kompleksowo i sp\u00f3jnie wewn\u0119trznie\u00a0\u2013 dodaje Wajer.<\/p>\n<p>Adrian Andrzejewski zlec<\/p>\n","protected":false},"excerpt":{"rendered":"<p>79 proc. polskich przedsi\u0119biorstw ma \u015bwiadomo\u015b\u0107, \u017ce dzia\u0142ania zwi\u0105zane z ochron\u0105 \u015brodowiska b\u0119d\u0105 zyskiwa\u0142y na znaczeniu w ich bran\u017cy w przeci\u0105gu 3-5 lat, a 66 proc. uwa\u017ca, \u017ce s\u0105 one&hellip;<\/p>\n","protected":false},"author":7,"featured_media":21681,"comment_status":"closed","ping_status":"open","sticky":false,"template":"","format":"standard","meta":{"_mi_skip_tracking":false,"footnotes":""},"categories":[48],"tags":[],"class_list":["post-21680","post","type-post","status-publish","format-standard","has-post-thumbnail","hentry","category-gospodarka"],"yoast_head":"<!-- This site is optimized with the Yoast SEO plugin v19.4 - https:\/\/yoast.com\/wordpress\/plugins\/seo\/ -->\n<title>Czy polski biznes jest zr\u00f3wnowa\u017cony? - Godno\u015b\u0107 - DignityNews.eu<\/title>\n<meta name=\"robots\" content=\"index, follow, max-snippet:-1, max-image-preview:large, max-video-preview:-1\" \/>\n<link rel=\"canonical\" href=\"https:\/\/dignitynews.eu\/pl\/czy-polski-biznes-jest-zrownowazony\/\" \/>\n<meta property=\"og:locale\" content=\"pl_PL\" \/>\n<meta property=\"og:type\" content=\"article\" \/>\n<meta property=\"og:title\" content=\"Czy polski biznes jest zr\u00f3wnowa\u017cony? - Godno\u015b\u0107 - DignityNews.eu\" \/>\n<meta property=\"og:description\" content=\"79 proc. polskich przedsi\u0119biorstw ma \u015bwiadomo\u015b\u0107, \u017ce dzia\u0142ania zwi\u0105zane z ochron\u0105 \u015brodowiska b\u0119d\u0105 zyskiwa\u0142y na znaczeniu w ich bran\u017cy w przeci\u0105gu 3-5 lat, a 66 proc. uwa\u017ca, \u017ce s\u0105 one&hellip;\" \/>\n<meta property=\"og:url\" content=\"https:\/\/dignitynews.eu\/pl\/czy-polski-biznes-jest-zrownowazony\/\" \/>\n<meta property=\"og:site_name\" content=\"Godno\u015b\u0107 - DignityNews.eu\" \/>\n<meta property=\"article:published_time\" content=\"2022-06-22T08:55:50+00:00\" \/>\n<meta property=\"og:image\" content=\"https:\/\/dignitynews.eu\/wp-content\/uploads\/2022\/06\/Biznes-zrownowazony-fot.-Dawid-Tatarkiewicz-East-News.jpg\" \/>\n\t<meta property=\"og:image:width\" content=\"1500\" \/>\n\t<meta property=\"og:image:height\" content=\"1000\" \/>\n\t<meta property=\"og:image:type\" content=\"image\/jpeg\" \/>\n<meta name=\"author\" content=\"Dignity News\" \/>\n<meta name=\"twitter:card\" content=\"summary_large_image\" \/>\n<meta name=\"twitter:label1\" content=\"Napisane przez\" \/>\n\t<meta name=\"twitter:data1\" content=\"Dignity News\" \/>\n\t<meta name=\"twitter:label2\" content=\"Szacowany czas czytania\" \/>\n\t<meta name=\"twitter:data2\" content=\"2 minuty\" \/>\n<script type=\"application\/ld+json\" class=\"yoast-schema-graph\">{\"@context\":\"https:\/\/schema.org\",\"@graph\":[{\"@type\":\"WebSite\",\"@id\":\"https:\/\/dignitynews.eu\/pl\/#website\",\"url\":\"https:\/\/dignitynews.eu\/pl\/\",\"name\":\"Godno\u015b\u0107 - DignityNews.eu\",\"description\":\"\",\"potentialAction\":[{\"@type\":\"SearchAction\",\"target\":{\"@type\":\"EntryPoint\",\"urlTemplate\":\"https:\/\/dignitynews.eu\/pl\/?s={search_term_string}\"},\"query-input\":\"required name=search_term_string\"}],\"inLanguage\":\"pl-PL\"},{\"@type\":\"WebPage\",\"@id\":\"https:\/\/dignitynews.eu\/pl\/czy-polski-biznes-jest-zrownowazony\/\",\"url\":\"https:\/\/dignitynews.eu\/pl\/czy-polski-biznes-jest-zrownowazony\/\",\"name\":\"Czy polski biznes jest zr\u00f3wnowa\u017cony? - Godno\u015b\u0107 - DignityNews.eu\",\"isPartOf\":{\"@id\":\"https:\/\/dignitynews.eu\/pl\/#website\"},\"datePublished\":\"2022-06-22T08:55:50+00:00\",\"dateModified\":\"2022-06-22T08:55:50+00:00\",\"author\":{\"@id\":\"https:\/\/dignitynews.eu\/pl\/#\/schema\/person\/0b62b762b8174802fabc81a3ecb1bfcb\"},\"breadcrumb\":{\"@id\":\"https:\/\/dignitynews.eu\/pl\/czy-polski-biznes-jest-zrownowazony\/#breadcrumb\"},\"inLanguage\":\"pl-PL\",\"potentialAction\":[{\"@type\":\"ReadAction\",\"target\":[\"https:\/\/dignitynews.eu\/pl\/czy-polski-biznes-jest-zrownowazony\/\"]}]},{\"@type\":\"BreadcrumbList\",\"@id\":\"https:\/\/dignitynews.eu\/pl\/czy-polski-biznes-jest-zrownowazony\/#breadcrumb\",\"itemListElement\":[{\"@type\":\"ListItem\",\"position\":1,\"name\":\"Strona g\u0142\u00f3wna\",\"item\":\"https:\/\/dignitynews.eu\/pl\/\"},{\"@type\":\"ListItem\",\"position\":2,\"name\":\"Czy polski biznes jest zr\u00f3wnowa\u017cony?\"}]},{\"@type\":\"Person\",\"@id\":\"https:\/\/dignitynews.eu\/pl\/#\/schema\/person\/0b62b762b8174802fabc81a3ecb1bfcb\",\"name\":\"Dignity News\",\"image\":{\"@type\":\"ImageObject\",\"inLanguage\":\"pl-PL\",\"@id\":\"https:\/\/dignitynews.eu\/pl\/#\/schema\/person\/image\/\",\"url\":\"https:\/\/secure.gravatar.com\/avatar\/97963171a6d9108f8381bbefb1c6b150c445b6ddd9e3077b96c86cf5892c85dc?s=96&d=mm&r=g\",\"contentUrl\":\"https:\/\/secure.gravatar.com\/avatar\/97963171a6d9108f8381bbefb1c6b150c445b6ddd9e3077b96c86cf5892c85dc?s=96&d=mm&r=g\",\"caption\":\"Dignity News\"},\"url\":\"https:\/\/dignitynews.eu\/pl\/author\/mikolaj-palade\/\"}]}<\/script>\n<!-- \/ Yoast SEO plugin. -->","yoast_head_json":{"title":"Czy polski biznes jest zr\u00f3wnowa\u017cony? - Godno\u015b\u0107 - DignityNews.eu","robots":{"index":"index","follow":"follow","max-snippet":"max-snippet:-1","max-image-preview":"max-image-preview:large","max-video-preview":"max-video-preview:-1"},"canonical":"https:\/\/dignitynews.eu\/pl\/czy-polski-biznes-jest-zrownowazony\/","og_locale":"pl_PL","og_type":"article","og_title":"Czy polski biznes jest zr\u00f3wnowa\u017cony? - Godno\u015b\u0107 - DignityNews.eu","og_description":"79 proc. polskich przedsi\u0119biorstw ma \u015bwiadomo\u015b\u0107, \u017ce dzia\u0142ania zwi\u0105zane z ochron\u0105 \u015brodowiska b\u0119d\u0105 zyskiwa\u0142y na znaczeniu w ich bran\u017cy w przeci\u0105gu 3-5 lat, a 66 proc. uwa\u017ca, \u017ce s\u0105 one&hellip;","og_url":"https:\/\/dignitynews.eu\/pl\/czy-polski-biznes-jest-zrownowazony\/","og_site_name":"Godno\u015b\u0107 - DignityNews.eu","article_published_time":"2022-06-22T08:55:50+00:00","og_image":[{"width":1500,"height":1000,"url":"https:\/\/dignitynews.eu\/wp-content\/uploads\/2022\/06\/Biznes-zrownowazony-fot.-Dawid-Tatarkiewicz-East-News.jpg","type":"image\/jpeg"}],"author":"Dignity News","twitter_card":"summary_large_image","twitter_misc":{"Napisane przez":"Dignity News","Szacowany czas czytania":"2 minuty"},"schema":{"@context":"https:\/\/schema.org","@graph":[{"@type":"WebSite","@id":"https:\/\/dignitynews.eu\/pl\/#website","url":"https:\/\/dignitynews.eu\/pl\/","name":"Godno\u015b\u0107 - DignityNews.eu","description":"","potentialAction":[{"@type":"SearchAction","target":{"@type":"EntryPoint","urlTemplate":"https:\/\/dignitynews.eu\/pl\/?s={search_term_string}"},"query-input":"required name=search_term_string"}],"inLanguage":"pl-PL"},{"@type":"WebPage","@id":"https:\/\/dignitynews.eu\/pl\/czy-polski-biznes-jest-zrownowazony\/","url":"https:\/\/dignitynews.eu\/pl\/czy-polski-biznes-jest-zrownowazony\/","name":"Czy polski biznes jest zr\u00f3wnowa\u017cony? - Godno\u015b\u0107 - DignityNews.eu","isPartOf":{"@id":"https:\/\/dignitynews.eu\/pl\/#website"},"datePublished":"2022-06-22T08:55:50+00:00","dateModified":"2022-06-22T08:55:50+00:00","author":{"@id":"https:\/\/dignitynews.eu\/pl\/#\/schema\/person\/0b62b762b8174802fabc81a3ecb1bfcb"},"breadcrumb":{"@id":"https:\/\/dignitynews.eu\/pl\/czy-polski-biznes-jest-zrownowazony\/#breadcrumb"},"inLanguage":"pl-PL","potentialAction":[{"@type":"ReadAction","target":["https:\/\/dignitynews.eu\/pl\/czy-polski-biznes-jest-zrownowazony\/"]}]},{"@type":"BreadcrumbList","@id":"https:\/\/dignitynews.eu\/pl\/czy-polski-biznes-jest-zrownowazony\/#breadcrumb","itemListElement":[{"@type":"ListItem","position":1,"name":"Strona g\u0142\u00f3wna","item":"https:\/\/dignitynews.eu\/pl\/"},{"@type":"ListItem","position":2,"name":"Czy polski biznes jest zr\u00f3wnowa\u017cony?"}]},{"@type":"Person","@id":"https:\/\/dignitynews.eu\/pl\/#\/schema\/person\/0b62b762b8174802fabc81a3ecb1bfcb","name":"Dignity News","image":{"@type":"ImageObject","inLanguage":"pl-PL","@id":"https:\/\/dignitynews.eu\/pl\/#\/schema\/person\/image\/","url":"https:\/\/secure.gravatar.com\/avatar\/97963171a6d9108f8381bbefb1c6b150c445b6ddd9e3077b96c86cf5892c85dc?s=96&d=mm&r=g","contentUrl":"https:\/\/secure.gravatar.com\/avatar\/97963171a6d9108f8381bbefb1c6b150c445b6ddd9e3077b96c86cf5892c85dc?s=96&d=mm&r=g","caption":"Dignity News"},"url":"https:\/\/dignitynews.eu\/pl\/author\/mikolaj-palade\/"}]}},"_links":{"self":[{"href":"https:\/\/dignitynews.eu\/pl\/wp-json\/wp\/v2\/posts\/21680","targetHints":{"allow":["GET"]}}],"collection":[{"href":"https:\/\/dignitynews.eu\/pl\/wp-json\/wp\/v2\/posts"}],"about":[{"href":"https:\/\/dignitynews.eu\/pl\/wp-json\/wp\/v2\/types\/post"}],"author":[{"embeddable":true,"href":"https:\/\/dignitynews.eu\/pl\/wp-json\/wp\/v2\/users\/7"}],"replies":[{"embeddable":true,"href":"https:\/\/dignitynews.eu\/pl\/wp-json\/wp\/v2\/comments?post=21680"}],"version-history":[{"count":1,"href":"https:\/\/dignitynews.eu\/pl\/wp-json\/wp\/v2\/posts\/21680\/revisions"}],"predecessor-version":[{"id":21686,"href":"https:\/\/dignitynews.eu\/pl\/wp-json\/wp\/v2\/posts\/21680\/revisions\/21686"}],"wp:featuredmedia":[{"embeddable":true,"href":"https:\/\/dignitynews.eu\/pl\/wp-json\/wp\/v2\/media\/21681"}],"wp:attachment":[{"href":"https:\/\/dignitynews.eu\/pl\/wp-json\/wp\/v2\/media?parent=21680"}],"wp:term":[{"taxonomy":"category","embeddable":true,"href":"https:\/\/dignitynews.eu\/pl\/wp-json\/wp\/v2\/categories?post=21680"},{"taxonomy":"post_tag","embeddable":true,"href":"https:\/\/dignitynews.eu\/pl\/wp-json\/wp\/v2\/tags?post=21680"}],"curies":[{"name":"wp","href":"https:\/\/api.w.org\/{rel}","templated":true}]}}