{"id":21645,"date":"2022-06-22T10:50:44","date_gmt":"2022-06-22T08:50:44","guid":{"rendered":"https:\/\/dignitynews.eu\/?p=21645"},"modified":"2022-06-22T11:27:10","modified_gmt":"2022-06-22T09:27:10","slug":"kaczynski-ukraina-moze-wygrac-z-goliatem","status":"publish","type":"post","link":"https:\/\/dignitynews.eu\/pl\/kaczynski-ukraina-moze-wygrac-z-goliatem\/","title":{"rendered":"Kaczy\u0144ski: Ukraina mo\u017ce wygra\u0107 z Goliatem"},"content":{"rendered":"<h5><strong>Moja misja w rz\u0105dzie zosta\u0142a wype\u0142niona. Przez chwil\u0119 liczy\u0142em, \u017ce ta wojna b\u0119dzie trwa\u0142a kr\u00f3cej \u2013 powiedzia\u0142 Jaros\u0142aw Kaczy\u0144ski w rozmowie z Danut\u0105\u00a0Holeck\u0105\u00a0w \u201eGo\u015bciu Wiadomo\u015bci\u201d TVP Info.<\/strong><\/h5>\n<p>21 czerwca Jaros\u0142aw Kaczy\u0144ski zrezygnowa\u0142 z funkcji wicepremiera i kierowania \u00a0Komitetem ds. Bezpiecze\u0144stwa Narodowego i spraw Obronnych. Przyzna\u0142, \u017ce \u0142\u0105czenie funkcji wicepremiera i szefa partii by\u0142o trudne.<\/p>\n<p>Mia\u0142em by\u0107\u00a0kr\u00f3cej, 16 miesi\u0119cy. Chodzi\u0142o o przygotowanie i przeforsowanie ustaw. Jedna z nich, o obronie ojczyzny, by\u0142a trudna nawet dla rz\u0105du, bo to bardzo du\u017ce wydatki. Tutaj akurat pomog\u0142a mi wojna, przesz\u0142o to bardzo \u0142atwo. Ci, kt\u00f3rzy dzisiaj twierdz\u0105, \u017ce uciek\u0142em z rz\u0105du z powodu wojny, zapominaj\u0105 \u017ce g\u0142osowali za t\u0105 ustaw\u0105, ale w\u0142a\u015bnie wybuch\u0142a wojna i musia\u0142em zosta\u0107 d\u0142u\u017cej\u00a0\u2013\u00a0wyja\u015bnia\u0142 Kaczy\u0144ski.<\/p>\n<p>Przypomnia\u0142, \u017ce jego brat prezydent Lech Kaczy\u0144ski, wielokrotnie przestrzega\u0142 przed rosyjskim zagro\u017ceniem. W sierpniu 2008 roku powiedzia\u0142 w Tbilisi o rosyjskiej inwazji: Dzi\u015b Gruzja, jutro Ukraina, pojutrze pa\u0144stwa ba\u0142tyckie, a p\u00f3\u017aniej mo\u017ce i czas na m\u00f3j kraj, na Polsk\u0119!<\/p>\n<p>Teraz\u00a0te prorocze s\u0142owa\u00a0prze\u0142o\u017cy\u0142y si\u0119 w czyny i obserwujemy to za nasz\u0105 wschodni\u0105 granic\u0105. Ukraina walczy w spos\u00f3b niebywa\u0142y, budzi wielki podziw stawiaj\u0105c op\u00f3r agresorowi \u2013 stwierdzi\u0142 Jaros\u0142aw Kaczy\u0144ski i podkre\u015bli\u0142, \u017ce Ukraina jest niepodleg\u0142ym krajem i nikt nie ma prawa narzuca\u0107 im swoich roszcze\u0144 i rz\u0105d\u00f3w.<\/p>\n<p>W jego ocenie \u201eten Dawid, czyli Ukraina, mo\u017ce wygra\u0107 z Goliatem, ale je\u015bli b\u0119dzie mia\u0142a proce i kamienie\u201d. Zaapelowa\u0142 zatem po raz kolejny do pa\u0144stw Zachodu o dzia\u0142anie z pe\u0142n\u0105 determinacj\u0105 i podejmowanie odwa\u017cnych decyzji.<\/p>\n<p>Nowym wicepremierem i szefem Komitetu ds. Bezpiecze\u0144stwa Narodowego i spraw Obronnych zostanie minister obrony narodowej Mariusz B\u0142aszczak. Bie\u017c\u0105cy nadz\u00f3r nad pracami Komitetu b\u0119dzie teraz sprawowa\u0142 jego dotychczasowy sekretarz, wiceszef Kancelarii Premiera Zbigniew Hoffmann.<\/p>\n<p>Adrian Andrzejewski<\/p>\n","protected":false},"excerpt":{"rendered":"<p>Moja misja w rz\u0105dzie zosta\u0142a wype\u0142niona. Przez chwil\u0119 liczy\u0142em, \u017ce ta wojna b\u0119dzie trwa\u0142a kr\u00f3cej \u2013 powiedzia\u0142 Jaros\u0142aw Kaczy\u0144ski w rozmowie z Danut\u0105\u00a0Holeck\u0105\u00a0w \u201eGo\u015bciu Wiadomo\u015bci\u201d TVP Info. 21 czerwca Jaros\u0142aw&hellip;<\/p>\n","protected":false},"author":7,"featured_media":21646,"comment_status":"closed","ping_status":"open","sticky":false,"template":"","format":"standard","meta":{"_mi_skip_tracking":false,"footnotes":""},"categories":[47],"tags":[],"class_list":["post-21645","post","type-post","status-publish","format-standard","has-post-thumbnail","hentry","category-wydarzenia"],"yoast_head":"<!-- This site is optimized with the Yoast SEO plugin v19.4 - https:\/\/yoast.com\/wordpress\/plugins\/seo\/ -->\n<title>Kaczy\u0144ski: Ukraina mo\u017ce wygra\u0107 z Goliatem - Godno\u015b\u0107 - DignityNews.eu<\/title>\n<meta name=\"robots\" content=\"index, follow, max-snippet:-1, max-image-preview:large, max-video-preview:-1\" \/>\n<link rel=\"canonical\" href=\"https:\/\/dignitynews.eu\/pl\/kaczynski-ukraina-moze-wygrac-z-goliatem\/\" \/>\n<meta property=\"og:locale\" content=\"pl_PL\" \/>\n<meta property=\"og:type\" content=\"article\" \/>\n<meta property=\"og:title\" content=\"Kaczy\u0144ski: Ukraina mo\u017ce wygra\u0107 z Goliatem - Godno\u015b\u0107 - DignityNews.eu\" \/>\n<meta property=\"og:description\" content=\"Moja misja w rz\u0105dzie zosta\u0142a wype\u0142niona. Przez chwil\u0119 liczy\u0142em, \u017ce ta wojna b\u0119dzie trwa\u0142a kr\u00f3cej \u2013 powiedzia\u0142 Jaros\u0142aw Kaczy\u0144ski w rozmowie z Danut\u0105\u00a0Holeck\u0105\u00a0w \u201eGo\u015bciu Wiadomo\u015bci\u201d TVP Info. 21 czerwca Jaros\u0142aw&hellip;\" \/>\n<meta property=\"og:url\" content=\"https:\/\/dignitynews.eu\/pl\/kaczynski-ukraina-moze-wygrac-z-goliatem\/\" \/>\n<meta property=\"og:site_name\" content=\"Godno\u015b\u0107 - DignityNews.eu\" \/>\n<meta property=\"article:published_time\" content=\"2022-06-22T08:50:44+00:00\" \/>\n<meta property=\"article:modified_time\" content=\"2022-06-22T09:27:10+00:00\" \/>\n<meta property=\"og:image\" content=\"https:\/\/dignitynews.eu\/wp-content\/uploads\/2022\/06\/Jaroslaw-Kaczynski-fot.-TVP-Info.png\" \/>\n\t<meta property=\"og:image:width\" content=\"1257\" \/>\n\t<meta property=\"og:image:height\" content=\"745\" \/>\n\t<meta property=\"og:image:type\" content=\"image\/png\" \/>\n<meta name=\"author\" content=\"Dignity News\" \/>\n<meta name=\"twitter:card\" content=\"summary_large_image\" \/>\n<meta name=\"twitter:label1\" content=\"Napisane przez\" \/>\n\t<meta name=\"twitter:data1\" content=\"Dignity News\" \/>\n\t<meta name=\"twitter:label2\" content=\"Szacowany czas czytania\" \/>\n\t<meta name=\"twitter:data2\" content=\"2 minuty\" \/>\n<script type=\"application\/ld+json\" class=\"yoast-schema-graph\">{\"@context\":\"https:\/\/schema.org\",\"@graph\":[{\"@type\":\"WebSite\",\"@id\":\"https:\/\/dignitynews.eu\/pl\/#website\",\"url\":\"https:\/\/dignitynews.eu\/pl\/\",\"name\":\"Godno\u015b\u0107 - DignityNews.eu\",\"description\":\"\",\"potentialAction\":[{\"@type\":\"SearchAction\",\"target\":{\"@type\":\"EntryPoint\",\"urlTemplate\":\"https:\/\/dignitynews.eu\/pl\/?s={search_term_string}\"},\"query-input\":\"required name=search_term_string\"}],\"inLanguage\":\"pl-PL\"},{\"@type\":\"WebPage\",\"@id\":\"https:\/\/dignitynews.eu\/pl\/kaczynski-ukraina-moze-wygrac-z-goliatem\/\",\"url\":\"https:\/\/dignitynews.eu\/pl\/kaczynski-ukraina-moze-wygrac-z-goliatem\/\",\"name\":\"Kaczy\u0144ski: Ukraina mo\u017ce wygra\u0107 z Goliatem - Godno\u015b\u0107 - DignityNews.eu\",\"isPartOf\":{\"@id\":\"https:\/\/dignitynews.eu\/pl\/#website\"},\"datePublished\":\"2022-06-22T08:50:44+00:00\",\"dateModified\":\"2022-06-22T09:27:10+00:00\",\"author\":{\"@id\":\"https:\/\/dignitynews.eu\/pl\/#\/schema\/person\/0b62b762b8174802fabc81a3ecb1bfcb\"},\"breadcrumb\":{\"@id\":\"https:\/\/dignitynews.eu\/pl\/kaczynski-ukraina-moze-wygrac-z-goliatem\/#breadcrumb\"},\"inLanguage\":\"pl-PL\",\"potentialAction\":[{\"@type\":\"ReadAction\",\"target\":[\"https:\/\/dignitynews.eu\/pl\/kaczynski-ukraina-moze-wygrac-z-goliatem\/\"]}]},{\"@type\":\"BreadcrumbList\",\"@id\":\"https:\/\/dignitynews.eu\/pl\/kaczynski-ukraina-moze-wygrac-z-goliatem\/#breadcrumb\",\"itemListElement\":[{\"@type\":\"ListItem\",\"position\":1,\"name\":\"Strona g\u0142\u00f3wna\",\"item\":\"https:\/\/dignitynews.eu\/pl\/\"},{\"@type\":\"ListItem\",\"position\":2,\"name\":\"Kaczy\u0144ski: Ukraina mo\u017ce wygra\u0107 z Goliatem\"}]},{\"@type\":\"Person\",\"@id\":\"https:\/\/dignitynews.eu\/pl\/#\/schema\/person\/0b62b762b8174802fabc81a3ecb1bfcb\",\"name\":\"Dignity News\",\"image\":{\"@type\":\"ImageObject\",\"inLanguage\":\"pl-PL\",\"@id\":\"https:\/\/dignitynews.eu\/pl\/#\/schema\/person\/image\/\",\"url\":\"https:\/\/secure.gravatar.com\/avatar\/97963171a6d9108f8381bbefb1c6b150c445b6ddd9e3077b96c86cf5892c85dc?s=96&d=mm&r=g\",\"contentUrl\":\"https:\/\/secure.gravatar.com\/avatar\/97963171a6d9108f8381bbefb1c6b150c445b6ddd9e3077b96c86cf5892c85dc?s=96&d=mm&r=g\",\"caption\":\"Dignity News\"},\"url\":\"https:\/\/dignitynews.eu\/pl\/author\/mikolaj-palade\/\"}]}<\/script>\n<!-- \/ Yoast SEO plugin. -->","yoast_head_json":{"title":"Kaczy\u0144ski: Ukraina mo\u017ce wygra\u0107 z Goliatem - Godno\u015b\u0107 - DignityNews.eu","robots":{"index":"index","follow":"follow","max-snippet":"max-snippet:-1","max-image-preview":"max-image-preview:large","max-video-preview":"max-video-preview:-1"},"canonical":"https:\/\/dignitynews.eu\/pl\/kaczynski-ukraina-moze-wygrac-z-goliatem\/","og_locale":"pl_PL","og_type":"article","og_title":"Kaczy\u0144ski: Ukraina mo\u017ce wygra\u0107 z Goliatem - Godno\u015b\u0107 - DignityNews.eu","og_description":"Moja misja w rz\u0105dzie zosta\u0142a wype\u0142niona. Przez chwil\u0119 liczy\u0142em, \u017ce ta wojna b\u0119dzie trwa\u0142a kr\u00f3cej \u2013 powiedzia\u0142 Jaros\u0142aw Kaczy\u0144ski w rozmowie z Danut\u0105\u00a0Holeck\u0105\u00a0w \u201eGo\u015bciu Wiadomo\u015bci\u201d TVP Info. 21 czerwca Jaros\u0142aw&hellip;","og_url":"https:\/\/dignitynews.eu\/pl\/kaczynski-ukraina-moze-wygrac-z-goliatem\/","og_site_name":"Godno\u015b\u0107 - DignityNews.eu","article_published_time":"2022-06-22T08:50:44+00:00","article_modified_time":"2022-06-22T09:27:10+00:00","og_image":[{"width":1257,"height":745,"url":"https:\/\/dignitynews.eu\/wp-content\/uploads\/2022\/06\/Jaroslaw-Kaczynski-fot.-TVP-Info.png","type":"image\/png"}],"author":"Dignity News","twitter_card":"summary_large_image","twitter_misc":{"Napisane przez":"Dignity News","Szacowany czas czytania":"2 minuty"},"schema":{"@context":"https:\/\/schema.org","@graph":[{"@type":"WebSite","@id":"https:\/\/dignitynews.eu\/pl\/#website","url":"https:\/\/dignitynews.eu\/pl\/","name":"Godno\u015b\u0107 - DignityNews.eu","description":"","potentialAction":[{"@type":"SearchAction","target":{"@type":"EntryPoint","urlTemplate":"https:\/\/dignitynews.eu\/pl\/?s={search_term_string}"},"query-input":"required name=search_term_string"}],"inLanguage":"pl-PL"},{"@type":"WebPage","@id":"https:\/\/dignitynews.eu\/pl\/kaczynski-ukraina-moze-wygrac-z-goliatem\/","url":"https:\/\/dignitynews.eu\/pl\/kaczynski-ukraina-moze-wygrac-z-goliatem\/","name":"Kaczy\u0144ski: Ukraina mo\u017ce wygra\u0107 z Goliatem - Godno\u015b\u0107 - DignityNews.eu","isPartOf":{"@id":"https:\/\/dignitynews.eu\/pl\/#website"},"datePublished":"2022-06-22T08:50:44+00:00","dateModified":"2022-06-22T09:27:10+00:00","author":{"@id":"https:\/\/dignitynews.eu\/pl\/#\/schema\/person\/0b62b762b8174802fabc81a3ecb1bfcb"},"breadcrumb":{"@id":"https:\/\/dignitynews.eu\/pl\/kaczynski-ukraina-moze-wygrac-z-goliatem\/#breadcrumb"},"inLanguage":"pl-PL","potentialAction":[{"@type":"ReadAction","target":["https:\/\/dignitynews.eu\/pl\/kaczynski-ukraina-moze-wygrac-z-goliatem\/"]}]},{"@type":"BreadcrumbList","@id":"https:\/\/dignitynews.eu\/pl\/kaczynski-ukraina-moze-wygrac-z-goliatem\/#breadcrumb","itemListElement":[{"@type":"ListItem","position":1,"name":"Strona g\u0142\u00f3wna","item":"https:\/\/dignitynews.eu\/pl\/"},{"@type":"ListItem","position":2,"name":"Kaczy\u0144ski: Ukraina mo\u017ce wygra\u0107 z Goliatem"}]},{"@type":"Person","@id":"https:\/\/dignitynews.eu\/pl\/#\/schema\/person\/0b62b762b8174802fabc81a3ecb1bfcb","name":"Dignity News","image":{"@type":"ImageObject","inLanguage":"pl-PL","@id":"https:\/\/dignitynews.eu\/pl\/#\/schema\/person\/image\/","url":"https:\/\/secure.gravatar.com\/avatar\/97963171a6d9108f8381bbefb1c6b150c445b6ddd9e3077b96c86cf5892c85dc?s=96&d=mm&r=g","contentUrl":"https:\/\/secure.gravatar.com\/avatar\/97963171a6d9108f8381bbefb1c6b150c445b6ddd9e3077b96c86cf5892c85dc?s=96&d=mm&r=g","caption":"Dignity News"},"url":"https:\/\/dignitynews.eu\/pl\/author\/mikolaj-palade\/"}]}},"_links":{"self":[{"href":"https:\/\/dignitynews.eu\/pl\/wp-json\/wp\/v2\/posts\/21645","targetHints":{"allow":["GET"]}}],"collection":[{"href":"https:\/\/dignitynews.eu\/pl\/wp-json\/wp\/v2\/posts"}],"about":[{"href":"https:\/\/dignitynews.eu\/pl\/wp-json\/wp\/v2\/types\/post"}],"author":[{"embeddable":true,"href":"https:\/\/dignitynews.eu\/pl\/wp-json\/wp\/v2\/users\/7"}],"replies":[{"embeddable":true,"href":"https:\/\/dignitynews.eu\/pl\/wp-json\/wp\/v2\/comments?post=21645"}],"version-history":[{"count":2,"href":"https:\/\/dignitynews.eu\/pl\/wp-json\/wp\/v2\/posts\/21645\/revisions"}],"predecessor-version":[{"id":21695,"href":"https:\/\/dignitynews.eu\/pl\/wp-json\/wp\/v2\/posts\/21645\/revisions\/21695"}],"wp:featuredmedia":[{"embeddable":true,"href":"https:\/\/dignitynews.eu\/pl\/wp-json\/wp\/v2\/media\/21646"}],"wp:attachment":[{"href":"https:\/\/dignitynews.eu\/pl\/wp-json\/wp\/v2\/media?parent=21645"}],"wp:term":[{"taxonomy":"category","embeddable":true,"href":"https:\/\/dignitynews.eu\/pl\/wp-json\/wp\/v2\/categories?post=21645"},{"taxonomy":"post_tag","embeddable":true,"href":"https:\/\/dignitynews.eu\/pl\/wp-json\/wp\/v2\/tags?post=21645"}],"curies":[{"name":"wp","href":"https:\/\/api.w.org\/{rel}","templated":true}]}}