{"id":21638,"date":"2022-06-22T10:49:31","date_gmt":"2022-06-22T08:49:31","guid":{"rendered":"https:\/\/dignitynews.eu\/?p=21638"},"modified":"2022-06-22T10:49:31","modified_gmt":"2022-06-22T08:49:31","slug":"polska-wsrod-pieciu-panstw-ue-wybranych-do-instalacji-systemu-superkomputerowego-nowej-generacji","status":"publish","type":"post","link":"https:\/\/dignitynews.eu\/pl\/polska-wsrod-pieciu-panstw-ue-wybranych-do-instalacji-systemu-superkomputerowego-nowej-generacji\/","title":{"rendered":"Polska w\u015br\u00f3d pi\u0119ciu pa\u0144stw UE wybranych do instalacji systemu superkomputerowego nowej generacji"},"content":{"rendered":"<h5><strong>Polska, Grecja, Irlandia, Niemcy i W\u0119gry \u2013 to pi\u0119\u0107 pa\u0144stw, wytypowanych przez Europejskie Wsp\u00f3lne Przedsi\u0119wzi\u0119cie w dziedzinie Oblicze\u0144 Wielkiej Skali (EuroHPC JU), w kt\u00f3rych zostan\u0105 zainstalowane nowe superkomputery buduj\u0105ce europejsk\u0105 infrastruktur\u0119 przetwarzania danych. <\/strong><\/h5>\n<p>W\u015br\u00f3d tych lokalizacji, w niemieckim Centrum Superkomputerowym J\u00fclich, znajdzie si\u0119 JUPITER \u2013 pierwszy europejski komputer o mocy obliczeniowej powy\u017cej 1 Eksaflopsa (10<sup>18<\/sup>\u00a0operacji zmiennoprzecinkowych na sekund\u0119), kt\u00f3ry w momencie pe\u0142nej instalacji stanie si\u0119 najszybsz\u0105 maszyn\u0105 europejsk\u0105.<\/p>\n<p>W Polsce pod koniec 2023 r. powstanie system skali\u00a0mid-range\u00a0o mocy kilkukrotnie wi\u0119kszej ni\u017c najszybszy obecnie superkomputer w Polsce (Athena). Operatorem nowego superkomputera b\u0119dzie\u00a0Akademickie Centrum Komputerowe CYFRONET AGH w Krakowie, a dost\u0119p dla polskich naukowc\u00f3w zostanie zapewniony w ramach infrastruktury PLGrid.<\/p>\n<p>Podobnie jak istniej\u0105ce superkomputery EuroHPC, nowe systemy b\u0119d\u0105 dost\u0119pne dla szerokiego grona u\u017cytkownik\u00f3w europejskich reprezentuj\u0105cych \u015brodowisko naukowe, przemys\u0142 i sektor publiczny.<\/p>\n<p>Celem dzia\u0142ania EuroHPC JU jest wyposa\u017cenie Europy w jedn\u0105 z wiod\u0105cych infrastruktur superkomputerowych \u015bwiata.<\/p>\n<p>Dla realizacji celu podj\u0119to dzia\u0142ania zwi\u0105zane z uruchomieniem system\u00f3w petaskalowych, przed-eksaskalowych i ostatecznie ca\u0142kowicie eksaskalowych \u2013 informuje Akademia G\u00f3rniczo-Hutnicza w Krakowie.<\/p>\n<p>Superkomputer\u00a0mid-range\u00a0planowany do sfinansowania w Polsce stanie si\u0119 cz\u0119\u015bci\u0105 krajowej infrastruktury PLGrid, podobnie jak obecnie najszybszy polski superkomputer Athena. Zainstalowana w CYFRONECIE AGH Athena osi\u0105ga teoretyczn\u0105 moc obliczeniow\u0105 7,7 PetaFlopsa.<\/p>\n<p>Adrian Andrzejewski<\/p>\n","protected":false},"excerpt":{"rendered":"<p>Polska, Grecja, Irlandia, Niemcy i W\u0119gry \u2013 to pi\u0119\u0107 pa\u0144stw, wytypowanych przez Europejskie Wsp\u00f3lne Przedsi\u0119wzi\u0119cie w dziedzinie Oblicze\u0144 Wielkiej Skali (EuroHPC JU), w kt\u00f3rych zostan\u0105 zainstalowane nowe superkomputery buduj\u0105ce europejsk\u0105&hellip;<\/p>\n","protected":false},"author":7,"featured_media":21639,"comment_status":"closed","ping_status":"open","sticky":false,"template":"","format":"standard","meta":{"_mi_skip_tracking":false,"footnotes":""},"categories":[49],"tags":[],"class_list":["post-21638","post","type-post","status-publish","format-standard","has-post-thumbnail","hentry","category-nauka"],"yoast_head":"<!-- This site is optimized with the Yoast SEO plugin v19.4 - https:\/\/yoast.com\/wordpress\/plugins\/seo\/ -->\n<title>Polska w\u015br\u00f3d pi\u0119ciu pa\u0144stw UE wybranych do instalacji systemu superkomputerowego nowej generacji - Godno\u015b\u0107 - DignityNews.eu<\/title>\n<meta name=\"robots\" content=\"index, follow, max-snippet:-1, max-image-preview:large, max-video-preview:-1\" \/>\n<link rel=\"canonical\" href=\"https:\/\/dignitynews.eu\/pl\/polska-wsrod-pieciu-panstw-ue-wybranych-do-instalacji-systemu-superkomputerowego-nowej-generacji\/\" \/>\n<meta property=\"og:locale\" content=\"pl_PL\" \/>\n<meta property=\"og:type\" content=\"article\" \/>\n<meta property=\"og:title\" content=\"Polska w\u015br\u00f3d pi\u0119ciu pa\u0144stw UE wybranych do instalacji systemu superkomputerowego nowej generacji - Godno\u015b\u0107 - DignityNews.eu\" \/>\n<meta property=\"og:description\" content=\"Polska, Grecja, Irlandia, Niemcy i W\u0119gry \u2013 to pi\u0119\u0107 pa\u0144stw, wytypowanych przez Europejskie Wsp\u00f3lne Przedsi\u0119wzi\u0119cie w dziedzinie Oblicze\u0144 Wielkiej Skali (EuroHPC JU), w kt\u00f3rych zostan\u0105 zainstalowane nowe superkomputery buduj\u0105ce europejsk\u0105&hellip;\" \/>\n<meta property=\"og:url\" content=\"https:\/\/dignitynews.eu\/pl\/polska-wsrod-pieciu-panstw-ue-wybranych-do-instalacji-systemu-superkomputerowego-nowej-generacji\/\" \/>\n<meta property=\"og:site_name\" content=\"Godno\u015b\u0107 - DignityNews.eu\" \/>\n<meta property=\"article:published_time\" content=\"2022-06-22T08:49:31+00:00\" \/>\n<meta property=\"og:image\" content=\"https:\/\/dignitynews.eu\/wp-content\/uploads\/2022\/06\/System-superkomputerowy-fot.-Jan-GRACZYNSKI-East-News.jpg\" \/>\n\t<meta property=\"og:image:width\" content=\"1500\" \/>\n\t<meta property=\"og:image:height\" content=\"1000\" \/>\n\t<meta property=\"og:image:type\" content=\"image\/jpeg\" \/>\n<meta name=\"author\" content=\"Dignity News\" \/>\n<meta name=\"twitter:card\" content=\"summary_large_image\" \/>\n<meta name=\"twitter:label1\" content=\"Napisane przez\" \/>\n\t<meta name=\"twitter:data1\" content=\"Dignity News\" \/>\n\t<meta name=\"twitter:label2\" content=\"Szacowany czas czytania\" \/>\n\t<meta name=\"twitter:data2\" content=\"1 minuta\" \/>\n<script type=\"application\/ld+json\" class=\"yoast-schema-graph\">{\"@context\":\"https:\/\/schema.org\",\"@graph\":[{\"@type\":\"WebSite\",\"@id\":\"https:\/\/dignitynews.eu\/pl\/#website\",\"url\":\"https:\/\/dignitynews.eu\/pl\/\",\"name\":\"Godno\u015b\u0107 - DignityNews.eu\",\"description\":\"\",\"potentialAction\":[{\"@type\":\"SearchAction\",\"target\":{\"@type\":\"EntryPoint\",\"urlTemplate\":\"https:\/\/dignitynews.eu\/pl\/?s={search_term_string}\"},\"query-input\":\"required name=search_term_string\"}],\"inLanguage\":\"pl-PL\"},{\"@type\":\"WebPage\",\"@id\":\"https:\/\/dignitynews.eu\/pl\/polska-wsrod-pieciu-panstw-ue-wybranych-do-instalacji-systemu-superkomputerowego-nowej-generacji\/\",\"url\":\"https:\/\/dignitynews.eu\/pl\/polska-wsrod-pieciu-panstw-ue-wybranych-do-instalacji-systemu-superkomputerowego-nowej-generacji\/\",\"name\":\"Polska w\u015br\u00f3d pi\u0119ciu pa\u0144stw UE wybranych do instalacji systemu superkomputerowego nowej generacji - Godno\u015b\u0107 - DignityNews.eu\",\"isPartOf\":{\"@id\":\"https:\/\/dignitynews.eu\/pl\/#website\"},\"datePublished\":\"2022-06-22T08:49:31+00:00\",\"dateModified\":\"2022-06-22T08:49:31+00:00\",\"author\":{\"@id\":\"https:\/\/dignitynews.eu\/pl\/#\/schema\/person\/0b62b762b8174802fabc81a3ecb1bfcb\"},\"breadcrumb\":{\"@id\":\"https:\/\/dignitynews.eu\/pl\/polska-wsrod-pieciu-panstw-ue-wybranych-do-instalacji-systemu-superkomputerowego-nowej-generacji\/#breadcrumb\"},\"inLanguage\":\"pl-PL\",\"potentialAction\":[{\"@type\":\"ReadAction\",\"target\":[\"https:\/\/dignitynews.eu\/pl\/polska-wsrod-pieciu-panstw-ue-wybranych-do-instalacji-systemu-superkomputerowego-nowej-generacji\/\"]}]},{\"@type\":\"BreadcrumbList\",\"@id\":\"https:\/\/dignitynews.eu\/pl\/polska-wsrod-pieciu-panstw-ue-wybranych-do-instalacji-systemu-superkomputerowego-nowej-generacji\/#breadcrumb\",\"itemListElement\":[{\"@type\":\"ListItem\",\"position\":1,\"name\":\"Strona g\u0142\u00f3wna\",\"item\":\"https:\/\/dignitynews.eu\/pl\/\"},{\"@type\":\"ListItem\",\"position\":2,\"name\":\"Polska w\u015br\u00f3d pi\u0119ciu pa\u0144stw UE wybranych do instalacji systemu superkomputerowego nowej generacji\"}]},{\"@type\":\"Person\",\"@id\":\"https:\/\/dignitynews.eu\/pl\/#\/schema\/person\/0b62b762b8174802fabc81a3ecb1bfcb\",\"name\":\"Dignity News\",\"image\":{\"@type\":\"ImageObject\",\"inLanguage\":\"pl-PL\",\"@id\":\"https:\/\/dignitynews.eu\/pl\/#\/schema\/person\/image\/\",\"url\":\"https:\/\/secure.gravatar.com\/avatar\/97963171a6d9108f8381bbefb1c6b150c445b6ddd9e3077b96c86cf5892c85dc?s=96&d=mm&r=g\",\"contentUrl\":\"https:\/\/secure.gravatar.com\/avatar\/97963171a6d9108f8381bbefb1c6b150c445b6ddd9e3077b96c86cf5892c85dc?s=96&d=mm&r=g\",\"caption\":\"Dignity News\"},\"url\":\"https:\/\/dignitynews.eu\/pl\/author\/mikolaj-palade\/\"}]}<\/script>\n<!-- \/ Yoast SEO plugin. -->","yoast_head_json":{"title":"Polska w\u015br\u00f3d pi\u0119ciu pa\u0144stw UE wybranych do instalacji systemu superkomputerowego nowej generacji - Godno\u015b\u0107 - DignityNews.eu","robots":{"index":"index","follow":"follow","max-snippet":"max-snippet:-1","max-image-preview":"max-image-preview:large","max-video-preview":"max-video-preview:-1"},"canonical":"https:\/\/dignitynews.eu\/pl\/polska-wsrod-pieciu-panstw-ue-wybranych-do-instalacji-systemu-superkomputerowego-nowej-generacji\/","og_locale":"pl_PL","og_type":"article","og_title":"Polska w\u015br\u00f3d pi\u0119ciu pa\u0144stw UE wybranych do instalacji systemu superkomputerowego nowej generacji - Godno\u015b\u0107 - DignityNews.eu","og_description":"Polska, Grecja, Irlandia, Niemcy i W\u0119gry \u2013 to pi\u0119\u0107 pa\u0144stw, wytypowanych przez Europejskie Wsp\u00f3lne Przedsi\u0119wzi\u0119cie w dziedzinie Oblicze\u0144 Wielkiej Skali (EuroHPC JU), w kt\u00f3rych zostan\u0105 zainstalowane nowe superkomputery buduj\u0105ce europejsk\u0105&hellip;","og_url":"https:\/\/dignitynews.eu\/pl\/polska-wsrod-pieciu-panstw-ue-wybranych-do-instalacji-systemu-superkomputerowego-nowej-generacji\/","og_site_name":"Godno\u015b\u0107 - DignityNews.eu","article_published_time":"2022-06-22T08:49:31+00:00","og_image":[{"width":1500,"height":1000,"url":"https:\/\/dignitynews.eu\/wp-content\/uploads\/2022\/06\/System-superkomputerowy-fot.-Jan-GRACZYNSKI-East-News.jpg","type":"image\/jpeg"}],"author":"Dignity News","twitter_card":"summary_large_image","twitter_misc":{"Napisane przez":"Dignity News","Szacowany czas czytania":"1 minuta"},"schema":{"@context":"https:\/\/schema.org","@graph":[{"@type":"WebSite","@id":"https:\/\/dignitynews.eu\/pl\/#website","url":"https:\/\/dignitynews.eu\/pl\/","name":"Godno\u015b\u0107 - DignityNews.eu","description":"","potentialAction":[{"@type":"SearchAction","target":{"@type":"EntryPoint","urlTemplate":"https:\/\/dignitynews.eu\/pl\/?s={search_term_string}"},"query-input":"required name=search_term_string"}],"inLanguage":"pl-PL"},{"@type":"WebPage","@id":"https:\/\/dignitynews.eu\/pl\/polska-wsrod-pieciu-panstw-ue-wybranych-do-instalacji-systemu-superkomputerowego-nowej-generacji\/","url":"https:\/\/dignitynews.eu\/pl\/polska-wsrod-pieciu-panstw-ue-wybranych-do-instalacji-systemu-superkomputerowego-nowej-generacji\/","name":"Polska w\u015br\u00f3d pi\u0119ciu pa\u0144stw UE wybranych do instalacji systemu superkomputerowego nowej generacji - Godno\u015b\u0107 - DignityNews.eu","isPartOf":{"@id":"https:\/\/dignitynews.eu\/pl\/#website"},"datePublished":"2022-06-22T08:49:31+00:00","dateModified":"2022-06-22T08:49:31+00:00","author":{"@id":"https:\/\/dignitynews.eu\/pl\/#\/schema\/person\/0b62b762b8174802fabc81a3ecb1bfcb"},"breadcrumb":{"@id":"https:\/\/dignitynews.eu\/pl\/polska-wsrod-pieciu-panstw-ue-wybranych-do-instalacji-systemu-superkomputerowego-nowej-generacji\/#breadcrumb"},"inLanguage":"pl-PL","potentialAction":[{"@type":"ReadAction","target":["https:\/\/dignitynews.eu\/pl\/polska-wsrod-pieciu-panstw-ue-wybranych-do-instalacji-systemu-superkomputerowego-nowej-generacji\/"]}]},{"@type":"BreadcrumbList","@id":"https:\/\/dignitynews.eu\/pl\/polska-wsrod-pieciu-panstw-ue-wybranych-do-instalacji-systemu-superkomputerowego-nowej-generacji\/#breadcrumb","itemListElement":[{"@type":"ListItem","position":1,"name":"Strona g\u0142\u00f3wna","item":"https:\/\/dignitynews.eu\/pl\/"},{"@type":"ListItem","position":2,"name":"Polska w\u015br\u00f3d pi\u0119ciu pa\u0144stw UE wybranych do instalacji systemu superkomputerowego nowej generacji"}]},{"@type":"Person","@id":"https:\/\/dignitynews.eu\/pl\/#\/schema\/person\/0b62b762b8174802fabc81a3ecb1bfcb","name":"Dignity News","image":{"@type":"ImageObject","inLanguage":"pl-PL","@id":"https:\/\/dignitynews.eu\/pl\/#\/schema\/person\/image\/","url":"https:\/\/secure.gravatar.com\/avatar\/97963171a6d9108f8381bbefb1c6b150c445b6ddd9e3077b96c86cf5892c85dc?s=96&d=mm&r=g","contentUrl":"https:\/\/secure.gravatar.com\/avatar\/97963171a6d9108f8381bbefb1c6b150c445b6ddd9e3077b96c86cf5892c85dc?s=96&d=mm&r=g","caption":"Dignity News"},"url":"https:\/\/dignitynews.eu\/pl\/author\/mikolaj-palade\/"}]}},"_links":{"self":[{"href":"https:\/\/dignitynews.eu\/pl\/wp-json\/wp\/v2\/posts\/21638","targetHints":{"allow":["GET"]}}],"collection":[{"href":"https:\/\/dignitynews.eu\/pl\/wp-json\/wp\/v2\/posts"}],"about":[{"href":"https:\/\/dignitynews.eu\/pl\/wp-json\/wp\/v2\/types\/post"}],"author":[{"embeddable":true,"href":"https:\/\/dignitynews.eu\/pl\/wp-json\/wp\/v2\/users\/7"}],"replies":[{"embeddable":true,"href":"https:\/\/dignitynews.eu\/pl\/wp-json\/wp\/v2\/comments?post=21638"}],"version-history":[{"count":1,"href":"https:\/\/dignitynews.eu\/pl\/wp-json\/wp\/v2\/posts\/21638\/revisions"}],"predecessor-version":[{"id":21644,"href":"https:\/\/dignitynews.eu\/pl\/wp-json\/wp\/v2\/posts\/21638\/revisions\/21644"}],"wp:featuredmedia":[{"embeddable":true,"href":"https:\/\/dignitynews.eu\/pl\/wp-json\/wp\/v2\/media\/21639"}],"wp:attachment":[{"href":"https:\/\/dignitynews.eu\/pl\/wp-json\/wp\/v2\/media?parent=21638"}],"wp:term":[{"taxonomy":"category","embeddable":true,"href":"https:\/\/dignitynews.eu\/pl\/wp-json\/wp\/v2\/categories?post=21638"},{"taxonomy":"post_tag","embeddable":true,"href":"https:\/\/dignitynews.eu\/pl\/wp-json\/wp\/v2\/tags?post=21638"}],"curies":[{"name":"wp","href":"https:\/\/api.w.org\/{rel}","templated":true}]}}