{"id":21511,"date":"2022-06-21T11:50:03","date_gmt":"2022-06-21T09:50:03","guid":{"rendered":"https:\/\/dignitynews.eu\/?p=21511"},"modified":"2022-06-21T11:50:03","modified_gmt":"2022-06-21T09:50:03","slug":"jest-zgoda-komisji-europejskiej-na-fuzje-orlenu-i-lotosu","status":"publish","type":"post","link":"https:\/\/dignitynews.eu\/pl\/jest-zgoda-komisji-europejskiej-na-fuzje-orlenu-i-lotosu\/","title":{"rendered":"Jest zgoda Komisji Europejskiej na fuzj\u0119 ORLENU i LOTOSU"},"content":{"rendered":"<h5><strong>PKN ORLEN otrzyma\u0142 zgod\u0119 Komisji Europejskiej na po\u0142\u0105czenie z Grup\u0105 LOTOS. Nowa Grupa ORLEN b\u0119dzie oparta o w pe\u0142ni zintegrowany \u0142a\u0144cuch warto\u015bci, od poszukiwa\u0144 i wydobycia, przez rafineri\u0119, petrochemi\u0119 oraz nowoczesn\u0105 energetyk\u0119, a\u017c po sprzeda\u017c detaliczn\u0105 \u2013 informuje w komunikacie PKN ORLEN. <\/strong><\/h5>\n<p>Jak podkre\u015bla sp\u00f3\u0142ka, to oznacza \u201ed\u0142ugoterminowe zyski dla firm i ich akcjonariuszy, stabilne zaopatrzenie w energi\u0119 dla polskiej gospodarki w mo\u017cliwie najni\u017cszych cenach, atrakcyjny pakiet kompleksowych us\u0142ug dla klient\u00f3w, a tak\u017ce jeszcze wi\u0119ksze wsparcie inicjatyw spo\u0142ecznych\u201d.<\/p>\n<p>W ocenie ORLENU zgoda Komisji Europejskiej dowodzi pe\u0142nej akceptacji dla wynegocjowanych przez sp\u00f3\u0142k\u0119 um\u00f3w i partner\u00f3w do ich realizacji. Jest tak\u017ce potwierdzeniem, \u017ce fuzja sp\u00f3\u0142ek nie zaburzy konkurencji w \u017cadnym z obszar\u00f3w dzia\u0142alno\u015bci, nie tylko w Polsce, ale te\u017c w regionie.<\/p>\n<p>To historyczny moment dla PKN ORLEN i Grupy LOTOS oraz polskiej gospodarki. Zgoda Komisji Europejskiej realnie przybli\u017ca nas do intensyfikacji wsp\u00f3lnych kluczowych dla Polski i ca\u0142ego regionu inwestycji \u2013 powiedzia\u0142 Daniel Obajtek, prezes zarz\u0105du PKN ORLEN. Podkre\u015bli\u0142, \u017ce koncern utworzony z aktyw\u00f3w PKN ORLEN, Grupy Energa, Grupy LOTOS, a docelowo tak\u017ce PGNiG, b\u0119dzie najwi\u0119ksz\u0105 sp\u00f3\u0142k\u0105 Europy \u015arodkowo-Wschodniej, zdoln\u0105 do skutecznego stawienia czo\u0142a wyzwaniom transformacji energetycznej i realizacji wartych miliardy z\u0142otych inwestycji w zero- i niskoemisyjn\u0105 energetyk\u0119.<\/p>\n<p>Fuzja oznacza budow\u0119 jednego silnego koncernu multienergetycznego z przychodami na poziomie ok. 250 mld z\u0142 rocznie, kt\u00f3ry b\u0119dzie obs\u0142ugiwa\u0142 ok. 100 mln klient\u00f3w w Europie.<\/p>\n<p>W wyniku po\u0142\u0105czenia firm wzro\u015bnie skala nak\u0142ad\u00f3w inwestycyjnych. Tylko w 2021 r. Grupa ORLEN przeznaczy\u0142a na inwestycje rekordowe 9,9 mld z\u0142, natomiast nak\u0142ady inwestycyjne na ten rok wynios\u0105 a\u017c 15,2 mld z\u0142, najwi\u0119cej w historii firmy.<\/p>\n<p>Adrian Andrzejewski<\/p>\n","protected":false},"excerpt":{"rendered":"<p>PKN ORLEN otrzyma\u0142 zgod\u0119 Komisji Europejskiej na po\u0142\u0105czenie z Grup\u0105 LOTOS. Nowa Grupa ORLEN b\u0119dzie oparta o w pe\u0142ni zintegrowany \u0142a\u0144cuch warto\u015bci, od poszukiwa\u0144 i wydobycia, przez rafineri\u0119, petrochemi\u0119 oraz&hellip;<\/p>\n","protected":false},"author":7,"featured_media":21512,"comment_status":"closed","ping_status":"open","sticky":false,"template":"","format":"standard","meta":{"_mi_skip_tracking":false,"footnotes":""},"categories":[48],"tags":[],"class_list":["post-21511","post","type-post","status-publish","format-standard","has-post-thumbnail","hentry","category-gospodarka"],"yoast_head":"<!-- This site is optimized with the Yoast SEO plugin v19.4 - https:\/\/yoast.com\/wordpress\/plugins\/seo\/ -->\n<title>Jest zgoda Komisji Europejskiej na fuzj\u0119 ORLENU i LOTOSU - Godno\u015b\u0107 - DignityNews.eu<\/title>\n<meta name=\"robots\" content=\"index, follow, max-snippet:-1, max-image-preview:large, max-video-preview:-1\" \/>\n<link rel=\"canonical\" href=\"https:\/\/dignitynews.eu\/pl\/jest-zgoda-komisji-europejskiej-na-fuzje-orlenu-i-lotosu\/\" \/>\n<meta property=\"og:locale\" content=\"pl_PL\" \/>\n<meta property=\"og:type\" content=\"article\" \/>\n<meta property=\"og:title\" content=\"Jest zgoda Komisji Europejskiej na fuzj\u0119 ORLENU i LOTOSU - Godno\u015b\u0107 - DignityNews.eu\" \/>\n<meta property=\"og:description\" content=\"PKN ORLEN otrzyma\u0142 zgod\u0119 Komisji Europejskiej na po\u0142\u0105czenie z Grup\u0105 LOTOS. Nowa Grupa ORLEN b\u0119dzie oparta o w pe\u0142ni zintegrowany \u0142a\u0144cuch warto\u015bci, od poszukiwa\u0144 i wydobycia, przez rafineri\u0119, petrochemi\u0119 oraz&hellip;\" \/>\n<meta property=\"og:url\" content=\"https:\/\/dignitynews.eu\/pl\/jest-zgoda-komisji-europejskiej-na-fuzje-orlenu-i-lotosu\/\" \/>\n<meta property=\"og:site_name\" content=\"Godno\u015b\u0107 - DignityNews.eu\" \/>\n<meta property=\"article:published_time\" content=\"2022-06-21T09:50:03+00:00\" \/>\n<meta property=\"og:image\" content=\"https:\/\/dignitynews.eu\/wp-content\/uploads\/2022\/06\/Daniel-Obajtek-Fuzja-Orlen-Lotos-fot.-Piotr-Molecki-East-News.jpg\" \/>\n\t<meta property=\"og:image:width\" content=\"1500\" \/>\n\t<meta property=\"og:image:height\" content=\"1104\" \/>\n\t<meta property=\"og:image:type\" content=\"image\/jpeg\" \/>\n<meta name=\"author\" content=\"Dignity News\" \/>\n<meta name=\"twitter:card\" content=\"summary_large_image\" \/>\n<meta name=\"twitter:label1\" content=\"Napisane przez\" \/>\n\t<meta name=\"twitter:data1\" content=\"Dignity News\" \/>\n\t<meta name=\"twitter:label2\" content=\"Szacowany czas czytania\" \/>\n\t<meta name=\"twitter:data2\" content=\"1 minuta\" \/>\n<script type=\"application\/ld+json\" class=\"yoast-schema-graph\">{\"@context\":\"https:\/\/schema.org\",\"@graph\":[{\"@type\":\"WebSite\",\"@id\":\"https:\/\/dignitynews.eu\/pl\/#website\",\"url\":\"https:\/\/dignitynews.eu\/pl\/\",\"name\":\"Godno\u015b\u0107 - DignityNews.eu\",\"description\":\"\",\"potentialAction\":[{\"@type\":\"SearchAction\",\"target\":{\"@type\":\"EntryPoint\",\"urlTemplate\":\"https:\/\/dignitynews.eu\/pl\/?s={search_term_string}\"},\"query-input\":\"required name=search_term_string\"}],\"inLanguage\":\"pl-PL\"},{\"@type\":\"WebPage\",\"@id\":\"https:\/\/dignitynews.eu\/pl\/jest-zgoda-komisji-europejskiej-na-fuzje-orlenu-i-lotosu\/\",\"url\":\"https:\/\/dignitynews.eu\/pl\/jest-zgoda-komisji-europejskiej-na-fuzje-orlenu-i-lotosu\/\",\"name\":\"Jest zgoda Komisji Europejskiej na fuzj\u0119 ORLENU i LOTOSU - Godno\u015b\u0107 - DignityNews.eu\",\"isPartOf\":{\"@id\":\"https:\/\/dignitynews.eu\/pl\/#website\"},\"datePublished\":\"2022-06-21T09:50:03+00:00\",\"dateModified\":\"2022-06-21T09:50:03+00:00\",\"author\":{\"@id\":\"https:\/\/dignitynews.eu\/pl\/#\/schema\/person\/0b62b762b8174802fabc81a3ecb1bfcb\"},\"breadcrumb\":{\"@id\":\"https:\/\/dignitynews.eu\/pl\/jest-zgoda-komisji-europejskiej-na-fuzje-orlenu-i-lotosu\/#breadcrumb\"},\"inLanguage\":\"pl-PL\",\"potentialAction\":[{\"@type\":\"ReadAction\",\"target\":[\"https:\/\/dignitynews.eu\/pl\/jest-zgoda-komisji-europejskiej-na-fuzje-orlenu-i-lotosu\/\"]}]},{\"@type\":\"BreadcrumbList\",\"@id\":\"https:\/\/dignitynews.eu\/pl\/jest-zgoda-komisji-europejskiej-na-fuzje-orlenu-i-lotosu\/#breadcrumb\",\"itemListElement\":[{\"@type\":\"ListItem\",\"position\":1,\"name\":\"Strona g\u0142\u00f3wna\",\"item\":\"https:\/\/dignitynews.eu\/pl\/\"},{\"@type\":\"ListItem\",\"position\":2,\"name\":\"Jest zgoda Komisji Europejskiej na fuzj\u0119 ORLENU i LOTOSU\"}]},{\"@type\":\"Person\",\"@id\":\"https:\/\/dignitynews.eu\/pl\/#\/schema\/person\/0b62b762b8174802fabc81a3ecb1bfcb\",\"name\":\"Dignity News\",\"image\":{\"@type\":\"ImageObject\",\"inLanguage\":\"pl-PL\",\"@id\":\"https:\/\/dignitynews.eu\/pl\/#\/schema\/person\/image\/\",\"url\":\"https:\/\/secure.gravatar.com\/avatar\/97963171a6d9108f8381bbefb1c6b150c445b6ddd9e3077b96c86cf5892c85dc?s=96&d=mm&r=g\",\"contentUrl\":\"https:\/\/secure.gravatar.com\/avatar\/97963171a6d9108f8381bbefb1c6b150c445b6ddd9e3077b96c86cf5892c85dc?s=96&d=mm&r=g\",\"caption\":\"Dignity News\"},\"url\":\"https:\/\/dignitynews.eu\/pl\/author\/mikolaj-palade\/\"}]}<\/script>\n<!-- \/ Yoast SEO plugin. -->","yoast_head_json":{"title":"Jest zgoda Komisji Europejskiej na fuzj\u0119 ORLENU i LOTOSU - Godno\u015b\u0107 - DignityNews.eu","robots":{"index":"index","follow":"follow","max-snippet":"max-snippet:-1","max-image-preview":"max-image-preview:large","max-video-preview":"max-video-preview:-1"},"canonical":"https:\/\/dignitynews.eu\/pl\/jest-zgoda-komisji-europejskiej-na-fuzje-orlenu-i-lotosu\/","og_locale":"pl_PL","og_type":"article","og_title":"Jest zgoda Komisji Europejskiej na fuzj\u0119 ORLENU i LOTOSU - Godno\u015b\u0107 - DignityNews.eu","og_description":"PKN ORLEN otrzyma\u0142 zgod\u0119 Komisji Europejskiej na po\u0142\u0105czenie z Grup\u0105 LOTOS. Nowa Grupa ORLEN b\u0119dzie oparta o w pe\u0142ni zintegrowany \u0142a\u0144cuch warto\u015bci, od poszukiwa\u0144 i wydobycia, przez rafineri\u0119, petrochemi\u0119 oraz&hellip;","og_url":"https:\/\/dignitynews.eu\/pl\/jest-zgoda-komisji-europejskiej-na-fuzje-orlenu-i-lotosu\/","og_site_name":"Godno\u015b\u0107 - DignityNews.eu","article_published_time":"2022-06-21T09:50:03+00:00","og_image":[{"width":1500,"height":1104,"url":"https:\/\/dignitynews.eu\/wp-content\/uploads\/2022\/06\/Daniel-Obajtek-Fuzja-Orlen-Lotos-fot.-Piotr-Molecki-East-News.jpg","type":"image\/jpeg"}],"author":"Dignity News","twitter_card":"summary_large_image","twitter_misc":{"Napisane przez":"Dignity News","Szacowany czas czytania":"1 minuta"},"schema":{"@context":"https:\/\/schema.org","@graph":[{"@type":"WebSite","@id":"https:\/\/dignitynews.eu\/pl\/#website","url":"https:\/\/dignitynews.eu\/pl\/","name":"Godno\u015b\u0107 - DignityNews.eu","description":"","potentialAction":[{"@type":"SearchAction","target":{"@type":"EntryPoint","urlTemplate":"https:\/\/dignitynews.eu\/pl\/?s={search_term_string}"},"query-input":"required name=search_term_string"}],"inLanguage":"pl-PL"},{"@type":"WebPage","@id":"https:\/\/dignitynews.eu\/pl\/jest-zgoda-komisji-europejskiej-na-fuzje-orlenu-i-lotosu\/","url":"https:\/\/dignitynews.eu\/pl\/jest-zgoda-komisji-europejskiej-na-fuzje-orlenu-i-lotosu\/","name":"Jest zgoda Komisji Europejskiej na fuzj\u0119 ORLENU i LOTOSU - Godno\u015b\u0107 - DignityNews.eu","isPartOf":{"@id":"https:\/\/dignitynews.eu\/pl\/#website"},"datePublished":"2022-06-21T09:50:03+00:00","dateModified":"2022-06-21T09:50:03+00:00","author":{"@id":"https:\/\/dignitynews.eu\/pl\/#\/schema\/person\/0b62b762b8174802fabc81a3ecb1bfcb"},"breadcrumb":{"@id":"https:\/\/dignitynews.eu\/pl\/jest-zgoda-komisji-europejskiej-na-fuzje-orlenu-i-lotosu\/#breadcrumb"},"inLanguage":"pl-PL","potentialAction":[{"@type":"ReadAction","target":["https:\/\/dignitynews.eu\/pl\/jest-zgoda-komisji-europejskiej-na-fuzje-orlenu-i-lotosu\/"]}]},{"@type":"BreadcrumbList","@id":"https:\/\/dignitynews.eu\/pl\/jest-zgoda-komisji-europejskiej-na-fuzje-orlenu-i-lotosu\/#breadcrumb","itemListElement":[{"@type":"ListItem","position":1,"name":"Strona g\u0142\u00f3wna","item":"https:\/\/dignitynews.eu\/pl\/"},{"@type":"ListItem","position":2,"name":"Jest zgoda Komisji Europejskiej na fuzj\u0119 ORLENU i LOTOSU"}]},{"@type":"Person","@id":"https:\/\/dignitynews.eu\/pl\/#\/schema\/person\/0b62b762b8174802fabc81a3ecb1bfcb","name":"Dignity News","image":{"@type":"ImageObject","inLanguage":"pl-PL","@id":"https:\/\/dignitynews.eu\/pl\/#\/schema\/person\/image\/","url":"https:\/\/secure.gravatar.com\/avatar\/97963171a6d9108f8381bbefb1c6b150c445b6ddd9e3077b96c86cf5892c85dc?s=96&d=mm&r=g","contentUrl":"https:\/\/secure.gravatar.com\/avatar\/97963171a6d9108f8381bbefb1c6b150c445b6ddd9e3077b96c86cf5892c85dc?s=96&d=mm&r=g","caption":"Dignity News"},"url":"https:\/\/dignitynews.eu\/pl\/author\/mikolaj-palade\/"}]}},"_links":{"self":[{"href":"https:\/\/dignitynews.eu\/pl\/wp-json\/wp\/v2\/posts\/21511","targetHints":{"allow":["GET"]}}],"collection":[{"href":"https:\/\/dignitynews.eu\/pl\/wp-json\/wp\/v2\/posts"}],"about":[{"href":"https:\/\/dignitynews.eu\/pl\/wp-json\/wp\/v2\/types\/post"}],"author":[{"embeddable":true,"href":"https:\/\/dignitynews.eu\/pl\/wp-json\/wp\/v2\/users\/7"}],"replies":[{"embeddable":true,"href":"https:\/\/dignitynews.eu\/pl\/wp-json\/wp\/v2\/comments?post=21511"}],"version-history":[{"count":1,"href":"https:\/\/dignitynews.eu\/pl\/wp-json\/wp\/v2\/posts\/21511\/revisions"}],"predecessor-version":[{"id":21517,"href":"https:\/\/dignitynews.eu\/pl\/wp-json\/wp\/v2\/posts\/21511\/revisions\/21517"}],"wp:featuredmedia":[{"embeddable":true,"href":"https:\/\/dignitynews.eu\/pl\/wp-json\/wp\/v2\/media\/21512"}],"wp:attachment":[{"href":"https:\/\/dignitynews.eu\/pl\/wp-json\/wp\/v2\/media?parent=21511"}],"wp:term":[{"taxonomy":"category","embeddable":true,"href":"https:\/\/dignitynews.eu\/pl\/wp-json\/wp\/v2\/categories?post=21511"},{"taxonomy":"post_tag","embeddable":true,"href":"https:\/\/dignitynews.eu\/pl\/wp-json\/wp\/v2\/tags?post=21511"}],"curies":[{"name":"wp","href":"https:\/\/api.w.org\/{rel}","templated":true}]}}