{"id":21504,"date":"2022-06-21T11:48:46","date_gmt":"2022-06-21T09:48:46","guid":{"rendered":"https:\/\/dignitynews.eu\/?p=21504"},"modified":"2022-06-21T11:48:46","modified_gmt":"2022-06-21T09:48:46","slug":"zmarl-jozef-walaszczyk-najstarszy-sprawiedliwy-wsrod-narodow-swiata","status":"publish","type":"post","link":"https:\/\/dignitynews.eu\/pl\/zmarl-jozef-walaszczyk-najstarszy-sprawiedliwy-wsrod-narodow-swiata\/","title":{"rendered":"Zmar\u0142 J\u00f3zef Walaszczyk. Najstarszy Sprawiedliwy w\u015br\u00f3d Narod\u00f3w \u015awiata"},"content":{"rendered":"<h5><strong>To, co robili Niemcy, wywo\u0142ywa\u0142o sprzeciw. Trzeba by\u0107 wra\u017cliwym na b\u00f3l, nieszcz\u0119\u015bcie i umie\u0107 wsp\u00f3\u0142czu\u0107. Mog\u0119 powiedzie\u0107, \u017ce jestem zadowolony z mojego \u017cycia. Spe\u0142ni\u0142em swoje ludzkie zadanie i mam poczucie wewn\u0119trznego spokoju \u2013 m\u00f3wi\u0142 J\u00f3zef Walaszczyk w maju 2019 r. w reporta\u017cu Polskiego Radia. Podczas II wojny \u015bwiatowej uratowa\u0142 56 \u017byd\u00f3w. Zmar\u0142 20 czerwca 2022 r. w wieku 103 lat. By\u0142 najstarszym Sprawiedliwym w\u015br\u00f3d Narod\u00f3w \u015awiata.<\/strong><\/h5>\n<p>O \u015bmierci J\u00f3zefa Walaszczyka poinformowa\u0142 Instytut Pami\u0119ci Narodowej (IPN).<\/p>\n<p>J\u00f3zef Walaszczyk urodzi\u0142 si\u0119 13 listopada 1919 r. w Cz\u0119stochowie. Zna\u0142 biegle j\u0119zyk niemiecki. W czasie II wojny \u015bwiatowej, zosta\u0142 wyznaczony do kierowania fabryk\u0105 m\u0105ki ziemniaczanej w Rylsku ko\u0142o Rawy Mazowieckiej, kt\u00f3ra pracowa\u0142a na potrzeby okupanta.<\/p>\n<p>W 1940 r. zakocha\u0142 si\u0119 w \u017byd\u00f3wce, Irenie Front. O pochodzeniu dziewczyny dowiedzia\u0142 si\u0119 podczas rewizji hotelu, w kt\u00f3rym razem przebywali. Na miejscu pom\u00f3g\u0142 si\u0119 jej ukry\u0107, a nast\u0119pnie zorganizowa\u0142 dla niej fa\u0142szywe dokumenty i mieszkanie. Nied\u0142ugo po tym Irena, wraz z 20 innymi osobami, zosta\u0142a aresztowana i osadzona w siedzibie Gestapo przy al. Szucha. J\u00f3zef Walaszczyk w kilka godzin zdoby\u0142 kilogram z\u0142ota i wykupi\u0142 ca\u0142\u0105 grup\u0119 z wi\u0119zienia \u2013 czytamy na stronach IPN.<\/p>\n<p>J\u00f3zef Walaszczyk po\u015bwi\u0119ci\u0142 si\u0119 nie tylko uratowaniu Ireny Front, ale aktywnie dzia\u0142a\u0142 na rzecz nieznajomych \u017byd\u00f3w. Wielokrotnie wchodzi\u0142 na teren getta warszawskiego, z kt\u00f3rego przygotowywa\u0142\u00a0dla Armii Krajowej\u00a0meldunki o sytuacji zamkni\u0119tej ludno\u015bci.<\/p>\n<p>Pom\u00f3g\u0142 tak\u017ce kilkudziesi\u0119ciu \u017bydom z Rawy Mazowieckiej. W 1941 roku zwr\u00f3ci\u0142 si\u0119 do niego znajomy kupiec z lat przedwojennych, kt\u00f3ry poprosi\u0142 go o przyj\u0119cie do fabryki 40 m\u0142odych \u017byd\u00f3w. Uda\u0142o mu si\u0119 wynegocjowa\u0107 z dyrektorem Arbeitsamtu zgod\u0119 na zatrudnienie\u00a030 pracownik\u00f3w, kt\u00f3rzy dzi\u0119ki niemu prze\u017cyli Holokaust.<\/p>\n<p>W 2002 roku dosta\u0142 tytu\u0142 Sprawiedliwego w\u015br\u00f3d Narod\u00f3w \u015awiata. Pe\u0142ni\u0142\u00a0funkcj\u0119 wiceprezesa Zarz\u0105du G\u0142\u00f3wnego Polskiego Towarzystwa Sprawiedliwych w\u015br\u00f3d Narod\u00f3w \u015awiata.<\/p>\n<p>Adrian Andrzejewski<\/p>\n","protected":false},"excerpt":{"rendered":"<p>To, co robili Niemcy, wywo\u0142ywa\u0142o sprzeciw. Trzeba by\u0107 wra\u017cliwym na b\u00f3l, nieszcz\u0119\u015bcie i umie\u0107 wsp\u00f3\u0142czu\u0107. Mog\u0119 powiedzie\u0107, \u017ce jestem zadowolony z mojego \u017cycia. Spe\u0142ni\u0142em swoje ludzkie zadanie i mam poczucie&hellip;<\/p>\n","protected":false},"author":7,"featured_media":21505,"comment_status":"closed","ping_status":"open","sticky":false,"template":"","format":"standard","meta":{"_mi_skip_tracking":false,"footnotes":""},"categories":[47],"tags":[],"class_list":["post-21504","post","type-post","status-publish","format-standard","has-post-thumbnail","hentry","category-wydarzenia"],"yoast_head":"<!-- This site is optimized with the Yoast SEO plugin v19.4 - https:\/\/yoast.com\/wordpress\/plugins\/seo\/ -->\n<title>Zmar\u0142 J\u00f3zef Walaszczyk. Najstarszy Sprawiedliwy w\u015br\u00f3d Narod\u00f3w \u015awiata - Godno\u015b\u0107 - DignityNews.eu<\/title>\n<meta name=\"robots\" content=\"index, follow, max-snippet:-1, max-image-preview:large, max-video-preview:-1\" \/>\n<link rel=\"canonical\" href=\"https:\/\/dignitynews.eu\/pl\/zmarl-jozef-walaszczyk-najstarszy-sprawiedliwy-wsrod-narodow-swiata\/\" \/>\n<meta property=\"og:locale\" content=\"pl_PL\" \/>\n<meta property=\"og:type\" content=\"article\" \/>\n<meta property=\"og:title\" content=\"Zmar\u0142 J\u00f3zef Walaszczyk. Najstarszy Sprawiedliwy w\u015br\u00f3d Narod\u00f3w \u015awiata - Godno\u015b\u0107 - DignityNews.eu\" \/>\n<meta property=\"og:description\" content=\"To, co robili Niemcy, wywo\u0142ywa\u0142o sprzeciw. Trzeba by\u0107 wra\u017cliwym na b\u00f3l, nieszcz\u0119\u015bcie i umie\u0107 wsp\u00f3\u0142czu\u0107. Mog\u0119 powiedzie\u0107, \u017ce jestem zadowolony z mojego \u017cycia. Spe\u0142ni\u0142em swoje ludzkie zadanie i mam poczucie&hellip;\" \/>\n<meta property=\"og:url\" content=\"https:\/\/dignitynews.eu\/pl\/zmarl-jozef-walaszczyk-najstarszy-sprawiedliwy-wsrod-narodow-swiata\/\" \/>\n<meta property=\"og:site_name\" content=\"Godno\u015b\u0107 - DignityNews.eu\" \/>\n<meta property=\"article:published_time\" content=\"2022-06-21T09:48:46+00:00\" \/>\n<meta property=\"og:image\" content=\"https:\/\/dignitynews.eu\/wp-content\/uploads\/2022\/06\/Jozef-Walaszczyk-fot.-PL1918.png\" \/>\n\t<meta property=\"og:image:width\" content=\"491\" \/>\n\t<meta property=\"og:image:height\" content=\"433\" \/>\n\t<meta property=\"og:image:type\" content=\"image\/png\" \/>\n<meta name=\"author\" content=\"Dignity News\" \/>\n<meta name=\"twitter:card\" content=\"summary_large_image\" \/>\n<meta name=\"twitter:label1\" content=\"Napisane przez\" \/>\n\t<meta name=\"twitter:data1\" content=\"Dignity News\" \/>\n\t<meta name=\"twitter:label2\" content=\"Szacowany czas czytania\" \/>\n\t<meta name=\"twitter:data2\" content=\"2 minuty\" \/>\n<script type=\"application\/ld+json\" class=\"yoast-schema-graph\">{\"@context\":\"https:\/\/schema.org\",\"@graph\":[{\"@type\":\"WebSite\",\"@id\":\"https:\/\/dignitynews.eu\/pl\/#website\",\"url\":\"https:\/\/dignitynews.eu\/pl\/\",\"name\":\"Godno\u015b\u0107 - DignityNews.eu\",\"description\":\"\",\"potentialAction\":[{\"@type\":\"SearchAction\",\"target\":{\"@type\":\"EntryPoint\",\"urlTemplate\":\"https:\/\/dignitynews.eu\/pl\/?s={search_term_string}\"},\"query-input\":\"required name=search_term_string\"}],\"inLanguage\":\"pl-PL\"},{\"@type\":\"WebPage\",\"@id\":\"https:\/\/dignitynews.eu\/pl\/zmarl-jozef-walaszczyk-najstarszy-sprawiedliwy-wsrod-narodow-swiata\/\",\"url\":\"https:\/\/dignitynews.eu\/pl\/zmarl-jozef-walaszczyk-najstarszy-sprawiedliwy-wsrod-narodow-swiata\/\",\"name\":\"Zmar\u0142 J\u00f3zef Walaszczyk. Najstarszy Sprawiedliwy w\u015br\u00f3d Narod\u00f3w \u015awiata - Godno\u015b\u0107 - DignityNews.eu\",\"isPartOf\":{\"@id\":\"https:\/\/dignitynews.eu\/pl\/#website\"},\"datePublished\":\"2022-06-21T09:48:46+00:00\",\"dateModified\":\"2022-06-21T09:48:46+00:00\",\"author\":{\"@id\":\"https:\/\/dignitynews.eu\/pl\/#\/schema\/person\/0b62b762b8174802fabc81a3ecb1bfcb\"},\"breadcrumb\":{\"@id\":\"https:\/\/dignitynews.eu\/pl\/zmarl-jozef-walaszczyk-najstarszy-sprawiedliwy-wsrod-narodow-swiata\/#breadcrumb\"},\"inLanguage\":\"pl-PL\",\"potentialAction\":[{\"@type\":\"ReadAction\",\"target\":[\"https:\/\/dignitynews.eu\/pl\/zmarl-jozef-walaszczyk-najstarszy-sprawiedliwy-wsrod-narodow-swiata\/\"]}]},{\"@type\":\"BreadcrumbList\",\"@id\":\"https:\/\/dignitynews.eu\/pl\/zmarl-jozef-walaszczyk-najstarszy-sprawiedliwy-wsrod-narodow-swiata\/#breadcrumb\",\"itemListElement\":[{\"@type\":\"ListItem\",\"position\":1,\"name\":\"Strona g\u0142\u00f3wna\",\"item\":\"https:\/\/dignitynews.eu\/pl\/\"},{\"@type\":\"ListItem\",\"position\":2,\"name\":\"Zmar\u0142 J\u00f3zef Walaszczyk. Najstarszy Sprawiedliwy w\u015br\u00f3d Narod\u00f3w \u015awiata\"}]},{\"@type\":\"Person\",\"@id\":\"https:\/\/dignitynews.eu\/pl\/#\/schema\/person\/0b62b762b8174802fabc81a3ecb1bfcb\",\"name\":\"Dignity News\",\"image\":{\"@type\":\"ImageObject\",\"inLanguage\":\"pl-PL\",\"@id\":\"https:\/\/dignitynews.eu\/pl\/#\/schema\/person\/image\/\",\"url\":\"https:\/\/secure.gravatar.com\/avatar\/97963171a6d9108f8381bbefb1c6b150c445b6ddd9e3077b96c86cf5892c85dc?s=96&d=mm&r=g\",\"contentUrl\":\"https:\/\/secure.gravatar.com\/avatar\/97963171a6d9108f8381bbefb1c6b150c445b6ddd9e3077b96c86cf5892c85dc?s=96&d=mm&r=g\",\"caption\":\"Dignity News\"},\"url\":\"https:\/\/dignitynews.eu\/pl\/author\/mikolaj-palade\/\"}]}<\/script>\n<!-- \/ Yoast SEO plugin. -->","yoast_head_json":{"title":"Zmar\u0142 J\u00f3zef Walaszczyk. Najstarszy Sprawiedliwy w\u015br\u00f3d Narod\u00f3w \u015awiata - Godno\u015b\u0107 - DignityNews.eu","robots":{"index":"index","follow":"follow","max-snippet":"max-snippet:-1","max-image-preview":"max-image-preview:large","max-video-preview":"max-video-preview:-1"},"canonical":"https:\/\/dignitynews.eu\/pl\/zmarl-jozef-walaszczyk-najstarszy-sprawiedliwy-wsrod-narodow-swiata\/","og_locale":"pl_PL","og_type":"article","og_title":"Zmar\u0142 J\u00f3zef Walaszczyk. Najstarszy Sprawiedliwy w\u015br\u00f3d Narod\u00f3w \u015awiata - Godno\u015b\u0107 - DignityNews.eu","og_description":"To, co robili Niemcy, wywo\u0142ywa\u0142o sprzeciw. Trzeba by\u0107 wra\u017cliwym na b\u00f3l, nieszcz\u0119\u015bcie i umie\u0107 wsp\u00f3\u0142czu\u0107. Mog\u0119 powiedzie\u0107, \u017ce jestem zadowolony z mojego \u017cycia. Spe\u0142ni\u0142em swoje ludzkie zadanie i mam poczucie&hellip;","og_url":"https:\/\/dignitynews.eu\/pl\/zmarl-jozef-walaszczyk-najstarszy-sprawiedliwy-wsrod-narodow-swiata\/","og_site_name":"Godno\u015b\u0107 - DignityNews.eu","article_published_time":"2022-06-21T09:48:46+00:00","og_image":[{"width":491,"height":433,"url":"https:\/\/dignitynews.eu\/wp-content\/uploads\/2022\/06\/Jozef-Walaszczyk-fot.-PL1918.png","type":"image\/png"}],"author":"Dignity News","twitter_card":"summary_large_image","twitter_misc":{"Napisane przez":"Dignity News","Szacowany czas czytania":"2 minuty"},"schema":{"@context":"https:\/\/schema.org","@graph":[{"@type":"WebSite","@id":"https:\/\/dignitynews.eu\/pl\/#website","url":"https:\/\/dignitynews.eu\/pl\/","name":"Godno\u015b\u0107 - DignityNews.eu","description":"","potentialAction":[{"@type":"SearchAction","target":{"@type":"EntryPoint","urlTemplate":"https:\/\/dignitynews.eu\/pl\/?s={search_term_string}"},"query-input":"required name=search_term_string"}],"inLanguage":"pl-PL"},{"@type":"WebPage","@id":"https:\/\/dignitynews.eu\/pl\/zmarl-jozef-walaszczyk-najstarszy-sprawiedliwy-wsrod-narodow-swiata\/","url":"https:\/\/dignitynews.eu\/pl\/zmarl-jozef-walaszczyk-najstarszy-sprawiedliwy-wsrod-narodow-swiata\/","name":"Zmar\u0142 J\u00f3zef Walaszczyk. Najstarszy Sprawiedliwy w\u015br\u00f3d Narod\u00f3w \u015awiata - Godno\u015b\u0107 - DignityNews.eu","isPartOf":{"@id":"https:\/\/dignitynews.eu\/pl\/#website"},"datePublished":"2022-06-21T09:48:46+00:00","dateModified":"2022-06-21T09:48:46+00:00","author":{"@id":"https:\/\/dignitynews.eu\/pl\/#\/schema\/person\/0b62b762b8174802fabc81a3ecb1bfcb"},"breadcrumb":{"@id":"https:\/\/dignitynews.eu\/pl\/zmarl-jozef-walaszczyk-najstarszy-sprawiedliwy-wsrod-narodow-swiata\/#breadcrumb"},"inLanguage":"pl-PL","potentialAction":[{"@type":"ReadAction","target":["https:\/\/dignitynews.eu\/pl\/zmarl-jozef-walaszczyk-najstarszy-sprawiedliwy-wsrod-narodow-swiata\/"]}]},{"@type":"BreadcrumbList","@id":"https:\/\/dignitynews.eu\/pl\/zmarl-jozef-walaszczyk-najstarszy-sprawiedliwy-wsrod-narodow-swiata\/#breadcrumb","itemListElement":[{"@type":"ListItem","position":1,"name":"Strona g\u0142\u00f3wna","item":"https:\/\/dignitynews.eu\/pl\/"},{"@type":"ListItem","position":2,"name":"Zmar\u0142 J\u00f3zef Walaszczyk. Najstarszy Sprawiedliwy w\u015br\u00f3d Narod\u00f3w \u015awiata"}]},{"@type":"Person","@id":"https:\/\/dignitynews.eu\/pl\/#\/schema\/person\/0b62b762b8174802fabc81a3ecb1bfcb","name":"Dignity News","image":{"@type":"ImageObject","inLanguage":"pl-PL","@id":"https:\/\/dignitynews.eu\/pl\/#\/schema\/person\/image\/","url":"https:\/\/secure.gravatar.com\/avatar\/97963171a6d9108f8381bbefb1c6b150c445b6ddd9e3077b96c86cf5892c85dc?s=96&d=mm&r=g","contentUrl":"https:\/\/secure.gravatar.com\/avatar\/97963171a6d9108f8381bbefb1c6b150c445b6ddd9e3077b96c86cf5892c85dc?s=96&d=mm&r=g","caption":"Dignity News"},"url":"https:\/\/dignitynews.eu\/pl\/author\/mikolaj-palade\/"}]}},"_links":{"self":[{"href":"https:\/\/dignitynews.eu\/pl\/wp-json\/wp\/v2\/posts\/21504","targetHints":{"allow":["GET"]}}],"collection":[{"href":"https:\/\/dignitynews.eu\/pl\/wp-json\/wp\/v2\/posts"}],"about":[{"href":"https:\/\/dignitynews.eu\/pl\/wp-json\/wp\/v2\/types\/post"}],"author":[{"embeddable":true,"href":"https:\/\/dignitynews.eu\/pl\/wp-json\/wp\/v2\/users\/7"}],"replies":[{"embeddable":true,"href":"https:\/\/dignitynews.eu\/pl\/wp-json\/wp\/v2\/comments?post=21504"}],"version-history":[{"count":1,"href":"https:\/\/dignitynews.eu\/pl\/wp-json\/wp\/v2\/posts\/21504\/revisions"}],"predecessor-version":[{"id":21510,"href":"https:\/\/dignitynews.eu\/pl\/wp-json\/wp\/v2\/posts\/21504\/revisions\/21510"}],"wp:featuredmedia":[{"embeddable":true,"href":"https:\/\/dignitynews.eu\/pl\/wp-json\/wp\/v2\/media\/21505"}],"wp:attachment":[{"href":"https:\/\/dignitynews.eu\/pl\/wp-json\/wp\/v2\/media?parent=21504"}],"wp:term":[{"taxonomy":"category","embeddable":true,"href":"https:\/\/dignitynews.eu\/pl\/wp-json\/wp\/v2\/categories?post=21504"},{"taxonomy":"post_tag","embeddable":true,"href":"https:\/\/dignitynews.eu\/pl\/wp-json\/wp\/v2\/tags?post=21504"}],"curies":[{"name":"wp","href":"https:\/\/api.w.org\/{rel}","templated":true}]}}