{"id":21024,"date":"2022-06-15T11:28:25","date_gmt":"2022-06-15T09:28:25","guid":{"rendered":"https:\/\/dignitynews.eu\/?p=21024"},"modified":"2022-06-15T11:28:25","modified_gmt":"2022-06-15T09:28:25","slug":"rzad-gwarantuje-ceny-wegla-dla-odbiorcow-indywidualnych","status":"publish","type":"post","link":"https:\/\/dignitynews.eu\/pl\/rzad-gwarantuje-ceny-wegla-dla-odbiorcow-indywidualnych\/","title":{"rendered":"Rz\u0105d gwarantuje ceny w\u0119gla dla odbiorc\u00f3w indywidualnych"},"content":{"rendered":"<h5><strong>Polski rz\u0105d przedstawi\u0142 propozycje rozwi\u0105za\u0144, kt\u00f3re pomog\u0105 ustabilizowa\u0107 cen\u0119 w\u0119gla i zwi\u0119kszy\u0107 jego dost\u0119pno\u015b\u0107 dla odbiorc\u00f3w indywidualnych.\u00a0<\/strong><\/h5>\n<p>Szczeg\u00f3\u0142y rozwi\u0105za\u0144 zosta\u0142y przedstawione podczas wsp\u00f3lnej konferencji prasowej minister klimatu i \u015brodowiska Anny Moskwy, minister finans\u00f3w Magdaleny Rzeczkowskiej oraz rzecznika rz\u0105du Piotra M\u00fcllera.<\/p>\n<p>Minister klimatu i \u015brodowiska Anna Moskwa przedstawi\u0142a na Radzie Ministr\u00f3w propozycje, kt\u00f3re maj\u0105 zwi\u0119kszy\u0107 poda\u017c na rynku w\u0119gla i ustabilizowa\u0107 jego cen\u0119.<\/p>\n<p>Rozwi\u0105zania to m.in: gwarantowana cena w\u0119gla dla gospodarstw domowych na poziomie 996,60 z\u0142; utworzenie sieci autoryzowanych dystrybutor\u00f3w Polskiej Grupy G\u00f3rniczej; wprowadzenie rekompensat dla sprzedawc\u00f3w, kt\u00f3rzy w\u0142\u0105cz\u0105 si\u0119 w rz\u0105dowy program.<\/p>\n<p>Przypomnijmy, \u017ce w zwi\u0105zku z agresj\u0105 Rosji na Ukrain\u0119 wprowadzono embargo na rosyjski w\u0119giel. W tej sytuacji niekt\u00f3rzy po\u015brednicy podnie\u015bli ceny w\u0119gla nawet trzykrotnie, mimo \u017ce w Polskiej Grupie G\u00f3rniczej tona opa\u0142u kosztowa\u0142a 900-1000 z\u0142.<\/p>\n<p>Rz\u0105d wypracowa\u0142 rozwi\u0105zania, kt\u00f3re zwi\u0119ksz\u0105 poda\u017c w\u0119gla na rynku, co w efekcie spowoduje obni\u017cenie jego ceny. Maj\u0105 one ustabilizowa\u0107 ceny w\u0119gla, tak by by\u0142y akceptowalne do odbiorc\u00f3w indywidualnych. Jednocze\u015bnie zabezpieczane s\u0105 dostawy w\u0119gla do Polski.<\/p>\n<p>Podmioty, kt\u00f3re zdecyduj\u0105 si\u0119 na wsp\u00f3\u0142prac\u0119 w tym konkretnym rz\u0105dowym programie s\u0105 zobowi\u0105zane do zarejestrowania si\u0119 i niniejszym zagwarantowania, \u017ce wy\u0142\u0105cznie w takiej cenie w\u0119giel b\u0119dzie przekazywany odbiorcom indywidualnym &#8211; powiedzia\u0142a minister klimatu i \u015brodowiska Anna Moskwa.<\/p>\n<p>Zgodnie z programem, pa\u0144stwo gwarantuje zakup 3 ton w\u0119gla po obni\u017conej cenie. Dop\u0142aty obejmuj\u0105 r\u00f3wnie\u017c sp\u00f3\u0142dzielnie i wsp\u00f3lnoty mieszkaniowe.<\/p>\n<p>Adrian Andrzejewski<\/p>\n","protected":false},"excerpt":{"rendered":"<p>Polski rz\u0105d przedstawi\u0142 propozycje rozwi\u0105za\u0144, kt\u00f3re pomog\u0105 ustabilizowa\u0107 cen\u0119 w\u0119gla i zwi\u0119kszy\u0107 jego dost\u0119pno\u015b\u0107 dla odbiorc\u00f3w indywidualnych.\u00a0 Szczeg\u00f3\u0142y rozwi\u0105za\u0144 zosta\u0142y przedstawione podczas wsp\u00f3lnej konferencji prasowej minister klimatu i \u015brodowiska Anny&hellip;<\/p>\n","protected":false},"author":7,"featured_media":21026,"comment_status":"closed","ping_status":"open","sticky":false,"template":"","format":"standard","meta":{"_mi_skip_tracking":false,"footnotes":""},"categories":[47],"tags":[],"class_list":["post-21024","post","type-post","status-publish","format-standard","has-post-thumbnail","hentry","category-wydarzenia"],"yoast_head":"<!-- This site is optimized with the Yoast SEO plugin v19.4 - https:\/\/yoast.com\/wordpress\/plugins\/seo\/ -->\n<title>Rz\u0105d gwarantuje ceny w\u0119gla dla odbiorc\u00f3w indywidualnych - Godno\u015b\u0107 - DignityNews.eu<\/title>\n<meta name=\"robots\" content=\"index, follow, max-snippet:-1, max-image-preview:large, max-video-preview:-1\" \/>\n<link rel=\"canonical\" href=\"https:\/\/dignitynews.eu\/pl\/rzad-gwarantuje-ceny-wegla-dla-odbiorcow-indywidualnych\/\" \/>\n<meta property=\"og:locale\" content=\"pl_PL\" \/>\n<meta property=\"og:type\" content=\"article\" \/>\n<meta property=\"og:title\" content=\"Rz\u0105d gwarantuje ceny w\u0119gla dla odbiorc\u00f3w indywidualnych - Godno\u015b\u0107 - DignityNews.eu\" \/>\n<meta property=\"og:description\" content=\"Polski rz\u0105d przedstawi\u0142 propozycje rozwi\u0105za\u0144, kt\u00f3re pomog\u0105 ustabilizowa\u0107 cen\u0119 w\u0119gla i zwi\u0119kszy\u0107 jego dost\u0119pno\u015b\u0107 dla odbiorc\u00f3w indywidualnych.\u00a0 Szczeg\u00f3\u0142y rozwi\u0105za\u0144 zosta\u0142y przedstawione podczas wsp\u00f3lnej konferencji prasowej minister klimatu i \u015brodowiska Anny&hellip;\" \/>\n<meta property=\"og:url\" content=\"https:\/\/dignitynews.eu\/pl\/rzad-gwarantuje-ceny-wegla-dla-odbiorcow-indywidualnych\/\" \/>\n<meta property=\"og:site_name\" content=\"Godno\u015b\u0107 - DignityNews.eu\" \/>\n<meta property=\"article:published_time\" content=\"2022-06-15T09:28:25+00:00\" \/>\n<meta property=\"og:image\" content=\"https:\/\/dignitynews.eu\/wp-content\/uploads\/2022\/06\/Gwarantowane-ceny-wegla-fot.-Tomasz-Rytych-REPORTER.jpg\" \/>\n\t<meta property=\"og:image:width\" content=\"1500\" \/>\n\t<meta property=\"og:image:height\" content=\"954\" \/>\n\t<meta property=\"og:image:type\" content=\"image\/jpeg\" \/>\n<meta name=\"author\" content=\"Dignity News\" \/>\n<meta name=\"twitter:card\" content=\"summary_large_image\" \/>\n<meta name=\"twitter:label1\" content=\"Napisane przez\" \/>\n\t<meta name=\"twitter:data1\" content=\"Dignity News\" \/>\n\t<meta name=\"twitter:label2\" content=\"Szacowany czas czytania\" \/>\n\t<meta name=\"twitter:data2\" content=\"1 minuta\" \/>\n<script type=\"application\/ld+json\" class=\"yoast-schema-graph\">{\"@context\":\"https:\/\/schema.org\",\"@graph\":[{\"@type\":\"WebSite\",\"@id\":\"https:\/\/dignitynews.eu\/pl\/#website\",\"url\":\"https:\/\/dignitynews.eu\/pl\/\",\"name\":\"Godno\u015b\u0107 - DignityNews.eu\",\"description\":\"\",\"potentialAction\":[{\"@type\":\"SearchAction\",\"target\":{\"@type\":\"EntryPoint\",\"urlTemplate\":\"https:\/\/dignitynews.eu\/pl\/?s={search_term_string}\"},\"query-input\":\"required name=search_term_string\"}],\"inLanguage\":\"pl-PL\"},{\"@type\":\"WebPage\",\"@id\":\"https:\/\/dignitynews.eu\/pl\/rzad-gwarantuje-ceny-wegla-dla-odbiorcow-indywidualnych\/\",\"url\":\"https:\/\/dignitynews.eu\/pl\/rzad-gwarantuje-ceny-wegla-dla-odbiorcow-indywidualnych\/\",\"name\":\"Rz\u0105d gwarantuje ceny w\u0119gla dla odbiorc\u00f3w indywidualnych - Godno\u015b\u0107 - DignityNews.eu\",\"isPartOf\":{\"@id\":\"https:\/\/dignitynews.eu\/pl\/#website\"},\"datePublished\":\"2022-06-15T09:28:25+00:00\",\"dateModified\":\"2022-06-15T09:28:25+00:00\",\"author\":{\"@id\":\"https:\/\/dignitynews.eu\/pl\/#\/schema\/person\/0b62b762b8174802fabc81a3ecb1bfcb\"},\"breadcrumb\":{\"@id\":\"https:\/\/dignitynews.eu\/pl\/rzad-gwarantuje-ceny-wegla-dla-odbiorcow-indywidualnych\/#breadcrumb\"},\"inLanguage\":\"pl-PL\",\"potentialAction\":[{\"@type\":\"ReadAction\",\"target\":[\"https:\/\/dignitynews.eu\/pl\/rzad-gwarantuje-ceny-wegla-dla-odbiorcow-indywidualnych\/\"]}]},{\"@type\":\"BreadcrumbList\",\"@id\":\"https:\/\/dignitynews.eu\/pl\/rzad-gwarantuje-ceny-wegla-dla-odbiorcow-indywidualnych\/#breadcrumb\",\"itemListElement\":[{\"@type\":\"ListItem\",\"position\":1,\"name\":\"Strona g\u0142\u00f3wna\",\"item\":\"https:\/\/dignitynews.eu\/pl\/\"},{\"@type\":\"ListItem\",\"position\":2,\"name\":\"Rz\u0105d gwarantuje ceny w\u0119gla dla odbiorc\u00f3w indywidualnych\"}]},{\"@type\":\"Person\",\"@id\":\"https:\/\/dignitynews.eu\/pl\/#\/schema\/person\/0b62b762b8174802fabc81a3ecb1bfcb\",\"name\":\"Dignity News\",\"image\":{\"@type\":\"ImageObject\",\"inLanguage\":\"pl-PL\",\"@id\":\"https:\/\/dignitynews.eu\/pl\/#\/schema\/person\/image\/\",\"url\":\"https:\/\/secure.gravatar.com\/avatar\/97963171a6d9108f8381bbefb1c6b150c445b6ddd9e3077b96c86cf5892c85dc?s=96&d=mm&r=g\",\"contentUrl\":\"https:\/\/secure.gravatar.com\/avatar\/97963171a6d9108f8381bbefb1c6b150c445b6ddd9e3077b96c86cf5892c85dc?s=96&d=mm&r=g\",\"caption\":\"Dignity News\"},\"url\":\"https:\/\/dignitynews.eu\/pl\/author\/mikolaj-palade\/\"}]}<\/script>\n<!-- \/ Yoast SEO plugin. -->","yoast_head_json":{"title":"Rz\u0105d gwarantuje ceny w\u0119gla dla odbiorc\u00f3w indywidualnych - Godno\u015b\u0107 - DignityNews.eu","robots":{"index":"index","follow":"follow","max-snippet":"max-snippet:-1","max-image-preview":"max-image-preview:large","max-video-preview":"max-video-preview:-1"},"canonical":"https:\/\/dignitynews.eu\/pl\/rzad-gwarantuje-ceny-wegla-dla-odbiorcow-indywidualnych\/","og_locale":"pl_PL","og_type":"article","og_title":"Rz\u0105d gwarantuje ceny w\u0119gla dla odbiorc\u00f3w indywidualnych - Godno\u015b\u0107 - DignityNews.eu","og_description":"Polski rz\u0105d przedstawi\u0142 propozycje rozwi\u0105za\u0144, kt\u00f3re pomog\u0105 ustabilizowa\u0107 cen\u0119 w\u0119gla i zwi\u0119kszy\u0107 jego dost\u0119pno\u015b\u0107 dla odbiorc\u00f3w indywidualnych.\u00a0 Szczeg\u00f3\u0142y rozwi\u0105za\u0144 zosta\u0142y przedstawione podczas wsp\u00f3lnej konferencji prasowej minister klimatu i \u015brodowiska Anny&hellip;","og_url":"https:\/\/dignitynews.eu\/pl\/rzad-gwarantuje-ceny-wegla-dla-odbiorcow-indywidualnych\/","og_site_name":"Godno\u015b\u0107 - DignityNews.eu","article_published_time":"2022-06-15T09:28:25+00:00","og_image":[{"width":1500,"height":954,"url":"https:\/\/dignitynews.eu\/wp-content\/uploads\/2022\/06\/Gwarantowane-ceny-wegla-fot.-Tomasz-Rytych-REPORTER.jpg","type":"image\/jpeg"}],"author":"Dignity News","twitter_card":"summary_large_image","twitter_misc":{"Napisane przez":"Dignity News","Szacowany czas czytania":"1 minuta"},"schema":{"@context":"https:\/\/schema.org","@graph":[{"@type":"WebSite","@id":"https:\/\/dignitynews.eu\/pl\/#website","url":"https:\/\/dignitynews.eu\/pl\/","name":"Godno\u015b\u0107 - DignityNews.eu","description":"","potentialAction":[{"@type":"SearchAction","target":{"@type":"EntryPoint","urlTemplate":"https:\/\/dignitynews.eu\/pl\/?s={search_term_string}"},"query-input":"required name=search_term_string"}],"inLanguage":"pl-PL"},{"@type":"WebPage","@id":"https:\/\/dignitynews.eu\/pl\/rzad-gwarantuje-ceny-wegla-dla-odbiorcow-indywidualnych\/","url":"https:\/\/dignitynews.eu\/pl\/rzad-gwarantuje-ceny-wegla-dla-odbiorcow-indywidualnych\/","name":"Rz\u0105d gwarantuje ceny w\u0119gla dla odbiorc\u00f3w indywidualnych - Godno\u015b\u0107 - DignityNews.eu","isPartOf":{"@id":"https:\/\/dignitynews.eu\/pl\/#website"},"datePublished":"2022-06-15T09:28:25+00:00","dateModified":"2022-06-15T09:28:25+00:00","author":{"@id":"https:\/\/dignitynews.eu\/pl\/#\/schema\/person\/0b62b762b8174802fabc81a3ecb1bfcb"},"breadcrumb":{"@id":"https:\/\/dignitynews.eu\/pl\/rzad-gwarantuje-ceny-wegla-dla-odbiorcow-indywidualnych\/#breadcrumb"},"inLanguage":"pl-PL","potentialAction":[{"@type":"ReadAction","target":["https:\/\/dignitynews.eu\/pl\/rzad-gwarantuje-ceny-wegla-dla-odbiorcow-indywidualnych\/"]}]},{"@type":"BreadcrumbList","@id":"https:\/\/dignitynews.eu\/pl\/rzad-gwarantuje-ceny-wegla-dla-odbiorcow-indywidualnych\/#breadcrumb","itemListElement":[{"@type":"ListItem","position":1,"name":"Strona g\u0142\u00f3wna","item":"https:\/\/dignitynews.eu\/pl\/"},{"@type":"ListItem","position":2,"name":"Rz\u0105d gwarantuje ceny w\u0119gla dla odbiorc\u00f3w indywidualnych"}]},{"@type":"Person","@id":"https:\/\/dignitynews.eu\/pl\/#\/schema\/person\/0b62b762b8174802fabc81a3ecb1bfcb","name":"Dignity News","image":{"@type":"ImageObject","inLanguage":"pl-PL","@id":"https:\/\/dignitynews.eu\/pl\/#\/schema\/person\/image\/","url":"https:\/\/secure.gravatar.com\/avatar\/97963171a6d9108f8381bbefb1c6b150c445b6ddd9e3077b96c86cf5892c85dc?s=96&d=mm&r=g","contentUrl":"https:\/\/secure.gravatar.com\/avatar\/97963171a6d9108f8381bbefb1c6b150c445b6ddd9e3077b96c86cf5892c85dc?s=96&d=mm&r=g","caption":"Dignity News"},"url":"https:\/\/dignitynews.eu\/pl\/author\/mikolaj-palade\/"}]}},"_links":{"self":[{"href":"https:\/\/dignitynews.eu\/pl\/wp-json\/wp\/v2\/posts\/21024","targetHints":{"allow":["GET"]}}],"collection":[{"href":"https:\/\/dignitynews.eu\/pl\/wp-json\/wp\/v2\/posts"}],"about":[{"href":"https:\/\/dignitynews.eu\/pl\/wp-json\/wp\/v2\/types\/post"}],"author":[{"embeddable":true,"href":"https:\/\/dignitynews.eu\/pl\/wp-json\/wp\/v2\/users\/7"}],"replies":[{"embeddable":true,"href":"https:\/\/dignitynews.eu\/pl\/wp-json\/wp\/v2\/comments?post=21024"}],"version-history":[{"count":1,"href":"https:\/\/dignitynews.eu\/pl\/wp-json\/wp\/v2\/posts\/21024\/revisions"}],"predecessor-version":[{"id":21025,"href":"https:\/\/dignitynews.eu\/pl\/wp-json\/wp\/v2\/posts\/21024\/revisions\/21025"}],"wp:featuredmedia":[{"embeddable":true,"href":"https:\/\/dignitynews.eu\/pl\/wp-json\/wp\/v2\/media\/21026"}],"wp:attachment":[{"href":"https:\/\/dignitynews.eu\/pl\/wp-json\/wp\/v2\/media?parent=21024"}],"wp:term":[{"taxonomy":"category","embeddable":true,"href":"https:\/\/dignitynews.eu\/pl\/wp-json\/wp\/v2\/categories?post=21024"},{"taxonomy":"post_tag","embeddable":true,"href":"https:\/\/dignitynews.eu\/pl\/wp-json\/wp\/v2\/tags?post=21024"}],"curies":[{"name":"wp","href":"https:\/\/api.w.org\/{rel}","templated":true}]}}