{"id":21017,"date":"2022-06-15T11:27:18","date_gmt":"2022-06-15T09:27:18","guid":{"rendered":"https:\/\/dignitynews.eu\/?p=21017"},"modified":"2022-06-15T11:27:18","modified_gmt":"2022-06-15T09:27:18","slug":"polska-apeluje-o-zakonczenie-wspolpracy-z-rosja-i-bialorusia-w-cern","status":"publish","type":"post","link":"https:\/\/dignitynews.eu\/pl\/polska-apeluje-o-zakonczenie-wspolpracy-z-rosja-i-bialorusia-w-cern\/","title":{"rendered":"Polska apeluje o zako\u0144czenie wsp\u00f3\u0142pracy z Rosj\u0105 i Bia\u0142orusi\u0105 w CERN"},"content":{"rendered":"<h5><strong>Podczas posiedzenia Rady ds. konkurencyjno\u015bci (COMPET), kt\u00f3re odby\u0142o si\u0119 w Luksemburgu, wiceminister edukacji i nauki Wojciech Murdzek zaapelowa\u0142 w imieniu Polski do pa\u0144stw nale\u017c\u0105cych do Europejskiej Organizacji Bada\u0144 J\u0105drowych (CERN)\u00a0o przyj\u0119cie rezolucji w sprawie zako\u0144czenia wsp\u00f3\u0142pracy z Rosj\u0105 i Bia\u0142orusi\u0105. Decyzja w tym zakresie mo\u017ce zapa\u015b\u0107 ju\u017c na najbli\u017cszym posiedzeniu Rady CERN.\u00a0<\/strong><\/h5>\n<p>Rada CERN ma w\u00f3wczas g\u0142osowa\u0107 rezolucj\u0119 o zako\u0144czeniu wsp\u00f3\u0142pracy z Rosj\u0105, Bia\u0142orusi\u0105 oraz Zjednoczonym Instytutem Bada\u0144 J\u0105drowych w Dubnej.<\/p>\n<p>Wiceminister podkre\u015bli\u0142, \u017ce jedno z najwa\u017cniejszych urz\u0105dze\u0144 na \u015bwiecie, kt\u00f3re jest efektem wsp\u00f3lnej\u00a0pracy\u00a0naukowc\u00f3w z wielu pa\u0144stw, nie mo\u017ce by\u0107 zak\u0142adnikiem totalitarnego re\u017cimu. Wskaza\u0142 jednocze\u015bnie na konieczno\u015b\u0107 obrony warto\u015bci demokratycznych, szacunku dla ludzkiego \u017cycia oraz wolno\u015bci nauki.<\/p>\n<p>Musimy zako\u0144czy\u0107 t\u0119 wsp\u00f3\u0142prac\u0119 teraz, nie czekaj\u0105c na decyzj\u0119 Kremla, kt\u00f3ra mo\u017ce przyj\u015b\u0107 w najmniej dogodnym dla CERN i dla nas momencie \u2013 czytamy w stanowisku Polski, kt\u00f3ra podkre\u015bla, \u017ce w Rosji nie ma autonomicznej nauki i to decyzje polityk\u00f3w pozwalaj\u0105 Rosjanom pracowa\u0107 w CERN.<\/p>\n<p>Wojciech Murdzek zwr\u00f3ci\u0142 uwag\u0119 na to, \u017ce \u201eCERN, a w\u0142a\u015bciwie my, jako jego pa\u0144stwa cz\u0142onkowskie, nie mo\u017cemy pope\u0142ni\u0107 b\u0142\u0119d\u00f3w, kt\u00f3re pope\u0142nili\u015bmy, uzale\u017cniaj\u0105c si\u0119 od surowc\u00f3w z Rosji\u201d. Teraz jeste\u015bmy m\u0105drzejsi \u2013 doda\u0142.<\/p>\n<p>Polska w swoim stanowisku przypomina, \u017ce cz\u0142onkami CERN jest 18 pa\u0144stw Unii Europejskiej a do zaakceptowania rezolucji potrzeba 16 g\u0142os\u00f3w \u2013 2\/3 liczby pa\u0144stw cz\u0142onkowskich CERN. Wiem, \u017ce inne pa\u0144stwa, kt\u00f3re nie s\u0105 cz\u0142onkami UE, s\u0105 tak\u017ce po naszej stronie \u2013 stwierdzi\u0142 wiceminister Murdzek.<\/p>\n<p>Europejska Organizacja Bada\u0144 J\u0105drowych CERN to o\u015brodek naukowo-badawczy, w kt\u00f3rym znajduje si\u0119 m.in. Wielki Zderzacz Hadron\u00f3w.<\/p>\n<p>Adrian Andrzejewski<\/p>\n","protected":false},"excerpt":{"rendered":"<p>Podczas posiedzenia Rady ds. konkurencyjno\u015bci (COMPET), kt\u00f3re odby\u0142o si\u0119 w Luksemburgu, wiceminister edukacji i nauki Wojciech Murdzek zaapelowa\u0142 w imieniu Polski do pa\u0144stw nale\u017c\u0105cych do Europejskiej Organizacji Bada\u0144 J\u0105drowych (CERN)\u00a0o&hellip;<\/p>\n","protected":false},"author":7,"featured_media":21018,"comment_status":"closed","ping_status":"open","sticky":false,"template":"","format":"standard","meta":{"_mi_skip_tracking":false,"footnotes":""},"categories":[47],"tags":[],"class_list":["post-21017","post","type-post","status-publish","format-standard","has-post-thumbnail","hentry","category-wydarzenia"],"yoast_head":"<!-- This site is optimized with the Yoast SEO plugin v19.4 - https:\/\/yoast.com\/wordpress\/plugins\/seo\/ -->\n<title>Polska apeluje o zako\u0144czenie wsp\u00f3\u0142pracy z Rosj\u0105 i Bia\u0142orusi\u0105 w CERN - Godno\u015b\u0107 - DignityNews.eu<\/title>\n<meta name=\"robots\" content=\"index, follow, max-snippet:-1, max-image-preview:large, max-video-preview:-1\" \/>\n<link rel=\"canonical\" href=\"https:\/\/dignitynews.eu\/pl\/polska-apeluje-o-zakonczenie-wspolpracy-z-rosja-i-bialorusia-w-cern\/\" \/>\n<meta property=\"og:locale\" content=\"pl_PL\" \/>\n<meta property=\"og:type\" content=\"article\" \/>\n<meta property=\"og:title\" content=\"Polska apeluje o zako\u0144czenie wsp\u00f3\u0142pracy z Rosj\u0105 i Bia\u0142orusi\u0105 w CERN - Godno\u015b\u0107 - DignityNews.eu\" \/>\n<meta property=\"og:description\" content=\"Podczas posiedzenia Rady ds. konkurencyjno\u015bci (COMPET), kt\u00f3re odby\u0142o si\u0119 w Luksemburgu, wiceminister edukacji i nauki Wojciech Murdzek zaapelowa\u0142 w imieniu Polski do pa\u0144stw nale\u017c\u0105cych do Europejskiej Organizacji Bada\u0144 J\u0105drowych (CERN)\u00a0o&hellip;\" \/>\n<meta property=\"og:url\" content=\"https:\/\/dignitynews.eu\/pl\/polska-apeluje-o-zakonczenie-wspolpracy-z-rosja-i-bialorusia-w-cern\/\" \/>\n<meta property=\"og:site_name\" content=\"Godno\u015b\u0107 - DignityNews.eu\" \/>\n<meta property=\"article:published_time\" content=\"2022-06-15T09:27:18+00:00\" \/>\n<meta property=\"og:image\" content=\"https:\/\/dignitynews.eu\/wp-content\/uploads\/2022\/06\/CERN-fot-VALENTIN-FLAURAUD-AFP-East-News.jpg\" \/>\n\t<meta property=\"og:image:width\" content=\"1500\" \/>\n\t<meta property=\"og:image:height\" content=\"1000\" \/>\n\t<meta property=\"og:image:type\" content=\"image\/jpeg\" \/>\n<meta name=\"author\" content=\"Dignity News\" \/>\n<meta name=\"twitter:card\" content=\"summary_large_image\" \/>\n<meta name=\"twitter:label1\" content=\"Napisane przez\" \/>\n\t<meta name=\"twitter:data1\" content=\"Dignity News\" \/>\n\t<meta name=\"twitter:label2\" content=\"Szacowany czas czytania\" \/>\n\t<meta name=\"twitter:data2\" content=\"2 minuty\" \/>\n<script type=\"application\/ld+json\" class=\"yoast-schema-graph\">{\"@context\":\"https:\/\/schema.org\",\"@graph\":[{\"@type\":\"WebSite\",\"@id\":\"https:\/\/dignitynews.eu\/pl\/#website\",\"url\":\"https:\/\/dignitynews.eu\/pl\/\",\"name\":\"Godno\u015b\u0107 - DignityNews.eu\",\"description\":\"\",\"potentialAction\":[{\"@type\":\"SearchAction\",\"target\":{\"@type\":\"EntryPoint\",\"urlTemplate\":\"https:\/\/dignitynews.eu\/pl\/?s={search_term_string}\"},\"query-input\":\"required name=search_term_string\"}],\"inLanguage\":\"pl-PL\"},{\"@type\":\"WebPage\",\"@id\":\"https:\/\/dignitynews.eu\/pl\/polska-apeluje-o-zakonczenie-wspolpracy-z-rosja-i-bialorusia-w-cern\/\",\"url\":\"https:\/\/dignitynews.eu\/pl\/polska-apeluje-o-zakonczenie-wspolpracy-z-rosja-i-bialorusia-w-cern\/\",\"name\":\"Polska apeluje o zako\u0144czenie wsp\u00f3\u0142pracy z Rosj\u0105 i Bia\u0142orusi\u0105 w CERN - Godno\u015b\u0107 - DignityNews.eu\",\"isPartOf\":{\"@id\":\"https:\/\/dignitynews.eu\/pl\/#website\"},\"datePublished\":\"2022-06-15T09:27:18+00:00\",\"dateModified\":\"2022-06-15T09:27:18+00:00\",\"author\":{\"@id\":\"https:\/\/dignitynews.eu\/pl\/#\/schema\/person\/0b62b762b8174802fabc81a3ecb1bfcb\"},\"breadcrumb\":{\"@id\":\"https:\/\/dignitynews.eu\/pl\/polska-apeluje-o-zakonczenie-wspolpracy-z-rosja-i-bialorusia-w-cern\/#breadcrumb\"},\"inLanguage\":\"pl-PL\",\"potentialAction\":[{\"@type\":\"ReadAction\",\"target\":[\"https:\/\/dignitynews.eu\/pl\/polska-apeluje-o-zakonczenie-wspolpracy-z-rosja-i-bialorusia-w-cern\/\"]}]},{\"@type\":\"BreadcrumbList\",\"@id\":\"https:\/\/dignitynews.eu\/pl\/polska-apeluje-o-zakonczenie-wspolpracy-z-rosja-i-bialorusia-w-cern\/#breadcrumb\",\"itemListElement\":[{\"@type\":\"ListItem\",\"position\":1,\"name\":\"Strona g\u0142\u00f3wna\",\"item\":\"https:\/\/dignitynews.eu\/pl\/\"},{\"@type\":\"ListItem\",\"position\":2,\"name\":\"Polska apeluje o zako\u0144czenie wsp\u00f3\u0142pracy z Rosj\u0105 i Bia\u0142orusi\u0105 w CERN\"}]},{\"@type\":\"Person\",\"@id\":\"https:\/\/dignitynews.eu\/pl\/#\/schema\/person\/0b62b762b8174802fabc81a3ecb1bfcb\",\"name\":\"Dignity News\",\"image\":{\"@type\":\"ImageObject\",\"inLanguage\":\"pl-PL\",\"@id\":\"https:\/\/dignitynews.eu\/pl\/#\/schema\/person\/image\/\",\"url\":\"https:\/\/secure.gravatar.com\/avatar\/97963171a6d9108f8381bbefb1c6b150c445b6ddd9e3077b96c86cf5892c85dc?s=96&d=mm&r=g\",\"contentUrl\":\"https:\/\/secure.gravatar.com\/avatar\/97963171a6d9108f8381bbefb1c6b150c445b6ddd9e3077b96c86cf5892c85dc?s=96&d=mm&r=g\",\"caption\":\"Dignity News\"},\"url\":\"https:\/\/dignitynews.eu\/pl\/author\/mikolaj-palade\/\"}]}<\/script>\n<!-- \/ Yoast SEO plugin. -->","yoast_head_json":{"title":"Polska apeluje o zako\u0144czenie wsp\u00f3\u0142pracy z Rosj\u0105 i Bia\u0142orusi\u0105 w CERN - Godno\u015b\u0107 - DignityNews.eu","robots":{"index":"index","follow":"follow","max-snippet":"max-snippet:-1","max-image-preview":"max-image-preview:large","max-video-preview":"max-video-preview:-1"},"canonical":"https:\/\/dignitynews.eu\/pl\/polska-apeluje-o-zakonczenie-wspolpracy-z-rosja-i-bialorusia-w-cern\/","og_locale":"pl_PL","og_type":"article","og_title":"Polska apeluje o zako\u0144czenie wsp\u00f3\u0142pracy z Rosj\u0105 i Bia\u0142orusi\u0105 w CERN - Godno\u015b\u0107 - DignityNews.eu","og_description":"Podczas posiedzenia Rady ds. konkurencyjno\u015bci (COMPET), kt\u00f3re odby\u0142o si\u0119 w Luksemburgu, wiceminister edukacji i nauki Wojciech Murdzek zaapelowa\u0142 w imieniu Polski do pa\u0144stw nale\u017c\u0105cych do Europejskiej Organizacji Bada\u0144 J\u0105drowych (CERN)\u00a0o&hellip;","og_url":"https:\/\/dignitynews.eu\/pl\/polska-apeluje-o-zakonczenie-wspolpracy-z-rosja-i-bialorusia-w-cern\/","og_site_name":"Godno\u015b\u0107 - DignityNews.eu","article_published_time":"2022-06-15T09:27:18+00:00","og_image":[{"width":1500,"height":1000,"url":"https:\/\/dignitynews.eu\/wp-content\/uploads\/2022\/06\/CERN-fot-VALENTIN-FLAURAUD-AFP-East-News.jpg","type":"image\/jpeg"}],"author":"Dignity News","twitter_card":"summary_large_image","twitter_misc":{"Napisane przez":"Dignity News","Szacowany czas czytania":"2 minuty"},"schema":{"@context":"https:\/\/schema.org","@graph":[{"@type":"WebSite","@id":"https:\/\/dignitynews.eu\/pl\/#website","url":"https:\/\/dignitynews.eu\/pl\/","name":"Godno\u015b\u0107 - DignityNews.eu","description":"","potentialAction":[{"@type":"SearchAction","target":{"@type":"EntryPoint","urlTemplate":"https:\/\/dignitynews.eu\/pl\/?s={search_term_string}"},"query-input":"required name=search_term_string"}],"inLanguage":"pl-PL"},{"@type":"WebPage","@id":"https:\/\/dignitynews.eu\/pl\/polska-apeluje-o-zakonczenie-wspolpracy-z-rosja-i-bialorusia-w-cern\/","url":"https:\/\/dignitynews.eu\/pl\/polska-apeluje-o-zakonczenie-wspolpracy-z-rosja-i-bialorusia-w-cern\/","name":"Polska apeluje o zako\u0144czenie wsp\u00f3\u0142pracy z Rosj\u0105 i Bia\u0142orusi\u0105 w CERN - Godno\u015b\u0107 - DignityNews.eu","isPartOf":{"@id":"https:\/\/dignitynews.eu\/pl\/#website"},"datePublished":"2022-06-15T09:27:18+00:00","dateModified":"2022-06-15T09:27:18+00:00","author":{"@id":"https:\/\/dignitynews.eu\/pl\/#\/schema\/person\/0b62b762b8174802fabc81a3ecb1bfcb"},"breadcrumb":{"@id":"https:\/\/dignitynews.eu\/pl\/polska-apeluje-o-zakonczenie-wspolpracy-z-rosja-i-bialorusia-w-cern\/#breadcrumb"},"inLanguage":"pl-PL","potentialAction":[{"@type":"ReadAction","target":["https:\/\/dignitynews.eu\/pl\/polska-apeluje-o-zakonczenie-wspolpracy-z-rosja-i-bialorusia-w-cern\/"]}]},{"@type":"BreadcrumbList","@id":"https:\/\/dignitynews.eu\/pl\/polska-apeluje-o-zakonczenie-wspolpracy-z-rosja-i-bialorusia-w-cern\/#breadcrumb","itemListElement":[{"@type":"ListItem","position":1,"name":"Strona g\u0142\u00f3wna","item":"https:\/\/dignitynews.eu\/pl\/"},{"@type":"ListItem","position":2,"name":"Polska apeluje o zako\u0144czenie wsp\u00f3\u0142pracy z Rosj\u0105 i Bia\u0142orusi\u0105 w CERN"}]},{"@type":"Person","@id":"https:\/\/dignitynews.eu\/pl\/#\/schema\/person\/0b62b762b8174802fabc81a3ecb1bfcb","name":"Dignity News","image":{"@type":"ImageObject","inLanguage":"pl-PL","@id":"https:\/\/dignitynews.eu\/pl\/#\/schema\/person\/image\/","url":"https:\/\/secure.gravatar.com\/avatar\/97963171a6d9108f8381bbefb1c6b150c445b6ddd9e3077b96c86cf5892c85dc?s=96&d=mm&r=g","contentUrl":"https:\/\/secure.gravatar.com\/avatar\/97963171a6d9108f8381bbefb1c6b150c445b6ddd9e3077b96c86cf5892c85dc?s=96&d=mm&r=g","caption":"Dignity News"},"url":"https:\/\/dignitynews.eu\/pl\/author\/mikolaj-palade\/"}]}},"_links":{"self":[{"href":"https:\/\/dignitynews.eu\/pl\/wp-json\/wp\/v2\/posts\/21017","targetHints":{"allow":["GET"]}}],"collection":[{"href":"https:\/\/dignitynews.eu\/pl\/wp-json\/wp\/v2\/posts"}],"about":[{"href":"https:\/\/dignitynews.eu\/pl\/wp-json\/wp\/v2\/types\/post"}],"author":[{"embeddable":true,"href":"https:\/\/dignitynews.eu\/pl\/wp-json\/wp\/v2\/users\/7"}],"replies":[{"embeddable":true,"href":"https:\/\/dignitynews.eu\/pl\/wp-json\/wp\/v2\/comments?post=21017"}],"version-history":[{"count":1,"href":"https:\/\/dignitynews.eu\/pl\/wp-json\/wp\/v2\/posts\/21017\/revisions"}],"predecessor-version":[{"id":21023,"href":"https:\/\/dignitynews.eu\/pl\/wp-json\/wp\/v2\/posts\/21017\/revisions\/21023"}],"wp:featuredmedia":[{"embeddable":true,"href":"https:\/\/dignitynews.eu\/pl\/wp-json\/wp\/v2\/media\/21018"}],"wp:attachment":[{"href":"https:\/\/dignitynews.eu\/pl\/wp-json\/wp\/v2\/media?parent=21017"}],"wp:term":[{"taxonomy":"category","embeddable":true,"href":"https:\/\/dignitynews.eu\/pl\/wp-json\/wp\/v2\/categories?post=21017"},{"taxonomy":"post_tag","embeddable":true,"href":"https:\/\/dignitynews.eu\/pl\/wp-json\/wp\/v2\/tags?post=21017"}],"curies":[{"name":"wp","href":"https:\/\/api.w.org\/{rel}","templated":true}]}}