{"id":20886,"date":"2022-06-14T11:39:49","date_gmt":"2022-06-14T09:39:49","guid":{"rendered":"https:\/\/dignitynews.eu\/?p=20886"},"modified":"2022-06-14T11:39:49","modified_gmt":"2022-06-14T09:39:49","slug":"minister-obrony-narodowej-kluczowe-jest-wzmocnienie-obecnosci-wojska-polskiego-na-wschodzie-kraju","status":"publish","type":"post","link":"https:\/\/dignitynews.eu\/pl\/minister-obrony-narodowej-kluczowe-jest-wzmocnienie-obecnosci-wojska-polskiego-na-wschodzie-kraju\/","title":{"rendered":"Minister obrony narodowej: kluczowe jest wzmocnienie obecno\u015bci Wojska Polskiego na wschodzie kraju"},"content":{"rendered":"<h5>Minister obrony narodowej Mariusz B\u0142aszczak uczestniczy\u0142 w rozliczeniowo\u2013koordynacyjnej odprawie kadry kierowniczej resortu obrony i Si\u0142 Zbrojnych RP. Szef resortu zapewni\u0142, \u017ce Polska wyci\u0105ga wnioski z tego, co dzieje si\u0119 za wschodni\u0105 granic\u0105.<\/h5>\n<p>Minister B\u0142aszczak podkre\u015bli\u0142, \u017ce fundamentem budowania odporno\u015bci naszego kraju na zagro\u017cenia jest ustawa o obronie ojczyzny. W ocenie ministra obrony narodowej kluczowe jest wzmocnienie obecno\u015bci Wojska Polskiego na wschodzie kraju.<\/p>\n<p>&#8211; Stawiamy punkt ci\u0119\u017cko\u015bci na rozwoju artylerii. Widzimy, \u017ce agresor rosyjski wykorzystuje te haniebne metody, kt\u00f3rymi si\u0119 pos\u0142ugiwa\u0142 r\u00f3wnie\u017c podczas II wojny \u015bwiatowej i budujemy odporno\u015b\u0107 na tego rodzaju dzia\u0142ania. St\u0105d te\u017c \u017co\u0142nierze Wojska Polskiego s\u0105 na wschodzie naszego kraju z zadaniem podstawowym, \u017ceby nie odda\u0107 centymetra polskiej ziemi pod okupacj\u0119 agresora &#8211; zadeklarowa\u0142 szef resortu obrony.<\/p>\n<p>Szef resortu obrony poinformowa\u0142, \u017ce w najbli\u017cszym czasie planowane jest podpisanie umowy na dostawy m.in. niszczycieli min, zdalnie sterowanych system\u00f3w wie\u017cowych ZSSW zintegrowanych z transporterami Rosomak, wielozadaniowych \u015bmig\u0142owc\u00f3w wsparcia AW149 ze \u015awidnika, dw\u00f3ch satelit\u00f3w obserwacyjnych i niszczycieli czo\u0142g\u00f3w w ramach programu Ottokar-Brzoza.<\/p>\n<p>Minister m\u00f3wi\u0142 te\u017c, \u017ce wojna w Ukrainie otworzy\u0142a oczy nawet najwi\u0119kszym sceptykom rozwoju Si\u0142 Zbrojnych Rzeczypospolitej Polskiej.<\/p>\n<p>\u2013 Na bazie obserwacji tego, co dzieje si\u0119 za nasz\u0105 wschodni\u0105 granic\u0105 potwierdzi\u0142o si\u0119 to, co rz\u0105d PiS i Zwierzchnik Si\u0142 Zbrojnych, pan prezydent Andrzej Duda m\u00f3wili ju\u017c od dawna: Polska potrzebuje wojska licznego, dobrze wyposa\u017conego, nowoczesnego i przede wszystkim zdolnego do samodzielnej obrony naszych granic \u2013 zaznaczy\u0142.<\/p>\n<p>Szef MON zapowiedzia\u0142 sformowanie dw\u00f3ch nowych dywizji og\u00f3lnowojskowych wzd\u0142u\u017c Wis\u0142y w centralnej Polsce. Dalszy rozw\u00f3j si\u0142 zbrojnych wyznaczy dokument MON &#8222;Model 2035&#8221;, kt\u00f3ry nied\u0142ugo zostanie zaprezentowany.<\/p>\n<p>Arkadiusz S\u0142omczy\u0144ski<\/p>\n","protected":false},"excerpt":{"rendered":"<p>Minister obrony narodowej Mariusz B\u0142aszczak uczestniczy\u0142 w rozliczeniowo\u2013koordynacyjnej odprawie kadry kierowniczej resortu obrony i Si\u0142 Zbrojnych RP. Szef resortu zapewni\u0142, \u017ce Polska wyci\u0105ga wnioski z tego, co dzieje si\u0119 za&hellip;<\/p>\n","protected":false},"author":7,"featured_media":20887,"comment_status":"closed","ping_status":"open","sticky":false,"template":"","format":"standard","meta":{"_mi_skip_tracking":false,"footnotes":""},"categories":[47],"tags":[],"class_list":["post-20886","post","type-post","status-publish","format-standard","has-post-thumbnail","hentry","category-wydarzenia"],"yoast_head":"<!-- This site is optimized with the Yoast SEO plugin v19.4 - https:\/\/yoast.com\/wordpress\/plugins\/seo\/ -->\n<title>Minister obrony narodowej: kluczowe jest wzmocnienie obecno\u015bci Wojska Polskiego na wschodzie kraju - Godno\u015b\u0107 - DignityNews.eu<\/title>\n<meta name=\"robots\" content=\"index, follow, max-snippet:-1, max-image-preview:large, max-video-preview:-1\" \/>\n<link rel=\"canonical\" href=\"https:\/\/dignitynews.eu\/pl\/minister-obrony-narodowej-kluczowe-jest-wzmocnienie-obecnosci-wojska-polskiego-na-wschodzie-kraju\/\" \/>\n<meta property=\"og:locale\" content=\"pl_PL\" \/>\n<meta property=\"og:type\" content=\"article\" \/>\n<meta property=\"og:title\" content=\"Minister obrony narodowej: kluczowe jest wzmocnienie obecno\u015bci Wojska Polskiego na wschodzie kraju - Godno\u015b\u0107 - DignityNews.eu\" \/>\n<meta property=\"og:description\" content=\"Minister obrony narodowej Mariusz B\u0142aszczak uczestniczy\u0142 w rozliczeniowo\u2013koordynacyjnej odprawie kadry kierowniczej resortu obrony i Si\u0142 Zbrojnych RP. Szef resortu zapewni\u0142, \u017ce Polska wyci\u0105ga wnioski z tego, co dzieje si\u0119 za&hellip;\" \/>\n<meta property=\"og:url\" content=\"https:\/\/dignitynews.eu\/pl\/minister-obrony-narodowej-kluczowe-jest-wzmocnienie-obecnosci-wojska-polskiego-na-wschodzie-kraju\/\" \/>\n<meta property=\"og:site_name\" content=\"Godno\u015b\u0107 - DignityNews.eu\" \/>\n<meta property=\"article:published_time\" content=\"2022-06-14T09:39:49+00:00\" \/>\n<meta property=\"og:image\" content=\"https:\/\/dignitynews.eu\/wp-content\/uploads\/2022\/06\/minister-obrony-narodowej-obecnosc-wojska-na-wschodzie-kraju-Marek-Maliszewski-REPORTER.jpg\" \/>\n\t<meta property=\"og:image:width\" content=\"1500\" \/>\n\t<meta property=\"og:image:height\" content=\"1000\" \/>\n\t<meta property=\"og:image:type\" content=\"image\/jpeg\" \/>\n<meta name=\"author\" content=\"Dignity News\" \/>\n<meta name=\"twitter:card\" content=\"summary_large_image\" \/>\n<meta name=\"twitter:label1\" content=\"Napisane przez\" \/>\n\t<meta name=\"twitter:data1\" content=\"Dignity News\" \/>\n\t<meta name=\"twitter:label2\" content=\"Szacowany czas czytania\" \/>\n\t<meta name=\"twitter:data2\" content=\"1 minuta\" \/>\n<script type=\"application\/ld+json\" class=\"yoast-schema-graph\">{\"@context\":\"https:\/\/schema.org\",\"@graph\":[{\"@type\":\"WebSite\",\"@id\":\"https:\/\/dignitynews.eu\/pl\/#website\",\"url\":\"https:\/\/dignitynews.eu\/pl\/\",\"name\":\"Godno\u015b\u0107 - DignityNews.eu\",\"description\":\"\",\"potentialAction\":[{\"@type\":\"SearchAction\",\"target\":{\"@type\":\"EntryPoint\",\"urlTemplate\":\"https:\/\/dignitynews.eu\/pl\/?s={search_term_string}\"},\"query-input\":\"required name=search_term_string\"}],\"inLanguage\":\"pl-PL\"},{\"@type\":\"WebPage\",\"@id\":\"https:\/\/dignitynews.eu\/pl\/minister-obrony-narodowej-kluczowe-jest-wzmocnienie-obecnosci-wojska-polskiego-na-wschodzie-kraju\/\",\"url\":\"https:\/\/dignitynews.eu\/pl\/minister-obrony-narodowej-kluczowe-jest-wzmocnienie-obecnosci-wojska-polskiego-na-wschodzie-kraju\/\",\"name\":\"Minister obrony narodowej: kluczowe jest wzmocnienie obecno\u015bci Wojska Polskiego na wschodzie kraju - Godno\u015b\u0107 - DignityNews.eu\",\"isPartOf\":{\"@id\":\"https:\/\/dignitynews.eu\/pl\/#website\"},\"datePublished\":\"2022-06-14T09:39:49+00:00\",\"dateModified\":\"2022-06-14T09:39:49+00:00\",\"author\":{\"@id\":\"https:\/\/dignitynews.eu\/pl\/#\/schema\/person\/0b62b762b8174802fabc81a3ecb1bfcb\"},\"breadcrumb\":{\"@id\":\"https:\/\/dignitynews.eu\/pl\/minister-obrony-narodowej-kluczowe-jest-wzmocnienie-obecnosci-wojska-polskiego-na-wschodzie-kraju\/#breadcrumb\"},\"inLanguage\":\"pl-PL\",\"potentialAction\":[{\"@type\":\"ReadAction\",\"target\":[\"https:\/\/dignitynews.eu\/pl\/minister-obrony-narodowej-kluczowe-jest-wzmocnienie-obecnosci-wojska-polskiego-na-wschodzie-kraju\/\"]}]},{\"@type\":\"BreadcrumbList\",\"@id\":\"https:\/\/dignitynews.eu\/pl\/minister-obrony-narodowej-kluczowe-jest-wzmocnienie-obecnosci-wojska-polskiego-na-wschodzie-kraju\/#breadcrumb\",\"itemListElement\":[{\"@type\":\"ListItem\",\"position\":1,\"name\":\"Strona g\u0142\u00f3wna\",\"item\":\"https:\/\/dignitynews.eu\/pl\/\"},{\"@type\":\"ListItem\",\"position\":2,\"name\":\"Minister obrony narodowej: kluczowe jest wzmocnienie obecno\u015bci Wojska Polskiego na wschodzie kraju\"}]},{\"@type\":\"Person\",\"@id\":\"https:\/\/dignitynews.eu\/pl\/#\/schema\/person\/0b62b762b8174802fabc81a3ecb1bfcb\",\"name\":\"Dignity News\",\"image\":{\"@type\":\"ImageObject\",\"inLanguage\":\"pl-PL\",\"@id\":\"https:\/\/dignitynews.eu\/pl\/#\/schema\/person\/image\/\",\"url\":\"https:\/\/secure.gravatar.com\/avatar\/97963171a6d9108f8381bbefb1c6b150c445b6ddd9e3077b96c86cf5892c85dc?s=96&d=mm&r=g\",\"contentUrl\":\"https:\/\/secure.gravatar.com\/avatar\/97963171a6d9108f8381bbefb1c6b150c445b6ddd9e3077b96c86cf5892c85dc?s=96&d=mm&r=g\",\"caption\":\"Dignity News\"},\"url\":\"https:\/\/dignitynews.eu\/pl\/author\/mikolaj-palade\/\"}]}<\/script>\n<!-- \/ Yoast SEO plugin. -->","yoast_head_json":{"title":"Minister obrony narodowej: kluczowe jest wzmocnienie obecno\u015bci Wojska Polskiego na wschodzie kraju - Godno\u015b\u0107 - DignityNews.eu","robots":{"index":"index","follow":"follow","max-snippet":"max-snippet:-1","max-image-preview":"max-image-preview:large","max-video-preview":"max-video-preview:-1"},"canonical":"https:\/\/dignitynews.eu\/pl\/minister-obrony-narodowej-kluczowe-jest-wzmocnienie-obecnosci-wojska-polskiego-na-wschodzie-kraju\/","og_locale":"pl_PL","og_type":"article","og_title":"Minister obrony narodowej: kluczowe jest wzmocnienie obecno\u015bci Wojska Polskiego na wschodzie kraju - Godno\u015b\u0107 - DignityNews.eu","og_description":"Minister obrony narodowej Mariusz B\u0142aszczak uczestniczy\u0142 w rozliczeniowo\u2013koordynacyjnej odprawie kadry kierowniczej resortu obrony i Si\u0142 Zbrojnych RP. Szef resortu zapewni\u0142, \u017ce Polska wyci\u0105ga wnioski z tego, co dzieje si\u0119 za&hellip;","og_url":"https:\/\/dignitynews.eu\/pl\/minister-obrony-narodowej-kluczowe-jest-wzmocnienie-obecnosci-wojska-polskiego-na-wschodzie-kraju\/","og_site_name":"Godno\u015b\u0107 - DignityNews.eu","article_published_time":"2022-06-14T09:39:49+00:00","og_image":[{"width":1500,"height":1000,"url":"https:\/\/dignitynews.eu\/wp-content\/uploads\/2022\/06\/minister-obrony-narodowej-obecnosc-wojska-na-wschodzie-kraju-Marek-Maliszewski-REPORTER.jpg","type":"image\/jpeg"}],"author":"Dignity News","twitter_card":"summary_large_image","twitter_misc":{"Napisane przez":"Dignity News","Szacowany czas czytania":"1 minuta"},"schema":{"@context":"https:\/\/schema.org","@graph":[{"@type":"WebSite","@id":"https:\/\/dignitynews.eu\/pl\/#website","url":"https:\/\/dignitynews.eu\/pl\/","name":"Godno\u015b\u0107 - DignityNews.eu","description":"","potentialAction":[{"@type":"SearchAction","target":{"@type":"EntryPoint","urlTemplate":"https:\/\/dignitynews.eu\/pl\/?s={search_term_string}"},"query-input":"required name=search_term_string"}],"inLanguage":"pl-PL"},{"@type":"WebPage","@id":"https:\/\/dignitynews.eu\/pl\/minister-obrony-narodowej-kluczowe-jest-wzmocnienie-obecnosci-wojska-polskiego-na-wschodzie-kraju\/","url":"https:\/\/dignitynews.eu\/pl\/minister-obrony-narodowej-kluczowe-jest-wzmocnienie-obecnosci-wojska-polskiego-na-wschodzie-kraju\/","name":"Minister obrony narodowej: kluczowe jest wzmocnienie obecno\u015bci Wojska Polskiego na wschodzie kraju - Godno\u015b\u0107 - DignityNews.eu","isPartOf":{"@id":"https:\/\/dignitynews.eu\/pl\/#website"},"datePublished":"2022-06-14T09:39:49+00:00","dateModified":"2022-06-14T09:39:49+00:00","author":{"@id":"https:\/\/dignitynews.eu\/pl\/#\/schema\/person\/0b62b762b8174802fabc81a3ecb1bfcb"},"breadcrumb":{"@id":"https:\/\/dignitynews.eu\/pl\/minister-obrony-narodowej-kluczowe-jest-wzmocnienie-obecnosci-wojska-polskiego-na-wschodzie-kraju\/#breadcrumb"},"inLanguage":"pl-PL","potentialAction":[{"@type":"ReadAction","target":["https:\/\/dignitynews.eu\/pl\/minister-obrony-narodowej-kluczowe-jest-wzmocnienie-obecnosci-wojska-polskiego-na-wschodzie-kraju\/"]}]},{"@type":"BreadcrumbList","@id":"https:\/\/dignitynews.eu\/pl\/minister-obrony-narodowej-kluczowe-jest-wzmocnienie-obecnosci-wojska-polskiego-na-wschodzie-kraju\/#breadcrumb","itemListElement":[{"@type":"ListItem","position":1,"name":"Strona g\u0142\u00f3wna","item":"https:\/\/dignitynews.eu\/pl\/"},{"@type":"ListItem","position":2,"name":"Minister obrony narodowej: kluczowe jest wzmocnienie obecno\u015bci Wojska Polskiego na wschodzie kraju"}]},{"@type":"Person","@id":"https:\/\/dignitynews.eu\/pl\/#\/schema\/person\/0b62b762b8174802fabc81a3ecb1bfcb","name":"Dignity News","image":{"@type":"ImageObject","inLanguage":"pl-PL","@id":"https:\/\/dignitynews.eu\/pl\/#\/schema\/person\/image\/","url":"https:\/\/secure.gravatar.com\/avatar\/97963171a6d9108f8381bbefb1c6b150c445b6ddd9e3077b96c86cf5892c85dc?s=96&d=mm&r=g","contentUrl":"https:\/\/secure.gravatar.com\/avatar\/97963171a6d9108f8381bbefb1c6b150c445b6ddd9e3077b96c86cf5892c85dc?s=96&d=mm&r=g","caption":"Dignity News"},"url":"https:\/\/dignitynews.eu\/pl\/author\/mikolaj-palade\/"}]}},"_links":{"self":[{"href":"https:\/\/dignitynews.eu\/pl\/wp-json\/wp\/v2\/posts\/20886","targetHints":{"allow":["GET"]}}],"collection":[{"href":"https:\/\/dignitynews.eu\/pl\/wp-json\/wp\/v2\/posts"}],"about":[{"href":"https:\/\/dignitynews.eu\/pl\/wp-json\/wp\/v2\/types\/post"}],"author":[{"embeddable":true,"href":"https:\/\/dignitynews.eu\/pl\/wp-json\/wp\/v2\/users\/7"}],"replies":[{"embeddable":true,"href":"https:\/\/dignitynews.eu\/pl\/wp-json\/wp\/v2\/comments?post=20886"}],"version-history":[{"count":1,"href":"https:\/\/dignitynews.eu\/pl\/wp-json\/wp\/v2\/posts\/20886\/revisions"}],"predecessor-version":[{"id":20892,"href":"https:\/\/dignitynews.eu\/pl\/wp-json\/wp\/v2\/posts\/20886\/revisions\/20892"}],"wp:featuredmedia":[{"embeddable":true,"href":"https:\/\/dignitynews.eu\/pl\/wp-json\/wp\/v2\/media\/20887"}],"wp:attachment":[{"href":"https:\/\/dignitynews.eu\/pl\/wp-json\/wp\/v2\/media?parent=20886"}],"wp:term":[{"taxonomy":"category","embeddable":true,"href":"https:\/\/dignitynews.eu\/pl\/wp-json\/wp\/v2\/categories?post=20886"},{"taxonomy":"post_tag","embeddable":true,"href":"https:\/\/dignitynews.eu\/pl\/wp-json\/wp\/v2\/tags?post=20886"}],"curies":[{"name":"wp","href":"https:\/\/api.w.org\/{rel}","templated":true}]}}