{"id":20745,"date":"2022-06-13T12:09:15","date_gmt":"2022-06-13T10:09:15","guid":{"rendered":"https:\/\/dignitynews.eu\/?p=20745"},"modified":"2022-06-13T12:09:15","modified_gmt":"2022-06-13T10:09:15","slug":"bedzie-wiecej-nato-na-wschodniej-flance","status":"publish","type":"post","link":"https:\/\/dignitynews.eu\/pl\/bedzie-wiecej-nato-na-wschodniej-flance\/","title":{"rendered":"B\u0119dzie wi\u0119cej NATO na wschodniej flance"},"content":{"rendered":"<h5><strong>Im wi\u0119cej wizyt, rozm\u00f3w i zainteresowania Ukrain\u0105, tym lepiej. Je\u015bli do tej wizyty dojdzie, to bardzo dobrze. Zobaczymy, co b\u0119dzie tego skutkiem \u2013 powiedzia\u0142 szef Biura Bezpiecze\u0144stwa Narodowego (BBN) Pawe\u0142 Soloch w telewizji Polsat News, pytany o wizyt\u0119 przyw\u00f3dc\u00f3w Francji, Niemiec i W\u0142och w Kijowie.<\/strong><\/h5>\n<p>Przypomnijmy, \u017ce wed\u0142ug w\u0142oskiego dziennika &#8222;La Stampa&#8221;, w czwartek 16 czerwca, premier W\u0142och Mario Draghi, kanclerz Niemiec\u00a0Olaf Scholz\u00a0i prezydent Francji\u00a0Emmanuel Macron\u00a0b\u0119d\u0105 w stolicy Ukrainy.<\/p>\n<p>Szef BBN podkre\u015bli\u0142, \u017ce polski prezydent i premier kilkukrotnie odwiedzali Ukrain\u0119.<\/p>\n<p>Je\u017celi b\u0119dzie taka potrzeba, to nasz prezydent mo\u017ce w\u0142\u0105czy\u0107 si\u0119 w konsultacje, kt\u00f3re mog\u0105 dokonywa\u0107 si\u0119 w ramach tej tr\u00f3jki. Wszelkie decyzje i propozycje nie mog\u0105 odby\u0107 si\u0119 bez Ukrainy \u2013 doda\u0142 Soloch i zaznaczy\u0142, \u017ce takie stanowisko \u201epar\u0119 dni temu w li\u015bcie skierowanym do Bukareszta\u0144skiej Dziewi\u0105tki potwierdzi\u0142 prezydent USA\u00a0Joe Biden\u201d.<\/p>\n<p>Tymczasem Kancelaria Prezydenta poinformowa\u0142a, \u017ce w\u00a0poniedzia\u0142ek 13 czerwca po po\u0142udniu odb\u0119dzie si\u0119 zdalna rozmowa prezydenta Andrzeja Dudy z prezydent S\u0142owacji Zuzan\u0105 Czaputov\u0105 oraz prezydentem Ukrainy Wo\u0142odymyrem Ze\u0142enskim.\u00a0Tematem rozmowy maj\u0105 by\u0107 ubieg\u0142otygodniowe wizyty zagraniczne polskiego prezydenta.<\/p>\n<p>W minionym tygodniu prezydent Andrzej Duda odwiedzi\u0142 Portugali\u0119, W\u0142ochy, a na koniec\u00a0 Rumuni\u0119, gdzie wzi\u0105\u0142 udzia\u0142 w szczycie przyw\u00f3dc\u00f3w pa\u0144stw Bukareszta\u0144skiej Dziewi\u0105tki (B9).<\/p>\n<p>Celem spotkania przyw\u00f3dc\u00f3w pa\u0144stw B9 by\u0142o przygotowanie stanowiska przed czerwcowym szczytem NATO w Madrycie, kt\u00f3ry odb\u0119dzie si\u0119 w dniach 29-30 czerwca.<\/p>\n<p>Prezydent Andrzej Duda powiedzia\u0142, \u017ce szczyt NATO w Madrycie \u201eprzes\u0105dzi o nowej postaci obecno\u015bci si\u0142 sojuszu na wschodniej flance\u201d.\u00a0Jak wyja\u015bni\u0142 szef BBN Pawe\u0142 Soloch chodzi o zwi\u0119kszon\u0105 obecno\u015b\u0107 wojskow\u0105 w krajach ba\u0142tyckich i w Polsce. B\u0119dzie ich wi\u0119cej nam zale\u017cy te\u017c, \u017ceby one by\u0142y wi\u0119ksze, czyli nie bataliony, a brygady \u2013 doda\u0142 Soloch.<\/p>\n<p>Adrian Andrzejewski<\/p>\n","protected":false},"excerpt":{"rendered":"<p>Im wi\u0119cej wizyt, rozm\u00f3w i zainteresowania Ukrain\u0105, tym lepiej. Je\u015bli do tej wizyty dojdzie, to bardzo dobrze. Zobaczymy, co b\u0119dzie tego skutkiem \u2013 powiedzia\u0142 szef Biura Bezpiecze\u0144stwa Narodowego (BBN) Pawe\u0142&hellip;<\/p>\n","protected":false},"author":7,"featured_media":20746,"comment_status":"closed","ping_status":"open","sticky":false,"template":"","format":"standard","meta":{"_mi_skip_tracking":false,"footnotes":""},"categories":[47],"tags":[],"class_list":["post-20745","post","type-post","status-publish","format-standard","has-post-thumbnail","hentry","category-wydarzenia"],"yoast_head":"<!-- This site is optimized with the Yoast SEO plugin v19.4 - https:\/\/yoast.com\/wordpress\/plugins\/seo\/ -->\n<title>B\u0119dzie wi\u0119cej NATO na wschodniej flance - Godno\u015b\u0107 - DignityNews.eu<\/title>\n<meta name=\"robots\" content=\"index, follow, max-snippet:-1, max-image-preview:large, max-video-preview:-1\" \/>\n<link rel=\"canonical\" href=\"https:\/\/dignitynews.eu\/pl\/bedzie-wiecej-nato-na-wschodniej-flance\/\" \/>\n<meta property=\"og:locale\" content=\"pl_PL\" \/>\n<meta property=\"og:type\" content=\"article\" \/>\n<meta property=\"og:title\" content=\"B\u0119dzie wi\u0119cej NATO na wschodniej flance - Godno\u015b\u0107 - DignityNews.eu\" \/>\n<meta property=\"og:description\" content=\"Im wi\u0119cej wizyt, rozm\u00f3w i zainteresowania Ukrain\u0105, tym lepiej. Je\u015bli do tej wizyty dojdzie, to bardzo dobrze. Zobaczymy, co b\u0119dzie tego skutkiem \u2013 powiedzia\u0142 szef Biura Bezpiecze\u0144stwa Narodowego (BBN) Pawe\u0142&hellip;\" \/>\n<meta property=\"og:url\" content=\"https:\/\/dignitynews.eu\/pl\/bedzie-wiecej-nato-na-wschodniej-flance\/\" \/>\n<meta property=\"og:site_name\" content=\"Godno\u015b\u0107 - DignityNews.eu\" \/>\n<meta property=\"article:published_time\" content=\"2022-06-13T10:09:15+00:00\" \/>\n<meta property=\"og:image\" content=\"https:\/\/dignitynews.eu\/wp-content\/uploads\/2022\/06\/Bedzie-wiecej-NATO-fot.-DANIEL-MIHAILESCU-AFP-East-News.jpg\" \/>\n\t<meta property=\"og:image:width\" content=\"1500\" \/>\n\t<meta property=\"og:image:height\" content=\"1068\" \/>\n\t<meta property=\"og:image:type\" content=\"image\/jpeg\" \/>\n<meta name=\"author\" content=\"Dignity News\" \/>\n<meta name=\"twitter:card\" content=\"summary_large_image\" \/>\n<meta name=\"twitter:label1\" content=\"Napisane przez\" \/>\n\t<meta name=\"twitter:data1\" content=\"Dignity News\" \/>\n\t<meta name=\"twitter:label2\" content=\"Szacowany czas czytania\" \/>\n\t<meta name=\"twitter:data2\" content=\"2 minuty\" \/>\n<script type=\"application\/ld+json\" class=\"yoast-schema-graph\">{\"@context\":\"https:\/\/schema.org\",\"@graph\":[{\"@type\":\"WebSite\",\"@id\":\"https:\/\/dignitynews.eu\/pl\/#website\",\"url\":\"https:\/\/dignitynews.eu\/pl\/\",\"name\":\"Godno\u015b\u0107 - DignityNews.eu\",\"description\":\"\",\"potentialAction\":[{\"@type\":\"SearchAction\",\"target\":{\"@type\":\"EntryPoint\",\"urlTemplate\":\"https:\/\/dignitynews.eu\/pl\/?s={search_term_string}\"},\"query-input\":\"required name=search_term_string\"}],\"inLanguage\":\"pl-PL\"},{\"@type\":\"WebPage\",\"@id\":\"https:\/\/dignitynews.eu\/pl\/bedzie-wiecej-nato-na-wschodniej-flance\/\",\"url\":\"https:\/\/dignitynews.eu\/pl\/bedzie-wiecej-nato-na-wschodniej-flance\/\",\"name\":\"B\u0119dzie wi\u0119cej NATO na wschodniej flance - Godno\u015b\u0107 - DignityNews.eu\",\"isPartOf\":{\"@id\":\"https:\/\/dignitynews.eu\/pl\/#website\"},\"datePublished\":\"2022-06-13T10:09:15+00:00\",\"dateModified\":\"2022-06-13T10:09:15+00:00\",\"author\":{\"@id\":\"https:\/\/dignitynews.eu\/pl\/#\/schema\/person\/0b62b762b8174802fabc81a3ecb1bfcb\"},\"breadcrumb\":{\"@id\":\"https:\/\/dignitynews.eu\/pl\/bedzie-wiecej-nato-na-wschodniej-flance\/#breadcrumb\"},\"inLanguage\":\"pl-PL\",\"potentialAction\":[{\"@type\":\"ReadAction\",\"target\":[\"https:\/\/dignitynews.eu\/pl\/bedzie-wiecej-nato-na-wschodniej-flance\/\"]}]},{\"@type\":\"BreadcrumbList\",\"@id\":\"https:\/\/dignitynews.eu\/pl\/bedzie-wiecej-nato-na-wschodniej-flance\/#breadcrumb\",\"itemListElement\":[{\"@type\":\"ListItem\",\"position\":1,\"name\":\"Strona g\u0142\u00f3wna\",\"item\":\"https:\/\/dignitynews.eu\/pl\/\"},{\"@type\":\"ListItem\",\"position\":2,\"name\":\"B\u0119dzie wi\u0119cej NATO na wschodniej flance\"}]},{\"@type\":\"Person\",\"@id\":\"https:\/\/dignitynews.eu\/pl\/#\/schema\/person\/0b62b762b8174802fabc81a3ecb1bfcb\",\"name\":\"Dignity News\",\"image\":{\"@type\":\"ImageObject\",\"inLanguage\":\"pl-PL\",\"@id\":\"https:\/\/dignitynews.eu\/pl\/#\/schema\/person\/image\/\",\"url\":\"https:\/\/secure.gravatar.com\/avatar\/97963171a6d9108f8381bbefb1c6b150c445b6ddd9e3077b96c86cf5892c85dc?s=96&d=mm&r=g\",\"contentUrl\":\"https:\/\/secure.gravatar.com\/avatar\/97963171a6d9108f8381bbefb1c6b150c445b6ddd9e3077b96c86cf5892c85dc?s=96&d=mm&r=g\",\"caption\":\"Dignity News\"},\"url\":\"https:\/\/dignitynews.eu\/pl\/author\/mikolaj-palade\/\"}]}<\/script>\n<!-- \/ Yoast SEO plugin. -->","yoast_head_json":{"title":"B\u0119dzie wi\u0119cej NATO na wschodniej flance - Godno\u015b\u0107 - DignityNews.eu","robots":{"index":"index","follow":"follow","max-snippet":"max-snippet:-1","max-image-preview":"max-image-preview:large","max-video-preview":"max-video-preview:-1"},"canonical":"https:\/\/dignitynews.eu\/pl\/bedzie-wiecej-nato-na-wschodniej-flance\/","og_locale":"pl_PL","og_type":"article","og_title":"B\u0119dzie wi\u0119cej NATO na wschodniej flance - Godno\u015b\u0107 - DignityNews.eu","og_description":"Im wi\u0119cej wizyt, rozm\u00f3w i zainteresowania Ukrain\u0105, tym lepiej. Je\u015bli do tej wizyty dojdzie, to bardzo dobrze. Zobaczymy, co b\u0119dzie tego skutkiem \u2013 powiedzia\u0142 szef Biura Bezpiecze\u0144stwa Narodowego (BBN) Pawe\u0142&hellip;","og_url":"https:\/\/dignitynews.eu\/pl\/bedzie-wiecej-nato-na-wschodniej-flance\/","og_site_name":"Godno\u015b\u0107 - DignityNews.eu","article_published_time":"2022-06-13T10:09:15+00:00","og_image":[{"width":1500,"height":1068,"url":"https:\/\/dignitynews.eu\/wp-content\/uploads\/2022\/06\/Bedzie-wiecej-NATO-fot.-DANIEL-MIHAILESCU-AFP-East-News.jpg","type":"image\/jpeg"}],"author":"Dignity News","twitter_card":"summary_large_image","twitter_misc":{"Napisane przez":"Dignity News","Szacowany czas czytania":"2 minuty"},"schema":{"@context":"https:\/\/schema.org","@graph":[{"@type":"WebSite","@id":"https:\/\/dignitynews.eu\/pl\/#website","url":"https:\/\/dignitynews.eu\/pl\/","name":"Godno\u015b\u0107 - DignityNews.eu","description":"","potentialAction":[{"@type":"SearchAction","target":{"@type":"EntryPoint","urlTemplate":"https:\/\/dignitynews.eu\/pl\/?s={search_term_string}"},"query-input":"required name=search_term_string"}],"inLanguage":"pl-PL"},{"@type":"WebPage","@id":"https:\/\/dignitynews.eu\/pl\/bedzie-wiecej-nato-na-wschodniej-flance\/","url":"https:\/\/dignitynews.eu\/pl\/bedzie-wiecej-nato-na-wschodniej-flance\/","name":"B\u0119dzie wi\u0119cej NATO na wschodniej flance - Godno\u015b\u0107 - DignityNews.eu","isPartOf":{"@id":"https:\/\/dignitynews.eu\/pl\/#website"},"datePublished":"2022-06-13T10:09:15+00:00","dateModified":"2022-06-13T10:09:15+00:00","author":{"@id":"https:\/\/dignitynews.eu\/pl\/#\/schema\/person\/0b62b762b8174802fabc81a3ecb1bfcb"},"breadcrumb":{"@id":"https:\/\/dignitynews.eu\/pl\/bedzie-wiecej-nato-na-wschodniej-flance\/#breadcrumb"},"inLanguage":"pl-PL","potentialAction":[{"@type":"ReadAction","target":["https:\/\/dignitynews.eu\/pl\/bedzie-wiecej-nato-na-wschodniej-flance\/"]}]},{"@type":"BreadcrumbList","@id":"https:\/\/dignitynews.eu\/pl\/bedzie-wiecej-nato-na-wschodniej-flance\/#breadcrumb","itemListElement":[{"@type":"ListItem","position":1,"name":"Strona g\u0142\u00f3wna","item":"https:\/\/dignitynews.eu\/pl\/"},{"@type":"ListItem","position":2,"name":"B\u0119dzie wi\u0119cej NATO na wschodniej flance"}]},{"@type":"Person","@id":"https:\/\/dignitynews.eu\/pl\/#\/schema\/person\/0b62b762b8174802fabc81a3ecb1bfcb","name":"Dignity News","image":{"@type":"ImageObject","inLanguage":"pl-PL","@id":"https:\/\/dignitynews.eu\/pl\/#\/schema\/person\/image\/","url":"https:\/\/secure.gravatar.com\/avatar\/97963171a6d9108f8381bbefb1c6b150c445b6ddd9e3077b96c86cf5892c85dc?s=96&d=mm&r=g","contentUrl":"https:\/\/secure.gravatar.com\/avatar\/97963171a6d9108f8381bbefb1c6b150c445b6ddd9e3077b96c86cf5892c85dc?s=96&d=mm&r=g","caption":"Dignity News"},"url":"https:\/\/dignitynews.eu\/pl\/author\/mikolaj-palade\/"}]}},"_links":{"self":[{"href":"https:\/\/dignitynews.eu\/pl\/wp-json\/wp\/v2\/posts\/20745","targetHints":{"allow":["GET"]}}],"collection":[{"href":"https:\/\/dignitynews.eu\/pl\/wp-json\/wp\/v2\/posts"}],"about":[{"href":"https:\/\/dignitynews.eu\/pl\/wp-json\/wp\/v2\/types\/post"}],"author":[{"embeddable":true,"href":"https:\/\/dignitynews.eu\/pl\/wp-json\/wp\/v2\/users\/7"}],"replies":[{"embeddable":true,"href":"https:\/\/dignitynews.eu\/pl\/wp-json\/wp\/v2\/comments?post=20745"}],"version-history":[{"count":1,"href":"https:\/\/dignitynews.eu\/pl\/wp-json\/wp\/v2\/posts\/20745\/revisions"}],"predecessor-version":[{"id":20751,"href":"https:\/\/dignitynews.eu\/pl\/wp-json\/wp\/v2\/posts\/20745\/revisions\/20751"}],"wp:featuredmedia":[{"embeddable":true,"href":"https:\/\/dignitynews.eu\/pl\/wp-json\/wp\/v2\/media\/20746"}],"wp:attachment":[{"href":"https:\/\/dignitynews.eu\/pl\/wp-json\/wp\/v2\/media?parent=20745"}],"wp:term":[{"taxonomy":"category","embeddable":true,"href":"https:\/\/dignitynews.eu\/pl\/wp-json\/wp\/v2\/categories?post=20745"},{"taxonomy":"post_tag","embeddable":true,"href":"https:\/\/dignitynews.eu\/pl\/wp-json\/wp\/v2\/tags?post=20745"}],"curies":[{"name":"wp","href":"https:\/\/api.w.org\/{rel}","templated":true}]}}