{"id":20202,"date":"2022-06-07T11:33:32","date_gmt":"2022-06-07T09:33:32","guid":{"rendered":"https:\/\/dignitynews.eu\/?p=20202"},"modified":"2022-06-07T11:33:32","modified_gmt":"2022-06-07T09:33:32","slug":"ksiadz-ktory-przed-ii-ws-byl-nacjonalista-w-czasie-wojny-ratowal-zydow","status":"publish","type":"post","link":"https:\/\/dignitynews.eu\/pl\/ksiadz-ktory-przed-ii-ws-byl-nacjonalista-w-czasie-wojny-ratowal-zydow\/","title":{"rendered":"Ksi\u0105dz, kt\u00f3ry przed II W\u015a by\u0142 nacjonalist\u0105, w czasie wojny ratowa\u0142 \u017byd\u00f3w"},"content":{"rendered":"<h5><strong>Ks. Marceli Godlewski popiera\u0142 pogl\u0105dy Narodowej Demokracji i czynnie dzia\u0142a\u0142 w ugrupowaniach zwi\u0105zanych z polskim ruchem narodowym.\u00a0 Nie by\u0142 przychylnie nastawiony \u00a0do \u017byd\u00f3w, dostrzegaj\u0105c w nich konkurent\u00f3w gospodarczych. Jednak, gdy Niemcy rozpocz\u0119li Holokaust, diametralnie zmieni\u0142 sw\u00f3j stosunek do os\u00f3b narodowo\u015bci \u017cydowskiej. <\/strong><\/h5>\n<p>Duchowny w 1915 r. obj\u0105\u0142 stanowisko proboszcza w parafii Wszystkich \u015awi\u0119tych w Warszawie. W 1940 r., niespe\u0142na rok po napa\u015bci na Polsk\u0119, Niemcy utworzyli w okupowanej stolicy Polski getto dla \u017byd\u00f3w, gdzie na niewielkiej przestrzeni st\u0142oczono kilkaset tysi\u0119cy os\u00f3b. W miejscu tym panowa\u0142 g\u0142\u00f3d, choroby i \u015bmier\u0107.<\/p>\n<p><strong>Proboszcz z getta<\/strong><\/p>\n<p>Teren parafii ks. Godlewskiego obejmowa\u0142 tak\u017ce getto \u017cydowskie. Widz\u0105c cierpienie \u017byd\u00f3w, \u00a0nie m\u00f3g\u0142\u00a0 bezczynnie patrze\u0107 na to, jak Niemcy ich prze\u015bladuj\u0105 i eksterminuj\u0105. Zdecydowa\u0142\u00a0si\u0119\u00a0pom\u00f3c.<\/p>\n<p>Duchowny pozyskiwa\u0142 fa\u0142szywe dokumenty. Jako proboszcz parafii, mia\u0142 dost\u0119p do metryk ko\u015bcielnych. Wpisywa\u0142 wi\u0119c \u00a0fa\u0142szywe nazwiska, pod kt\u00f3rymi kryli si\u0119\u00a0 \u017bydzi. Nazwiska odpowiada\u0142y fa\u0142szywym dokumentom, a wpis w metryce uwiarygadnia\u0142 to\u017csamo\u015b\u0107.<\/p>\n<p>Sw\u00f3j prywatny dom przekaza\u0142 Zgromadzeniu Si\u00f3str Franciszkanek, by zosta\u0142 zaadaptowany na budynek sieroci\u0144ca. \u00a0Ukrywa\u0142y si\u0119 w nim \u017cydowskie dzieci. Ks. Godlewski wraz z innym kap\u0142anem katolickim, Antonim Czarneckim, prowadzi\u0142 r\u00f3wnie\u017c jad\u0142odajni\u0119 dla \u017byd\u00f3w z getta, kt\u00f3rzy cierpieli g\u0142\u00f3d. Niemcy zakazali jej funkcjonowania w 1941 r., gdy na terenie okupowanej Polski wprowadzono kar\u0119 \u015bmierci za pomaganie \u017bydom. Warto podkre\u015bli\u0107 , \u017ce obszar podbitej przez Niemc\u00f3w Polski by\u0142 jedynym miejscem okupowanym przez Niemc\u00f3w, gdzie takowa kara istnia\u0142a.\u00a0 Ponadto duchowni, dzi\u0119ki posiadanym przepustkom, mogli wychodzi\u0107 z getta. Wykorzystali to do przemytu \u017cywno\u015bci i lek\u00f3w dla \u017byd\u00f3w.<\/p>\n<p><strong>Ile os\u00f3b \u00a0uratowa\u0142? <\/strong><\/p>\n<p>Ks. Godlewski zmar\u0142 w 1945 r., po zako\u0144czeniu II wojny \u015bwiatowej. Historycy szacuj\u0105, \u017ce z jego pomocy skorzysta\u0107 mog\u0142o nawet 3 tysi\u0105ce \u017byd\u00f3w. W 2009 r. Instytut Yad Vashem przyzna\u0142 mu medal \u201eSprawiedliwy w\u015br\u00f3d Narod\u00f3w \u015awiat\u201d. 7 czerwca 2017 r. ko\u015bci\u00f3\u0142 Wszystkich \u015awi\u0119tych, gdzie proboszczem by\u0142 ks. Godlewski, otrzyma\u0142 tytu\u0142 Domu \u017bycia, nadany przez Fundacj\u0119 Raoula Wallenberga.<\/p>\n","protected":false},"excerpt":{"rendered":"<p>Ks. Marceli Godlewski popiera\u0142 pogl\u0105dy Narodowej Demokracji i czynnie dzia\u0142a\u0142 w ugrupowaniach zwi\u0105zanych z polskim ruchem narodowym.\u00a0 Nie by\u0142 przychylnie nastawiony \u00a0do \u017byd\u00f3w, dostrzegaj\u0105c w nich konkurent\u00f3w gospodarczych. Jednak, gdy&hellip;<\/p>\n","protected":false},"author":7,"featured_media":20203,"comment_status":"closed","ping_status":"open","sticky":false,"template":"","format":"standard","meta":{"_mi_skip_tracking":false,"footnotes":""},"categories":[46],"tags":[],"class_list":["post-20202","post","type-post","status-publish","format-standard","has-post-thumbnail","hentry","category-historia"],"yoast_head":"<!-- This site is optimized with the Yoast SEO plugin v19.4 - https:\/\/yoast.com\/wordpress\/plugins\/seo\/ -->\n<title>Ksi\u0105dz, kt\u00f3ry przed II W\u015a by\u0142 nacjonalist\u0105, w czasie wojny ratowa\u0142 \u017byd\u00f3w - Godno\u015b\u0107 - DignityNews.eu<\/title>\n<meta name=\"robots\" content=\"index, follow, max-snippet:-1, max-image-preview:large, max-video-preview:-1\" \/>\n<link rel=\"canonical\" href=\"https:\/\/dignitynews.eu\/pl\/ksiadz-ktory-przed-ii-ws-byl-nacjonalista-w-czasie-wojny-ratowal-zydow\/\" \/>\n<meta property=\"og:locale\" content=\"pl_PL\" \/>\n<meta property=\"og:type\" content=\"article\" \/>\n<meta property=\"og:title\" content=\"Ksi\u0105dz, kt\u00f3ry przed II W\u015a by\u0142 nacjonalist\u0105, w czasie wojny ratowa\u0142 \u017byd\u00f3w - Godno\u015b\u0107 - DignityNews.eu\" \/>\n<meta property=\"og:description\" content=\"Ks. Marceli Godlewski popiera\u0142 pogl\u0105dy Narodowej Demokracji i czynnie dzia\u0142a\u0142 w ugrupowaniach zwi\u0105zanych z polskim ruchem narodowym.\u00a0 Nie by\u0142 przychylnie nastawiony \u00a0do \u017byd\u00f3w, dostrzegaj\u0105c w nich konkurent\u00f3w gospodarczych. Jednak, gdy&hellip;\" \/>\n<meta property=\"og:url\" content=\"https:\/\/dignitynews.eu\/pl\/ksiadz-ktory-przed-ii-ws-byl-nacjonalista-w-czasie-wojny-ratowal-zydow\/\" \/>\n<meta property=\"og:site_name\" content=\"Godno\u015b\u0107 - DignityNews.eu\" \/>\n<meta property=\"article:published_time\" content=\"2022-06-07T09:33:32+00:00\" \/>\n<meta property=\"og:image\" content=\"https:\/\/dignitynews.eu\/wp-content\/uploads\/2022\/06\/ks.-Marceli-Godlewski.webp\" \/>\n\t<meta property=\"og:image:width\" content=\"500\" \/>\n\t<meta property=\"og:image:height\" content=\"750\" \/>\n\t<meta property=\"og:image:type\" content=\"image\/webp\" \/>\n<meta name=\"author\" content=\"Dignity News\" \/>\n<meta name=\"twitter:card\" content=\"summary_large_image\" \/>\n<meta name=\"twitter:label1\" content=\"Napisane przez\" \/>\n\t<meta name=\"twitter:data1\" content=\"Dignity News\" \/>\n\t<meta name=\"twitter:label2\" content=\"Szacowany czas czytania\" \/>\n\t<meta name=\"twitter:data2\" content=\"2 minuty\" \/>\n<script type=\"application\/ld+json\" class=\"yoast-schema-graph\">{\"@context\":\"https:\/\/schema.org\",\"@graph\":[{\"@type\":\"WebSite\",\"@id\":\"https:\/\/dignitynews.eu\/pl\/#website\",\"url\":\"https:\/\/dignitynews.eu\/pl\/\",\"name\":\"Godno\u015b\u0107 - DignityNews.eu\",\"description\":\"\",\"potentialAction\":[{\"@type\":\"SearchAction\",\"target\":{\"@type\":\"EntryPoint\",\"urlTemplate\":\"https:\/\/dignitynews.eu\/pl\/?s={search_term_string}\"},\"query-input\":\"required name=search_term_string\"}],\"inLanguage\":\"pl-PL\"},{\"@type\":\"WebPage\",\"@id\":\"https:\/\/dignitynews.eu\/pl\/ksiadz-ktory-przed-ii-ws-byl-nacjonalista-w-czasie-wojny-ratowal-zydow\/\",\"url\":\"https:\/\/dignitynews.eu\/pl\/ksiadz-ktory-przed-ii-ws-byl-nacjonalista-w-czasie-wojny-ratowal-zydow\/\",\"name\":\"Ksi\u0105dz, kt\u00f3ry przed II W\u015a by\u0142 nacjonalist\u0105, w czasie wojny ratowa\u0142 \u017byd\u00f3w - Godno\u015b\u0107 - DignityNews.eu\",\"isPartOf\":{\"@id\":\"https:\/\/dignitynews.eu\/pl\/#website\"},\"datePublished\":\"2022-06-07T09:33:32+00:00\",\"dateModified\":\"2022-06-07T09:33:32+00:00\",\"author\":{\"@id\":\"https:\/\/dignitynews.eu\/pl\/#\/schema\/person\/0b62b762b8174802fabc81a3ecb1bfcb\"},\"breadcrumb\":{\"@id\":\"https:\/\/dignitynews.eu\/pl\/ksiadz-ktory-przed-ii-ws-byl-nacjonalista-w-czasie-wojny-ratowal-zydow\/#breadcrumb\"},\"inLanguage\":\"pl-PL\",\"potentialAction\":[{\"@type\":\"ReadAction\",\"target\":[\"https:\/\/dignitynews.eu\/pl\/ksiadz-ktory-przed-ii-ws-byl-nacjonalista-w-czasie-wojny-ratowal-zydow\/\"]}]},{\"@type\":\"BreadcrumbList\",\"@id\":\"https:\/\/dignitynews.eu\/pl\/ksiadz-ktory-przed-ii-ws-byl-nacjonalista-w-czasie-wojny-ratowal-zydow\/#breadcrumb\",\"itemListElement\":[{\"@type\":\"ListItem\",\"position\":1,\"name\":\"Strona g\u0142\u00f3wna\",\"item\":\"https:\/\/dignitynews.eu\/pl\/\"},{\"@type\":\"ListItem\",\"position\":2,\"name\":\"Ksi\u0105dz, kt\u00f3ry przed II W\u015a by\u0142 nacjonalist\u0105, w czasie wojny ratowa\u0142 \u017byd\u00f3w\"}]},{\"@type\":\"Person\",\"@id\":\"https:\/\/dignitynews.eu\/pl\/#\/schema\/person\/0b62b762b8174802fabc81a3ecb1bfcb\",\"name\":\"Dignity News\",\"image\":{\"@type\":\"ImageObject\",\"inLanguage\":\"pl-PL\",\"@id\":\"https:\/\/dignitynews.eu\/pl\/#\/schema\/person\/image\/\",\"url\":\"https:\/\/secure.gravatar.com\/avatar\/97963171a6d9108f8381bbefb1c6b150c445b6ddd9e3077b96c86cf5892c85dc?s=96&d=mm&r=g\",\"contentUrl\":\"https:\/\/secure.gravatar.com\/avatar\/97963171a6d9108f8381bbefb1c6b150c445b6ddd9e3077b96c86cf5892c85dc?s=96&d=mm&r=g\",\"caption\":\"Dignity News\"},\"url\":\"https:\/\/dignitynews.eu\/pl\/author\/mikolaj-palade\/\"}]}<\/script>\n<!-- \/ Yoast SEO plugin. -->","yoast_head_json":{"title":"Ksi\u0105dz, kt\u00f3ry przed II W\u015a by\u0142 nacjonalist\u0105, w czasie wojny ratowa\u0142 \u017byd\u00f3w - Godno\u015b\u0107 - DignityNews.eu","robots":{"index":"index","follow":"follow","max-snippet":"max-snippet:-1","max-image-preview":"max-image-preview:large","max-video-preview":"max-video-preview:-1"},"canonical":"https:\/\/dignitynews.eu\/pl\/ksiadz-ktory-przed-ii-ws-byl-nacjonalista-w-czasie-wojny-ratowal-zydow\/","og_locale":"pl_PL","og_type":"article","og_title":"Ksi\u0105dz, kt\u00f3ry przed II W\u015a by\u0142 nacjonalist\u0105, w czasie wojny ratowa\u0142 \u017byd\u00f3w - Godno\u015b\u0107 - DignityNews.eu","og_description":"Ks. Marceli Godlewski popiera\u0142 pogl\u0105dy Narodowej Demokracji i czynnie dzia\u0142a\u0142 w ugrupowaniach zwi\u0105zanych z polskim ruchem narodowym.\u00a0 Nie by\u0142 przychylnie nastawiony \u00a0do \u017byd\u00f3w, dostrzegaj\u0105c w nich konkurent\u00f3w gospodarczych. Jednak, gdy&hellip;","og_url":"https:\/\/dignitynews.eu\/pl\/ksiadz-ktory-przed-ii-ws-byl-nacjonalista-w-czasie-wojny-ratowal-zydow\/","og_site_name":"Godno\u015b\u0107 - DignityNews.eu","article_published_time":"2022-06-07T09:33:32+00:00","og_image":[{"width":500,"height":750,"url":"https:\/\/dignitynews.eu\/wp-content\/uploads\/2022\/06\/ks.-Marceli-Godlewski.webp","type":"image\/webp"}],"author":"Dignity News","twitter_card":"summary_large_image","twitter_misc":{"Napisane przez":"Dignity News","Szacowany czas czytania":"2 minuty"},"schema":{"@context":"https:\/\/schema.org","@graph":[{"@type":"WebSite","@id":"https:\/\/dignitynews.eu\/pl\/#website","url":"https:\/\/dignitynews.eu\/pl\/","name":"Godno\u015b\u0107 - DignityNews.eu","description":"","potentialAction":[{"@type":"SearchAction","target":{"@type":"EntryPoint","urlTemplate":"https:\/\/dignitynews.eu\/pl\/?s={search_term_string}"},"query-input":"required name=search_term_string"}],"inLanguage":"pl-PL"},{"@type":"WebPage","@id":"https:\/\/dignitynews.eu\/pl\/ksiadz-ktory-przed-ii-ws-byl-nacjonalista-w-czasie-wojny-ratowal-zydow\/","url":"https:\/\/dignitynews.eu\/pl\/ksiadz-ktory-przed-ii-ws-byl-nacjonalista-w-czasie-wojny-ratowal-zydow\/","name":"Ksi\u0105dz, kt\u00f3ry przed II W\u015a by\u0142 nacjonalist\u0105, w czasie wojny ratowa\u0142 \u017byd\u00f3w - Godno\u015b\u0107 - DignityNews.eu","isPartOf":{"@id":"https:\/\/dignitynews.eu\/pl\/#website"},"datePublished":"2022-06-07T09:33:32+00:00","dateModified":"2022-06-07T09:33:32+00:00","author":{"@id":"https:\/\/dignitynews.eu\/pl\/#\/schema\/person\/0b62b762b8174802fabc81a3ecb1bfcb"},"breadcrumb":{"@id":"https:\/\/dignitynews.eu\/pl\/ksiadz-ktory-przed-ii-ws-byl-nacjonalista-w-czasie-wojny-ratowal-zydow\/#breadcrumb"},"inLanguage":"pl-PL","potentialAction":[{"@type":"ReadAction","target":["https:\/\/dignitynews.eu\/pl\/ksiadz-ktory-przed-ii-ws-byl-nacjonalista-w-czasie-wojny-ratowal-zydow\/"]}]},{"@type":"BreadcrumbList","@id":"https:\/\/dignitynews.eu\/pl\/ksiadz-ktory-przed-ii-ws-byl-nacjonalista-w-czasie-wojny-ratowal-zydow\/#breadcrumb","itemListElement":[{"@type":"ListItem","position":1,"name":"Strona g\u0142\u00f3wna","item":"https:\/\/dignitynews.eu\/pl\/"},{"@type":"ListItem","position":2,"name":"Ksi\u0105dz, kt\u00f3ry przed II W\u015a by\u0142 nacjonalist\u0105, w czasie wojny ratowa\u0142 \u017byd\u00f3w"}]},{"@type":"Person","@id":"https:\/\/dignitynews.eu\/pl\/#\/schema\/person\/0b62b762b8174802fabc81a3ecb1bfcb","name":"Dignity News","image":{"@type":"ImageObject","inLanguage":"pl-PL","@id":"https:\/\/dignitynews.eu\/pl\/#\/schema\/person\/image\/","url":"https:\/\/secure.gravatar.com\/avatar\/97963171a6d9108f8381bbefb1c6b150c445b6ddd9e3077b96c86cf5892c85dc?s=96&d=mm&r=g","contentUrl":"https:\/\/secure.gravatar.com\/avatar\/97963171a6d9108f8381bbefb1c6b150c445b6ddd9e3077b96c86cf5892c85dc?s=96&d=mm&r=g","caption":"Dignity News"},"url":"https:\/\/dignitynews.eu\/pl\/author\/mikolaj-palade\/"}]}},"_links":{"self":[{"href":"https:\/\/dignitynews.eu\/pl\/wp-json\/wp\/v2\/posts\/20202","targetHints":{"allow":["GET"]}}],"collection":[{"href":"https:\/\/dignitynews.eu\/pl\/wp-json\/wp\/v2\/posts"}],"about":[{"href":"https:\/\/dignitynews.eu\/pl\/wp-json\/wp\/v2\/types\/post"}],"author":[{"embeddable":true,"href":"https:\/\/dignitynews.eu\/pl\/wp-json\/wp\/v2\/users\/7"}],"replies":[{"embeddable":true,"href":"https:\/\/dignitynews.eu\/pl\/wp-json\/wp\/v2\/comments?post=20202"}],"version-history":[{"count":1,"href":"https:\/\/dignitynews.eu\/pl\/wp-json\/wp\/v2\/posts\/20202\/revisions"}],"predecessor-version":[{"id":20208,"href":"https:\/\/dignitynews.eu\/pl\/wp-json\/wp\/v2\/posts\/20202\/revisions\/20208"}],"wp:featuredmedia":[{"embeddable":true,"href":"https:\/\/dignitynews.eu\/pl\/wp-json\/wp\/v2\/media\/20203"}],"wp:attachment":[{"href":"https:\/\/dignitynews.eu\/pl\/wp-json\/wp\/v2\/media?parent=20202"}],"wp:term":[{"taxonomy":"category","embeddable":true,"href":"https:\/\/dignitynews.eu\/pl\/wp-json\/wp\/v2\/categories?post=20202"},{"taxonomy":"post_tag","embeddable":true,"href":"https:\/\/dignitynews.eu\/pl\/wp-json\/wp\/v2\/tags?post=20202"}],"curies":[{"name":"wp","href":"https:\/\/api.w.org\/{rel}","templated":true}]}}