{"id":20183,"date":"2022-06-07T11:29:19","date_gmt":"2022-06-07T09:29:19","guid":{"rendered":"https:\/\/dignitynews.eu\/?p=20183"},"modified":"2022-06-07T11:29:19","modified_gmt":"2022-06-07T09:29:19","slug":"coraz-wiecej-rejestracji-pojazdow-uzytkowych-powyzej-35-t","status":"publish","type":"post","link":"https:\/\/dignitynews.eu\/pl\/coraz-wiecej-rejestracji-pojazdow-uzytkowych-powyzej-35-t\/","title":{"rendered":"Coraz wi\u0119cej rejestracji pojazd\u00f3w u\u017cytkowych powy\u017cej 3,5 t"},"content":{"rendered":"<h5><strong>Liczba rejestracji nowych pojazd\u00f3w u\u017cytkowych powy\u017cej 3,5 t w Polsce wynios\u0142a 3 063 w maju 2022 r., co oznacza wzrost rok do roku o 2,4 proc., poda\u0142 Polski Zwi\u0105zek Przemys\u0142u Motoryzacyjnego (PZPM) na podstawie wst\u0119pnych danych Centralnej Ewidencji Pojazd\u00f3w.<\/strong><\/h5>\n<p>Samochod\u00f3w ci\u0119\u017carowych przyby\u0142o 2 978 szt. By\u0142 to drugi najwy\u017cszy rezultat analogicznego miesi\u0105ca w historii notowa\u0144 po maju 2019 r. kiedy zarejestrowano 3 196 szt. \u2013 czytamy w komunikacie.<\/p>\n<p>Rynek autobus\u00f3w zmniejszy\u0142 si\u0119 o 34,6 proc. r\/r i osi\u0105gn\u0105\u0142 rezultat 85 szt. Od pocz\u0105tku roku by\u0142 to drugi miesi\u0105c ze spadkiem po lutym (-28,1 proc.). Pozosta\u0142e notowa\u0142y wzrosty: stycze\u0144 br. +14 proc., marzec +36 proc., kwiecie\u0144 + 13 proc. Osi\u0105gni\u0119ty poziom by\u0142 ni\u017cszy nawet od wyniku z maja 2020, w pierwszym roku pandemii, kiedy zarejestrowano 97 szt. Rynek autobus\u00f3w jest mocno niestabilny. Negatywny trend dominuje na przestrzeni ostatnich trzech lat. Wydaje si\u0119, \u017ce sytuacja geopolityczna nie wp\u0142ynie na jego odwr\u00f3cenie \u2013 ocenia PZM.<\/p>\n<p>Za og\u00f3lny wzrost liczby rejestracji samochod\u00f3w ci\u0119\u017carowych odpowiadaj\u0105 g\u0142\u00f3wnie ci\u0105gniki samochodowe, kt\u00f3rych rynek wzr\u00f3s\u0142 (+4,8 proc. r\/r) po 4 miesi\u0105cach spadk\u00f3w (w lutym br. zmniejszy\u0142y si\u0119 o 22,1 proc., w marcu o 21 proc. a w kwietniu o 21,8 proc.). Wcze\u015bniej rejestracje ci\u0105gnik\u00f3w ros\u0142y nieprzerwanie przez 16 miesi\u0119cy \u2013 od pa\u017adziernika 2020 r. do stycznia br. Podwozi do samochod\u00f3w ci\u0119\u017carowych uby\u0142o w por\u00f3wnaniu z majem ub.r. (-3,4 proc.), a liczba niewiele wa\u017c\u0105cych podwozi samochod\u00f3w specjalnych zwi\u0119kszy\u0142a si\u0119 o 82,9 proc.. Dostawy \u0142\u0105cznie wszystkich ci\u0119\u017car\u00f3wek do odbiorc\u00f3w obj\u0119\u0142y 2 978 szt. \u2013 wynika z danych Centralnej Ewidencji Pojazd\u00f3w.<\/p>\n<p>Od pocz\u0105tku 2022 roku przyby\u0142o 13 356 szt. nowych pojazd\u00f3w u\u017cytkowych o dopuszczalnej masie ca\u0142kowitej pow. 3,5 t,\u00a0co oznacza spadek (-4,7 proc.) w skali roku. W grupie samochod\u00f3w ci\u0119\u017carowych rejestracji by\u0142o 12 860, mniej o 4,7 proc. ni\u017c w tym samym okresie 2021 r., a grupa autobus\u00f3w zmniejszy\u0142a si\u0119 w tym czasie o 3,5 proc. (do 496 szt.), podano te\u017c w informacji.<\/p>\n<p>Adrian Andrzejewski zlec<\/p>\n","protected":false},"excerpt":{"rendered":"<p>Liczba rejestracji nowych pojazd\u00f3w u\u017cytkowych powy\u017cej 3,5 t w Polsce wynios\u0142a 3 063 w maju 2022 r., co oznacza wzrost rok do roku o 2,4 proc., poda\u0142 Polski Zwi\u0105zek Przemys\u0142u&hellip;<\/p>\n","protected":false},"author":7,"featured_media":20184,"comment_status":"closed","ping_status":"open","sticky":false,"template":"","format":"standard","meta":{"_mi_skip_tracking":false,"footnotes":""},"categories":[48],"tags":[],"class_list":["post-20183","post","type-post","status-publish","format-standard","has-post-thumbnail","hentry","category-gospodarka"],"yoast_head":"<!-- This site is optimized with the Yoast SEO plugin v19.4 - https:\/\/yoast.com\/wordpress\/plugins\/seo\/ -->\n<title>Coraz wi\u0119cej rejestracji pojazd\u00f3w u\u017cytkowych powy\u017cej 3,5 t - Godno\u015b\u0107 - DignityNews.eu<\/title>\n<meta name=\"robots\" content=\"index, follow, max-snippet:-1, max-image-preview:large, max-video-preview:-1\" \/>\n<link rel=\"canonical\" href=\"https:\/\/dignitynews.eu\/pl\/coraz-wiecej-rejestracji-pojazdow-uzytkowych-powyzej-35-t\/\" \/>\n<meta property=\"og:locale\" content=\"pl_PL\" \/>\n<meta property=\"og:type\" content=\"article\" \/>\n<meta property=\"og:title\" content=\"Coraz wi\u0119cej rejestracji pojazd\u00f3w u\u017cytkowych powy\u017cej 3,5 t - Godno\u015b\u0107 - DignityNews.eu\" \/>\n<meta property=\"og:description\" content=\"Liczba rejestracji nowych pojazd\u00f3w u\u017cytkowych powy\u017cej 3,5 t w Polsce wynios\u0142a 3 063 w maju 2022 r., co oznacza wzrost rok do roku o 2,4 proc., poda\u0142 Polski Zwi\u0105zek Przemys\u0142u&hellip;\" \/>\n<meta property=\"og:url\" content=\"https:\/\/dignitynews.eu\/pl\/coraz-wiecej-rejestracji-pojazdow-uzytkowych-powyzej-35-t\/\" \/>\n<meta property=\"og:site_name\" content=\"Godno\u015b\u0107 - DignityNews.eu\" \/>\n<meta property=\"article:published_time\" content=\"2022-06-07T09:29:19+00:00\" \/>\n<meta property=\"og:image\" content=\"https:\/\/dignitynews.eu\/wp-content\/uploads\/2022\/06\/TIRy-fot.-Marek-BAZAK-East-News.jpg\" \/>\n\t<meta property=\"og:image:width\" content=\"1500\" \/>\n\t<meta property=\"og:image:height\" content=\"997\" \/>\n\t<meta property=\"og:image:type\" content=\"image\/jpeg\" \/>\n<meta name=\"author\" content=\"Dignity News\" \/>\n<meta name=\"twitter:card\" content=\"summary_large_image\" \/>\n<meta name=\"twitter:label1\" content=\"Napisane przez\" \/>\n\t<meta name=\"twitter:data1\" content=\"Dignity News\" \/>\n\t<meta name=\"twitter:label2\" content=\"Szacowany czas czytania\" \/>\n\t<meta name=\"twitter:data2\" content=\"2 minuty\" \/>\n<script type=\"application\/ld+json\" class=\"yoast-schema-graph\">{\"@context\":\"https:\/\/schema.org\",\"@graph\":[{\"@type\":\"WebSite\",\"@id\":\"https:\/\/dignitynews.eu\/pl\/#website\",\"url\":\"https:\/\/dignitynews.eu\/pl\/\",\"name\":\"Godno\u015b\u0107 - DignityNews.eu\",\"description\":\"\",\"potentialAction\":[{\"@type\":\"SearchAction\",\"target\":{\"@type\":\"EntryPoint\",\"urlTemplate\":\"https:\/\/dignitynews.eu\/pl\/?s={search_term_string}\"},\"query-input\":\"required name=search_term_string\"}],\"inLanguage\":\"pl-PL\"},{\"@type\":\"WebPage\",\"@id\":\"https:\/\/dignitynews.eu\/pl\/coraz-wiecej-rejestracji-pojazdow-uzytkowych-powyzej-35-t\/\",\"url\":\"https:\/\/dignitynews.eu\/pl\/coraz-wiecej-rejestracji-pojazdow-uzytkowych-powyzej-35-t\/\",\"name\":\"Coraz wi\u0119cej rejestracji pojazd\u00f3w u\u017cytkowych powy\u017cej 3,5 t - Godno\u015b\u0107 - DignityNews.eu\",\"isPartOf\":{\"@id\":\"https:\/\/dignitynews.eu\/pl\/#website\"},\"datePublished\":\"2022-06-07T09:29:19+00:00\",\"dateModified\":\"2022-06-07T09:29:19+00:00\",\"author\":{\"@id\":\"https:\/\/dignitynews.eu\/pl\/#\/schema\/person\/0b62b762b8174802fabc81a3ecb1bfcb\"},\"breadcrumb\":{\"@id\":\"https:\/\/dignitynews.eu\/pl\/coraz-wiecej-rejestracji-pojazdow-uzytkowych-powyzej-35-t\/#breadcrumb\"},\"inLanguage\":\"pl-PL\",\"potentialAction\":[{\"@type\":\"ReadAction\",\"target\":[\"https:\/\/dignitynews.eu\/pl\/coraz-wiecej-rejestracji-pojazdow-uzytkowych-powyzej-35-t\/\"]}]},{\"@type\":\"BreadcrumbList\",\"@id\":\"https:\/\/dignitynews.eu\/pl\/coraz-wiecej-rejestracji-pojazdow-uzytkowych-powyzej-35-t\/#breadcrumb\",\"itemListElement\":[{\"@type\":\"ListItem\",\"position\":1,\"name\":\"Strona g\u0142\u00f3wna\",\"item\":\"https:\/\/dignitynews.eu\/pl\/\"},{\"@type\":\"ListItem\",\"position\":2,\"name\":\"Coraz wi\u0119cej rejestracji pojazd\u00f3w u\u017cytkowych powy\u017cej 3,5 t\"}]},{\"@type\":\"Person\",\"@id\":\"https:\/\/dignitynews.eu\/pl\/#\/schema\/person\/0b62b762b8174802fabc81a3ecb1bfcb\",\"name\":\"Dignity News\",\"image\":{\"@type\":\"ImageObject\",\"inLanguage\":\"pl-PL\",\"@id\":\"https:\/\/dignitynews.eu\/pl\/#\/schema\/person\/image\/\",\"url\":\"https:\/\/secure.gravatar.com\/avatar\/97963171a6d9108f8381bbefb1c6b150c445b6ddd9e3077b96c86cf5892c85dc?s=96&d=mm&r=g\",\"contentUrl\":\"https:\/\/secure.gravatar.com\/avatar\/97963171a6d9108f8381bbefb1c6b150c445b6ddd9e3077b96c86cf5892c85dc?s=96&d=mm&r=g\",\"caption\":\"Dignity News\"},\"url\":\"https:\/\/dignitynews.eu\/pl\/author\/mikolaj-palade\/\"}]}<\/script>\n<!-- \/ Yoast SEO plugin. -->","yoast_head_json":{"title":"Coraz wi\u0119cej rejestracji pojazd\u00f3w u\u017cytkowych powy\u017cej 3,5 t - Godno\u015b\u0107 - DignityNews.eu","robots":{"index":"index","follow":"follow","max-snippet":"max-snippet:-1","max-image-preview":"max-image-preview:large","max-video-preview":"max-video-preview:-1"},"canonical":"https:\/\/dignitynews.eu\/pl\/coraz-wiecej-rejestracji-pojazdow-uzytkowych-powyzej-35-t\/","og_locale":"pl_PL","og_type":"article","og_title":"Coraz wi\u0119cej rejestracji pojazd\u00f3w u\u017cytkowych powy\u017cej 3,5 t - Godno\u015b\u0107 - DignityNews.eu","og_description":"Liczba rejestracji nowych pojazd\u00f3w u\u017cytkowych powy\u017cej 3,5 t w Polsce wynios\u0142a 3 063 w maju 2022 r., co oznacza wzrost rok do roku o 2,4 proc., poda\u0142 Polski Zwi\u0105zek Przemys\u0142u&hellip;","og_url":"https:\/\/dignitynews.eu\/pl\/coraz-wiecej-rejestracji-pojazdow-uzytkowych-powyzej-35-t\/","og_site_name":"Godno\u015b\u0107 - DignityNews.eu","article_published_time":"2022-06-07T09:29:19+00:00","og_image":[{"width":1500,"height":997,"url":"https:\/\/dignitynews.eu\/wp-content\/uploads\/2022\/06\/TIRy-fot.-Marek-BAZAK-East-News.jpg","type":"image\/jpeg"}],"author":"Dignity News","twitter_card":"summary_large_image","twitter_misc":{"Napisane przez":"Dignity News","Szacowany czas czytania":"2 minuty"},"schema":{"@context":"https:\/\/schema.org","@graph":[{"@type":"WebSite","@id":"https:\/\/dignitynews.eu\/pl\/#website","url":"https:\/\/dignitynews.eu\/pl\/","name":"Godno\u015b\u0107 - DignityNews.eu","description":"","potentialAction":[{"@type":"SearchAction","target":{"@type":"EntryPoint","urlTemplate":"https:\/\/dignitynews.eu\/pl\/?s={search_term_string}"},"query-input":"required name=search_term_string"}],"inLanguage":"pl-PL"},{"@type":"WebPage","@id":"https:\/\/dignitynews.eu\/pl\/coraz-wiecej-rejestracji-pojazdow-uzytkowych-powyzej-35-t\/","url":"https:\/\/dignitynews.eu\/pl\/coraz-wiecej-rejestracji-pojazdow-uzytkowych-powyzej-35-t\/","name":"Coraz wi\u0119cej rejestracji pojazd\u00f3w u\u017cytkowych powy\u017cej 3,5 t - Godno\u015b\u0107 - DignityNews.eu","isPartOf":{"@id":"https:\/\/dignitynews.eu\/pl\/#website"},"datePublished":"2022-06-07T09:29:19+00:00","dateModified":"2022-06-07T09:29:19+00:00","author":{"@id":"https:\/\/dignitynews.eu\/pl\/#\/schema\/person\/0b62b762b8174802fabc81a3ecb1bfcb"},"breadcrumb":{"@id":"https:\/\/dignitynews.eu\/pl\/coraz-wiecej-rejestracji-pojazdow-uzytkowych-powyzej-35-t\/#breadcrumb"},"inLanguage":"pl-PL","potentialAction":[{"@type":"ReadAction","target":["https:\/\/dignitynews.eu\/pl\/coraz-wiecej-rejestracji-pojazdow-uzytkowych-powyzej-35-t\/"]}]},{"@type":"BreadcrumbList","@id":"https:\/\/dignitynews.eu\/pl\/coraz-wiecej-rejestracji-pojazdow-uzytkowych-powyzej-35-t\/#breadcrumb","itemListElement":[{"@type":"ListItem","position":1,"name":"Strona g\u0142\u00f3wna","item":"https:\/\/dignitynews.eu\/pl\/"},{"@type":"ListItem","position":2,"name":"Coraz wi\u0119cej rejestracji pojazd\u00f3w u\u017cytkowych powy\u017cej 3,5 t"}]},{"@type":"Person","@id":"https:\/\/dignitynews.eu\/pl\/#\/schema\/person\/0b62b762b8174802fabc81a3ecb1bfcb","name":"Dignity News","image":{"@type":"ImageObject","inLanguage":"pl-PL","@id":"https:\/\/dignitynews.eu\/pl\/#\/schema\/person\/image\/","url":"https:\/\/secure.gravatar.com\/avatar\/97963171a6d9108f8381bbefb1c6b150c445b6ddd9e3077b96c86cf5892c85dc?s=96&d=mm&r=g","contentUrl":"https:\/\/secure.gravatar.com\/avatar\/97963171a6d9108f8381bbefb1c6b150c445b6ddd9e3077b96c86cf5892c85dc?s=96&d=mm&r=g","caption":"Dignity News"},"url":"https:\/\/dignitynews.eu\/pl\/author\/mikolaj-palade\/"}]}},"_links":{"self":[{"href":"https:\/\/dignitynews.eu\/pl\/wp-json\/wp\/v2\/posts\/20183","targetHints":{"allow":["GET"]}}],"collection":[{"href":"https:\/\/dignitynews.eu\/pl\/wp-json\/wp\/v2\/posts"}],"about":[{"href":"https:\/\/dignitynews.eu\/pl\/wp-json\/wp\/v2\/types\/post"}],"author":[{"embeddable":true,"href":"https:\/\/dignitynews.eu\/pl\/wp-json\/wp\/v2\/users\/7"}],"replies":[{"embeddable":true,"href":"https:\/\/dignitynews.eu\/pl\/wp-json\/wp\/v2\/comments?post=20183"}],"version-history":[{"count":1,"href":"https:\/\/dignitynews.eu\/pl\/wp-json\/wp\/v2\/posts\/20183\/revisions"}],"predecessor-version":[{"id":20189,"href":"https:\/\/dignitynews.eu\/pl\/wp-json\/wp\/v2\/posts\/20183\/revisions\/20189"}],"wp:featuredmedia":[{"embeddable":true,"href":"https:\/\/dignitynews.eu\/pl\/wp-json\/wp\/v2\/media\/20184"}],"wp:attachment":[{"href":"https:\/\/dignitynews.eu\/pl\/wp-json\/wp\/v2\/media?parent=20183"}],"wp:term":[{"taxonomy":"category","embeddable":true,"href":"https:\/\/dignitynews.eu\/pl\/wp-json\/wp\/v2\/categories?post=20183"},{"taxonomy":"post_tag","embeddable":true,"href":"https:\/\/dignitynews.eu\/pl\/wp-json\/wp\/v2\/tags?post=20183"}],"curies":[{"name":"wp","href":"https:\/\/api.w.org\/{rel}","templated":true}]}}