{"id":19893,"date":"2022-06-03T12:02:00","date_gmt":"2022-06-03T10:02:00","guid":{"rendered":"https:\/\/dignitynews.eu\/?p=19893"},"modified":"2022-06-03T12:02:00","modified_gmt":"2022-06-03T10:02:00","slug":"koszty-instytucjonalnej-opieki-nad-najmlodszymi-w-europie","status":"publish","type":"post","link":"https:\/\/dignitynews.eu\/pl\/koszty-instytucjonalnej-opieki-nad-najmlodszymi-w-europie\/","title":{"rendered":"Koszty instytucjonalnej opieki nad najm\u0142odszymi w Europie"},"content":{"rendered":"<h5><strong>Najwy\u017csze koszty instytucjonalnej opieki nad dzie\u0107mi do lat 2 w\u015br\u00f3d europejskich pa\u0144stw OECD ponosz\u0105 Holendrzy, a\u00a0najni\u017csze Szwedzi. Mimo wysokich koszt\u00f3w, to w\u0142a\u015bnie w\u00a0Holandii najwi\u0119cej dzieci w\u00a0tym wieku ucz\u0119szcza do \u017c\u0142obk\u00f3w (ponad 65\u00a0proc.), najmniej za\u015b na S\u0142owacji (6,6\u00a0proc.) i\u00a0w\u00a0Czechach (7,4\u00a0proc.) \u2013 wynika z raportu opracowanego przez \u00a0Salmana Haqqi\u2019ego\u00a0dla money.co.uk, kt\u00f3ry przeanalizowali eksperci z Polskiego Instytutu Ekonomicznego (PIE). <\/strong><\/h5>\n<p>W\u00a0raporcie oszacowano, jaki odsetek zarobk\u00f3w rodzic\u00f3w w\u00a0poszczeg\u00f3lnych krajach stanowi\u0105 koszty opieki nad najm\u0142odszymi bez uwzgl\u0119dniania dost\u0119pnych w\u00a0danym kraju \u015bwiadcze\u0144 opieku\u0144czych. W\u00a0rekordowej Holandii odsetek ten wynosi blisko 28,36\u00a0proc. Kolejne miejsce zajmuje Wielka Brytania &#8211; 23,82\u00a0proc. zarobk\u00f3w obojga rodzic\u00f3w i\u00a0 S\u0142owacja \u2013 21,46 proc.<\/p>\n<p>Po drugiej stronie zestawienia znajduj\u0105 si\u0119: Szwecja (2,62\u00a0proc.), Islandia (4,36\u00a0proc.) i\u00a0Norwegia (5,51\u00a0proc.). W\u00a0Polsce opieka nad najm\u0142odszymi stanowi 14,4\u00a0proc. zarobk\u00f3w rodzic\u00f3w, co plasuje nas na pozycjach zbli\u017conych do Czech (14,69\u00a0proc.), W\u0119gier (15,39\u00a0proc.) czy W\u0142och (15,05 proc.) i\u00a0jest korzystniejsz\u0105 sytuacj\u0105 ni\u017c na Litwie (20,14\u00a0proc.),\u00a0\u0141otwie (19,18\u00a0proc.) czy w Grecji (21,24\u00a0proc.).<\/p>\n<p>Wysoki koszt opieki instytucjonalnej w\u00a0wi\u0119kszo\u015bci przypadk\u00f3w koreluje z\u00a0niskim odsetkiem dzieci obj\u0119tych t\u0105 opiek\u0105. Przyk\u0142ad S\u0142owacji i\u00a0Czech pokazuje, \u017ce dost\u0119pne w\u00a0tych krajach miesi\u0119czne \u015bwiadczenia opieku\u0144cze w\u00a0wysoko\u015bci odpowiednio 25,5\u00a0EUR i\u00a020-40 EUR miesi\u0119cznie (w\u00a0zale\u017cno\u015bci od dochod\u00f3w) pokrywa bardzo niewielk\u0105 cz\u0119\u015b\u0107 miesi\u0119cznych koszt\u00f3w \u017c\u0142obka, kt\u00f3re na S\u0142owacji wynosz\u0105 blisko 400 EUR, a\u00a0w\u00a0Czechach ok. 320 EUR \u2013 uwa\u017caj\u0105 eksperci PIE.<\/p>\n<p>W\u00a0Polsce ta dysproporcja mi\u0119dzy wysoko\u015bci\u0105 \u015bwiadczenia 500+ i\u00a0kosztami \u017c\u0142obka (\u015brednio ok. 1000 PLN miesi\u0119cznie wg raportu money.co.uk) jest mniejsza ni\u017c u\u00a0naszych s\u0105siad\u00f3w, ale mimo to na t\u0119 form\u0119 opieki decyduje si\u0119 znacznie mniej rodzic\u00f3w ni\u017c w\u00a0krajach zachodnich, bo w Polsce do \u017c\u0142obk\u00f3w ucz\u0119szcza niespe\u0142na 12\u00a0proc. dzieci w\u00a0wieku do 2 lat.<\/p>\n<p>Adrian Andrzejewski zlec<\/p>\n","protected":false},"excerpt":{"rendered":"<p>Najwy\u017csze koszty instytucjonalnej opieki nad dzie\u0107mi do lat 2 w\u015br\u00f3d europejskich pa\u0144stw OECD ponosz\u0105 Holendrzy, a\u00a0najni\u017csze Szwedzi. Mimo wysokich koszt\u00f3w, to w\u0142a\u015bnie w\u00a0Holandii najwi\u0119cej dzieci w\u00a0tym wieku ucz\u0119szcza do \u017c\u0142obk\u00f3w&hellip;<\/p>\n","protected":false},"author":7,"featured_media":19894,"comment_status":"closed","ping_status":"open","sticky":false,"template":"","format":"standard","meta":{"_mi_skip_tracking":false,"footnotes":""},"categories":[48],"tags":[],"class_list":["post-19893","post","type-post","status-publish","format-standard","has-post-thumbnail","hentry","category-gospodarka"],"yoast_head":"<!-- This site is optimized with the Yoast SEO plugin v19.4 - https:\/\/yoast.com\/wordpress\/plugins\/seo\/ -->\n<title>Koszty instytucjonalnej opieki nad najm\u0142odszymi w Europie - Godno\u015b\u0107 - DignityNews.eu<\/title>\n<meta name=\"robots\" content=\"index, follow, max-snippet:-1, max-image-preview:large, max-video-preview:-1\" \/>\n<link rel=\"canonical\" href=\"https:\/\/dignitynews.eu\/pl\/koszty-instytucjonalnej-opieki-nad-najmlodszymi-w-europie\/\" \/>\n<meta property=\"og:locale\" content=\"pl_PL\" \/>\n<meta property=\"og:type\" content=\"article\" \/>\n<meta property=\"og:title\" content=\"Koszty instytucjonalnej opieki nad najm\u0142odszymi w Europie - Godno\u015b\u0107 - DignityNews.eu\" \/>\n<meta property=\"og:description\" content=\"Najwy\u017csze koszty instytucjonalnej opieki nad dzie\u0107mi do lat 2 w\u015br\u00f3d europejskich pa\u0144stw OECD ponosz\u0105 Holendrzy, a\u00a0najni\u017csze Szwedzi. Mimo wysokich koszt\u00f3w, to w\u0142a\u015bnie w\u00a0Holandii najwi\u0119cej dzieci w\u00a0tym wieku ucz\u0119szcza do \u017c\u0142obk\u00f3w&hellip;\" \/>\n<meta property=\"og:url\" content=\"https:\/\/dignitynews.eu\/pl\/koszty-instytucjonalnej-opieki-nad-najmlodszymi-w-europie\/\" \/>\n<meta property=\"og:site_name\" content=\"Godno\u015b\u0107 - DignityNews.eu\" \/>\n<meta property=\"article:published_time\" content=\"2022-06-03T10:02:00+00:00\" \/>\n<meta property=\"og:image\" content=\"https:\/\/dignitynews.eu\/wp-content\/uploads\/2022\/06\/Zlobek-fot.-Tomasz-Jastrzebowski-REPORTER.jpg\" \/>\n\t<meta property=\"og:image:width\" content=\"1500\" \/>\n\t<meta property=\"og:image:height\" content=\"1000\" \/>\n\t<meta property=\"og:image:type\" content=\"image\/jpeg\" \/>\n<meta name=\"author\" content=\"Dignity News\" \/>\n<meta name=\"twitter:card\" content=\"summary_large_image\" \/>\n<meta name=\"twitter:label1\" content=\"Napisane przez\" \/>\n\t<meta name=\"twitter:data1\" content=\"Dignity News\" \/>\n\t<meta name=\"twitter:label2\" content=\"Szacowany czas czytania\" \/>\n\t<meta name=\"twitter:data2\" content=\"2 minuty\" \/>\n<script type=\"application\/ld+json\" class=\"yoast-schema-graph\">{\"@context\":\"https:\/\/schema.org\",\"@graph\":[{\"@type\":\"WebSite\",\"@id\":\"https:\/\/dignitynews.eu\/pl\/#website\",\"url\":\"https:\/\/dignitynews.eu\/pl\/\",\"name\":\"Godno\u015b\u0107 - DignityNews.eu\",\"description\":\"\",\"potentialAction\":[{\"@type\":\"SearchAction\",\"target\":{\"@type\":\"EntryPoint\",\"urlTemplate\":\"https:\/\/dignitynews.eu\/pl\/?s={search_term_string}\"},\"query-input\":\"required name=search_term_string\"}],\"inLanguage\":\"pl-PL\"},{\"@type\":\"WebPage\",\"@id\":\"https:\/\/dignitynews.eu\/pl\/koszty-instytucjonalnej-opieki-nad-najmlodszymi-w-europie\/\",\"url\":\"https:\/\/dignitynews.eu\/pl\/koszty-instytucjonalnej-opieki-nad-najmlodszymi-w-europie\/\",\"name\":\"Koszty instytucjonalnej opieki nad najm\u0142odszymi w Europie - Godno\u015b\u0107 - DignityNews.eu\",\"isPartOf\":{\"@id\":\"https:\/\/dignitynews.eu\/pl\/#website\"},\"datePublished\":\"2022-06-03T10:02:00+00:00\",\"dateModified\":\"2022-06-03T10:02:00+00:00\",\"author\":{\"@id\":\"https:\/\/dignitynews.eu\/pl\/#\/schema\/person\/0b62b762b8174802fabc81a3ecb1bfcb\"},\"breadcrumb\":{\"@id\":\"https:\/\/dignitynews.eu\/pl\/koszty-instytucjonalnej-opieki-nad-najmlodszymi-w-europie\/#breadcrumb\"},\"inLanguage\":\"pl-PL\",\"potentialAction\":[{\"@type\":\"ReadAction\",\"target\":[\"https:\/\/dignitynews.eu\/pl\/koszty-instytucjonalnej-opieki-nad-najmlodszymi-w-europie\/\"]}]},{\"@type\":\"BreadcrumbList\",\"@id\":\"https:\/\/dignitynews.eu\/pl\/koszty-instytucjonalnej-opieki-nad-najmlodszymi-w-europie\/#breadcrumb\",\"itemListElement\":[{\"@type\":\"ListItem\",\"position\":1,\"name\":\"Strona g\u0142\u00f3wna\",\"item\":\"https:\/\/dignitynews.eu\/pl\/\"},{\"@type\":\"ListItem\",\"position\":2,\"name\":\"Koszty instytucjonalnej opieki nad najm\u0142odszymi w Europie\"}]},{\"@type\":\"Person\",\"@id\":\"https:\/\/dignitynews.eu\/pl\/#\/schema\/person\/0b62b762b8174802fabc81a3ecb1bfcb\",\"name\":\"Dignity News\",\"image\":{\"@type\":\"ImageObject\",\"inLanguage\":\"pl-PL\",\"@id\":\"https:\/\/dignitynews.eu\/pl\/#\/schema\/person\/image\/\",\"url\":\"https:\/\/secure.gravatar.com\/avatar\/97963171a6d9108f8381bbefb1c6b150c445b6ddd9e3077b96c86cf5892c85dc?s=96&d=mm&r=g\",\"contentUrl\":\"https:\/\/secure.gravatar.com\/avatar\/97963171a6d9108f8381bbefb1c6b150c445b6ddd9e3077b96c86cf5892c85dc?s=96&d=mm&r=g\",\"caption\":\"Dignity News\"},\"url\":\"https:\/\/dignitynews.eu\/pl\/author\/mikolaj-palade\/\"}]}<\/script>\n<!-- \/ Yoast SEO plugin. -->","yoast_head_json":{"title":"Koszty instytucjonalnej opieki nad najm\u0142odszymi w Europie - Godno\u015b\u0107 - DignityNews.eu","robots":{"index":"index","follow":"follow","max-snippet":"max-snippet:-1","max-image-preview":"max-image-preview:large","max-video-preview":"max-video-preview:-1"},"canonical":"https:\/\/dignitynews.eu\/pl\/koszty-instytucjonalnej-opieki-nad-najmlodszymi-w-europie\/","og_locale":"pl_PL","og_type":"article","og_title":"Koszty instytucjonalnej opieki nad najm\u0142odszymi w Europie - Godno\u015b\u0107 - DignityNews.eu","og_description":"Najwy\u017csze koszty instytucjonalnej opieki nad dzie\u0107mi do lat 2 w\u015br\u00f3d europejskich pa\u0144stw OECD ponosz\u0105 Holendrzy, a\u00a0najni\u017csze Szwedzi. Mimo wysokich koszt\u00f3w, to w\u0142a\u015bnie w\u00a0Holandii najwi\u0119cej dzieci w\u00a0tym wieku ucz\u0119szcza do \u017c\u0142obk\u00f3w&hellip;","og_url":"https:\/\/dignitynews.eu\/pl\/koszty-instytucjonalnej-opieki-nad-najmlodszymi-w-europie\/","og_site_name":"Godno\u015b\u0107 - DignityNews.eu","article_published_time":"2022-06-03T10:02:00+00:00","og_image":[{"width":1500,"height":1000,"url":"https:\/\/dignitynews.eu\/wp-content\/uploads\/2022\/06\/Zlobek-fot.-Tomasz-Jastrzebowski-REPORTER.jpg","type":"image\/jpeg"}],"author":"Dignity News","twitter_card":"summary_large_image","twitter_misc":{"Napisane przez":"Dignity News","Szacowany czas czytania":"2 minuty"},"schema":{"@context":"https:\/\/schema.org","@graph":[{"@type":"WebSite","@id":"https:\/\/dignitynews.eu\/pl\/#website","url":"https:\/\/dignitynews.eu\/pl\/","name":"Godno\u015b\u0107 - DignityNews.eu","description":"","potentialAction":[{"@type":"SearchAction","target":{"@type":"EntryPoint","urlTemplate":"https:\/\/dignitynews.eu\/pl\/?s={search_term_string}"},"query-input":"required name=search_term_string"}],"inLanguage":"pl-PL"},{"@type":"WebPage","@id":"https:\/\/dignitynews.eu\/pl\/koszty-instytucjonalnej-opieki-nad-najmlodszymi-w-europie\/","url":"https:\/\/dignitynews.eu\/pl\/koszty-instytucjonalnej-opieki-nad-najmlodszymi-w-europie\/","name":"Koszty instytucjonalnej opieki nad najm\u0142odszymi w Europie - Godno\u015b\u0107 - DignityNews.eu","isPartOf":{"@id":"https:\/\/dignitynews.eu\/pl\/#website"},"datePublished":"2022-06-03T10:02:00+00:00","dateModified":"2022-06-03T10:02:00+00:00","author":{"@id":"https:\/\/dignitynews.eu\/pl\/#\/schema\/person\/0b62b762b8174802fabc81a3ecb1bfcb"},"breadcrumb":{"@id":"https:\/\/dignitynews.eu\/pl\/koszty-instytucjonalnej-opieki-nad-najmlodszymi-w-europie\/#breadcrumb"},"inLanguage":"pl-PL","potentialAction":[{"@type":"ReadAction","target":["https:\/\/dignitynews.eu\/pl\/koszty-instytucjonalnej-opieki-nad-najmlodszymi-w-europie\/"]}]},{"@type":"BreadcrumbList","@id":"https:\/\/dignitynews.eu\/pl\/koszty-instytucjonalnej-opieki-nad-najmlodszymi-w-europie\/#breadcrumb","itemListElement":[{"@type":"ListItem","position":1,"name":"Strona g\u0142\u00f3wna","item":"https:\/\/dignitynews.eu\/pl\/"},{"@type":"ListItem","position":2,"name":"Koszty instytucjonalnej opieki nad najm\u0142odszymi w Europie"}]},{"@type":"Person","@id":"https:\/\/dignitynews.eu\/pl\/#\/schema\/person\/0b62b762b8174802fabc81a3ecb1bfcb","name":"Dignity News","image":{"@type":"ImageObject","inLanguage":"pl-PL","@id":"https:\/\/dignitynews.eu\/pl\/#\/schema\/person\/image\/","url":"https:\/\/secure.gravatar.com\/avatar\/97963171a6d9108f8381bbefb1c6b150c445b6ddd9e3077b96c86cf5892c85dc?s=96&d=mm&r=g","contentUrl":"https:\/\/secure.gravatar.com\/avatar\/97963171a6d9108f8381bbefb1c6b150c445b6ddd9e3077b96c86cf5892c85dc?s=96&d=mm&r=g","caption":"Dignity News"},"url":"https:\/\/dignitynews.eu\/pl\/author\/mikolaj-palade\/"}]}},"_links":{"self":[{"href":"https:\/\/dignitynews.eu\/pl\/wp-json\/wp\/v2\/posts\/19893","targetHints":{"allow":["GET"]}}],"collection":[{"href":"https:\/\/dignitynews.eu\/pl\/wp-json\/wp\/v2\/posts"}],"about":[{"href":"https:\/\/dignitynews.eu\/pl\/wp-json\/wp\/v2\/types\/post"}],"author":[{"embeddable":true,"href":"https:\/\/dignitynews.eu\/pl\/wp-json\/wp\/v2\/users\/7"}],"replies":[{"embeddable":true,"href":"https:\/\/dignitynews.eu\/pl\/wp-json\/wp\/v2\/comments?post=19893"}],"version-history":[{"count":1,"href":"https:\/\/dignitynews.eu\/pl\/wp-json\/wp\/v2\/posts\/19893\/revisions"}],"predecessor-version":[{"id":19899,"href":"https:\/\/dignitynews.eu\/pl\/wp-json\/wp\/v2\/posts\/19893\/revisions\/19899"}],"wp:featuredmedia":[{"embeddable":true,"href":"https:\/\/dignitynews.eu\/pl\/wp-json\/wp\/v2\/media\/19894"}],"wp:attachment":[{"href":"https:\/\/dignitynews.eu\/pl\/wp-json\/wp\/v2\/media?parent=19893"}],"wp:term":[{"taxonomy":"category","embeddable":true,"href":"https:\/\/dignitynews.eu\/pl\/wp-json\/wp\/v2\/categories?post=19893"},{"taxonomy":"post_tag","embeddable":true,"href":"https:\/\/dignitynews.eu\/pl\/wp-json\/wp\/v2\/tags?post=19893"}],"curies":[{"name":"wp","href":"https:\/\/api.w.org\/{rel}","templated":true}]}}