{"id":19886,"date":"2022-06-03T12:00:34","date_gmt":"2022-06-03T10:00:34","guid":{"rendered":"https:\/\/dignitynews.eu\/?p=19886"},"modified":"2022-06-03T12:00:34","modified_gmt":"2022-06-03T10:00:34","slug":"krajowy-plan-odbudowy-obejmie-wszystkie-dziedziny-zycia-spolecznego-w-polsce","status":"publish","type":"post","link":"https:\/\/dignitynews.eu\/pl\/krajowy-plan-odbudowy-obejmie-wszystkie-dziedziny-zycia-spolecznego-w-polsce\/","title":{"rendered":"Krajowy Plan Odbudowy obejmie wszystkie dziedziny \u017cycia spo\u0142ecznego w Polsce"},"content":{"rendered":"<h5><strong>Efekty realizacji Krajowego Planu Odbudowy odczuje ka\u017cdy obywatel. B\u0119d\u0105 to inwestycje i reformy, kt\u00f3re maj\u0105 pom\u00f3c skutecznie stawi\u0107 czo\u0142a wyzwaniom demograficznym, zmianom klimatu i umo\u017cliwi\u0105 Polakom uczestnictwo w tworzeniu i korzystaniu z nowych technologii oraz rozwi\u0105za\u0144 cyfrowych \u2013 powiedzia\u0142 minister funduszy i polityki regionalnej\u00a0Grzegorz Puda.<\/strong><\/h5>\n<p>Ministerstwo Funduszy i Polityki Regionalnej b\u0119dzie koordynowa\u0107 wsp\u00f3\u0142prac\u0119 kilkunastu resort\u00f3w w procesie wdro\u017cenia 54 inwestycji i 48 reform w ramach polskiego Krajowego Planu Odbudowy (KPO).<\/p>\n<p>Przypomnijmy, \u017ce w celu z\u0142agodzenia skutk\u00f3w pandemii Covid-19, Komisja Europejska wypracowa\u0142a podstawy prawne dla stworzenia Instrumentu na rzecz Odbudowy i Zwi\u0119kszania Odporno\u015bci. \u015arodki w nim zgromadzone maj\u0105 pom\u00f3c wszystkim unijnym pa\u0144stwom przezwyci\u0119\u017cy\u0107 kryzys, kt\u00f3ry je w r\u00f3\u017cnym stopniu dotkn\u0105\u0142. Ka\u017cdy kraj UE opracowa\u0142 w\u0142asny Plan Odbudowy i Zwi\u0119kszania Odporno\u015bci, zawieraj\u0105cy konieczne do przeprowadzenia reformy i przewidywane do realizacji inwestycje.<\/p>\n<p>Polska r\u00f3wnie\u017c przygotowa\u0142a taki dokument. Wynegocjowane w Brukseli bezzwrotne \u015brodki w wysoko\u015bci 106,9 mld z\u0142 oraz 51,6 mld z\u0142 zaci\u0105ganych na preferencyjnych warunkach po\u017cyczek zostan\u0105 zainwestowane w spos\u00f3b \u015bci\u015ble okre\u015blony w Krajowym Planie Odbudowy i Zwi\u0119kszania Odporno\u015bci.<\/p>\n<p>Polski plan zak\u0142ada m.in. kontynuowanie reformy prawa gospodarczego tak, aby dalej ogranicza\u0107 obci\u0105\u017cenia regulacyjne i administracyjne dla przedsi\u0119biorc\u00f3w.\u00a0Ma te\u017c powsta\u0107 sp\u00f3jny system tworzenia i wspierania instytucji opieki nad dzie\u0107mi w wieku do lat 3. Reforma ta poprawi sytuacj\u0119 rodzic\u00f3w na rynku pracy. Polska przy\u0142\u0105czy do Internetu o przepustowo\u015bci co najmniej 100 Mb\/s co najmniej 931 tys. gospodarstw domowych. Do szk\u00f3\u0142 maj\u0105 zosta\u0107 dostarczone przeno\u015bne komputery z niezb\u0119dnym oprogramowaniem do u\u017cytku nauczycieli. W 300 polskich szpitalach zostanie zakupiony nowy sprz\u0119t, a w 280 zostanie poprawiona infrastruktura.<\/p>\n<p>Zgodnie z KPO 1,3 mld z\u0142 Polska przeznaczy na wymian\u0119 \u017ar\u00f3de\u0142 ciep\u0142a i termomodernizacj\u0119 energetyczn\u0105 wraz z zastosowaniem nowoczesnych rozwi\u0105za\u0144 instalacyjnych dla budynk\u00f3w o\u015bwiatowych.<\/p>\n<p>Adrian Andrzejewski<\/p>\n","protected":false},"excerpt":{"rendered":"<p>Efekty realizacji Krajowego Planu Odbudowy odczuje ka\u017cdy obywatel. B\u0119d\u0105 to inwestycje i reformy, kt\u00f3re maj\u0105 pom\u00f3c skutecznie stawi\u0107 czo\u0142a wyzwaniom demograficznym, zmianom klimatu i umo\u017cliwi\u0105 Polakom uczestnictwo w tworzeniu i&hellip;<\/p>\n","protected":false},"author":7,"featured_media":19887,"comment_status":"closed","ping_status":"open","sticky":false,"template":"","format":"standard","meta":{"_mi_skip_tracking":false,"footnotes":""},"categories":[47],"tags":[],"class_list":["post-19886","post","type-post","status-publish","format-standard","has-post-thumbnail","hentry","category-wydarzenia"],"yoast_head":"<!-- This site is optimized with the Yoast SEO plugin v19.4 - https:\/\/yoast.com\/wordpress\/plugins\/seo\/ -->\n<title>Krajowy Plan Odbudowy obejmie wszystkie dziedziny \u017cycia spo\u0142ecznego w Polsce - Godno\u015b\u0107 - DignityNews.eu<\/title>\n<meta name=\"robots\" content=\"index, follow, max-snippet:-1, max-image-preview:large, max-video-preview:-1\" \/>\n<link rel=\"canonical\" href=\"https:\/\/dignitynews.eu\/pl\/krajowy-plan-odbudowy-obejmie-wszystkie-dziedziny-zycia-spolecznego-w-polsce\/\" \/>\n<meta property=\"og:locale\" content=\"pl_PL\" \/>\n<meta property=\"og:type\" content=\"article\" \/>\n<meta property=\"og:title\" content=\"Krajowy Plan Odbudowy obejmie wszystkie dziedziny \u017cycia spo\u0142ecznego w Polsce - Godno\u015b\u0107 - DignityNews.eu\" \/>\n<meta property=\"og:description\" content=\"Efekty realizacji Krajowego Planu Odbudowy odczuje ka\u017cdy obywatel. B\u0119d\u0105 to inwestycje i reformy, kt\u00f3re maj\u0105 pom\u00f3c skutecznie stawi\u0107 czo\u0142a wyzwaniom demograficznym, zmianom klimatu i umo\u017cliwi\u0105 Polakom uczestnictwo w tworzeniu i&hellip;\" \/>\n<meta property=\"og:url\" content=\"https:\/\/dignitynews.eu\/pl\/krajowy-plan-odbudowy-obejmie-wszystkie-dziedziny-zycia-spolecznego-w-polsce\/\" \/>\n<meta property=\"og:site_name\" content=\"Godno\u015b\u0107 - DignityNews.eu\" \/>\n<meta property=\"article:published_time\" content=\"2022-06-03T10:00:34+00:00\" \/>\n<meta property=\"og:image\" content=\"https:\/\/dignitynews.eu\/wp-content\/uploads\/2022\/06\/Krajowy-Plan-Odbudowy-fot.-Pawel-Wodzynski-East-News.jpg\" \/>\n\t<meta property=\"og:image:width\" content=\"1500\" \/>\n\t<meta property=\"og:image:height\" content=\"1032\" \/>\n\t<meta property=\"og:image:type\" content=\"image\/jpeg\" \/>\n<meta name=\"author\" content=\"Dignity News\" \/>\n<meta name=\"twitter:card\" content=\"summary_large_image\" \/>\n<meta name=\"twitter:label1\" content=\"Napisane przez\" \/>\n\t<meta name=\"twitter:data1\" content=\"Dignity News\" \/>\n\t<meta name=\"twitter:label2\" content=\"Szacowany czas czytania\" \/>\n\t<meta name=\"twitter:data2\" content=\"2 minuty\" \/>\n<script type=\"application\/ld+json\" class=\"yoast-schema-graph\">{\"@context\":\"https:\/\/schema.org\",\"@graph\":[{\"@type\":\"WebSite\",\"@id\":\"https:\/\/dignitynews.eu\/pl\/#website\",\"url\":\"https:\/\/dignitynews.eu\/pl\/\",\"name\":\"Godno\u015b\u0107 - DignityNews.eu\",\"description\":\"\",\"potentialAction\":[{\"@type\":\"SearchAction\",\"target\":{\"@type\":\"EntryPoint\",\"urlTemplate\":\"https:\/\/dignitynews.eu\/pl\/?s={search_term_string}\"},\"query-input\":\"required name=search_term_string\"}],\"inLanguage\":\"pl-PL\"},{\"@type\":\"WebPage\",\"@id\":\"https:\/\/dignitynews.eu\/pl\/krajowy-plan-odbudowy-obejmie-wszystkie-dziedziny-zycia-spolecznego-w-polsce\/\",\"url\":\"https:\/\/dignitynews.eu\/pl\/krajowy-plan-odbudowy-obejmie-wszystkie-dziedziny-zycia-spolecznego-w-polsce\/\",\"name\":\"Krajowy Plan Odbudowy obejmie wszystkie dziedziny \u017cycia spo\u0142ecznego w Polsce - Godno\u015b\u0107 - DignityNews.eu\",\"isPartOf\":{\"@id\":\"https:\/\/dignitynews.eu\/pl\/#website\"},\"datePublished\":\"2022-06-03T10:00:34+00:00\",\"dateModified\":\"2022-06-03T10:00:34+00:00\",\"author\":{\"@id\":\"https:\/\/dignitynews.eu\/pl\/#\/schema\/person\/0b62b762b8174802fabc81a3ecb1bfcb\"},\"breadcrumb\":{\"@id\":\"https:\/\/dignitynews.eu\/pl\/krajowy-plan-odbudowy-obejmie-wszystkie-dziedziny-zycia-spolecznego-w-polsce\/#breadcrumb\"},\"inLanguage\":\"pl-PL\",\"potentialAction\":[{\"@type\":\"ReadAction\",\"target\":[\"https:\/\/dignitynews.eu\/pl\/krajowy-plan-odbudowy-obejmie-wszystkie-dziedziny-zycia-spolecznego-w-polsce\/\"]}]},{\"@type\":\"BreadcrumbList\",\"@id\":\"https:\/\/dignitynews.eu\/pl\/krajowy-plan-odbudowy-obejmie-wszystkie-dziedziny-zycia-spolecznego-w-polsce\/#breadcrumb\",\"itemListElement\":[{\"@type\":\"ListItem\",\"position\":1,\"name\":\"Strona g\u0142\u00f3wna\",\"item\":\"https:\/\/dignitynews.eu\/pl\/\"},{\"@type\":\"ListItem\",\"position\":2,\"name\":\"Krajowy Plan Odbudowy obejmie wszystkie dziedziny \u017cycia spo\u0142ecznego w Polsce\"}]},{\"@type\":\"Person\",\"@id\":\"https:\/\/dignitynews.eu\/pl\/#\/schema\/person\/0b62b762b8174802fabc81a3ecb1bfcb\",\"name\":\"Dignity News\",\"image\":{\"@type\":\"ImageObject\",\"inLanguage\":\"pl-PL\",\"@id\":\"https:\/\/dignitynews.eu\/pl\/#\/schema\/person\/image\/\",\"url\":\"https:\/\/secure.gravatar.com\/avatar\/97963171a6d9108f8381bbefb1c6b150c445b6ddd9e3077b96c86cf5892c85dc?s=96&d=mm&r=g\",\"contentUrl\":\"https:\/\/secure.gravatar.com\/avatar\/97963171a6d9108f8381bbefb1c6b150c445b6ddd9e3077b96c86cf5892c85dc?s=96&d=mm&r=g\",\"caption\":\"Dignity News\"},\"url\":\"https:\/\/dignitynews.eu\/pl\/author\/mikolaj-palade\/\"}]}<\/script>\n<!-- \/ Yoast SEO plugin. -->","yoast_head_json":{"title":"Krajowy Plan Odbudowy obejmie wszystkie dziedziny \u017cycia spo\u0142ecznego w Polsce - Godno\u015b\u0107 - DignityNews.eu","robots":{"index":"index","follow":"follow","max-snippet":"max-snippet:-1","max-image-preview":"max-image-preview:large","max-video-preview":"max-video-preview:-1"},"canonical":"https:\/\/dignitynews.eu\/pl\/krajowy-plan-odbudowy-obejmie-wszystkie-dziedziny-zycia-spolecznego-w-polsce\/","og_locale":"pl_PL","og_type":"article","og_title":"Krajowy Plan Odbudowy obejmie wszystkie dziedziny \u017cycia spo\u0142ecznego w Polsce - Godno\u015b\u0107 - DignityNews.eu","og_description":"Efekty realizacji Krajowego Planu Odbudowy odczuje ka\u017cdy obywatel. B\u0119d\u0105 to inwestycje i reformy, kt\u00f3re maj\u0105 pom\u00f3c skutecznie stawi\u0107 czo\u0142a wyzwaniom demograficznym, zmianom klimatu i umo\u017cliwi\u0105 Polakom uczestnictwo w tworzeniu i&hellip;","og_url":"https:\/\/dignitynews.eu\/pl\/krajowy-plan-odbudowy-obejmie-wszystkie-dziedziny-zycia-spolecznego-w-polsce\/","og_site_name":"Godno\u015b\u0107 - DignityNews.eu","article_published_time":"2022-06-03T10:00:34+00:00","og_image":[{"width":1500,"height":1032,"url":"https:\/\/dignitynews.eu\/wp-content\/uploads\/2022\/06\/Krajowy-Plan-Odbudowy-fot.-Pawel-Wodzynski-East-News.jpg","type":"image\/jpeg"}],"author":"Dignity News","twitter_card":"summary_large_image","twitter_misc":{"Napisane przez":"Dignity News","Szacowany czas czytania":"2 minuty"},"schema":{"@context":"https:\/\/schema.org","@graph":[{"@type":"WebSite","@id":"https:\/\/dignitynews.eu\/pl\/#website","url":"https:\/\/dignitynews.eu\/pl\/","name":"Godno\u015b\u0107 - DignityNews.eu","description":"","potentialAction":[{"@type":"SearchAction","target":{"@type":"EntryPoint","urlTemplate":"https:\/\/dignitynews.eu\/pl\/?s={search_term_string}"},"query-input":"required name=search_term_string"}],"inLanguage":"pl-PL"},{"@type":"WebPage","@id":"https:\/\/dignitynews.eu\/pl\/krajowy-plan-odbudowy-obejmie-wszystkie-dziedziny-zycia-spolecznego-w-polsce\/","url":"https:\/\/dignitynews.eu\/pl\/krajowy-plan-odbudowy-obejmie-wszystkie-dziedziny-zycia-spolecznego-w-polsce\/","name":"Krajowy Plan Odbudowy obejmie wszystkie dziedziny \u017cycia spo\u0142ecznego w Polsce - Godno\u015b\u0107 - DignityNews.eu","isPartOf":{"@id":"https:\/\/dignitynews.eu\/pl\/#website"},"datePublished":"2022-06-03T10:00:34+00:00","dateModified":"2022-06-03T10:00:34+00:00","author":{"@id":"https:\/\/dignitynews.eu\/pl\/#\/schema\/person\/0b62b762b8174802fabc81a3ecb1bfcb"},"breadcrumb":{"@id":"https:\/\/dignitynews.eu\/pl\/krajowy-plan-odbudowy-obejmie-wszystkie-dziedziny-zycia-spolecznego-w-polsce\/#breadcrumb"},"inLanguage":"pl-PL","potentialAction":[{"@type":"ReadAction","target":["https:\/\/dignitynews.eu\/pl\/krajowy-plan-odbudowy-obejmie-wszystkie-dziedziny-zycia-spolecznego-w-polsce\/"]}]},{"@type":"BreadcrumbList","@id":"https:\/\/dignitynews.eu\/pl\/krajowy-plan-odbudowy-obejmie-wszystkie-dziedziny-zycia-spolecznego-w-polsce\/#breadcrumb","itemListElement":[{"@type":"ListItem","position":1,"name":"Strona g\u0142\u00f3wna","item":"https:\/\/dignitynews.eu\/pl\/"},{"@type":"ListItem","position":2,"name":"Krajowy Plan Odbudowy obejmie wszystkie dziedziny \u017cycia spo\u0142ecznego w Polsce"}]},{"@type":"Person","@id":"https:\/\/dignitynews.eu\/pl\/#\/schema\/person\/0b62b762b8174802fabc81a3ecb1bfcb","name":"Dignity News","image":{"@type":"ImageObject","inLanguage":"pl-PL","@id":"https:\/\/dignitynews.eu\/pl\/#\/schema\/person\/image\/","url":"https:\/\/secure.gravatar.com\/avatar\/97963171a6d9108f8381bbefb1c6b150c445b6ddd9e3077b96c86cf5892c85dc?s=96&d=mm&r=g","contentUrl":"https:\/\/secure.gravatar.com\/avatar\/97963171a6d9108f8381bbefb1c6b150c445b6ddd9e3077b96c86cf5892c85dc?s=96&d=mm&r=g","caption":"Dignity News"},"url":"https:\/\/dignitynews.eu\/pl\/author\/mikolaj-palade\/"}]}},"_links":{"self":[{"href":"https:\/\/dignitynews.eu\/pl\/wp-json\/wp\/v2\/posts\/19886","targetHints":{"allow":["GET"]}}],"collection":[{"href":"https:\/\/dignitynews.eu\/pl\/wp-json\/wp\/v2\/posts"}],"about":[{"href":"https:\/\/dignitynews.eu\/pl\/wp-json\/wp\/v2\/types\/post"}],"author":[{"embeddable":true,"href":"https:\/\/dignitynews.eu\/pl\/wp-json\/wp\/v2\/users\/7"}],"replies":[{"embeddable":true,"href":"https:\/\/dignitynews.eu\/pl\/wp-json\/wp\/v2\/comments?post=19886"}],"version-history":[{"count":1,"href":"https:\/\/dignitynews.eu\/pl\/wp-json\/wp\/v2\/posts\/19886\/revisions"}],"predecessor-version":[{"id":19892,"href":"https:\/\/dignitynews.eu\/pl\/wp-json\/wp\/v2\/posts\/19886\/revisions\/19892"}],"wp:featuredmedia":[{"embeddable":true,"href":"https:\/\/dignitynews.eu\/pl\/wp-json\/wp\/v2\/media\/19887"}],"wp:attachment":[{"href":"https:\/\/dignitynews.eu\/pl\/wp-json\/wp\/v2\/media?parent=19886"}],"wp:term":[{"taxonomy":"category","embeddable":true,"href":"https:\/\/dignitynews.eu\/pl\/wp-json\/wp\/v2\/categories?post=19886"},{"taxonomy":"post_tag","embeddable":true,"href":"https:\/\/dignitynews.eu\/pl\/wp-json\/wp\/v2\/tags?post=19886"}],"curies":[{"name":"wp","href":"https:\/\/api.w.org\/{rel}","templated":true}]}}