{"id":19309,"date":"2022-05-30T10:01:16","date_gmt":"2022-05-30T08:01:16","guid":{"rendered":"https:\/\/dignitynews.eu\/?p=19309"},"modified":"2022-05-30T10:01:16","modified_gmt":"2022-05-30T08:01:16","slug":"orlen-planuje-rebranding-stacji-paliw-na-wegrzech-i-slowacji","status":"publish","type":"post","link":"https:\/\/dignitynews.eu\/pl\/orlen-planuje-rebranding-stacji-paliw-na-wegrzech-i-slowacji\/","title":{"rendered":"ORLEN planuje rebranding stacji paliw na W\u0119grzech i S\u0142owacji"},"content":{"rendered":"<h5><strong>Grupa ORLEN, po finalizacji po\u0142\u0105czenia z Grup\u0105 LOTOS oraz po przej\u0119ciu stacji paliw od MOL, planuje rebranding wszystkich 185 stacji na W\u0119grzech i na S\u0142owacji na mark\u0119 ORLEN. W\u015br\u00f3d nich znajdzie si\u0119 79 stacji na W\u0119grzech pod mark\u0105 Lukoil, prowadzonych obecnie przez prywatnych udzia\u0142owc\u00f3w, kt\u00f3rzy u\u017cytkuj\u0105 t\u0119 mark\u0119 na podstawie licencji \u2013 informuje PKN ORLEN.<\/strong><\/h5>\n<p>Rozszerzamy nasz\u0105 sie\u0107 sprzeda\u017cy detalicznej i r\u00f3wnolegle rozwa\u017camy dalsz\u0105 ekspansj\u0119, tak aby zgodnie ze strategi\u0105, do 2030 roku w regionie pod polsk\u0105 mark\u0105 ORLEN dzia\u0142a\u0142o co najmniej 3,5 tysi\u0105ca stacji. Akwizycja stacji na nowych rynkach jest elementem realizowanego przez nas procesu budowy multienergetycznej firmy. Tylko silna, zdywersyfikowana firma zagwarantuje bezpiecze\u0144stwo polskiej gospodarki i obywateli w obszarze dostaw paliw i energii w akceptowalnych cenach. Jest to szczeg\u00f3lnie wa\u017cne dzi\u015b, w kontek\u015bcie zagro\u017ce\u0144, kt\u00f3rych jeste\u015bmy \u015bwiadomi, nie tylko na rynku energetycznym &#8211; m\u00f3wi\u00a0Daniel Obajtek, prezes Zarz\u0105du PKN ORLEN.<\/p>\n<p>Przypomnijmy, \u017ce Grupa ORLEN pozyskuje nowe stacje na rynkach Europy \u015arodkowej, kt\u00f3re s\u0105 kluczowe z punktu widzenia strategii rozwoju sieci detalicznej. Dzi\u0119ki tej transakcji PKN ORLEN przejmie 144 stacje paliw na W\u0119grzech oraz 41 stacji na S\u0142owacji, co przybli\u017cy Koncern do realizacji za\u0142o\u017ce\u0144 strategicznych zak\u0142adaj\u0105cych wzrost udzia\u0142u stacji zagranicznych w sieci ORLEN.<\/p>\n<p>Dzi\u015b stacje zagraniczne stanowi\u0105 37 proc. ca\u0142ej sieci, a ambicj\u0105 koncernu jest osi\u0105gni\u0119cie tego wska\u017anika na poziomie ponad 45 proc. w 2030 roku. Po finalizacji transakcji PKN ORLEN uzyska ponad 7 proc. udzia\u0142 na rynku w\u0119gierskim i b\u0119dzie czwartym koncernem na tym rynku pod wzgl\u0119dem ilo\u015bci stacji. R\u00f3wnie\u017c na S\u0142owacji sie\u0107 ORLEN wzro\u015bnie do ponad 60 obiekt\u00f3w.<\/p>\n<p>Adrian Andrzejewski<\/p>\n","protected":false},"excerpt":{"rendered":"<p>Grupa ORLEN, po finalizacji po\u0142\u0105czenia z Grup\u0105 LOTOS oraz po przej\u0119ciu stacji paliw od MOL, planuje rebranding wszystkich 185 stacji na W\u0119grzech i na S\u0142owacji na mark\u0119 ORLEN. W\u015br\u00f3d nich&hellip;<\/p>\n","protected":false},"author":7,"featured_media":19310,"comment_status":"closed","ping_status":"open","sticky":false,"template":"","format":"standard","meta":{"_mi_skip_tracking":false,"footnotes":""},"categories":[48],"tags":[],"class_list":["post-19309","post","type-post","status-publish","format-standard","has-post-thumbnail","hentry","category-gospodarka"],"yoast_head":"<!-- This site is optimized with the Yoast SEO plugin v19.4 - https:\/\/yoast.com\/wordpress\/plugins\/seo\/ -->\n<title>ORLEN planuje rebranding stacji paliw na W\u0119grzech i S\u0142owacji - Godno\u015b\u0107 - DignityNews.eu<\/title>\n<meta name=\"robots\" content=\"index, follow, max-snippet:-1, max-image-preview:large, max-video-preview:-1\" \/>\n<link rel=\"canonical\" href=\"https:\/\/dignitynews.eu\/pl\/orlen-planuje-rebranding-stacji-paliw-na-wegrzech-i-slowacji\/\" \/>\n<meta property=\"og:locale\" content=\"pl_PL\" \/>\n<meta property=\"og:type\" content=\"article\" \/>\n<meta property=\"og:title\" content=\"ORLEN planuje rebranding stacji paliw na W\u0119grzech i S\u0142owacji - Godno\u015b\u0107 - DignityNews.eu\" \/>\n<meta property=\"og:description\" content=\"Grupa ORLEN, po finalizacji po\u0142\u0105czenia z Grup\u0105 LOTOS oraz po przej\u0119ciu stacji paliw od MOL, planuje rebranding wszystkich 185 stacji na W\u0119grzech i na S\u0142owacji na mark\u0119 ORLEN. W\u015br\u00f3d nich&hellip;\" \/>\n<meta property=\"og:url\" content=\"https:\/\/dignitynews.eu\/pl\/orlen-planuje-rebranding-stacji-paliw-na-wegrzech-i-slowacji\/\" \/>\n<meta property=\"og:site_name\" content=\"Godno\u015b\u0107 - DignityNews.eu\" \/>\n<meta property=\"article:published_time\" content=\"2022-05-30T08:01:16+00:00\" \/>\n<meta property=\"og:image\" content=\"https:\/\/dignitynews.eu\/wp-content\/uploads\/2022\/05\/Stacja-PKN-Orlen-fot.-Adam-Burakowski-REPORTER.jpg\" \/>\n\t<meta property=\"og:image:width\" content=\"1500\" \/>\n\t<meta property=\"og:image:height\" content=\"1000\" \/>\n\t<meta property=\"og:image:type\" content=\"image\/jpeg\" \/>\n<meta name=\"author\" content=\"Dignity News\" \/>\n<meta name=\"twitter:card\" content=\"summary_large_image\" \/>\n<meta name=\"twitter:label1\" content=\"Napisane przez\" \/>\n\t<meta name=\"twitter:data1\" content=\"Dignity News\" \/>\n\t<meta name=\"twitter:label2\" content=\"Szacowany czas czytania\" \/>\n\t<meta name=\"twitter:data2\" content=\"1 minuta\" \/>\n<script type=\"application\/ld+json\" class=\"yoast-schema-graph\">{\"@context\":\"https:\/\/schema.org\",\"@graph\":[{\"@type\":\"WebSite\",\"@id\":\"https:\/\/dignitynews.eu\/pl\/#website\",\"url\":\"https:\/\/dignitynews.eu\/pl\/\",\"name\":\"Godno\u015b\u0107 - DignityNews.eu\",\"description\":\"\",\"potentialAction\":[{\"@type\":\"SearchAction\",\"target\":{\"@type\":\"EntryPoint\",\"urlTemplate\":\"https:\/\/dignitynews.eu\/pl\/?s={search_term_string}\"},\"query-input\":\"required name=search_term_string\"}],\"inLanguage\":\"pl-PL\"},{\"@type\":\"WebPage\",\"@id\":\"https:\/\/dignitynews.eu\/pl\/orlen-planuje-rebranding-stacji-paliw-na-wegrzech-i-slowacji\/\",\"url\":\"https:\/\/dignitynews.eu\/pl\/orlen-planuje-rebranding-stacji-paliw-na-wegrzech-i-slowacji\/\",\"name\":\"ORLEN planuje rebranding stacji paliw na W\u0119grzech i S\u0142owacji - Godno\u015b\u0107 - DignityNews.eu\",\"isPartOf\":{\"@id\":\"https:\/\/dignitynews.eu\/pl\/#website\"},\"datePublished\":\"2022-05-30T08:01:16+00:00\",\"dateModified\":\"2022-05-30T08:01:16+00:00\",\"author\":{\"@id\":\"https:\/\/dignitynews.eu\/pl\/#\/schema\/person\/0b62b762b8174802fabc81a3ecb1bfcb\"},\"breadcrumb\":{\"@id\":\"https:\/\/dignitynews.eu\/pl\/orlen-planuje-rebranding-stacji-paliw-na-wegrzech-i-slowacji\/#breadcrumb\"},\"inLanguage\":\"pl-PL\",\"potentialAction\":[{\"@type\":\"ReadAction\",\"target\":[\"https:\/\/dignitynews.eu\/pl\/orlen-planuje-rebranding-stacji-paliw-na-wegrzech-i-slowacji\/\"]}]},{\"@type\":\"BreadcrumbList\",\"@id\":\"https:\/\/dignitynews.eu\/pl\/orlen-planuje-rebranding-stacji-paliw-na-wegrzech-i-slowacji\/#breadcrumb\",\"itemListElement\":[{\"@type\":\"ListItem\",\"position\":1,\"name\":\"Strona g\u0142\u00f3wna\",\"item\":\"https:\/\/dignitynews.eu\/pl\/\"},{\"@type\":\"ListItem\",\"position\":2,\"name\":\"ORLEN planuje rebranding stacji paliw na W\u0119grzech i S\u0142owacji\"}]},{\"@type\":\"Person\",\"@id\":\"https:\/\/dignitynews.eu\/pl\/#\/schema\/person\/0b62b762b8174802fabc81a3ecb1bfcb\",\"name\":\"Dignity News\",\"image\":{\"@type\":\"ImageObject\",\"inLanguage\":\"pl-PL\",\"@id\":\"https:\/\/dignitynews.eu\/pl\/#\/schema\/person\/image\/\",\"url\":\"https:\/\/secure.gravatar.com\/avatar\/97963171a6d9108f8381bbefb1c6b150c445b6ddd9e3077b96c86cf5892c85dc?s=96&d=mm&r=g\",\"contentUrl\":\"https:\/\/secure.gravatar.com\/avatar\/97963171a6d9108f8381bbefb1c6b150c445b6ddd9e3077b96c86cf5892c85dc?s=96&d=mm&r=g\",\"caption\":\"Dignity News\"},\"url\":\"https:\/\/dignitynews.eu\/pl\/author\/mikolaj-palade\/\"}]}<\/script>\n<!-- \/ Yoast SEO plugin. -->","yoast_head_json":{"title":"ORLEN planuje rebranding stacji paliw na W\u0119grzech i S\u0142owacji - Godno\u015b\u0107 - DignityNews.eu","robots":{"index":"index","follow":"follow","max-snippet":"max-snippet:-1","max-image-preview":"max-image-preview:large","max-video-preview":"max-video-preview:-1"},"canonical":"https:\/\/dignitynews.eu\/pl\/orlen-planuje-rebranding-stacji-paliw-na-wegrzech-i-slowacji\/","og_locale":"pl_PL","og_type":"article","og_title":"ORLEN planuje rebranding stacji paliw na W\u0119grzech i S\u0142owacji - Godno\u015b\u0107 - DignityNews.eu","og_description":"Grupa ORLEN, po finalizacji po\u0142\u0105czenia z Grup\u0105 LOTOS oraz po przej\u0119ciu stacji paliw od MOL, planuje rebranding wszystkich 185 stacji na W\u0119grzech i na S\u0142owacji na mark\u0119 ORLEN. W\u015br\u00f3d nich&hellip;","og_url":"https:\/\/dignitynews.eu\/pl\/orlen-planuje-rebranding-stacji-paliw-na-wegrzech-i-slowacji\/","og_site_name":"Godno\u015b\u0107 - DignityNews.eu","article_published_time":"2022-05-30T08:01:16+00:00","og_image":[{"width":1500,"height":1000,"url":"https:\/\/dignitynews.eu\/wp-content\/uploads\/2022\/05\/Stacja-PKN-Orlen-fot.-Adam-Burakowski-REPORTER.jpg","type":"image\/jpeg"}],"author":"Dignity News","twitter_card":"summary_large_image","twitter_misc":{"Napisane przez":"Dignity News","Szacowany czas czytania":"1 minuta"},"schema":{"@context":"https:\/\/schema.org","@graph":[{"@type":"WebSite","@id":"https:\/\/dignitynews.eu\/pl\/#website","url":"https:\/\/dignitynews.eu\/pl\/","name":"Godno\u015b\u0107 - DignityNews.eu","description":"","potentialAction":[{"@type":"SearchAction","target":{"@type":"EntryPoint","urlTemplate":"https:\/\/dignitynews.eu\/pl\/?s={search_term_string}"},"query-input":"required name=search_term_string"}],"inLanguage":"pl-PL"},{"@type":"WebPage","@id":"https:\/\/dignitynews.eu\/pl\/orlen-planuje-rebranding-stacji-paliw-na-wegrzech-i-slowacji\/","url":"https:\/\/dignitynews.eu\/pl\/orlen-planuje-rebranding-stacji-paliw-na-wegrzech-i-slowacji\/","name":"ORLEN planuje rebranding stacji paliw na W\u0119grzech i S\u0142owacji - Godno\u015b\u0107 - DignityNews.eu","isPartOf":{"@id":"https:\/\/dignitynews.eu\/pl\/#website"},"datePublished":"2022-05-30T08:01:16+00:00","dateModified":"2022-05-30T08:01:16+00:00","author":{"@id":"https:\/\/dignitynews.eu\/pl\/#\/schema\/person\/0b62b762b8174802fabc81a3ecb1bfcb"},"breadcrumb":{"@id":"https:\/\/dignitynews.eu\/pl\/orlen-planuje-rebranding-stacji-paliw-na-wegrzech-i-slowacji\/#breadcrumb"},"inLanguage":"pl-PL","potentialAction":[{"@type":"ReadAction","target":["https:\/\/dignitynews.eu\/pl\/orlen-planuje-rebranding-stacji-paliw-na-wegrzech-i-slowacji\/"]}]},{"@type":"BreadcrumbList","@id":"https:\/\/dignitynews.eu\/pl\/orlen-planuje-rebranding-stacji-paliw-na-wegrzech-i-slowacji\/#breadcrumb","itemListElement":[{"@type":"ListItem","position":1,"name":"Strona g\u0142\u00f3wna","item":"https:\/\/dignitynews.eu\/pl\/"},{"@type":"ListItem","position":2,"name":"ORLEN planuje rebranding stacji paliw na W\u0119grzech i S\u0142owacji"}]},{"@type":"Person","@id":"https:\/\/dignitynews.eu\/pl\/#\/schema\/person\/0b62b762b8174802fabc81a3ecb1bfcb","name":"Dignity News","image":{"@type":"ImageObject","inLanguage":"pl-PL","@id":"https:\/\/dignitynews.eu\/pl\/#\/schema\/person\/image\/","url":"https:\/\/secure.gravatar.com\/avatar\/97963171a6d9108f8381bbefb1c6b150c445b6ddd9e3077b96c86cf5892c85dc?s=96&d=mm&r=g","contentUrl":"https:\/\/secure.gravatar.com\/avatar\/97963171a6d9108f8381bbefb1c6b150c445b6ddd9e3077b96c86cf5892c85dc?s=96&d=mm&r=g","caption":"Dignity News"},"url":"https:\/\/dignitynews.eu\/pl\/author\/mikolaj-palade\/"}]}},"_links":{"self":[{"href":"https:\/\/dignitynews.eu\/pl\/wp-json\/wp\/v2\/posts\/19309","targetHints":{"allow":["GET"]}}],"collection":[{"href":"https:\/\/dignitynews.eu\/pl\/wp-json\/wp\/v2\/posts"}],"about":[{"href":"https:\/\/dignitynews.eu\/pl\/wp-json\/wp\/v2\/types\/post"}],"author":[{"embeddable":true,"href":"https:\/\/dignitynews.eu\/pl\/wp-json\/wp\/v2\/users\/7"}],"replies":[{"embeddable":true,"href":"https:\/\/dignitynews.eu\/pl\/wp-json\/wp\/v2\/comments?post=19309"}],"version-history":[{"count":1,"href":"https:\/\/dignitynews.eu\/pl\/wp-json\/wp\/v2\/posts\/19309\/revisions"}],"predecessor-version":[{"id":19315,"href":"https:\/\/dignitynews.eu\/pl\/wp-json\/wp\/v2\/posts\/19309\/revisions\/19315"}],"wp:featuredmedia":[{"embeddable":true,"href":"https:\/\/dignitynews.eu\/pl\/wp-json\/wp\/v2\/media\/19310"}],"wp:attachment":[{"href":"https:\/\/dignitynews.eu\/pl\/wp-json\/wp\/v2\/media?parent=19309"}],"wp:term":[{"taxonomy":"category","embeddable":true,"href":"https:\/\/dignitynews.eu\/pl\/wp-json\/wp\/v2\/categories?post=19309"},{"taxonomy":"post_tag","embeddable":true,"href":"https:\/\/dignitynews.eu\/pl\/wp-json\/wp\/v2\/tags?post=19309"}],"curies":[{"name":"wp","href":"https:\/\/api.w.org\/{rel}","templated":true}]}}