{"id":19162,"date":"2022-05-27T11:37:34","date_gmt":"2022-05-27T09:37:34","guid":{"rendered":"https:\/\/dignitynews.eu\/?p=19162"},"modified":"2022-05-27T11:37:34","modified_gmt":"2022-05-27T09:37:34","slug":"ministerstwo-edukacji-i-nauki-przeznaczy-700-mln-zl-na-organizacje-pomocy-psychologiczno-pedagogicznej","status":"publish","type":"post","link":"https:\/\/dignitynews.eu\/pl\/ministerstwo-edukacji-i-nauki-przeznaczy-700-mln-zl-na-organizacje-pomocy-psychologiczno-pedagogicznej\/","title":{"rendered":"Ministerstwo Edukacji i Nauki przeznaczy 700 mln z\u0142 na organizacj\u0119 pomocy psychologiczno-pedagogicznej"},"content":{"rendered":"<h5>Ministerstwo Edukacji i Nauki przeznaczy 700 mln z\u0142 na organizacj\u0119 pomocy psychologiczno-pedagogicznej. Pozwoli to na zrealizowanie ok. 3 mln dodatkowych godzin zaj\u0119\u0107 korekcyjno-kompensacyjnych, logopedycznych, rozwijaj\u0105cych kompetencje emocjonalno-spo\u0142eczne oraz innych zaj\u0119\u0107 o charakterze terapeutycznym<\/h5>\n<p>\u2013 Praca psycholog\u00f3w i specjalist\u00f3w w Polskich szko\u0142ach jest po to, by zaradzi\u0107 pojawiaj\u0105cym si\u0119 problemom \u2013 m\u00f3wi\u0142 minister edukacji i nauki Przemys\u0142aw Czarnek na konferencji prasowej.<\/p>\n<p>Statystyki pokazuj\u0105, \u017ce coraz wi\u0119cej uczni\u00f3w wymaga specjalistycznej pomocy. Co trzeci ucze\u0144 obejmowany jest pomoc\u0105 psychologiczno-pedagogiczn\u0105, a 9 proc. dzieci i m\u0142odzie\u017cy poni\u017cej 18. roku \u017cycia ma zaburzenia psychiczne, kt\u00f3re wymagaj\u0105 profesjonalnej pomocy. Kszta\u0142ceniem specjalnym obj\u0119tych jest 4 proc. uczni\u00f3w (185 775 os\u00f3b), a wczesnym wspomaganiem rozwoju ponad 66 tys. dzieci.<\/p>\n<p>Rosn\u0105ce potrzeby uczni\u00f3w powoduj\u0105, \u017ce konieczna jest koordynacja dzia\u0142a\u0144 pomocowych, tak\u017ce tych udzielanych na wczesnym etapie, oraz trafne adresowanie \u015brodk\u00f3w w bud\u017cecie pa\u0144stwa na realizacj\u0119 potrzeb dzieci i uczni\u00f3w oraz ich efektywniejsze wykorzystanie.<\/p>\n<p>Obecna na konferencji wiceminister Marzena Macha\u0142ek podkre\u015bli\u0142a komplementarno\u015b\u0107 dzia\u0142a\u0144 pomocowych zwi\u0105zanych ze wsparciem dzieci i m\u0142odzie\u017cy. M\u00f3wi\u0142a o zapewnieniu dodatkowych zaj\u0119\u0107 specjalistycznych dla uczni\u00f3w, uruchomieniu nowych, finansowanych przez resort kierunk\u00f3w studi\u00f3w podyplomowych oraz zapewnionych w bud\u017cecie pa\u0144stwa \u015brodkach na zwi\u0119kszenie liczby etat\u00f3w psycholog\u00f3w i pedagog\u00f3w w szko\u0142ach.<\/p>\n<p>\u2013 Wprowadzamy r\u00f3wnie\u017c stanowisko pedagoga specjalnego w szko\u0142ach og\u00f3lnodost\u0119pnych. Bardzo wa\u017cna jest wczesna pomoc rodzinie, gdy dowiaduje si\u0119, \u017ce ich dziecko mo\u017ce by\u0107 z niepe\u0142nosprawno\u015bci\u0105 \u2013 zaznaczy\u0142a wiceminister.<\/p>\n<p>Wi\u0119kszo\u015b\u0107 dzieci z niepe\u0142nosprawno\u015bciami (64,6 proc.) ucz\u0119szcza do szk\u00f3\u0142 og\u00f3lnodost\u0119pnych, dlatego wa\u017cne jest dzia\u0142anie na rzecz wysokiej jako\u015bci edukacji dla wszystkich \u2013 informuje MEiN.<\/p>\n<p>Arkadiusz S\u0142omczy\u0144ski<\/p>\n","protected":false},"excerpt":{"rendered":"<p>Ministerstwo Edukacji i Nauki przeznaczy 700 mln z\u0142 na organizacj\u0119 pomocy psychologiczno-pedagogicznej. Pozwoli to na zrealizowanie ok. 3 mln dodatkowych godzin zaj\u0119\u0107 korekcyjno-kompensacyjnych, logopedycznych, rozwijaj\u0105cych kompetencje emocjonalno-spo\u0142eczne oraz innych zaj\u0119\u0107&hellip;<\/p>\n","protected":false},"author":7,"featured_media":19163,"comment_status":"closed","ping_status":"open","sticky":false,"template":"","format":"standard","meta":{"_mi_skip_tracking":false,"footnotes":""},"categories":[48],"tags":[],"class_list":["post-19162","post","type-post","status-publish","format-standard","has-post-thumbnail","hentry","category-gospodarka"],"yoast_head":"<!-- This site is optimized with the Yoast SEO plugin v19.4 - https:\/\/yoast.com\/wordpress\/plugins\/seo\/ -->\n<title>Ministerstwo Edukacji i Nauki przeznaczy 700 mln z\u0142 na organizacj\u0119 pomocy psychologiczno-pedagogicznej - Godno\u015b\u0107 - DignityNews.eu<\/title>\n<meta name=\"robots\" content=\"index, follow, max-snippet:-1, max-image-preview:large, max-video-preview:-1\" \/>\n<link rel=\"canonical\" href=\"https:\/\/dignitynews.eu\/pl\/ministerstwo-edukacji-i-nauki-przeznaczy-700-mln-zl-na-organizacje-pomocy-psychologiczno-pedagogicznej\/\" \/>\n<meta property=\"og:locale\" content=\"pl_PL\" \/>\n<meta property=\"og:type\" content=\"article\" \/>\n<meta property=\"og:title\" content=\"Ministerstwo Edukacji i Nauki przeznaczy 700 mln z\u0142 na organizacj\u0119 pomocy psychologiczno-pedagogicznej - Godno\u015b\u0107 - DignityNews.eu\" \/>\n<meta property=\"og:description\" content=\"Ministerstwo Edukacji i Nauki przeznaczy 700 mln z\u0142 na organizacj\u0119 pomocy psychologiczno-pedagogicznej. Pozwoli to na zrealizowanie ok. 3 mln dodatkowych godzin zaj\u0119\u0107 korekcyjno-kompensacyjnych, logopedycznych, rozwijaj\u0105cych kompetencje emocjonalno-spo\u0142eczne oraz innych zaj\u0119\u0107&hellip;\" \/>\n<meta property=\"og:url\" content=\"https:\/\/dignitynews.eu\/pl\/ministerstwo-edukacji-i-nauki-przeznaczy-700-mln-zl-na-organizacje-pomocy-psychologiczno-pedagogicznej\/\" \/>\n<meta property=\"og:site_name\" content=\"Godno\u015b\u0107 - DignityNews.eu\" \/>\n<meta property=\"article:published_time\" content=\"2022-05-27T09:37:34+00:00\" \/>\n<meta property=\"og:image\" content=\"https:\/\/dignitynews.eu\/wp-content\/uploads\/2022\/05\/pieniadze-na-pomoc-psychologiczna-fot.-Ministerstwo-Edukacji-i-Nauki.jpg\" \/>\n\t<meta property=\"og:image:width\" content=\"1620\" \/>\n\t<meta property=\"og:image:height\" content=\"1080\" \/>\n\t<meta property=\"og:image:type\" content=\"image\/jpeg\" \/>\n<meta name=\"author\" content=\"Dignity News\" \/>\n<meta name=\"twitter:card\" content=\"summary_large_image\" \/>\n<meta name=\"twitter:label1\" content=\"Napisane przez\" \/>\n\t<meta name=\"twitter:data1\" content=\"Dignity News\" \/>\n\t<meta name=\"twitter:label2\" content=\"Szacowany czas czytania\" \/>\n\t<meta name=\"twitter:data2\" content=\"1 minuta\" \/>\n<script type=\"application\/ld+json\" class=\"yoast-schema-graph\">{\"@context\":\"https:\/\/schema.org\",\"@graph\":[{\"@type\":\"WebSite\",\"@id\":\"https:\/\/dignitynews.eu\/pl\/#website\",\"url\":\"https:\/\/dignitynews.eu\/pl\/\",\"name\":\"Godno\u015b\u0107 - DignityNews.eu\",\"description\":\"\",\"potentialAction\":[{\"@type\":\"SearchAction\",\"target\":{\"@type\":\"EntryPoint\",\"urlTemplate\":\"https:\/\/dignitynews.eu\/pl\/?s={search_term_string}\"},\"query-input\":\"required name=search_term_string\"}],\"inLanguage\":\"pl-PL\"},{\"@type\":\"WebPage\",\"@id\":\"https:\/\/dignitynews.eu\/pl\/ministerstwo-edukacji-i-nauki-przeznaczy-700-mln-zl-na-organizacje-pomocy-psychologiczno-pedagogicznej\/\",\"url\":\"https:\/\/dignitynews.eu\/pl\/ministerstwo-edukacji-i-nauki-przeznaczy-700-mln-zl-na-organizacje-pomocy-psychologiczno-pedagogicznej\/\",\"name\":\"Ministerstwo Edukacji i Nauki przeznaczy 700 mln z\u0142 na organizacj\u0119 pomocy psychologiczno-pedagogicznej - Godno\u015b\u0107 - DignityNews.eu\",\"isPartOf\":{\"@id\":\"https:\/\/dignitynews.eu\/pl\/#website\"},\"datePublished\":\"2022-05-27T09:37:34+00:00\",\"dateModified\":\"2022-05-27T09:37:34+00:00\",\"author\":{\"@id\":\"https:\/\/dignitynews.eu\/pl\/#\/schema\/person\/0b62b762b8174802fabc81a3ecb1bfcb\"},\"breadcrumb\":{\"@id\":\"https:\/\/dignitynews.eu\/pl\/ministerstwo-edukacji-i-nauki-przeznaczy-700-mln-zl-na-organizacje-pomocy-psychologiczno-pedagogicznej\/#breadcrumb\"},\"inLanguage\":\"pl-PL\",\"potentialAction\":[{\"@type\":\"ReadAction\",\"target\":[\"https:\/\/dignitynews.eu\/pl\/ministerstwo-edukacji-i-nauki-przeznaczy-700-mln-zl-na-organizacje-pomocy-psychologiczno-pedagogicznej\/\"]}]},{\"@type\":\"BreadcrumbList\",\"@id\":\"https:\/\/dignitynews.eu\/pl\/ministerstwo-edukacji-i-nauki-przeznaczy-700-mln-zl-na-organizacje-pomocy-psychologiczno-pedagogicznej\/#breadcrumb\",\"itemListElement\":[{\"@type\":\"ListItem\",\"position\":1,\"name\":\"Strona g\u0142\u00f3wna\",\"item\":\"https:\/\/dignitynews.eu\/pl\/\"},{\"@type\":\"ListItem\",\"position\":2,\"name\":\"Ministerstwo Edukacji i Nauki przeznaczy 700 mln z\u0142 na organizacj\u0119 pomocy psychologiczno-pedagogicznej\"}]},{\"@type\":\"Person\",\"@id\":\"https:\/\/dignitynews.eu\/pl\/#\/schema\/person\/0b62b762b8174802fabc81a3ecb1bfcb\",\"name\":\"Dignity News\",\"image\":{\"@type\":\"ImageObject\",\"inLanguage\":\"pl-PL\",\"@id\":\"https:\/\/dignitynews.eu\/pl\/#\/schema\/person\/image\/\",\"url\":\"https:\/\/secure.gravatar.com\/avatar\/97963171a6d9108f8381bbefb1c6b150c445b6ddd9e3077b96c86cf5892c85dc?s=96&d=mm&r=g\",\"contentUrl\":\"https:\/\/secure.gravatar.com\/avatar\/97963171a6d9108f8381bbefb1c6b150c445b6ddd9e3077b96c86cf5892c85dc?s=96&d=mm&r=g\",\"caption\":\"Dignity News\"},\"url\":\"https:\/\/dignitynews.eu\/pl\/author\/mikolaj-palade\/\"}]}<\/script>\n<!-- \/ Yoast SEO plugin. -->","yoast_head_json":{"title":"Ministerstwo Edukacji i Nauki przeznaczy 700 mln z\u0142 na organizacj\u0119 pomocy psychologiczno-pedagogicznej - Godno\u015b\u0107 - DignityNews.eu","robots":{"index":"index","follow":"follow","max-snippet":"max-snippet:-1","max-image-preview":"max-image-preview:large","max-video-preview":"max-video-preview:-1"},"canonical":"https:\/\/dignitynews.eu\/pl\/ministerstwo-edukacji-i-nauki-przeznaczy-700-mln-zl-na-organizacje-pomocy-psychologiczno-pedagogicznej\/","og_locale":"pl_PL","og_type":"article","og_title":"Ministerstwo Edukacji i Nauki przeznaczy 700 mln z\u0142 na organizacj\u0119 pomocy psychologiczno-pedagogicznej - Godno\u015b\u0107 - DignityNews.eu","og_description":"Ministerstwo Edukacji i Nauki przeznaczy 700 mln z\u0142 na organizacj\u0119 pomocy psychologiczno-pedagogicznej. Pozwoli to na zrealizowanie ok. 3 mln dodatkowych godzin zaj\u0119\u0107 korekcyjno-kompensacyjnych, logopedycznych, rozwijaj\u0105cych kompetencje emocjonalno-spo\u0142eczne oraz innych zaj\u0119\u0107&hellip;","og_url":"https:\/\/dignitynews.eu\/pl\/ministerstwo-edukacji-i-nauki-przeznaczy-700-mln-zl-na-organizacje-pomocy-psychologiczno-pedagogicznej\/","og_site_name":"Godno\u015b\u0107 - DignityNews.eu","article_published_time":"2022-05-27T09:37:34+00:00","og_image":[{"width":1620,"height":1080,"url":"https:\/\/dignitynews.eu\/wp-content\/uploads\/2022\/05\/pieniadze-na-pomoc-psychologiczna-fot.-Ministerstwo-Edukacji-i-Nauki.jpg","type":"image\/jpeg"}],"author":"Dignity News","twitter_card":"summary_large_image","twitter_misc":{"Napisane przez":"Dignity News","Szacowany czas czytania":"1 minuta"},"schema":{"@context":"https:\/\/schema.org","@graph":[{"@type":"WebSite","@id":"https:\/\/dignitynews.eu\/pl\/#website","url":"https:\/\/dignitynews.eu\/pl\/","name":"Godno\u015b\u0107 - DignityNews.eu","description":"","potentialAction":[{"@type":"SearchAction","target":{"@type":"EntryPoint","urlTemplate":"https:\/\/dignitynews.eu\/pl\/?s={search_term_string}"},"query-input":"required name=search_term_string"}],"inLanguage":"pl-PL"},{"@type":"WebPage","@id":"https:\/\/dignitynews.eu\/pl\/ministerstwo-edukacji-i-nauki-przeznaczy-700-mln-zl-na-organizacje-pomocy-psychologiczno-pedagogicznej\/","url":"https:\/\/dignitynews.eu\/pl\/ministerstwo-edukacji-i-nauki-przeznaczy-700-mln-zl-na-organizacje-pomocy-psychologiczno-pedagogicznej\/","name":"Ministerstwo Edukacji i Nauki przeznaczy 700 mln z\u0142 na organizacj\u0119 pomocy psychologiczno-pedagogicznej - Godno\u015b\u0107 - DignityNews.eu","isPartOf":{"@id":"https:\/\/dignitynews.eu\/pl\/#website"},"datePublished":"2022-05-27T09:37:34+00:00","dateModified":"2022-05-27T09:37:34+00:00","author":{"@id":"https:\/\/dignitynews.eu\/pl\/#\/schema\/person\/0b62b762b8174802fabc81a3ecb1bfcb"},"breadcrumb":{"@id":"https:\/\/dignitynews.eu\/pl\/ministerstwo-edukacji-i-nauki-przeznaczy-700-mln-zl-na-organizacje-pomocy-psychologiczno-pedagogicznej\/#breadcrumb"},"inLanguage":"pl-PL","potentialAction":[{"@type":"ReadAction","target":["https:\/\/dignitynews.eu\/pl\/ministerstwo-edukacji-i-nauki-przeznaczy-700-mln-zl-na-organizacje-pomocy-psychologiczno-pedagogicznej\/"]}]},{"@type":"BreadcrumbList","@id":"https:\/\/dignitynews.eu\/pl\/ministerstwo-edukacji-i-nauki-przeznaczy-700-mln-zl-na-organizacje-pomocy-psychologiczno-pedagogicznej\/#breadcrumb","itemListElement":[{"@type":"ListItem","position":1,"name":"Strona g\u0142\u00f3wna","item":"https:\/\/dignitynews.eu\/pl\/"},{"@type":"ListItem","position":2,"name":"Ministerstwo Edukacji i Nauki przeznaczy 700 mln z\u0142 na organizacj\u0119 pomocy psychologiczno-pedagogicznej"}]},{"@type":"Person","@id":"https:\/\/dignitynews.eu\/pl\/#\/schema\/person\/0b62b762b8174802fabc81a3ecb1bfcb","name":"Dignity News","image":{"@type":"ImageObject","inLanguage":"pl-PL","@id":"https:\/\/dignitynews.eu\/pl\/#\/schema\/person\/image\/","url":"https:\/\/secure.gravatar.com\/avatar\/97963171a6d9108f8381bbefb1c6b150c445b6ddd9e3077b96c86cf5892c85dc?s=96&d=mm&r=g","contentUrl":"https:\/\/secure.gravatar.com\/avatar\/97963171a6d9108f8381bbefb1c6b150c445b6ddd9e3077b96c86cf5892c85dc?s=96&d=mm&r=g","caption":"Dignity News"},"url":"https:\/\/dignitynews.eu\/pl\/author\/mikolaj-palade\/"}]}},"_links":{"self":[{"href":"https:\/\/dignitynews.eu\/pl\/wp-json\/wp\/v2\/posts\/19162","targetHints":{"allow":["GET"]}}],"collection":[{"href":"https:\/\/dignitynews.eu\/pl\/wp-json\/wp\/v2\/posts"}],"about":[{"href":"https:\/\/dignitynews.eu\/pl\/wp-json\/wp\/v2\/types\/post"}],"author":[{"embeddable":true,"href":"https:\/\/dignitynews.eu\/pl\/wp-json\/wp\/v2\/users\/7"}],"replies":[{"embeddable":true,"href":"https:\/\/dignitynews.eu\/pl\/wp-json\/wp\/v2\/comments?post=19162"}],"version-history":[{"count":1,"href":"https:\/\/dignitynews.eu\/pl\/wp-json\/wp\/v2\/posts\/19162\/revisions"}],"predecessor-version":[{"id":19168,"href":"https:\/\/dignitynews.eu\/pl\/wp-json\/wp\/v2\/posts\/19162\/revisions\/19168"}],"wp:featuredmedia":[{"embeddable":true,"href":"https:\/\/dignitynews.eu\/pl\/wp-json\/wp\/v2\/media\/19163"}],"wp:attachment":[{"href":"https:\/\/dignitynews.eu\/pl\/wp-json\/wp\/v2\/media?parent=19162"}],"wp:term":[{"taxonomy":"category","embeddable":true,"href":"https:\/\/dignitynews.eu\/pl\/wp-json\/wp\/v2\/categories?post=19162"},{"taxonomy":"post_tag","embeddable":true,"href":"https:\/\/dignitynews.eu\/pl\/wp-json\/wp\/v2\/tags?post=19162"}],"curies":[{"name":"wp","href":"https:\/\/api.w.org\/{rel}","templated":true}]}}