{"id":18877,"date":"2022-05-25T11:54:10","date_gmt":"2022-05-25T09:54:10","guid":{"rendered":"https:\/\/dignitynews.eu\/?p=18877"},"modified":"2022-05-25T11:54:15","modified_gmt":"2022-05-25T09:54:15","slug":"minister-obrony-narodowej-polska-kupi-szesc-kolejnych-baterii-systemu-patriot","status":"publish","type":"post","link":"https:\/\/dignitynews.eu\/pl\/minister-obrony-narodowej-polska-kupi-szesc-kolejnych-baterii-systemu-patriot\/","title":{"rendered":"Minister obrony narodowej: Polska kupi sze\u015b\u0107 kolejnych baterii systemu Patriot"},"content":{"rendered":"<h5>Polska kupi sze\u015b\u0107 kolejnych baterii systemu Patriot. \u2013 To drugi etap budowy programu obrony powietrznej Wis\u0142a \u2013 poinformowa\u0142 we wtorek minister obrony narodowej Mariusz B\u0142aszczak,<\/h5>\n<p>Szef Ministerstwa Obrony Narodowej (MON) napisa\u0142 na Twitterze, \u017ce podpisa\u0142 zapytanie ofertowe \u2014 Letter of Request dotycz\u0105cy pozyskania 6 baterii systemu Patriot wraz z radarami dook\u00f3lnymi, wyrzutniami i zapasem pocisk\u00f3w. Doda\u0142, \u017ce oznacza to start drugiej fazy programu obrony powietrznej Wis\u0142a. W jego pierwszym etapie zakupiono dwie baterie systemu.<\/p>\n<p>Dostawy zestaw\u00f3w Patriot dla Polski, s\u0105 przewidziane do ko\u0144ca 2022 roku, wst\u0119pn\u0105 gotowo\u015b\u0107 operacyjn\u0105 maj\u0105 osi\u0105gn\u0105\u0107 na prze\u0142omie lat 2023\/2024. W lutym, przed rosyjska inwazj\u0105 na Ukrain\u0119, MON potwierdzi\u0142o zamiar realizacji drugiej fazy programu Wis\u0142a, uzale\u017cniaj\u0105c decyzje od wynik\u00f3w nowego radaru dla zestaw\u00f3w Patriot.<\/p>\n<p>Polska wybra\u0142a system Patriot jako podstaw\u0119 programu obrony powietrznej \u015bredniego zasi\u0119gu Wis\u0142a w kwietniu 2015. W kwietniu 2018 r. \u2013 w ramach pierwszej z dw\u00f3ch zak\u0142adanych faz programu Wis\u0142a \u2014 zosta\u0142 podpisany kontrakt na dwie baterie (16 wyrzutni) warto\u015bci 4,75 mld dol. Uzbrojeniem polskich zestaw\u00f3w maj\u0105 by\u0107 pociski PAC-3 MSE koncernu Lockheed Martin. Zestawy dla Polski maja by\u0107 zintegrowane z nowym, opracowywanym dla ameryka\u0144skich wojsk l\u0105dowych systemem zarz\u0105dzania polem walki IBCS firmy Northrop Grumman.<\/p>\n<p>W Polsat News B\u0142aszczak zapowiedzia\u0142, \u017ce niebawem MON og\u0142osi zapytania ofertowe dotycz\u0105ce zakupu zestaw\u00f3w artylerii rakietowej HIMARS o zasi\u0119gu 300 km i zaznaczy\u0142, \u017ce Polska kontynuuje militarne wsparcie Ukrainy.<\/p>\n<p>\u2014 My wzmacniamy Ukrain\u0119, po to, \u017ceby Polska by\u0142a bezpieczniejsza. (\u2026) W interesie Polski jest \u017ceby Ukraina by\u0142a wolna \u2013 podkre\u015bli\u0142 minister i doda\u0142, \u017ce Ukrai\u0144cy broni\u0105c w\u0142asnej niepodleg\u0142o\u015bci, broni\u0105 wolno\u015bci w Europie i wolno\u015bci w Polsce.<\/p>\n","protected":false},"excerpt":{"rendered":"<p>Polska kupi sze\u015b\u0107 kolejnych baterii systemu Patriot. \u2013 To drugi etap budowy programu obrony powietrznej Wis\u0142a \u2013 poinformowa\u0142 we wtorek minister obrony narodowej Mariusz B\u0142aszczak, Szef Ministerstwa Obrony Narodowej (MON)&hellip;<\/p>\n","protected":false},"author":7,"featured_media":18878,"comment_status":"closed","ping_status":"open","sticky":false,"template":"","format":"standard","meta":{"_mi_skip_tracking":false,"footnotes":""},"categories":[47],"tags":[],"class_list":["post-18877","post","type-post","status-publish","format-standard","has-post-thumbnail","hentry","category-wydarzenia"],"yoast_head":"<!-- This site is optimized with the Yoast SEO plugin v19.4 - https:\/\/yoast.com\/wordpress\/plugins\/seo\/ -->\n<title>Minister obrony narodowej: Polska kupi sze\u015b\u0107 kolejnych baterii systemu Patriot - Godno\u015b\u0107 - DignityNews.eu<\/title>\n<meta name=\"robots\" content=\"index, follow, max-snippet:-1, max-image-preview:large, max-video-preview:-1\" \/>\n<link rel=\"canonical\" href=\"https:\/\/dignitynews.eu\/pl\/minister-obrony-narodowej-polska-kupi-szesc-kolejnych-baterii-systemu-patriot\/\" \/>\n<meta property=\"og:locale\" content=\"pl_PL\" \/>\n<meta property=\"og:type\" content=\"article\" \/>\n<meta property=\"og:title\" content=\"Minister obrony narodowej: Polska kupi sze\u015b\u0107 kolejnych baterii systemu Patriot - Godno\u015b\u0107 - DignityNews.eu\" \/>\n<meta property=\"og:description\" content=\"Polska kupi sze\u015b\u0107 kolejnych baterii systemu Patriot. \u2013 To drugi etap budowy programu obrony powietrznej Wis\u0142a \u2013 poinformowa\u0142 we wtorek minister obrony narodowej Mariusz B\u0142aszczak, Szef Ministerstwa Obrony Narodowej (MON)&hellip;\" \/>\n<meta property=\"og:url\" content=\"https:\/\/dignitynews.eu\/pl\/minister-obrony-narodowej-polska-kupi-szesc-kolejnych-baterii-systemu-patriot\/\" \/>\n<meta property=\"og:site_name\" content=\"Godno\u015b\u0107 - DignityNews.eu\" \/>\n<meta property=\"article:published_time\" content=\"2022-05-25T09:54:10+00:00\" \/>\n<meta property=\"article:modified_time\" content=\"2022-05-25T09:54:15+00:00\" \/>\n<meta property=\"og:image\" content=\"https:\/\/dignitynews.eu\/wp-content\/uploads\/2022\/05\/Polska-kupi-kolejne-baterie-Patriot-fot.-Wojciech-Strozyk-REPORTER.jpg\" \/>\n\t<meta property=\"og:image:width\" content=\"1500\" \/>\n\t<meta property=\"og:image:height\" content=\"1000\" \/>\n\t<meta property=\"og:image:type\" content=\"image\/jpeg\" \/>\n<meta name=\"author\" content=\"Dignity News\" \/>\n<meta name=\"twitter:card\" content=\"summary_large_image\" \/>\n<meta name=\"twitter:label1\" content=\"Napisane przez\" \/>\n\t<meta name=\"twitter:data1\" content=\"Dignity News\" \/>\n\t<meta name=\"twitter:label2\" content=\"Szacowany czas czytania\" \/>\n\t<meta name=\"twitter:data2\" content=\"1 minuta\" \/>\n<script type=\"application\/ld+json\" class=\"yoast-schema-graph\">{\"@context\":\"https:\/\/schema.org\",\"@graph\":[{\"@type\":\"WebSite\",\"@id\":\"https:\/\/dignitynews.eu\/pl\/#website\",\"url\":\"https:\/\/dignitynews.eu\/pl\/\",\"name\":\"Godno\u015b\u0107 - DignityNews.eu\",\"description\":\"\",\"potentialAction\":[{\"@type\":\"SearchAction\",\"target\":{\"@type\":\"EntryPoint\",\"urlTemplate\":\"https:\/\/dignitynews.eu\/pl\/?s={search_term_string}\"},\"query-input\":\"required name=search_term_string\"}],\"inLanguage\":\"pl-PL\"},{\"@type\":\"WebPage\",\"@id\":\"https:\/\/dignitynews.eu\/pl\/minister-obrony-narodowej-polska-kupi-szesc-kolejnych-baterii-systemu-patriot\/\",\"url\":\"https:\/\/dignitynews.eu\/pl\/minister-obrony-narodowej-polska-kupi-szesc-kolejnych-baterii-systemu-patriot\/\",\"name\":\"Minister obrony narodowej: Polska kupi sze\u015b\u0107 kolejnych baterii systemu Patriot - Godno\u015b\u0107 - DignityNews.eu\",\"isPartOf\":{\"@id\":\"https:\/\/dignitynews.eu\/pl\/#website\"},\"datePublished\":\"2022-05-25T09:54:10+00:00\",\"dateModified\":\"2022-05-25T09:54:15+00:00\",\"author\":{\"@id\":\"https:\/\/dignitynews.eu\/pl\/#\/schema\/person\/0b62b762b8174802fabc81a3ecb1bfcb\"},\"breadcrumb\":{\"@id\":\"https:\/\/dignitynews.eu\/pl\/minister-obrony-narodowej-polska-kupi-szesc-kolejnych-baterii-systemu-patriot\/#breadcrumb\"},\"inLanguage\":\"pl-PL\",\"potentialAction\":[{\"@type\":\"ReadAction\",\"target\":[\"https:\/\/dignitynews.eu\/pl\/minister-obrony-narodowej-polska-kupi-szesc-kolejnych-baterii-systemu-patriot\/\"]}]},{\"@type\":\"BreadcrumbList\",\"@id\":\"https:\/\/dignitynews.eu\/pl\/minister-obrony-narodowej-polska-kupi-szesc-kolejnych-baterii-systemu-patriot\/#breadcrumb\",\"itemListElement\":[{\"@type\":\"ListItem\",\"position\":1,\"name\":\"Strona g\u0142\u00f3wna\",\"item\":\"https:\/\/dignitynews.eu\/pl\/\"},{\"@type\":\"ListItem\",\"position\":2,\"name\":\"Minister obrony narodowej: Polska kupi sze\u015b\u0107 kolejnych baterii systemu Patriot\"}]},{\"@type\":\"Person\",\"@id\":\"https:\/\/dignitynews.eu\/pl\/#\/schema\/person\/0b62b762b8174802fabc81a3ecb1bfcb\",\"name\":\"Dignity News\",\"image\":{\"@type\":\"ImageObject\",\"inLanguage\":\"pl-PL\",\"@id\":\"https:\/\/dignitynews.eu\/pl\/#\/schema\/person\/image\/\",\"url\":\"https:\/\/secure.gravatar.com\/avatar\/97963171a6d9108f8381bbefb1c6b150c445b6ddd9e3077b96c86cf5892c85dc?s=96&d=mm&r=g\",\"contentUrl\":\"https:\/\/secure.gravatar.com\/avatar\/97963171a6d9108f8381bbefb1c6b150c445b6ddd9e3077b96c86cf5892c85dc?s=96&d=mm&r=g\",\"caption\":\"Dignity News\"},\"url\":\"https:\/\/dignitynews.eu\/pl\/author\/mikolaj-palade\/\"}]}<\/script>\n<!-- \/ Yoast SEO plugin. -->","yoast_head_json":{"title":"Minister obrony narodowej: Polska kupi sze\u015b\u0107 kolejnych baterii systemu Patriot - Godno\u015b\u0107 - DignityNews.eu","robots":{"index":"index","follow":"follow","max-snippet":"max-snippet:-1","max-image-preview":"max-image-preview:large","max-video-preview":"max-video-preview:-1"},"canonical":"https:\/\/dignitynews.eu\/pl\/minister-obrony-narodowej-polska-kupi-szesc-kolejnych-baterii-systemu-patriot\/","og_locale":"pl_PL","og_type":"article","og_title":"Minister obrony narodowej: Polska kupi sze\u015b\u0107 kolejnych baterii systemu Patriot - Godno\u015b\u0107 - DignityNews.eu","og_description":"Polska kupi sze\u015b\u0107 kolejnych baterii systemu Patriot. \u2013 To drugi etap budowy programu obrony powietrznej Wis\u0142a \u2013 poinformowa\u0142 we wtorek minister obrony narodowej Mariusz B\u0142aszczak, Szef Ministerstwa Obrony Narodowej (MON)&hellip;","og_url":"https:\/\/dignitynews.eu\/pl\/minister-obrony-narodowej-polska-kupi-szesc-kolejnych-baterii-systemu-patriot\/","og_site_name":"Godno\u015b\u0107 - DignityNews.eu","article_published_time":"2022-05-25T09:54:10+00:00","article_modified_time":"2022-05-25T09:54:15+00:00","og_image":[{"width":1500,"height":1000,"url":"https:\/\/dignitynews.eu\/wp-content\/uploads\/2022\/05\/Polska-kupi-kolejne-baterie-Patriot-fot.-Wojciech-Strozyk-REPORTER.jpg","type":"image\/jpeg"}],"author":"Dignity News","twitter_card":"summary_large_image","twitter_misc":{"Napisane przez":"Dignity News","Szacowany czas czytania":"1 minuta"},"schema":{"@context":"https:\/\/schema.org","@graph":[{"@type":"WebSite","@id":"https:\/\/dignitynews.eu\/pl\/#website","url":"https:\/\/dignitynews.eu\/pl\/","name":"Godno\u015b\u0107 - DignityNews.eu","description":"","potentialAction":[{"@type":"SearchAction","target":{"@type":"EntryPoint","urlTemplate":"https:\/\/dignitynews.eu\/pl\/?s={search_term_string}"},"query-input":"required name=search_term_string"}],"inLanguage":"pl-PL"},{"@type":"WebPage","@id":"https:\/\/dignitynews.eu\/pl\/minister-obrony-narodowej-polska-kupi-szesc-kolejnych-baterii-systemu-patriot\/","url":"https:\/\/dignitynews.eu\/pl\/minister-obrony-narodowej-polska-kupi-szesc-kolejnych-baterii-systemu-patriot\/","name":"Minister obrony narodowej: Polska kupi sze\u015b\u0107 kolejnych baterii systemu Patriot - Godno\u015b\u0107 - DignityNews.eu","isPartOf":{"@id":"https:\/\/dignitynews.eu\/pl\/#website"},"datePublished":"2022-05-25T09:54:10+00:00","dateModified":"2022-05-25T09:54:15+00:00","author":{"@id":"https:\/\/dignitynews.eu\/pl\/#\/schema\/person\/0b62b762b8174802fabc81a3ecb1bfcb"},"breadcrumb":{"@id":"https:\/\/dignitynews.eu\/pl\/minister-obrony-narodowej-polska-kupi-szesc-kolejnych-baterii-systemu-patriot\/#breadcrumb"},"inLanguage":"pl-PL","potentialAction":[{"@type":"ReadAction","target":["https:\/\/dignitynews.eu\/pl\/minister-obrony-narodowej-polska-kupi-szesc-kolejnych-baterii-systemu-patriot\/"]}]},{"@type":"BreadcrumbList","@id":"https:\/\/dignitynews.eu\/pl\/minister-obrony-narodowej-polska-kupi-szesc-kolejnych-baterii-systemu-patriot\/#breadcrumb","itemListElement":[{"@type":"ListItem","position":1,"name":"Strona g\u0142\u00f3wna","item":"https:\/\/dignitynews.eu\/pl\/"},{"@type":"ListItem","position":2,"name":"Minister obrony narodowej: Polska kupi sze\u015b\u0107 kolejnych baterii systemu Patriot"}]},{"@type":"Person","@id":"https:\/\/dignitynews.eu\/pl\/#\/schema\/person\/0b62b762b8174802fabc81a3ecb1bfcb","name":"Dignity News","image":{"@type":"ImageObject","inLanguage":"pl-PL","@id":"https:\/\/dignitynews.eu\/pl\/#\/schema\/person\/image\/","url":"https:\/\/secure.gravatar.com\/avatar\/97963171a6d9108f8381bbefb1c6b150c445b6ddd9e3077b96c86cf5892c85dc?s=96&d=mm&r=g","contentUrl":"https:\/\/secure.gravatar.com\/avatar\/97963171a6d9108f8381bbefb1c6b150c445b6ddd9e3077b96c86cf5892c85dc?s=96&d=mm&r=g","caption":"Dignity News"},"url":"https:\/\/dignitynews.eu\/pl\/author\/mikolaj-palade\/"}]}},"_links":{"self":[{"href":"https:\/\/dignitynews.eu\/pl\/wp-json\/wp\/v2\/posts\/18877","targetHints":{"allow":["GET"]}}],"collection":[{"href":"https:\/\/dignitynews.eu\/pl\/wp-json\/wp\/v2\/posts"}],"about":[{"href":"https:\/\/dignitynews.eu\/pl\/wp-json\/wp\/v2\/types\/post"}],"author":[{"embeddable":true,"href":"https:\/\/dignitynews.eu\/pl\/wp-json\/wp\/v2\/users\/7"}],"replies":[{"embeddable":true,"href":"https:\/\/dignitynews.eu\/pl\/wp-json\/wp\/v2\/comments?post=18877"}],"version-history":[{"count":1,"href":"https:\/\/dignitynews.eu\/pl\/wp-json\/wp\/v2\/posts\/18877\/revisions"}],"predecessor-version":[{"id":18883,"href":"https:\/\/dignitynews.eu\/pl\/wp-json\/wp\/v2\/posts\/18877\/revisions\/18883"}],"wp:featuredmedia":[{"embeddable":true,"href":"https:\/\/dignitynews.eu\/pl\/wp-json\/wp\/v2\/media\/18878"}],"wp:attachment":[{"href":"https:\/\/dignitynews.eu\/pl\/wp-json\/wp\/v2\/media?parent=18877"}],"wp:term":[{"taxonomy":"category","embeddable":true,"href":"https:\/\/dignitynews.eu\/pl\/wp-json\/wp\/v2\/categories?post=18877"},{"taxonomy":"post_tag","embeddable":true,"href":"https:\/\/dignitynews.eu\/pl\/wp-json\/wp\/v2\/tags?post=18877"}],"curies":[{"name":"wp","href":"https:\/\/api.w.org\/{rel}","templated":true}]}}