{"id":18141,"date":"2022-05-18T11:48:37","date_gmt":"2022-05-18T09:48:37","guid":{"rendered":"https:\/\/dignitynews.eu\/?p=18141"},"modified":"2022-05-18T11:48:59","modified_gmt":"2022-05-18T09:48:59","slug":"prawie-polowa-polakow-mysli-o-zmianie-pracy-motywacja-jest-inflacja-i-wysokosc-zarobkow","status":"publish","type":"post","link":"https:\/\/dignitynews.eu\/pl\/prawie-polowa-polakow-mysli-o-zmianie-pracy-motywacja-jest-inflacja-i-wysokosc-zarobkow\/","title":{"rendered":"Prawie po\u0142owa Polak\u00f3w my\u015bli o zmianie pracy. Motywacj\u0105 jest inflacja i wysoko\u015b\u0107 zarobk\u00f3w"},"content":{"rendered":"<h5>44 proc. Polak\u00f3w jest obecnie sk\u0142onnych do zmiany pracy na lepiej p\u0142atn\u0105 ze wzgl\u0119du na inflacj\u0119 &#8211; wynika z badania portalu pracuj.pl. Podobny odsetek ankietowanych stara\u0142 si\u0119 w ci\u0105gu ostatniego roku o podwy\u017ck\u0119 z powodu wzrostu cen. W sonda\u017cu zapytano jak inflacja odbija si\u0119 na bud\u017cetach domowych i mo\u017cliwo\u015bciach finansowych respondent\u00f3w.<\/h5>\n<p>Z niedawno opublikowanych bada\u0144 wynika, \u017ce 36 proc. respondent\u00f3w obecnie aktywnie szuka nowego miejsca pracy, a 76 proc. uwa\u017ca, \u017ce obecna pensja wystarcza im na mniej ni\u017c jeszcze 12 miesi\u0119cy temu. Wed\u0142ug 59 proc. ankietowanych inflacja istotnie wp\u0142ywa na faktyczn\u0105 si\u0142\u0119 nabywcz\u0105 ich pensji.<\/p>\n<p>80 proc. ankietowanych zwraca coraz wi\u0119ksz\u0105 uwag\u0119 na struktur\u0119 swoich wydatk\u00f3w, m.in. z powodu inflacji, co powoduje, \u017ce decyzje zakupowe s\u0105 bardziej rozwa\u017cne i przemy\u015blane. Badanie pokazuje te\u017c, \u017ce du\u017ca cz\u0119\u015b\u0107 Polak\u00f3w ma niewielkie oszcz\u0119dno\u015bci, niegwarantuj\u0105ce d\u0142u\u017cszego utrzymania si\u0119 w sytuacji rezygnacji z pracy lub jej utraty. Z od\u0142o\u017conych \u015brodk\u00f3w przez maksymalnie miesi\u0105c jest w stanie utrzyma\u0107 si\u0119 19 proc. Polak\u00f3w, \u00a0kolejne 15 proc. &#8211; przez jeden-dwa miesi\u0105ce. Oszcz\u0119dno\u015bci wystarczaj\u0105ce na sze\u015b\u0107 miesi\u0119cy ma 30 proc. badanych.<\/p>\n<p>Z bada\u0144 wynika, \u017ce 36 proc. respondent\u00f3w obecnie aktywnie szuka nowego miejsca pracy. 44 proc. badanych jako pow\u00f3d my\u015blenia o zmianie pracodawcy wskazuje inflacj\u0119. Ponadto 65 proc. os\u00f3b szukaj\u0105cych obecnie nowej pracy jako motywacj\u0119 wskazuje nieodpowiedni\u0105 wysoko\u015b\u0107 zarobk\u00f3w \u2013 czytamy w serwisie polskieradio24.pl.<\/p>\n<p>Spadek warto\u015bci pieni\u0105dza wp\u0142ywa te\u017c na negocjacje z obecnymi pracodawcami. 41 proc. badanych przyznaje, \u017ce ze wzgl\u0119du na inflacj\u0119 stara\u0142o si\u0119 o podwy\u017ck\u0119 w ci\u0105gu ostatnich 12 miesi\u0119cy. O podwy\u017ck\u0119 cz\u0119\u015bciej wyst\u0119puj\u0105 m\u0119\u017cczy\u017ani (44 proc.) ni\u017c kobiety (38 proc.). W por\u00f3wnaniu z rokiem ubieg\u0142ym sk\u0142onno\u015b\u0107 do zmiany pracy jest podobna u kobiet (45 proc.) i u m\u0119\u017cczyzn (43 proc.).<\/p>\n<p>W badaniu zapytano te\u017c o regulacje podatkowe Polskiego \u0141adu (ankiet\u0119 przeprowadzono w marcu, przed najnowsz\u0105 zmian\u0105 w Polskim \u0141adzie, m.in. obni\u017ck\u0105 PIT). 46 proc. oceni\u0142o negatywnie wp\u0142yw Polskiego \u0141adu na swoje zarobki, 40 proc. neutralnie, a 24 proc. pozytywnie. 53 proc. ankietowanych okre\u015bli\u0142o sw\u00f3j poziom zrozumienia zasad zmian podatkowych jako niski.<\/p>\n<p>Arkadiusz S\u0142omczy\u0144ski zlec<\/p>\n","protected":false},"excerpt":{"rendered":"<p>44 proc. Polak\u00f3w jest obecnie sk\u0142onnych do zmiany pracy na lepiej p\u0142atn\u0105 ze wzgl\u0119du na inflacj\u0119 &#8211; wynika z badania portalu pracuj.pl. Podobny odsetek ankietowanych stara\u0142 si\u0119 w ci\u0105gu ostatniego&hellip;<\/p>\n","protected":false},"author":7,"featured_media":18142,"comment_status":"closed","ping_status":"open","sticky":false,"template":"","format":"standard","meta":{"_mi_skip_tracking":false,"footnotes":""},"categories":[48],"tags":[],"class_list":["post-18141","post","type-post","status-publish","format-standard","has-post-thumbnail","hentry","category-gospodarka"],"yoast_head":"<!-- This site is optimized with the Yoast SEO plugin v19.4 - https:\/\/yoast.com\/wordpress\/plugins\/seo\/ -->\n<title>Prawie po\u0142owa Polak\u00f3w my\u015bli o zmianie pracy. Motywacj\u0105 jest inflacja i wysoko\u015b\u0107 zarobk\u00f3w - Godno\u015b\u0107 - DignityNews.eu<\/title>\n<meta name=\"robots\" content=\"index, follow, max-snippet:-1, max-image-preview:large, max-video-preview:-1\" \/>\n<link rel=\"canonical\" href=\"https:\/\/dignitynews.eu\/pl\/prawie-polowa-polakow-mysli-o-zmianie-pracy-motywacja-jest-inflacja-i-wysokosc-zarobkow\/\" \/>\n<meta property=\"og:locale\" content=\"pl_PL\" \/>\n<meta property=\"og:type\" content=\"article\" \/>\n<meta property=\"og:title\" content=\"Prawie po\u0142owa Polak\u00f3w my\u015bli o zmianie pracy. Motywacj\u0105 jest inflacja i wysoko\u015b\u0107 zarobk\u00f3w - Godno\u015b\u0107 - DignityNews.eu\" \/>\n<meta property=\"og:description\" content=\"44 proc. Polak\u00f3w jest obecnie sk\u0142onnych do zmiany pracy na lepiej p\u0142atn\u0105 ze wzgl\u0119du na inflacj\u0119 &#8211; wynika z badania portalu pracuj.pl. Podobny odsetek ankietowanych stara\u0142 si\u0119 w ci\u0105gu ostatniego&hellip;\" \/>\n<meta property=\"og:url\" content=\"https:\/\/dignitynews.eu\/pl\/prawie-polowa-polakow-mysli-o-zmianie-pracy-motywacja-jest-inflacja-i-wysokosc-zarobkow\/\" \/>\n<meta property=\"og:site_name\" content=\"Godno\u015b\u0107 - DignityNews.eu\" \/>\n<meta property=\"article:published_time\" content=\"2022-05-18T09:48:37+00:00\" \/>\n<meta property=\"article:modified_time\" content=\"2022-05-18T09:48:59+00:00\" \/>\n<meta property=\"og:image\" content=\"https:\/\/dignitynews.eu\/wp-content\/uploads\/2022\/05\/Polacy-mysla-o-zmianie-pracy-fot.-Mark-Hunt-Design-Pics-East-News.jpg\" \/>\n\t<meta property=\"og:image:width\" content=\"1000\" \/>\n\t<meta property=\"og:image:height\" content=\"1500\" \/>\n\t<meta property=\"og:image:type\" content=\"image\/jpeg\" \/>\n<meta name=\"author\" content=\"Dignity News\" \/>\n<meta name=\"twitter:card\" content=\"summary_large_image\" \/>\n<meta name=\"twitter:label1\" content=\"Napisane przez\" \/>\n\t<meta name=\"twitter:data1\" content=\"Dignity News\" \/>\n\t<meta name=\"twitter:label2\" content=\"Szacowany czas czytania\" \/>\n\t<meta name=\"twitter:data2\" content=\"2 minuty\" \/>\n<script type=\"application\/ld+json\" class=\"yoast-schema-graph\">{\"@context\":\"https:\/\/schema.org\",\"@graph\":[{\"@type\":\"WebSite\",\"@id\":\"https:\/\/dignitynews.eu\/pl\/#website\",\"url\":\"https:\/\/dignitynews.eu\/pl\/\",\"name\":\"Godno\u015b\u0107 - DignityNews.eu\",\"description\":\"\",\"potentialAction\":[{\"@type\":\"SearchAction\",\"target\":{\"@type\":\"EntryPoint\",\"urlTemplate\":\"https:\/\/dignitynews.eu\/pl\/?s={search_term_string}\"},\"query-input\":\"required name=search_term_string\"}],\"inLanguage\":\"pl-PL\"},{\"@type\":\"WebPage\",\"@id\":\"https:\/\/dignitynews.eu\/pl\/prawie-polowa-polakow-mysli-o-zmianie-pracy-motywacja-jest-inflacja-i-wysokosc-zarobkow\/\",\"url\":\"https:\/\/dignitynews.eu\/pl\/prawie-polowa-polakow-mysli-o-zmianie-pracy-motywacja-jest-inflacja-i-wysokosc-zarobkow\/\",\"name\":\"Prawie po\u0142owa Polak\u00f3w my\u015bli o zmianie pracy. Motywacj\u0105 jest inflacja i wysoko\u015b\u0107 zarobk\u00f3w - Godno\u015b\u0107 - DignityNews.eu\",\"isPartOf\":{\"@id\":\"https:\/\/dignitynews.eu\/pl\/#website\"},\"datePublished\":\"2022-05-18T09:48:37+00:00\",\"dateModified\":\"2022-05-18T09:48:59+00:00\",\"author\":{\"@id\":\"https:\/\/dignitynews.eu\/pl\/#\/schema\/person\/0b62b762b8174802fabc81a3ecb1bfcb\"},\"breadcrumb\":{\"@id\":\"https:\/\/dignitynews.eu\/pl\/prawie-polowa-polakow-mysli-o-zmianie-pracy-motywacja-jest-inflacja-i-wysokosc-zarobkow\/#breadcrumb\"},\"inLanguage\":\"pl-PL\",\"potentialAction\":[{\"@type\":\"ReadAction\",\"target\":[\"https:\/\/dignitynews.eu\/pl\/prawie-polowa-polakow-mysli-o-zmianie-pracy-motywacja-jest-inflacja-i-wysokosc-zarobkow\/\"]}]},{\"@type\":\"BreadcrumbList\",\"@id\":\"https:\/\/dignitynews.eu\/pl\/prawie-polowa-polakow-mysli-o-zmianie-pracy-motywacja-jest-inflacja-i-wysokosc-zarobkow\/#breadcrumb\",\"itemListElement\":[{\"@type\":\"ListItem\",\"position\":1,\"name\":\"Strona g\u0142\u00f3wna\",\"item\":\"https:\/\/dignitynews.eu\/pl\/\"},{\"@type\":\"ListItem\",\"position\":2,\"name\":\"Prawie po\u0142owa Polak\u00f3w my\u015bli o zmianie pracy. Motywacj\u0105 jest inflacja i wysoko\u015b\u0107 zarobk\u00f3w\"}]},{\"@type\":\"Person\",\"@id\":\"https:\/\/dignitynews.eu\/pl\/#\/schema\/person\/0b62b762b8174802fabc81a3ecb1bfcb\",\"name\":\"Dignity News\",\"image\":{\"@type\":\"ImageObject\",\"inLanguage\":\"pl-PL\",\"@id\":\"https:\/\/dignitynews.eu\/pl\/#\/schema\/person\/image\/\",\"url\":\"https:\/\/secure.gravatar.com\/avatar\/97963171a6d9108f8381bbefb1c6b150c445b6ddd9e3077b96c86cf5892c85dc?s=96&d=mm&r=g\",\"contentUrl\":\"https:\/\/secure.gravatar.com\/avatar\/97963171a6d9108f8381bbefb1c6b150c445b6ddd9e3077b96c86cf5892c85dc?s=96&d=mm&r=g\",\"caption\":\"Dignity News\"},\"url\":\"https:\/\/dignitynews.eu\/pl\/author\/mikolaj-palade\/\"}]}<\/script>\n<!-- \/ Yoast SEO plugin. -->","yoast_head_json":{"title":"Prawie po\u0142owa Polak\u00f3w my\u015bli o zmianie pracy. Motywacj\u0105 jest inflacja i wysoko\u015b\u0107 zarobk\u00f3w - Godno\u015b\u0107 - DignityNews.eu","robots":{"index":"index","follow":"follow","max-snippet":"max-snippet:-1","max-image-preview":"max-image-preview:large","max-video-preview":"max-video-preview:-1"},"canonical":"https:\/\/dignitynews.eu\/pl\/prawie-polowa-polakow-mysli-o-zmianie-pracy-motywacja-jest-inflacja-i-wysokosc-zarobkow\/","og_locale":"pl_PL","og_type":"article","og_title":"Prawie po\u0142owa Polak\u00f3w my\u015bli o zmianie pracy. Motywacj\u0105 jest inflacja i wysoko\u015b\u0107 zarobk\u00f3w - Godno\u015b\u0107 - DignityNews.eu","og_description":"44 proc. Polak\u00f3w jest obecnie sk\u0142onnych do zmiany pracy na lepiej p\u0142atn\u0105 ze wzgl\u0119du na inflacj\u0119 &#8211; wynika z badania portalu pracuj.pl. Podobny odsetek ankietowanych stara\u0142 si\u0119 w ci\u0105gu ostatniego&hellip;","og_url":"https:\/\/dignitynews.eu\/pl\/prawie-polowa-polakow-mysli-o-zmianie-pracy-motywacja-jest-inflacja-i-wysokosc-zarobkow\/","og_site_name":"Godno\u015b\u0107 - DignityNews.eu","article_published_time":"2022-05-18T09:48:37+00:00","article_modified_time":"2022-05-18T09:48:59+00:00","og_image":[{"width":1000,"height":1500,"url":"https:\/\/dignitynews.eu\/wp-content\/uploads\/2022\/05\/Polacy-mysla-o-zmianie-pracy-fot.-Mark-Hunt-Design-Pics-East-News.jpg","type":"image\/jpeg"}],"author":"Dignity News","twitter_card":"summary_large_image","twitter_misc":{"Napisane przez":"Dignity News","Szacowany czas czytania":"2 minuty"},"schema":{"@context":"https:\/\/schema.org","@graph":[{"@type":"WebSite","@id":"https:\/\/dignitynews.eu\/pl\/#website","url":"https:\/\/dignitynews.eu\/pl\/","name":"Godno\u015b\u0107 - DignityNews.eu","description":"","potentialAction":[{"@type":"SearchAction","target":{"@type":"EntryPoint","urlTemplate":"https:\/\/dignitynews.eu\/pl\/?s={search_term_string}"},"query-input":"required name=search_term_string"}],"inLanguage":"pl-PL"},{"@type":"WebPage","@id":"https:\/\/dignitynews.eu\/pl\/prawie-polowa-polakow-mysli-o-zmianie-pracy-motywacja-jest-inflacja-i-wysokosc-zarobkow\/","url":"https:\/\/dignitynews.eu\/pl\/prawie-polowa-polakow-mysli-o-zmianie-pracy-motywacja-jest-inflacja-i-wysokosc-zarobkow\/","name":"Prawie po\u0142owa Polak\u00f3w my\u015bli o zmianie pracy. Motywacj\u0105 jest inflacja i wysoko\u015b\u0107 zarobk\u00f3w - Godno\u015b\u0107 - DignityNews.eu","isPartOf":{"@id":"https:\/\/dignitynews.eu\/pl\/#website"},"datePublished":"2022-05-18T09:48:37+00:00","dateModified":"2022-05-18T09:48:59+00:00","author":{"@id":"https:\/\/dignitynews.eu\/pl\/#\/schema\/person\/0b62b762b8174802fabc81a3ecb1bfcb"},"breadcrumb":{"@id":"https:\/\/dignitynews.eu\/pl\/prawie-polowa-polakow-mysli-o-zmianie-pracy-motywacja-jest-inflacja-i-wysokosc-zarobkow\/#breadcrumb"},"inLanguage":"pl-PL","potentialAction":[{"@type":"ReadAction","target":["https:\/\/dignitynews.eu\/pl\/prawie-polowa-polakow-mysli-o-zmianie-pracy-motywacja-jest-inflacja-i-wysokosc-zarobkow\/"]}]},{"@type":"BreadcrumbList","@id":"https:\/\/dignitynews.eu\/pl\/prawie-polowa-polakow-mysli-o-zmianie-pracy-motywacja-jest-inflacja-i-wysokosc-zarobkow\/#breadcrumb","itemListElement":[{"@type":"ListItem","position":1,"name":"Strona g\u0142\u00f3wna","item":"https:\/\/dignitynews.eu\/pl\/"},{"@type":"ListItem","position":2,"name":"Prawie po\u0142owa Polak\u00f3w my\u015bli o zmianie pracy. Motywacj\u0105 jest inflacja i wysoko\u015b\u0107 zarobk\u00f3w"}]},{"@type":"Person","@id":"https:\/\/dignitynews.eu\/pl\/#\/schema\/person\/0b62b762b8174802fabc81a3ecb1bfcb","name":"Dignity News","image":{"@type":"ImageObject","inLanguage":"pl-PL","@id":"https:\/\/dignitynews.eu\/pl\/#\/schema\/person\/image\/","url":"https:\/\/secure.gravatar.com\/avatar\/97963171a6d9108f8381bbefb1c6b150c445b6ddd9e3077b96c86cf5892c85dc?s=96&d=mm&r=g","contentUrl":"https:\/\/secure.gravatar.com\/avatar\/97963171a6d9108f8381bbefb1c6b150c445b6ddd9e3077b96c86cf5892c85dc?s=96&d=mm&r=g","caption":"Dignity News"},"url":"https:\/\/dignitynews.eu\/pl\/author\/mikolaj-palade\/"}]}},"_links":{"self":[{"href":"https:\/\/dignitynews.eu\/pl\/wp-json\/wp\/v2\/posts\/18141","targetHints":{"allow":["GET"]}}],"collection":[{"href":"https:\/\/dignitynews.eu\/pl\/wp-json\/wp\/v2\/posts"}],"about":[{"href":"https:\/\/dignitynews.eu\/pl\/wp-json\/wp\/v2\/types\/post"}],"author":[{"embeddable":true,"href":"https:\/\/dignitynews.eu\/pl\/wp-json\/wp\/v2\/users\/7"}],"replies":[{"embeddable":true,"href":"https:\/\/dignitynews.eu\/pl\/wp-json\/wp\/v2\/comments?post=18141"}],"version-history":[{"count":1,"href":"https:\/\/dignitynews.eu\/pl\/wp-json\/wp\/v2\/posts\/18141\/revisions"}],"predecessor-version":[{"id":18147,"href":"https:\/\/dignitynews.eu\/pl\/wp-json\/wp\/v2\/posts\/18141\/revisions\/18147"}],"wp:featuredmedia":[{"embeddable":true,"href":"https:\/\/dignitynews.eu\/pl\/wp-json\/wp\/v2\/media\/18142"}],"wp:attachment":[{"href":"https:\/\/dignitynews.eu\/pl\/wp-json\/wp\/v2\/media?parent=18141"}],"wp:term":[{"taxonomy":"category","embeddable":true,"href":"https:\/\/dignitynews.eu\/pl\/wp-json\/wp\/v2\/categories?post=18141"},{"taxonomy":"post_tag","embeddable":true,"href":"https:\/\/dignitynews.eu\/pl\/wp-json\/wp\/v2\/tags?post=18141"}],"curies":[{"name":"wp","href":"https:\/\/api.w.org\/{rel}","templated":true}]}}