{"id":17704,"date":"2022-05-13T10:45:21","date_gmt":"2022-05-13T08:45:21","guid":{"rendered":"https:\/\/dignitynews.eu\/?p=17704"},"modified":"2022-05-13T10:45:21","modified_gmt":"2022-05-13T08:45:21","slug":"inflacja-i-wojna-mobilizuja-polakow-do-oszczedzania","status":"publish","type":"post","link":"https:\/\/dignitynews.eu\/pl\/inflacja-i-wojna-mobilizuja-polakow-do-oszczedzania\/","title":{"rendered":"Inflacja i wojna mobilizuj\u0105 Polak\u00f3w do oszcz\u0119dzania"},"content":{"rendered":"<h5><strong>Rosn\u0105ca inflacja oraz wojna na Ukrainie bardziej mobilizuj\u0105 Polak\u00f3w do oszcz\u0119dzania ni\u017c pandemia\u00a0\u2013\u00a0wynika z badania \u201eInflacja i wojna w Ukrainie a bud\u017cety domowe Polak\u00f3w\u201d, wykonanego przez Quality Watch dla Rejestru D\u0142u\u017cnik\u00f3w BIG InfoMonitor \u2013 informuje serwis Infowire.<\/strong><\/h5>\n<p>25 proc. Polak\u00f3w przyznaje, \u017ce aktualna sytuacja wp\u0142ywa na ich stosunek do posiadania od\u0142o\u017conych \u015brodk\u00f3w \u201ena czarn\u0105 godzin\u0119\u201d. Jednak niemal tyle samo stwierdza, \u017ce nie sta\u0107 ich na to, by odk\u0142ada\u0107.<\/p>\n<p>Jeszcze w czerwcu 2021 roku zaledwie 19 proc. ankietowanych zgadza\u0142o si\u0119 z twierdzeniem, \u017ce warto mie\u0107 od\u0142o\u017cone pieni\u0105dze na wypadek zdarze\u0144 losowych.<\/p>\n<p>Po\u0142owa Polak\u00f3w deklaruje, \u017ce ma zabezpieczenie w wysoko\u015bci r\u00f3wnej trzymiesi\u0119cznemu wynagrodzeniu. Z regularnym oszcz\u0119dzaniem najlepiej radz\u0105 sobie osoby po 64 roku \u017cycia, m\u0119\u017cczy\u017ani, posiadaj\u0105cy wy\u017csze wykszta\u0142cenie, mieszkaj\u0105cy w aglomeracjach.<\/p>\n<p>Kryzysowe sytuacje zawsze przek\u0142adaj\u0105 si\u0119 na to, \u017ce chcemy zwi\u0119kszy\u0107 poczucie swojego bezpiecze\u0144stwa. W kwestii oszcz\u0119dno\u015bci, wojna w Ukrainie i post\u0119puj\u0105ca inflacja wp\u0142ywaj\u0105 na nas zdecydowanie mocniej ni\u017c pandemia koronawirusa. Po ponad roku pandemii 7 proc. Polak\u00f3w nie widzia\u0142o potrzeby gromadzenia oszcz\u0119dno\u015bci, a 19 proc. u\u015bwiadomi\u0142o sobie, \u017ce oszcz\u0119dzanie jest wa\u017cne. W wyniku przyspieszenia inflacji i wybuchu wojny udzia\u0142 os\u00f3b niewidz\u0105cych potrzeby oszcz\u0119dzania spad\u0142 do 4 proc., a odsetek os\u00f3b, kt\u00f3re j\u0105 dostrzegaj\u0105, wzr\u00f3s\u0142 do 25 proc., szczeg\u00f3lnie w\u015br\u00f3d przedstawicieli najm\u0142odszych pokole\u0144 \u00a0\u2013 m\u00f3wi\u00a0S\u0142awomir Grzelczak, prezes BIG InfoMonitor. Niepokoj\u0105ce jest jednak to, \u017ce tak wielu Polak\u00f3w nie sta\u0107 na oszcz\u0119dzanie. To czynnik, kt\u00f3ry w sytuacji, gdy pojawi\u0105 si\u0119 jakiekolwiek trudno\u015bci finansowe mo\u017ce wp\u0142yn\u0105\u0107 na problemy z regulowaniem bie\u017c\u0105cych, podstawowych zobowi\u0105za\u0144. A firmy dzia\u0142aj\u0105ce na rzecz konsument\u00f3w mog\u0105 mie\u0107 wi\u0119ksze ni\u017c dotychczas trudno\u015bci ze \u015bci\u0105ganiem nale\u017cno\u015bci\u00a0\u2013 dodaje.<\/p>\n<p>O tym, \u017ce Polacy od rozpocz\u0119cia pandemii rozwa\u017cniej zarz\u0105dzaj\u0105 finansami, wida\u0107 po danych na temat zaleg\u0142o\u015bci konsumenckich. Na koniec marca w bazie informacji kredytowych BIK i rejestrze BIG InfoMonitor by\u0142o 2,68 mln os\u00f3b z zaleg\u0142o\u015bciami o warto\u015bci 76,2 mld z\u0142. W por\u00f3wnaniu z sytuacj\u0105 na starcie pandemii, przed dwoma laty liczba niesolidnych d\u0142u\u017cnik\u00f3w zmala\u0142a o ponad 150 tys. os\u00f3b, a zaleg\u0142o\u015bci o 3,6 mld z\u0142.<\/p>\n<p>Adrian Andrzejewski zlec<\/p>\n","protected":false},"excerpt":{"rendered":"<p>Rosn\u0105ca inflacja oraz wojna na Ukrainie bardziej mobilizuj\u0105 Polak\u00f3w do oszcz\u0119dzania ni\u017c pandemia\u00a0\u2013\u00a0wynika z badania \u201eInflacja i wojna w Ukrainie a bud\u017cety domowe Polak\u00f3w\u201d, wykonanego przez Quality Watch dla Rejestru&hellip;<\/p>\n","protected":false},"author":7,"featured_media":17705,"comment_status":"closed","ping_status":"open","sticky":false,"template":"","format":"standard","meta":{"_mi_skip_tracking":false,"footnotes":""},"categories":[48],"tags":[],"class_list":["post-17704","post","type-post","status-publish","format-standard","has-post-thumbnail","hentry","category-gospodarka"],"yoast_head":"<!-- This site is optimized with the Yoast SEO plugin v19.4 - https:\/\/yoast.com\/wordpress\/plugins\/seo\/ -->\n<title>Inflacja i wojna mobilizuj\u0105 Polak\u00f3w do oszcz\u0119dzania - Godno\u015b\u0107 - DignityNews.eu<\/title>\n<meta name=\"robots\" content=\"index, follow, max-snippet:-1, max-image-preview:large, max-video-preview:-1\" \/>\n<link rel=\"canonical\" href=\"https:\/\/dignitynews.eu\/pl\/inflacja-i-wojna-mobilizuja-polakow-do-oszczedzania\/\" \/>\n<meta property=\"og:locale\" content=\"pl_PL\" \/>\n<meta property=\"og:type\" content=\"article\" \/>\n<meta property=\"og:title\" content=\"Inflacja i wojna mobilizuj\u0105 Polak\u00f3w do oszcz\u0119dzania - Godno\u015b\u0107 - DignityNews.eu\" \/>\n<meta property=\"og:description\" content=\"Rosn\u0105ca inflacja oraz wojna na Ukrainie bardziej mobilizuj\u0105 Polak\u00f3w do oszcz\u0119dzania ni\u017c pandemia\u00a0\u2013\u00a0wynika z badania \u201eInflacja i wojna w Ukrainie a bud\u017cety domowe Polak\u00f3w\u201d, wykonanego przez Quality Watch dla Rejestru&hellip;\" \/>\n<meta property=\"og:url\" content=\"https:\/\/dignitynews.eu\/pl\/inflacja-i-wojna-mobilizuja-polakow-do-oszczedzania\/\" \/>\n<meta property=\"og:site_name\" content=\"Godno\u015b\u0107 - DignityNews.eu\" \/>\n<meta property=\"article:published_time\" content=\"2022-05-13T08:45:21+00:00\" \/>\n<meta property=\"og:image\" content=\"https:\/\/dignitynews.eu\/wp-content\/uploads\/2022\/05\/Oszczednosci-fot.-ARKADIUSZ-ZIOLEK-East-News.jpg\" \/>\n\t<meta property=\"og:image:width\" content=\"1500\" \/>\n\t<meta property=\"og:image:height\" content=\"1000\" \/>\n\t<meta property=\"og:image:type\" content=\"image\/jpeg\" \/>\n<meta name=\"author\" content=\"Dignity News\" \/>\n<meta name=\"twitter:card\" content=\"summary_large_image\" \/>\n<meta name=\"twitter:label1\" content=\"Napisane przez\" \/>\n\t<meta name=\"twitter:data1\" content=\"Dignity News\" \/>\n\t<meta name=\"twitter:label2\" content=\"Szacowany czas czytania\" \/>\n\t<meta name=\"twitter:data2\" content=\"2 minuty\" \/>\n<script type=\"application\/ld+json\" class=\"yoast-schema-graph\">{\"@context\":\"https:\/\/schema.org\",\"@graph\":[{\"@type\":\"WebSite\",\"@id\":\"https:\/\/dignitynews.eu\/pl\/#website\",\"url\":\"https:\/\/dignitynews.eu\/pl\/\",\"name\":\"Godno\u015b\u0107 - DignityNews.eu\",\"description\":\"\",\"potentialAction\":[{\"@type\":\"SearchAction\",\"target\":{\"@type\":\"EntryPoint\",\"urlTemplate\":\"https:\/\/dignitynews.eu\/pl\/?s={search_term_string}\"},\"query-input\":\"required name=search_term_string\"}],\"inLanguage\":\"pl-PL\"},{\"@type\":\"WebPage\",\"@id\":\"https:\/\/dignitynews.eu\/pl\/inflacja-i-wojna-mobilizuja-polakow-do-oszczedzania\/\",\"url\":\"https:\/\/dignitynews.eu\/pl\/inflacja-i-wojna-mobilizuja-polakow-do-oszczedzania\/\",\"name\":\"Inflacja i wojna mobilizuj\u0105 Polak\u00f3w do oszcz\u0119dzania - Godno\u015b\u0107 - DignityNews.eu\",\"isPartOf\":{\"@id\":\"https:\/\/dignitynews.eu\/pl\/#website\"},\"datePublished\":\"2022-05-13T08:45:21+00:00\",\"dateModified\":\"2022-05-13T08:45:21+00:00\",\"author\":{\"@id\":\"https:\/\/dignitynews.eu\/pl\/#\/schema\/person\/0b62b762b8174802fabc81a3ecb1bfcb\"},\"breadcrumb\":{\"@id\":\"https:\/\/dignitynews.eu\/pl\/inflacja-i-wojna-mobilizuja-polakow-do-oszczedzania\/#breadcrumb\"},\"inLanguage\":\"pl-PL\",\"potentialAction\":[{\"@type\":\"ReadAction\",\"target\":[\"https:\/\/dignitynews.eu\/pl\/inflacja-i-wojna-mobilizuja-polakow-do-oszczedzania\/\"]}]},{\"@type\":\"BreadcrumbList\",\"@id\":\"https:\/\/dignitynews.eu\/pl\/inflacja-i-wojna-mobilizuja-polakow-do-oszczedzania\/#breadcrumb\",\"itemListElement\":[{\"@type\":\"ListItem\",\"position\":1,\"name\":\"Strona g\u0142\u00f3wna\",\"item\":\"https:\/\/dignitynews.eu\/pl\/\"},{\"@type\":\"ListItem\",\"position\":2,\"name\":\"Inflacja i wojna mobilizuj\u0105 Polak\u00f3w do oszcz\u0119dzania\"}]},{\"@type\":\"Person\",\"@id\":\"https:\/\/dignitynews.eu\/pl\/#\/schema\/person\/0b62b762b8174802fabc81a3ecb1bfcb\",\"name\":\"Dignity News\",\"image\":{\"@type\":\"ImageObject\",\"inLanguage\":\"pl-PL\",\"@id\":\"https:\/\/dignitynews.eu\/pl\/#\/schema\/person\/image\/\",\"url\":\"https:\/\/secure.gravatar.com\/avatar\/97963171a6d9108f8381bbefb1c6b150c445b6ddd9e3077b96c86cf5892c85dc?s=96&d=mm&r=g\",\"contentUrl\":\"https:\/\/secure.gravatar.com\/avatar\/97963171a6d9108f8381bbefb1c6b150c445b6ddd9e3077b96c86cf5892c85dc?s=96&d=mm&r=g\",\"caption\":\"Dignity News\"},\"url\":\"https:\/\/dignitynews.eu\/pl\/author\/mikolaj-palade\/\"}]}<\/script>\n<!-- \/ Yoast SEO plugin. -->","yoast_head_json":{"title":"Inflacja i wojna mobilizuj\u0105 Polak\u00f3w do oszcz\u0119dzania - Godno\u015b\u0107 - DignityNews.eu","robots":{"index":"index","follow":"follow","max-snippet":"max-snippet:-1","max-image-preview":"max-image-preview:large","max-video-preview":"max-video-preview:-1"},"canonical":"https:\/\/dignitynews.eu\/pl\/inflacja-i-wojna-mobilizuja-polakow-do-oszczedzania\/","og_locale":"pl_PL","og_type":"article","og_title":"Inflacja i wojna mobilizuj\u0105 Polak\u00f3w do oszcz\u0119dzania - Godno\u015b\u0107 - DignityNews.eu","og_description":"Rosn\u0105ca inflacja oraz wojna na Ukrainie bardziej mobilizuj\u0105 Polak\u00f3w do oszcz\u0119dzania ni\u017c pandemia\u00a0\u2013\u00a0wynika z badania \u201eInflacja i wojna w Ukrainie a bud\u017cety domowe Polak\u00f3w\u201d, wykonanego przez Quality Watch dla Rejestru&hellip;","og_url":"https:\/\/dignitynews.eu\/pl\/inflacja-i-wojna-mobilizuja-polakow-do-oszczedzania\/","og_site_name":"Godno\u015b\u0107 - DignityNews.eu","article_published_time":"2022-05-13T08:45:21+00:00","og_image":[{"width":1500,"height":1000,"url":"https:\/\/dignitynews.eu\/wp-content\/uploads\/2022\/05\/Oszczednosci-fot.-ARKADIUSZ-ZIOLEK-East-News.jpg","type":"image\/jpeg"}],"author":"Dignity News","twitter_card":"summary_large_image","twitter_misc":{"Napisane przez":"Dignity News","Szacowany czas czytania":"2 minuty"},"schema":{"@context":"https:\/\/schema.org","@graph":[{"@type":"WebSite","@id":"https:\/\/dignitynews.eu\/pl\/#website","url":"https:\/\/dignitynews.eu\/pl\/","name":"Godno\u015b\u0107 - DignityNews.eu","description":"","potentialAction":[{"@type":"SearchAction","target":{"@type":"EntryPoint","urlTemplate":"https:\/\/dignitynews.eu\/pl\/?s={search_term_string}"},"query-input":"required name=search_term_string"}],"inLanguage":"pl-PL"},{"@type":"WebPage","@id":"https:\/\/dignitynews.eu\/pl\/inflacja-i-wojna-mobilizuja-polakow-do-oszczedzania\/","url":"https:\/\/dignitynews.eu\/pl\/inflacja-i-wojna-mobilizuja-polakow-do-oszczedzania\/","name":"Inflacja i wojna mobilizuj\u0105 Polak\u00f3w do oszcz\u0119dzania - Godno\u015b\u0107 - DignityNews.eu","isPartOf":{"@id":"https:\/\/dignitynews.eu\/pl\/#website"},"datePublished":"2022-05-13T08:45:21+00:00","dateModified":"2022-05-13T08:45:21+00:00","author":{"@id":"https:\/\/dignitynews.eu\/pl\/#\/schema\/person\/0b62b762b8174802fabc81a3ecb1bfcb"},"breadcrumb":{"@id":"https:\/\/dignitynews.eu\/pl\/inflacja-i-wojna-mobilizuja-polakow-do-oszczedzania\/#breadcrumb"},"inLanguage":"pl-PL","potentialAction":[{"@type":"ReadAction","target":["https:\/\/dignitynews.eu\/pl\/inflacja-i-wojna-mobilizuja-polakow-do-oszczedzania\/"]}]},{"@type":"BreadcrumbList","@id":"https:\/\/dignitynews.eu\/pl\/inflacja-i-wojna-mobilizuja-polakow-do-oszczedzania\/#breadcrumb","itemListElement":[{"@type":"ListItem","position":1,"name":"Strona g\u0142\u00f3wna","item":"https:\/\/dignitynews.eu\/pl\/"},{"@type":"ListItem","position":2,"name":"Inflacja i wojna mobilizuj\u0105 Polak\u00f3w do oszcz\u0119dzania"}]},{"@type":"Person","@id":"https:\/\/dignitynews.eu\/pl\/#\/schema\/person\/0b62b762b8174802fabc81a3ecb1bfcb","name":"Dignity News","image":{"@type":"ImageObject","inLanguage":"pl-PL","@id":"https:\/\/dignitynews.eu\/pl\/#\/schema\/person\/image\/","url":"https:\/\/secure.gravatar.com\/avatar\/97963171a6d9108f8381bbefb1c6b150c445b6ddd9e3077b96c86cf5892c85dc?s=96&d=mm&r=g","contentUrl":"https:\/\/secure.gravatar.com\/avatar\/97963171a6d9108f8381bbefb1c6b150c445b6ddd9e3077b96c86cf5892c85dc?s=96&d=mm&r=g","caption":"Dignity News"},"url":"https:\/\/dignitynews.eu\/pl\/author\/mikolaj-palade\/"}]}},"_links":{"self":[{"href":"https:\/\/dignitynews.eu\/pl\/wp-json\/wp\/v2\/posts\/17704","targetHints":{"allow":["GET"]}}],"collection":[{"href":"https:\/\/dignitynews.eu\/pl\/wp-json\/wp\/v2\/posts"}],"about":[{"href":"https:\/\/dignitynews.eu\/pl\/wp-json\/wp\/v2\/types\/post"}],"author":[{"embeddable":true,"href":"https:\/\/dignitynews.eu\/pl\/wp-json\/wp\/v2\/users\/7"}],"replies":[{"embeddable":true,"href":"https:\/\/dignitynews.eu\/pl\/wp-json\/wp\/v2\/comments?post=17704"}],"version-history":[{"count":1,"href":"https:\/\/dignitynews.eu\/pl\/wp-json\/wp\/v2\/posts\/17704\/revisions"}],"predecessor-version":[{"id":17710,"href":"https:\/\/dignitynews.eu\/pl\/wp-json\/wp\/v2\/posts\/17704\/revisions\/17710"}],"wp:featuredmedia":[{"embeddable":true,"href":"https:\/\/dignitynews.eu\/pl\/wp-json\/wp\/v2\/media\/17705"}],"wp:attachment":[{"href":"https:\/\/dignitynews.eu\/pl\/wp-json\/wp\/v2\/media?parent=17704"}],"wp:term":[{"taxonomy":"category","embeddable":true,"href":"https:\/\/dignitynews.eu\/pl\/wp-json\/wp\/v2\/categories?post=17704"},{"taxonomy":"post_tag","embeddable":true,"href":"https:\/\/dignitynews.eu\/pl\/wp-json\/wp\/v2\/tags?post=17704"}],"curies":[{"name":"wp","href":"https:\/\/api.w.org\/{rel}","templated":true}]}}