{"id":17525,"date":"2022-05-12T11:11:54","date_gmt":"2022-05-12T09:11:54","guid":{"rendered":"https:\/\/dignitynews.eu\/?p=17525"},"modified":"2022-05-12T11:11:54","modified_gmt":"2022-05-12T09:11:54","slug":"rzad-przyjal-projekt-ustawy-o-pomocy-dla-kredytobiorcow-sa-w-nim-wakacje-kredytowe","status":"publish","type":"post","link":"https:\/\/dignitynews.eu\/pl\/rzad-przyjal-projekt-ustawy-o-pomocy-dla-kredytobiorcow-sa-w-nim-wakacje-kredytowe\/","title":{"rendered":"Rz\u0105d przyj\u0105\u0142 projekt ustawy o pomocy dla kredytobiorc\u00f3w. S\u0105 w nim wakacje kredytowe"},"content":{"rendered":"<h5>Projekt ustawy o pomocy dla kredytobiorc\u00f3w zosta\u0142 skierowany do konsultacji spo\u0142ecznych. Jego najwa\u017cniejsze elementy to wakacje kredytowe, rozszerzenie zakresu dzia\u0142ania Funduszu Wsparcia Kredytobiorc\u00f3w ale te\u017c odej\u015bcie od stosowania stawek WIBOR przy wyliczaniu oprocentowania kredyt\u00f3w.<\/h5>\n<p>\u2013 Po pierwsze, wprowadzamy cztery miesi\u0105ce wakacji kredytowych w tym roku i w przysz\u0142ym. \u0141\u0105czna korzy\u015b\u0107 dla kredytobiorc\u00f3w to oko\u0142o 3 mld z\u0142 z tego tytu\u0142u. Po drugie udzielimy pomocy dla kredytobiorc\u00f3w w trudnej sytuacji finansowej, ustawowo zapewnimy, \u017ce Fundusz Wsparcia Kredytobiorc\u00f3w zostanie zwi\u0119kszony do 2 mld z\u0142 z 600 mln z\u0142 obecnie. To jest pula na ten rok, na przysz\u0142y b\u0119d\u0105 kolejne 2 mld z\u0142 \u2013 m\u00f3wi\u0142 premier podczas prezentacji nowych rozwi\u0105za\u0144.<\/p>\n<p>Minister finans\u00f3w Magdalena Rzeczkowska doda\u0142a, \u017ce skorzystanie z wakacji kredytowych b\u0119dzie \u00a0bezp\u0142atne i b\u0119dzie wyd\u0142u\u017ca\u0107 okres trwania kredytu. Korzystanie z funduszu ma zosta\u0107 uproszczone, m.in. przez umo\u017cliwienie sk\u0142adania wniosk\u00f3w elektronicznie. Banki maj\u0105 mie\u0107 te\u017c obowi\u0105zek informowania klient\u00f3w o dzia\u0142aniu funduszu i warunk\u00f3w pomocy, jakiej on udziela \u00a0\u2013 czytamy w portalu 300gospodarka.pl.<\/p>\n<p>Szef polskiego rz\u0105du podkre\u015bli\u0142, \u017ce projekt ustawy zak\u0142ada tak\u017ce wprowadzenie nowego mechanizmu wyliczania oprocentowania kredyt\u00f3w od 1 stycznia przysz\u0142ego roku, co pomo\u017ce w sp\u0142acie poprzez ni\u017csz\u0105 stawk\u0119 referencyjn\u0105.<\/p>\n<p>\u2013 WIBOR b\u0119dzie obni\u017cony do wypracowanej nowej stawki referencyjnej, a je\u015bli sektor bankowy tego nie wypracuje, to mamy rozwi\u0105zanie rezerwowe. B\u0119dzie to stawka Polonia \u2013 zapowiedzia\u0142 premier.<\/p>\n<p>Stawka Polonia to \u015brednie oprocentowanie depozyt\u00f3w over-night, kt\u00f3rych udzielaj\u0105 sobie nawzajem banki. Codziennie publikuje j\u0105 Narodowy Bank Polski. Ju\u017c w po\u0142owie maja Sp\u00f3\u0142ka GPW Benchmark, kt\u00f3ra jest administratorem WIBOR-u, ma zacz\u0105\u0107 publikowa\u0107 alternatywne dla tego wska\u017anika stawki referencyjne.<\/p>\n<p>Arkadiusz S\u0142omczy\u0144ski<\/p>\n<p>&nbsp;<\/p>\n","protected":false},"excerpt":{"rendered":"<p>Projekt ustawy o pomocy dla kredytobiorc\u00f3w zosta\u0142 skierowany do konsultacji spo\u0142ecznych. Jego najwa\u017cniejsze elementy to wakacje kredytowe, rozszerzenie zakresu dzia\u0142ania Funduszu Wsparcia Kredytobiorc\u00f3w ale te\u017c odej\u015bcie od stosowania stawek WIBOR&hellip;<\/p>\n","protected":false},"author":7,"featured_media":17526,"comment_status":"closed","ping_status":"open","sticky":false,"template":"","format":"standard","meta":{"_mi_skip_tracking":false,"footnotes":""},"categories":[48],"tags":[],"class_list":["post-17525","post","type-post","status-publish","format-standard","has-post-thumbnail","hentry","category-gospodarka"],"yoast_head":"<!-- This site is optimized with the Yoast SEO plugin v19.4 - https:\/\/yoast.com\/wordpress\/plugins\/seo\/ -->\n<title>Rz\u0105d przyj\u0105\u0142 projekt ustawy o pomocy dla kredytobiorc\u00f3w. S\u0105 w nim wakacje kredytowe - Godno\u015b\u0107 - DignityNews.eu<\/title>\n<meta name=\"robots\" content=\"index, follow, max-snippet:-1, max-image-preview:large, max-video-preview:-1\" \/>\n<link rel=\"canonical\" href=\"https:\/\/dignitynews.eu\/pl\/rzad-przyjal-projekt-ustawy-o-pomocy-dla-kredytobiorcow-sa-w-nim-wakacje-kredytowe\/\" \/>\n<meta property=\"og:locale\" content=\"pl_PL\" \/>\n<meta property=\"og:type\" content=\"article\" \/>\n<meta property=\"og:title\" content=\"Rz\u0105d przyj\u0105\u0142 projekt ustawy o pomocy dla kredytobiorc\u00f3w. S\u0105 w nim wakacje kredytowe - Godno\u015b\u0107 - DignityNews.eu\" \/>\n<meta property=\"og:description\" content=\"Projekt ustawy o pomocy dla kredytobiorc\u00f3w zosta\u0142 skierowany do konsultacji spo\u0142ecznych. Jego najwa\u017cniejsze elementy to wakacje kredytowe, rozszerzenie zakresu dzia\u0142ania Funduszu Wsparcia Kredytobiorc\u00f3w ale te\u017c odej\u015bcie od stosowania stawek WIBOR&hellip;\" \/>\n<meta property=\"og:url\" content=\"https:\/\/dignitynews.eu\/pl\/rzad-przyjal-projekt-ustawy-o-pomocy-dla-kredytobiorcow-sa-w-nim-wakacje-kredytowe\/\" \/>\n<meta property=\"og:site_name\" content=\"Godno\u015b\u0107 - DignityNews.eu\" \/>\n<meta property=\"article:published_time\" content=\"2022-05-12T09:11:54+00:00\" \/>\n<meta property=\"og:image\" content=\"https:\/\/dignitynews.eu\/wp-content\/uploads\/2022\/05\/rzad-dla-kredytobiocow-fot.-Wojciech-Olkusnik-East-News.jpg\" \/>\n\t<meta property=\"og:image:width\" content=\"1500\" \/>\n\t<meta property=\"og:image:height\" content=\"974\" \/>\n\t<meta property=\"og:image:type\" content=\"image\/jpeg\" \/>\n<meta name=\"author\" content=\"Dignity News\" \/>\n<meta name=\"twitter:card\" content=\"summary_large_image\" \/>\n<meta name=\"twitter:label1\" content=\"Napisane przez\" \/>\n\t<meta name=\"twitter:data1\" content=\"Dignity News\" \/>\n\t<meta name=\"twitter:label2\" content=\"Szacowany czas czytania\" \/>\n\t<meta name=\"twitter:data2\" content=\"2 minuty\" \/>\n<script type=\"application\/ld+json\" class=\"yoast-schema-graph\">{\"@context\":\"https:\/\/schema.org\",\"@graph\":[{\"@type\":\"WebSite\",\"@id\":\"https:\/\/dignitynews.eu\/pl\/#website\",\"url\":\"https:\/\/dignitynews.eu\/pl\/\",\"name\":\"Godno\u015b\u0107 - DignityNews.eu\",\"description\":\"\",\"potentialAction\":[{\"@type\":\"SearchAction\",\"target\":{\"@type\":\"EntryPoint\",\"urlTemplate\":\"https:\/\/dignitynews.eu\/pl\/?s={search_term_string}\"},\"query-input\":\"required name=search_term_string\"}],\"inLanguage\":\"pl-PL\"},{\"@type\":\"WebPage\",\"@id\":\"https:\/\/dignitynews.eu\/pl\/rzad-przyjal-projekt-ustawy-o-pomocy-dla-kredytobiorcow-sa-w-nim-wakacje-kredytowe\/\",\"url\":\"https:\/\/dignitynews.eu\/pl\/rzad-przyjal-projekt-ustawy-o-pomocy-dla-kredytobiorcow-sa-w-nim-wakacje-kredytowe\/\",\"name\":\"Rz\u0105d przyj\u0105\u0142 projekt ustawy o pomocy dla kredytobiorc\u00f3w. S\u0105 w nim wakacje kredytowe - Godno\u015b\u0107 - DignityNews.eu\",\"isPartOf\":{\"@id\":\"https:\/\/dignitynews.eu\/pl\/#website\"},\"datePublished\":\"2022-05-12T09:11:54+00:00\",\"dateModified\":\"2022-05-12T09:11:54+00:00\",\"author\":{\"@id\":\"https:\/\/dignitynews.eu\/pl\/#\/schema\/person\/0b62b762b8174802fabc81a3ecb1bfcb\"},\"breadcrumb\":{\"@id\":\"https:\/\/dignitynews.eu\/pl\/rzad-przyjal-projekt-ustawy-o-pomocy-dla-kredytobiorcow-sa-w-nim-wakacje-kredytowe\/#breadcrumb\"},\"inLanguage\":\"pl-PL\",\"potentialAction\":[{\"@type\":\"ReadAction\",\"target\":[\"https:\/\/dignitynews.eu\/pl\/rzad-przyjal-projekt-ustawy-o-pomocy-dla-kredytobiorcow-sa-w-nim-wakacje-kredytowe\/\"]}]},{\"@type\":\"BreadcrumbList\",\"@id\":\"https:\/\/dignitynews.eu\/pl\/rzad-przyjal-projekt-ustawy-o-pomocy-dla-kredytobiorcow-sa-w-nim-wakacje-kredytowe\/#breadcrumb\",\"itemListElement\":[{\"@type\":\"ListItem\",\"position\":1,\"name\":\"Strona g\u0142\u00f3wna\",\"item\":\"https:\/\/dignitynews.eu\/pl\/\"},{\"@type\":\"ListItem\",\"position\":2,\"name\":\"Rz\u0105d przyj\u0105\u0142 projekt ustawy o pomocy dla kredytobiorc\u00f3w. S\u0105 w nim wakacje kredytowe\"}]},{\"@type\":\"Person\",\"@id\":\"https:\/\/dignitynews.eu\/pl\/#\/schema\/person\/0b62b762b8174802fabc81a3ecb1bfcb\",\"name\":\"Dignity News\",\"image\":{\"@type\":\"ImageObject\",\"inLanguage\":\"pl-PL\",\"@id\":\"https:\/\/dignitynews.eu\/pl\/#\/schema\/person\/image\/\",\"url\":\"https:\/\/secure.gravatar.com\/avatar\/97963171a6d9108f8381bbefb1c6b150c445b6ddd9e3077b96c86cf5892c85dc?s=96&d=mm&r=g\",\"contentUrl\":\"https:\/\/secure.gravatar.com\/avatar\/97963171a6d9108f8381bbefb1c6b150c445b6ddd9e3077b96c86cf5892c85dc?s=96&d=mm&r=g\",\"caption\":\"Dignity News\"},\"url\":\"https:\/\/dignitynews.eu\/pl\/author\/mikolaj-palade\/\"}]}<\/script>\n<!-- \/ Yoast SEO plugin. -->","yoast_head_json":{"title":"Rz\u0105d przyj\u0105\u0142 projekt ustawy o pomocy dla kredytobiorc\u00f3w. S\u0105 w nim wakacje kredytowe - Godno\u015b\u0107 - DignityNews.eu","robots":{"index":"index","follow":"follow","max-snippet":"max-snippet:-1","max-image-preview":"max-image-preview:large","max-video-preview":"max-video-preview:-1"},"canonical":"https:\/\/dignitynews.eu\/pl\/rzad-przyjal-projekt-ustawy-o-pomocy-dla-kredytobiorcow-sa-w-nim-wakacje-kredytowe\/","og_locale":"pl_PL","og_type":"article","og_title":"Rz\u0105d przyj\u0105\u0142 projekt ustawy o pomocy dla kredytobiorc\u00f3w. S\u0105 w nim wakacje kredytowe - Godno\u015b\u0107 - DignityNews.eu","og_description":"Projekt ustawy o pomocy dla kredytobiorc\u00f3w zosta\u0142 skierowany do konsultacji spo\u0142ecznych. Jego najwa\u017cniejsze elementy to wakacje kredytowe, rozszerzenie zakresu dzia\u0142ania Funduszu Wsparcia Kredytobiorc\u00f3w ale te\u017c odej\u015bcie od stosowania stawek WIBOR&hellip;","og_url":"https:\/\/dignitynews.eu\/pl\/rzad-przyjal-projekt-ustawy-o-pomocy-dla-kredytobiorcow-sa-w-nim-wakacje-kredytowe\/","og_site_name":"Godno\u015b\u0107 - DignityNews.eu","article_published_time":"2022-05-12T09:11:54+00:00","og_image":[{"width":1500,"height":974,"url":"https:\/\/dignitynews.eu\/wp-content\/uploads\/2022\/05\/rzad-dla-kredytobiocow-fot.-Wojciech-Olkusnik-East-News.jpg","type":"image\/jpeg"}],"author":"Dignity News","twitter_card":"summary_large_image","twitter_misc":{"Napisane przez":"Dignity News","Szacowany czas czytania":"2 minuty"},"schema":{"@context":"https:\/\/schema.org","@graph":[{"@type":"WebSite","@id":"https:\/\/dignitynews.eu\/pl\/#website","url":"https:\/\/dignitynews.eu\/pl\/","name":"Godno\u015b\u0107 - DignityNews.eu","description":"","potentialAction":[{"@type":"SearchAction","target":{"@type":"EntryPoint","urlTemplate":"https:\/\/dignitynews.eu\/pl\/?s={search_term_string}"},"query-input":"required name=search_term_string"}],"inLanguage":"pl-PL"},{"@type":"WebPage","@id":"https:\/\/dignitynews.eu\/pl\/rzad-przyjal-projekt-ustawy-o-pomocy-dla-kredytobiorcow-sa-w-nim-wakacje-kredytowe\/","url":"https:\/\/dignitynews.eu\/pl\/rzad-przyjal-projekt-ustawy-o-pomocy-dla-kredytobiorcow-sa-w-nim-wakacje-kredytowe\/","name":"Rz\u0105d przyj\u0105\u0142 projekt ustawy o pomocy dla kredytobiorc\u00f3w. S\u0105 w nim wakacje kredytowe - Godno\u015b\u0107 - DignityNews.eu","isPartOf":{"@id":"https:\/\/dignitynews.eu\/pl\/#website"},"datePublished":"2022-05-12T09:11:54+00:00","dateModified":"2022-05-12T09:11:54+00:00","author":{"@id":"https:\/\/dignitynews.eu\/pl\/#\/schema\/person\/0b62b762b8174802fabc81a3ecb1bfcb"},"breadcrumb":{"@id":"https:\/\/dignitynews.eu\/pl\/rzad-przyjal-projekt-ustawy-o-pomocy-dla-kredytobiorcow-sa-w-nim-wakacje-kredytowe\/#breadcrumb"},"inLanguage":"pl-PL","potentialAction":[{"@type":"ReadAction","target":["https:\/\/dignitynews.eu\/pl\/rzad-przyjal-projekt-ustawy-o-pomocy-dla-kredytobiorcow-sa-w-nim-wakacje-kredytowe\/"]}]},{"@type":"BreadcrumbList","@id":"https:\/\/dignitynews.eu\/pl\/rzad-przyjal-projekt-ustawy-o-pomocy-dla-kredytobiorcow-sa-w-nim-wakacje-kredytowe\/#breadcrumb","itemListElement":[{"@type":"ListItem","position":1,"name":"Strona g\u0142\u00f3wna","item":"https:\/\/dignitynews.eu\/pl\/"},{"@type":"ListItem","position":2,"name":"Rz\u0105d przyj\u0105\u0142 projekt ustawy o pomocy dla kredytobiorc\u00f3w. S\u0105 w nim wakacje kredytowe"}]},{"@type":"Person","@id":"https:\/\/dignitynews.eu\/pl\/#\/schema\/person\/0b62b762b8174802fabc81a3ecb1bfcb","name":"Dignity News","image":{"@type":"ImageObject","inLanguage":"pl-PL","@id":"https:\/\/dignitynews.eu\/pl\/#\/schema\/person\/image\/","url":"https:\/\/secure.gravatar.com\/avatar\/97963171a6d9108f8381bbefb1c6b150c445b6ddd9e3077b96c86cf5892c85dc?s=96&d=mm&r=g","contentUrl":"https:\/\/secure.gravatar.com\/avatar\/97963171a6d9108f8381bbefb1c6b150c445b6ddd9e3077b96c86cf5892c85dc?s=96&d=mm&r=g","caption":"Dignity News"},"url":"https:\/\/dignitynews.eu\/pl\/author\/mikolaj-palade\/"}]}},"_links":{"self":[{"href":"https:\/\/dignitynews.eu\/pl\/wp-json\/wp\/v2\/posts\/17525","targetHints":{"allow":["GET"]}}],"collection":[{"href":"https:\/\/dignitynews.eu\/pl\/wp-json\/wp\/v2\/posts"}],"about":[{"href":"https:\/\/dignitynews.eu\/pl\/wp-json\/wp\/v2\/types\/post"}],"author":[{"embeddable":true,"href":"https:\/\/dignitynews.eu\/pl\/wp-json\/wp\/v2\/users\/7"}],"replies":[{"embeddable":true,"href":"https:\/\/dignitynews.eu\/pl\/wp-json\/wp\/v2\/comments?post=17525"}],"version-history":[{"count":1,"href":"https:\/\/dignitynews.eu\/pl\/wp-json\/wp\/v2\/posts\/17525\/revisions"}],"predecessor-version":[{"id":17531,"href":"https:\/\/dignitynews.eu\/pl\/wp-json\/wp\/v2\/posts\/17525\/revisions\/17531"}],"wp:featuredmedia":[{"embeddable":true,"href":"https:\/\/dignitynews.eu\/pl\/wp-json\/wp\/v2\/media\/17526"}],"wp:attachment":[{"href":"https:\/\/dignitynews.eu\/pl\/wp-json\/wp\/v2\/media?parent=17525"}],"wp:term":[{"taxonomy":"category","embeddable":true,"href":"https:\/\/dignitynews.eu\/pl\/wp-json\/wp\/v2\/categories?post=17525"},{"taxonomy":"post_tag","embeddable":true,"href":"https:\/\/dignitynews.eu\/pl\/wp-json\/wp\/v2\/tags?post=17525"}],"curies":[{"name":"wp","href":"https:\/\/api.w.org\/{rel}","templated":true}]}}