{"id":17410,"date":"2022-05-11T10:10:07","date_gmt":"2022-05-11T08:10:07","guid":{"rendered":"https:\/\/dignitynews.eu\/?p=17410"},"modified":"2022-05-11T10:10:07","modified_gmt":"2022-05-11T08:10:07","slug":"z-tej-maki-bedzie-chleb-ale-drogi","status":"publish","type":"post","link":"https:\/\/dignitynews.eu\/pl\/z-tej-maki-bedzie-chleb-ale-drogi\/","title":{"rendered":"Z tej m\u0105ki b\u0119dzie chleb, ale drogi"},"content":{"rendered":"<h5><strong>Wybuch wojny w Ukrainie nakr\u0119ci\u0142 i tak ju\u017c p\u0119dz\u0105c\u0105 karuzel\u0119 cenow\u0105 na globalnym rynku p\u0142od\u00f3w rolnych. Skutki odczuwamy te\u017c w naszych portfelach. Zakupy s\u0105 coraz dro\u017csze, ale eksperci zapewniaj\u0105, \u017ce \u017cywno\u015bci w Polsce nie zabraknie.<\/strong><\/h5>\n<p>Rosja i Ukraina odpowiadaj\u0105 za ponad 30 proc. \u015bwiatowego handlu pszenic\u0105, za 32 proc. obrotu j\u0119czmieniem oraz 17 proc. kukurydz\u0105. Oba kraje nale\u017c\u0105 do czo\u0142\u00f3wki eksporter\u00f3w olej\u00f3w, nasion i m\u0105czki s\u0142onecznikowej, co przek\u0142ada si\u0119 na ponad 50 proc. \u015bwiatowych obrot\u00f3w.<\/p>\n<p>Z danych Ministerstwa Rolnictwa i Rozwoju Wsi wynika, \u017ce 20 lutego br. tona pszenicy konsumpcyjnej w Polsce kosztowa\u0142a \u015brednio 1260 z\u0142. 3 kwietnia by\u0142o to ju\u017c 1569 z\u0142 za ton\u0119, co oznacza wzrost o ponad jedn\u0105 pi\u0105t\u0105. Dla por\u00f3wnania 4 kwietnia 2021 r. cena wynosi\u0142a 952 z\u0142.<\/p>\n<p>Rekordy bij\u0105 ceny olej\u00f3w. 3 kwietnia za ton\u0119 oleju rzepakowego rafinowanego trzeba by\u0142o zap\u0142aci\u0107 \u015brednio 7205 z\u0142 w por\u00f3wnaniu do 6373 z\u0142 za ton\u0119 sze\u015b\u0107 tygodni wcze\u015bniej. Na pocz\u0105tku kwietnia 2021 r. tona kosztowa\u0142a 4097 z\u0142.<\/p>\n<p>Jak przekonuje wicepremier, minister rolnictwa i rozwoju wsi Henryk Kowalczyk, nasze bezpiecze\u0144stwo \u017cywno\u015bciowe nie jest zagro\u017cone. \u017bywno\u015bci wystarczy zar\u00f3wno dla wszystkich Polak\u00f3w, jak i os\u00f3b, kt\u00f3re przyby\u0142y do nas z Ukrainy \u2013 komentuje szef resortu rolnictwa.<\/p>\n<p>Jednak w zwi\u0105zku z wojn\u0105 w Ukrainie nale\u017cy spodziewa\u0107 si\u0119 wzrostu cen \u017cywno\u015bci. np. zb\u00f3\u017c zar\u00f3wno na rynkach mi\u0119dzynarodowych, jak i w Polsce. Ceny w kraju pod\u0105\u017caj\u0105 za \u015bwiatowymi \u2013 wskazuje Henryk Kowalczyk.<\/p>\n<p>Polska jest od lat eksporterem netto zb\u00f3\u017c i ostatnie zbiory r\u00f3wnie\u017c by\u0142y bardzo dobre. Pogarszaj\u0105ca si\u0119 sytuacja \u017cywno\u015bciowa na \u015bwiecie powoduje, \u017ce kolejne kraje poszukuj\u0105 alternatywnych rynk\u00f3w zar\u00f3wno wewn\u0105trz Unii Europejskiej, jak i np. w Ameryce Po\u0142udniowej i USA \u2013 t\u0142umaczy Monika Pi\u0105tkowska. Nie nale\u017cy si\u0119 jednak obawia\u0107, \u017ce polskie zbo\u017ce trafi w wi\u0119kszo\u015bci za granic\u0119, a zabraknie go na rodzimym rynku.<\/p>\n<p>Analitycy Banku Credit Agricole wskazuj\u0105, \u017ce wybuch wojny w\u00a0Ukrainie nasili\u0142 obawy inwestor\u00f3w o \u015bwiatow\u0105 poda\u017c zb\u00f3\u017c w kolejnych kwarta\u0142ach. Ekonomi\u015bci banku prognozuj\u0105, \u017ce ceny pszenicy i kukurydzy w Polsce wynios\u0105 odpowiednio ok. 1400 z\u0142 i 1100 z\u0142 za ton\u0119 na koniec 2022 r. oraz ok. 1100 z\u0142 i 950 z\u0142 za ton\u0119 na koniec 2023 r. To mniej ni\u017c w aktualnym \u201ecenniku\u201d, jednak g\u0142\u00f3wnymi czynnikami ryzyka dla prognozy jest ostateczny wp\u0142yw wojny w Ukrainie na sytuacj\u0119 popytowo-poda\u017cow\u0105 na \u015bwiatowym rynku.<\/p>\n<p><a href=\"https:\/\/www.obserwatorfinansowy.pl\/autor\/dominika-pietrzyk\/\">Dominika Pietrzyk<\/a>, dziennikarka biznesowa w Infor zlec<\/p>\n","protected":false},"excerpt":{"rendered":"<p>Wybuch wojny w Ukrainie nakr\u0119ci\u0142 i tak ju\u017c p\u0119dz\u0105c\u0105 karuzel\u0119 cenow\u0105 na globalnym rynku p\u0142od\u00f3w rolnych. Skutki odczuwamy te\u017c w naszych portfelach. Zakupy s\u0105 coraz dro\u017csze, ale eksperci zapewniaj\u0105, \u017ce&hellip;<\/p>\n","protected":false},"author":7,"featured_media":17411,"comment_status":"closed","ping_status":"open","sticky":false,"template":"","format":"standard","meta":{"_mi_skip_tracking":false,"footnotes":""},"categories":[48],"tags":[],"class_list":["post-17410","post","type-post","status-publish","format-standard","has-post-thumbnail","hentry","category-gospodarka"],"yoast_head":"<!-- This site is optimized with the Yoast SEO plugin v19.4 - https:\/\/yoast.com\/wordpress\/plugins\/seo\/ -->\n<title>Z tej m\u0105ki b\u0119dzie chleb, ale drogi - Godno\u015b\u0107 - DignityNews.eu<\/title>\n<meta name=\"robots\" content=\"index, follow, max-snippet:-1, max-image-preview:large, max-video-preview:-1\" \/>\n<link rel=\"canonical\" href=\"https:\/\/dignitynews.eu\/pl\/z-tej-maki-bedzie-chleb-ale-drogi\/\" \/>\n<meta property=\"og:locale\" content=\"pl_PL\" \/>\n<meta property=\"og:type\" content=\"article\" \/>\n<meta property=\"og:title\" content=\"Z tej m\u0105ki b\u0119dzie chleb, ale drogi - Godno\u015b\u0107 - DignityNews.eu\" \/>\n<meta property=\"og:description\" content=\"Wybuch wojny w Ukrainie nakr\u0119ci\u0142 i tak ju\u017c p\u0119dz\u0105c\u0105 karuzel\u0119 cenow\u0105 na globalnym rynku p\u0142od\u00f3w rolnych. Skutki odczuwamy te\u017c w naszych portfelach. Zakupy s\u0105 coraz dro\u017csze, ale eksperci zapewniaj\u0105, \u017ce&hellip;\" \/>\n<meta property=\"og:url\" content=\"https:\/\/dignitynews.eu\/pl\/z-tej-maki-bedzie-chleb-ale-drogi\/\" \/>\n<meta property=\"og:site_name\" content=\"Godno\u015b\u0107 - DignityNews.eu\" \/>\n<meta property=\"article:published_time\" content=\"2022-05-11T08:10:07+00:00\" \/>\n<meta property=\"og:image\" content=\"https:\/\/dignitynews.eu\/wp-content\/uploads\/2022\/05\/OF-Z-tej-maki-bedzie-chleb-fot.-LUKASZ-SOLSKI-East-News.jpg\" \/>\n\t<meta property=\"og:image:width\" content=\"1500\" \/>\n\t<meta property=\"og:image:height\" content=\"1000\" \/>\n\t<meta property=\"og:image:type\" content=\"image\/jpeg\" \/>\n<meta name=\"author\" content=\"Dignity News\" \/>\n<meta name=\"twitter:card\" content=\"summary_large_image\" \/>\n<meta name=\"twitter:label1\" content=\"Napisane przez\" \/>\n\t<meta name=\"twitter:data1\" content=\"Dignity News\" \/>\n\t<meta name=\"twitter:label2\" content=\"Szacowany czas czytania\" \/>\n\t<meta name=\"twitter:data2\" content=\"2 minuty\" \/>\n<script type=\"application\/ld+json\" class=\"yoast-schema-graph\">{\"@context\":\"https:\/\/schema.org\",\"@graph\":[{\"@type\":\"WebSite\",\"@id\":\"https:\/\/dignitynews.eu\/pl\/#website\",\"url\":\"https:\/\/dignitynews.eu\/pl\/\",\"name\":\"Godno\u015b\u0107 - DignityNews.eu\",\"description\":\"\",\"potentialAction\":[{\"@type\":\"SearchAction\",\"target\":{\"@type\":\"EntryPoint\",\"urlTemplate\":\"https:\/\/dignitynews.eu\/pl\/?s={search_term_string}\"},\"query-input\":\"required name=search_term_string\"}],\"inLanguage\":\"pl-PL\"},{\"@type\":\"WebPage\",\"@id\":\"https:\/\/dignitynews.eu\/pl\/z-tej-maki-bedzie-chleb-ale-drogi\/\",\"url\":\"https:\/\/dignitynews.eu\/pl\/z-tej-maki-bedzie-chleb-ale-drogi\/\",\"name\":\"Z tej m\u0105ki b\u0119dzie chleb, ale drogi - Godno\u015b\u0107 - DignityNews.eu\",\"isPartOf\":{\"@id\":\"https:\/\/dignitynews.eu\/pl\/#website\"},\"datePublished\":\"2022-05-11T08:10:07+00:00\",\"dateModified\":\"2022-05-11T08:10:07+00:00\",\"author\":{\"@id\":\"https:\/\/dignitynews.eu\/pl\/#\/schema\/person\/0b62b762b8174802fabc81a3ecb1bfcb\"},\"breadcrumb\":{\"@id\":\"https:\/\/dignitynews.eu\/pl\/z-tej-maki-bedzie-chleb-ale-drogi\/#breadcrumb\"},\"inLanguage\":\"pl-PL\",\"potentialAction\":[{\"@type\":\"ReadAction\",\"target\":[\"https:\/\/dignitynews.eu\/pl\/z-tej-maki-bedzie-chleb-ale-drogi\/\"]}]},{\"@type\":\"BreadcrumbList\",\"@id\":\"https:\/\/dignitynews.eu\/pl\/z-tej-maki-bedzie-chleb-ale-drogi\/#breadcrumb\",\"itemListElement\":[{\"@type\":\"ListItem\",\"position\":1,\"name\":\"Strona g\u0142\u00f3wna\",\"item\":\"https:\/\/dignitynews.eu\/pl\/\"},{\"@type\":\"ListItem\",\"position\":2,\"name\":\"Z tej m\u0105ki b\u0119dzie chleb, ale drogi\"}]},{\"@type\":\"Person\",\"@id\":\"https:\/\/dignitynews.eu\/pl\/#\/schema\/person\/0b62b762b8174802fabc81a3ecb1bfcb\",\"name\":\"Dignity News\",\"image\":{\"@type\":\"ImageObject\",\"inLanguage\":\"pl-PL\",\"@id\":\"https:\/\/dignitynews.eu\/pl\/#\/schema\/person\/image\/\",\"url\":\"https:\/\/secure.gravatar.com\/avatar\/97963171a6d9108f8381bbefb1c6b150c445b6ddd9e3077b96c86cf5892c85dc?s=96&d=mm&r=g\",\"contentUrl\":\"https:\/\/secure.gravatar.com\/avatar\/97963171a6d9108f8381bbefb1c6b150c445b6ddd9e3077b96c86cf5892c85dc?s=96&d=mm&r=g\",\"caption\":\"Dignity News\"},\"url\":\"https:\/\/dignitynews.eu\/pl\/author\/mikolaj-palade\/\"}]}<\/script>\n<!-- \/ Yoast SEO plugin. -->","yoast_head_json":{"title":"Z tej m\u0105ki b\u0119dzie chleb, ale drogi - Godno\u015b\u0107 - DignityNews.eu","robots":{"index":"index","follow":"follow","max-snippet":"max-snippet:-1","max-image-preview":"max-image-preview:large","max-video-preview":"max-video-preview:-1"},"canonical":"https:\/\/dignitynews.eu\/pl\/z-tej-maki-bedzie-chleb-ale-drogi\/","og_locale":"pl_PL","og_type":"article","og_title":"Z tej m\u0105ki b\u0119dzie chleb, ale drogi - Godno\u015b\u0107 - DignityNews.eu","og_description":"Wybuch wojny w Ukrainie nakr\u0119ci\u0142 i tak ju\u017c p\u0119dz\u0105c\u0105 karuzel\u0119 cenow\u0105 na globalnym rynku p\u0142od\u00f3w rolnych. Skutki odczuwamy te\u017c w naszych portfelach. Zakupy s\u0105 coraz dro\u017csze, ale eksperci zapewniaj\u0105, \u017ce&hellip;","og_url":"https:\/\/dignitynews.eu\/pl\/z-tej-maki-bedzie-chleb-ale-drogi\/","og_site_name":"Godno\u015b\u0107 - DignityNews.eu","article_published_time":"2022-05-11T08:10:07+00:00","og_image":[{"width":1500,"height":1000,"url":"https:\/\/dignitynews.eu\/wp-content\/uploads\/2022\/05\/OF-Z-tej-maki-bedzie-chleb-fot.-LUKASZ-SOLSKI-East-News.jpg","type":"image\/jpeg"}],"author":"Dignity News","twitter_card":"summary_large_image","twitter_misc":{"Napisane przez":"Dignity News","Szacowany czas czytania":"2 minuty"},"schema":{"@context":"https:\/\/schema.org","@graph":[{"@type":"WebSite","@id":"https:\/\/dignitynews.eu\/pl\/#website","url":"https:\/\/dignitynews.eu\/pl\/","name":"Godno\u015b\u0107 - DignityNews.eu","description":"","potentialAction":[{"@type":"SearchAction","target":{"@type":"EntryPoint","urlTemplate":"https:\/\/dignitynews.eu\/pl\/?s={search_term_string}"},"query-input":"required name=search_term_string"}],"inLanguage":"pl-PL"},{"@type":"WebPage","@id":"https:\/\/dignitynews.eu\/pl\/z-tej-maki-bedzie-chleb-ale-drogi\/","url":"https:\/\/dignitynews.eu\/pl\/z-tej-maki-bedzie-chleb-ale-drogi\/","name":"Z tej m\u0105ki b\u0119dzie chleb, ale drogi - Godno\u015b\u0107 - DignityNews.eu","isPartOf":{"@id":"https:\/\/dignitynews.eu\/pl\/#website"},"datePublished":"2022-05-11T08:10:07+00:00","dateModified":"2022-05-11T08:10:07+00:00","author":{"@id":"https:\/\/dignitynews.eu\/pl\/#\/schema\/person\/0b62b762b8174802fabc81a3ecb1bfcb"},"breadcrumb":{"@id":"https:\/\/dignitynews.eu\/pl\/z-tej-maki-bedzie-chleb-ale-drogi\/#breadcrumb"},"inLanguage":"pl-PL","potentialAction":[{"@type":"ReadAction","target":["https:\/\/dignitynews.eu\/pl\/z-tej-maki-bedzie-chleb-ale-drogi\/"]}]},{"@type":"BreadcrumbList","@id":"https:\/\/dignitynews.eu\/pl\/z-tej-maki-bedzie-chleb-ale-drogi\/#breadcrumb","itemListElement":[{"@type":"ListItem","position":1,"name":"Strona g\u0142\u00f3wna","item":"https:\/\/dignitynews.eu\/pl\/"},{"@type":"ListItem","position":2,"name":"Z tej m\u0105ki b\u0119dzie chleb, ale drogi"}]},{"@type":"Person","@id":"https:\/\/dignitynews.eu\/pl\/#\/schema\/person\/0b62b762b8174802fabc81a3ecb1bfcb","name":"Dignity News","image":{"@type":"ImageObject","inLanguage":"pl-PL","@id":"https:\/\/dignitynews.eu\/pl\/#\/schema\/person\/image\/","url":"https:\/\/secure.gravatar.com\/avatar\/97963171a6d9108f8381bbefb1c6b150c445b6ddd9e3077b96c86cf5892c85dc?s=96&d=mm&r=g","contentUrl":"https:\/\/secure.gravatar.com\/avatar\/97963171a6d9108f8381bbefb1c6b150c445b6ddd9e3077b96c86cf5892c85dc?s=96&d=mm&r=g","caption":"Dignity News"},"url":"https:\/\/dignitynews.eu\/pl\/author\/mikolaj-palade\/"}]}},"_links":{"self":[{"href":"https:\/\/dignitynews.eu\/pl\/wp-json\/wp\/v2\/posts\/17410","targetHints":{"allow":["GET"]}}],"collection":[{"href":"https:\/\/dignitynews.eu\/pl\/wp-json\/wp\/v2\/posts"}],"about":[{"href":"https:\/\/dignitynews.eu\/pl\/wp-json\/wp\/v2\/types\/post"}],"author":[{"embeddable":true,"href":"https:\/\/dignitynews.eu\/pl\/wp-json\/wp\/v2\/users\/7"}],"replies":[{"embeddable":true,"href":"https:\/\/dignitynews.eu\/pl\/wp-json\/wp\/v2\/comments?post=17410"}],"version-history":[{"count":1,"href":"https:\/\/dignitynews.eu\/pl\/wp-json\/wp\/v2\/posts\/17410\/revisions"}],"predecessor-version":[{"id":17416,"href":"https:\/\/dignitynews.eu\/pl\/wp-json\/wp\/v2\/posts\/17410\/revisions\/17416"}],"wp:featuredmedia":[{"embeddable":true,"href":"https:\/\/dignitynews.eu\/pl\/wp-json\/wp\/v2\/media\/17411"}],"wp:attachment":[{"href":"https:\/\/dignitynews.eu\/pl\/wp-json\/wp\/v2\/media?parent=17410"}],"wp:term":[{"taxonomy":"category","embeddable":true,"href":"https:\/\/dignitynews.eu\/pl\/wp-json\/wp\/v2\/categories?post=17410"},{"taxonomy":"post_tag","embeddable":true,"href":"https:\/\/dignitynews.eu\/pl\/wp-json\/wp\/v2\/tags?post=17410"}],"curies":[{"name":"wp","href":"https:\/\/api.w.org\/{rel}","templated":true}]}}