{"id":17208,"date":"2022-05-10T13:07:06","date_gmt":"2022-05-10T11:07:06","guid":{"rendered":"https:\/\/dignitynews.eu\/?p=17208"},"modified":"2022-05-10T13:07:06","modified_gmt":"2022-05-10T11:07:06","slug":"obraz-rembrandta-van-rijna-w-muzeum-lazienki-krolewskie","status":"publish","type":"post","link":"https:\/\/dignitynews.eu\/pl\/obraz-rembrandta-van-rijna-w-muzeum-lazienki-krolewskie\/","title":{"rendered":"Obraz Rembrandta van Rijna w Muzeum \u0141azienki Kr\u00f3lewskie"},"content":{"rendered":"<h5>W Muzeum \u0141azienki Kr\u00f3lewskie mo\u017cna ogl\u0105da\u0107 arcydzie\u0142o p\u0119dzla Rembrandta van Rijna. Obraz \u201eJe\u017adziec polski\u201d pochodzi ze zbior\u00f3w The Frick Collection &#8211; jednej z najwa\u017cniejszych kulturalnych instytucji Nowego Jorku. W wernisa\u017cu uczestniczy\u0142 wiceminister kultury i dziedzictwa narodowego, generalny konserwator zabytk\u00f3w, Jaros\u0142aw Sellin.<\/h5>\n<p>&#8211; Mamy ogromn\u0105 przyjemno\u015b\u0107 uczestniczy\u0107 dzisiaj w wyj\u0105tkowej uroczysto\u015bci, w wernisa\u017cu wystawy o mi\u0119dzynarodowej randze. (\u2026) Pochodz\u0105ce z kolekcji kr\u00f3la Stanis\u0142awa Augusta Poniatowskiego arcydzie\u0142o p\u0119dzla genialnego Rembrandta van Rijna b\u0119dzie dost\u0119pne dla publiczno\u015bci w Galerii Obraz\u00f3w na parterze Pa\u0142acu na Wyspie \u2013 to w\u0142a\u015bnie tutaj, jeszcze na pocz\u0105tku XIX wieku, by\u0142o ono eksponowane przez spadkobierc\u00f3w kr\u00f3la \u2013 m\u00f3wi\u0142 minister Sellin.<\/p>\n<p>Wiceszef resortu kultury przypomnia\u0142, \u017ce obraz \u201eJe\u017adziec polski\u201d zosta\u0142 zaoferowany kr\u00f3lowi Stanis\u0142awowi Augustowi w 1791 roku przez Micha\u0142a Kazimierza Ogi\u0144skiego \u2013 wielkiego hetmana litewskiego, kompozytora i pisarza. Zwr\u00f3ci\u0142 uwag\u0119, \u017ce za czas\u00f3w panowania kr\u00f3la dzie\u0142o zdobi\u0142o przedpok\u00f3j prowadz\u0105cy do prywatnych apartament\u00f3w w\u0142adcy na pi\u0119trze Pa\u0142acu na Wyspie w \u0141azienkach Kr\u00f3lewskich.<\/p>\n<p>Po \u015bmierci monarchy obraz trafia\u0142 w r\u0119ce r\u00f3\u017cnych w\u0142a\u015bcicieli, ale na gruncie polskim funkcjonowa\u0142 prawie sto lat. Wreszcie w roku 1910 Zdzis\u0142aw Tarnowski sprzeda\u0142 go ameryka\u0144skiemu finansi\u015bcie, mecenasowi sztuki i kolekcjonerowi Henry\u2019emu Clay\u2019emu Frickowi. Arcydzie\u0142o, o znacznej w\u00f3wczas warto\u015bci, zawis\u0142o we wspania\u0142ych wn\u0119trzach nowojorskiej rezydencji Fricka, kt\u00f3ra po jego \u015bmierci zosta\u0142a przekszta\u0142cona w muzeum.<\/p>\n<p>\u201eJe\u017adziec polski\u201d b\u0119dzie prezentowany w Galerii Obraz\u00f3w w Pa\u0142acu na Wyspie do 7 sierpnia.\u00a0 Prezentacja obrazu zosta\u0142a sfinansowana ze \u015brodk\u00f3w Ministra Kultury i Dziedzictwa Narodowego. Po czterech miesi\u0105cach pobytu w Warszawie obraz b\u0119dzie mo\u017cna ogl\u0105da\u0107 na krakowskim Wawelu.<\/p>\n<p>Arkadiusz S\u0142omczy\u0144ski<\/p>\n","protected":false},"excerpt":{"rendered":"<p>W Muzeum \u0141azienki Kr\u00f3lewskie mo\u017cna ogl\u0105da\u0107 arcydzie\u0142o p\u0119dzla Rembrandta van Rijna. Obraz \u201eJe\u017adziec polski\u201d pochodzi ze zbior\u00f3w The Frick Collection &#8211; jednej z najwa\u017cniejszych kulturalnych instytucji Nowego Jorku. W wernisa\u017cu&hellip;<\/p>\n","protected":false},"author":7,"featured_media":17209,"comment_status":"closed","ping_status":"open","sticky":false,"template":"","format":"standard","meta":{"_mi_skip_tracking":false,"footnotes":""},"categories":[50],"tags":[],"class_list":["post-17208","post","type-post","status-publish","format-standard","has-post-thumbnail","hentry","category-kultura"],"yoast_head":"<!-- This site is optimized with the Yoast SEO plugin v19.4 - https:\/\/yoast.com\/wordpress\/plugins\/seo\/ -->\n<title>Obraz Rembrandta van Rijna w Muzeum \u0141azienki Kr\u00f3lewskie - Godno\u015b\u0107 - DignityNews.eu<\/title>\n<meta name=\"robots\" content=\"index, follow, max-snippet:-1, max-image-preview:large, max-video-preview:-1\" \/>\n<link rel=\"canonical\" href=\"https:\/\/dignitynews.eu\/pl\/obraz-rembrandta-van-rijna-w-muzeum-lazienki-krolewskie\/\" \/>\n<meta property=\"og:locale\" content=\"pl_PL\" \/>\n<meta property=\"og:type\" content=\"article\" \/>\n<meta property=\"og:title\" content=\"Obraz Rembrandta van Rijna w Muzeum \u0141azienki Kr\u00f3lewskie - Godno\u015b\u0107 - DignityNews.eu\" \/>\n<meta property=\"og:description\" content=\"W Muzeum \u0141azienki Kr\u00f3lewskie mo\u017cna ogl\u0105da\u0107 arcydzie\u0142o p\u0119dzla Rembrandta van Rijna. Obraz \u201eJe\u017adziec polski\u201d pochodzi ze zbior\u00f3w The Frick Collection &#8211; jednej z najwa\u017cniejszych kulturalnych instytucji Nowego Jorku. W wernisa\u017cu&hellip;\" \/>\n<meta property=\"og:url\" content=\"https:\/\/dignitynews.eu\/pl\/obraz-rembrandta-van-rijna-w-muzeum-lazienki-krolewskie\/\" \/>\n<meta property=\"og:site_name\" content=\"Godno\u015b\u0107 - DignityNews.eu\" \/>\n<meta property=\"article:published_time\" content=\"2022-05-10T11:07:06+00:00\" \/>\n<meta property=\"og:image\" content=\"https:\/\/dignitynews.eu\/wp-content\/uploads\/2022\/05\/Rembrandt-w-Lazienkach-fot.-Wojciech-Olkusnik-East-News.jpg\" \/>\n\t<meta property=\"og:image:width\" content=\"1500\" \/>\n\t<meta property=\"og:image:height\" content=\"1029\" \/>\n\t<meta property=\"og:image:type\" content=\"image\/jpeg\" \/>\n<meta name=\"author\" content=\"Dignity News\" \/>\n<meta name=\"twitter:card\" content=\"summary_large_image\" \/>\n<meta name=\"twitter:label1\" content=\"Napisane przez\" \/>\n\t<meta name=\"twitter:data1\" content=\"Dignity News\" \/>\n\t<meta name=\"twitter:label2\" content=\"Szacowany czas czytania\" \/>\n\t<meta name=\"twitter:data2\" content=\"2 minuty\" \/>\n<script type=\"application\/ld+json\" class=\"yoast-schema-graph\">{\"@context\":\"https:\/\/schema.org\",\"@graph\":[{\"@type\":\"WebSite\",\"@id\":\"https:\/\/dignitynews.eu\/pl\/#website\",\"url\":\"https:\/\/dignitynews.eu\/pl\/\",\"name\":\"Godno\u015b\u0107 - DignityNews.eu\",\"description\":\"\",\"potentialAction\":[{\"@type\":\"SearchAction\",\"target\":{\"@type\":\"EntryPoint\",\"urlTemplate\":\"https:\/\/dignitynews.eu\/pl\/?s={search_term_string}\"},\"query-input\":\"required name=search_term_string\"}],\"inLanguage\":\"pl-PL\"},{\"@type\":\"WebPage\",\"@id\":\"https:\/\/dignitynews.eu\/pl\/obraz-rembrandta-van-rijna-w-muzeum-lazienki-krolewskie\/\",\"url\":\"https:\/\/dignitynews.eu\/pl\/obraz-rembrandta-van-rijna-w-muzeum-lazienki-krolewskie\/\",\"name\":\"Obraz Rembrandta van Rijna w Muzeum \u0141azienki Kr\u00f3lewskie - Godno\u015b\u0107 - DignityNews.eu\",\"isPartOf\":{\"@id\":\"https:\/\/dignitynews.eu\/pl\/#website\"},\"datePublished\":\"2022-05-10T11:07:06+00:00\",\"dateModified\":\"2022-05-10T11:07:06+00:00\",\"author\":{\"@id\":\"https:\/\/dignitynews.eu\/pl\/#\/schema\/person\/0b62b762b8174802fabc81a3ecb1bfcb\"},\"breadcrumb\":{\"@id\":\"https:\/\/dignitynews.eu\/pl\/obraz-rembrandta-van-rijna-w-muzeum-lazienki-krolewskie\/#breadcrumb\"},\"inLanguage\":\"pl-PL\",\"potentialAction\":[{\"@type\":\"ReadAction\",\"target\":[\"https:\/\/dignitynews.eu\/pl\/obraz-rembrandta-van-rijna-w-muzeum-lazienki-krolewskie\/\"]}]},{\"@type\":\"BreadcrumbList\",\"@id\":\"https:\/\/dignitynews.eu\/pl\/obraz-rembrandta-van-rijna-w-muzeum-lazienki-krolewskie\/#breadcrumb\",\"itemListElement\":[{\"@type\":\"ListItem\",\"position\":1,\"name\":\"Strona g\u0142\u00f3wna\",\"item\":\"https:\/\/dignitynews.eu\/pl\/\"},{\"@type\":\"ListItem\",\"position\":2,\"name\":\"Obraz Rembrandta van Rijna w Muzeum \u0141azienki Kr\u00f3lewskie\"}]},{\"@type\":\"Person\",\"@id\":\"https:\/\/dignitynews.eu\/pl\/#\/schema\/person\/0b62b762b8174802fabc81a3ecb1bfcb\",\"name\":\"Dignity News\",\"image\":{\"@type\":\"ImageObject\",\"inLanguage\":\"pl-PL\",\"@id\":\"https:\/\/dignitynews.eu\/pl\/#\/schema\/person\/image\/\",\"url\":\"https:\/\/secure.gravatar.com\/avatar\/97963171a6d9108f8381bbefb1c6b150c445b6ddd9e3077b96c86cf5892c85dc?s=96&d=mm&r=g\",\"contentUrl\":\"https:\/\/secure.gravatar.com\/avatar\/97963171a6d9108f8381bbefb1c6b150c445b6ddd9e3077b96c86cf5892c85dc?s=96&d=mm&r=g\",\"caption\":\"Dignity News\"},\"url\":\"https:\/\/dignitynews.eu\/pl\/author\/mikolaj-palade\/\"}]}<\/script>\n<!-- \/ Yoast SEO plugin. -->","yoast_head_json":{"title":"Obraz Rembrandta van Rijna w Muzeum \u0141azienki Kr\u00f3lewskie - Godno\u015b\u0107 - DignityNews.eu","robots":{"index":"index","follow":"follow","max-snippet":"max-snippet:-1","max-image-preview":"max-image-preview:large","max-video-preview":"max-video-preview:-1"},"canonical":"https:\/\/dignitynews.eu\/pl\/obraz-rembrandta-van-rijna-w-muzeum-lazienki-krolewskie\/","og_locale":"pl_PL","og_type":"article","og_title":"Obraz Rembrandta van Rijna w Muzeum \u0141azienki Kr\u00f3lewskie - Godno\u015b\u0107 - DignityNews.eu","og_description":"W Muzeum \u0141azienki Kr\u00f3lewskie mo\u017cna ogl\u0105da\u0107 arcydzie\u0142o p\u0119dzla Rembrandta van Rijna. Obraz \u201eJe\u017adziec polski\u201d pochodzi ze zbior\u00f3w The Frick Collection &#8211; jednej z najwa\u017cniejszych kulturalnych instytucji Nowego Jorku. W wernisa\u017cu&hellip;","og_url":"https:\/\/dignitynews.eu\/pl\/obraz-rembrandta-van-rijna-w-muzeum-lazienki-krolewskie\/","og_site_name":"Godno\u015b\u0107 - DignityNews.eu","article_published_time":"2022-05-10T11:07:06+00:00","og_image":[{"width":1500,"height":1029,"url":"https:\/\/dignitynews.eu\/wp-content\/uploads\/2022\/05\/Rembrandt-w-Lazienkach-fot.-Wojciech-Olkusnik-East-News.jpg","type":"image\/jpeg"}],"author":"Dignity News","twitter_card":"summary_large_image","twitter_misc":{"Napisane przez":"Dignity News","Szacowany czas czytania":"2 minuty"},"schema":{"@context":"https:\/\/schema.org","@graph":[{"@type":"WebSite","@id":"https:\/\/dignitynews.eu\/pl\/#website","url":"https:\/\/dignitynews.eu\/pl\/","name":"Godno\u015b\u0107 - DignityNews.eu","description":"","potentialAction":[{"@type":"SearchAction","target":{"@type":"EntryPoint","urlTemplate":"https:\/\/dignitynews.eu\/pl\/?s={search_term_string}"},"query-input":"required name=search_term_string"}],"inLanguage":"pl-PL"},{"@type":"WebPage","@id":"https:\/\/dignitynews.eu\/pl\/obraz-rembrandta-van-rijna-w-muzeum-lazienki-krolewskie\/","url":"https:\/\/dignitynews.eu\/pl\/obraz-rembrandta-van-rijna-w-muzeum-lazienki-krolewskie\/","name":"Obraz Rembrandta van Rijna w Muzeum \u0141azienki Kr\u00f3lewskie - Godno\u015b\u0107 - DignityNews.eu","isPartOf":{"@id":"https:\/\/dignitynews.eu\/pl\/#website"},"datePublished":"2022-05-10T11:07:06+00:00","dateModified":"2022-05-10T11:07:06+00:00","author":{"@id":"https:\/\/dignitynews.eu\/pl\/#\/schema\/person\/0b62b762b8174802fabc81a3ecb1bfcb"},"breadcrumb":{"@id":"https:\/\/dignitynews.eu\/pl\/obraz-rembrandta-van-rijna-w-muzeum-lazienki-krolewskie\/#breadcrumb"},"inLanguage":"pl-PL","potentialAction":[{"@type":"ReadAction","target":["https:\/\/dignitynews.eu\/pl\/obraz-rembrandta-van-rijna-w-muzeum-lazienki-krolewskie\/"]}]},{"@type":"BreadcrumbList","@id":"https:\/\/dignitynews.eu\/pl\/obraz-rembrandta-van-rijna-w-muzeum-lazienki-krolewskie\/#breadcrumb","itemListElement":[{"@type":"ListItem","position":1,"name":"Strona g\u0142\u00f3wna","item":"https:\/\/dignitynews.eu\/pl\/"},{"@type":"ListItem","position":2,"name":"Obraz Rembrandta van Rijna w Muzeum \u0141azienki Kr\u00f3lewskie"}]},{"@type":"Person","@id":"https:\/\/dignitynews.eu\/pl\/#\/schema\/person\/0b62b762b8174802fabc81a3ecb1bfcb","name":"Dignity News","image":{"@type":"ImageObject","inLanguage":"pl-PL","@id":"https:\/\/dignitynews.eu\/pl\/#\/schema\/person\/image\/","url":"https:\/\/secure.gravatar.com\/avatar\/97963171a6d9108f8381bbefb1c6b150c445b6ddd9e3077b96c86cf5892c85dc?s=96&d=mm&r=g","contentUrl":"https:\/\/secure.gravatar.com\/avatar\/97963171a6d9108f8381bbefb1c6b150c445b6ddd9e3077b96c86cf5892c85dc?s=96&d=mm&r=g","caption":"Dignity News"},"url":"https:\/\/dignitynews.eu\/pl\/author\/mikolaj-palade\/"}]}},"_links":{"self":[{"href":"https:\/\/dignitynews.eu\/pl\/wp-json\/wp\/v2\/posts\/17208","targetHints":{"allow":["GET"]}}],"collection":[{"href":"https:\/\/dignitynews.eu\/pl\/wp-json\/wp\/v2\/posts"}],"about":[{"href":"https:\/\/dignitynews.eu\/pl\/wp-json\/wp\/v2\/types\/post"}],"author":[{"embeddable":true,"href":"https:\/\/dignitynews.eu\/pl\/wp-json\/wp\/v2\/users\/7"}],"replies":[{"embeddable":true,"href":"https:\/\/dignitynews.eu\/pl\/wp-json\/wp\/v2\/comments?post=17208"}],"version-history":[{"count":1,"href":"https:\/\/dignitynews.eu\/pl\/wp-json\/wp\/v2\/posts\/17208\/revisions"}],"predecessor-version":[{"id":17214,"href":"https:\/\/dignitynews.eu\/pl\/wp-json\/wp\/v2\/posts\/17208\/revisions\/17214"}],"wp:featuredmedia":[{"embeddable":true,"href":"https:\/\/dignitynews.eu\/pl\/wp-json\/wp\/v2\/media\/17209"}],"wp:attachment":[{"href":"https:\/\/dignitynews.eu\/pl\/wp-json\/wp\/v2\/media?parent=17208"}],"wp:term":[{"taxonomy":"category","embeddable":true,"href":"https:\/\/dignitynews.eu\/pl\/wp-json\/wp\/v2\/categories?post=17208"},{"taxonomy":"post_tag","embeddable":true,"href":"https:\/\/dignitynews.eu\/pl\/wp-json\/wp\/v2\/tags?post=17208"}],"curies":[{"name":"wp","href":"https:\/\/api.w.org\/{rel}","templated":true}]}}