{"id":17103,"date":"2022-05-09T13:17:54","date_gmt":"2022-05-09T11:17:54","guid":{"rendered":"https:\/\/dignitynews.eu\/?p=17103"},"modified":"2022-05-09T13:17:54","modified_gmt":"2022-05-09T11:17:54","slug":"polscy-przedsiebiorcy-nie-sa-sklonni-do-ryzyka","status":"publish","type":"post","link":"https:\/\/dignitynews.eu\/pl\/polscy-przedsiebiorcy-nie-sa-sklonni-do-ryzyka\/","title":{"rendered":"Polscy przedsi\u0119biorcy nie s\u0105 sk\u0142onni do ryzyka"},"content":{"rendered":"<h5><strong>Z przeprowadzonych przez Polski Instytut Ekonomiczny (PIE) bada\u0144 wynika, \u017ce polscy przedsi\u0119biorcy zawy\u017caj\u0105 swoj\u0105 samoocen\u0119 sk\u0142onno\u015bci \u00a0do ryzyka. O ile awersj\u0119 do ryzyka deklaruje 36 proc. przedstawicieli du\u017cych firm i 44 proc. w\u0142a\u015bcicieli mikroprzedsi\u0119biorstw, to w sytuacjach wyboru mi\u0119dzy mniej a bardziej ryzykown\u0105 decyzj\u0105 bezpieczn\u0105 opcj\u0119 wybiera odpowiednio 70 i 82 proc. <\/strong><\/h5>\n<p>Co ciekawe, do\u015bwiadczenie w prowadzeniu dzia\u0142alno\u015bci gospodarczej nie tylko nie wp\u0142ywa pozytywnie na sk\u0142onno\u015b\u0107 do podejmowania ryzykownych decyzji, ale wr\u0119cz sk\u0142ania do unikania go, co przyzna\u0142o a\u017c 41 proc. pytanych.<\/p>\n<p>Niska sk\u0142onno\u015b\u0107 do podejmowania ryzyka jest zwi\u0105zana z niskim poziomem kapita\u0142u spo\u0142ecznego i ludzkiego i przejawia si\u0119 szczeg\u00f3lnie w postrzeganiu procesu zatrudniania pracownik\u00f3w jako bardzo ryzykownego, niech\u0119ci do wsp\u00f3\u0142pracy biznesowej z partnerami zewn\u0119trznymi, sceptycyzmie wobec korzystania z finansowania zewn\u0119trznego oraz dystansie wobec instytucji publicznych \u2013 wynika z raportu PIE \u201eSk\u0142onno\u015b\u0107 do podejmowania ryzyka jako czynnik rozwoju polskich przedsi\u0119biorstw\u201d.<\/p>\n<p>Nasze badania potwierdzaj\u0105, \u017ce polskie przedsi\u0119biorstwa zmagaj\u0105 si\u0119 z problemami<br \/>\nw \u00a0zakresie zarz\u0105dzania ryzykiem, co stanowi\u0107 mo\u017ce barier\u0119 ich rozwoju. Relatywnie du\u017co, bo ok. 1\/3 przedstawicieli mikro, \u015brednich i du\u017cych firm i 1\/4 przedstawicieli ma\u0142ych firm ocenia proces zatrudniania pracownik\u00f3w jako jeden z najbardziej ryzykownych element\u00f3w w ich dzia\u0142alno\u015bci &#8211; m\u00f3wi Agnieszka Wincewicz-Price, kierownik zespo\u0142u ekonomii behawioralnej w Polskim Instytucie Ekonomicznym.<\/p>\n<p>Jej zdaniem firmy niech\u0119tnie korzystaj\u0105 z zewn\u0119trznych \u017ar\u00f3de\u0142 finansowania dzia\u0142alno\u015bci, bo a\u017c 88 proc. respondent\u00f3w wskaza\u0142o \u017ce inwestuje w oparciu o \u015brodki w\u0142asne.<\/p>\n<p>Widzimy te\u017c sceptycyzm wobec podejmowania wsp\u00f3\u0142pracy z innymi przedsi\u0119biorstwami w procesie inwestycji \u2013 55 proc. zarz\u0105dzaj\u0105cych mikroprzedsi\u0119biorstwami, 59 proc. przedstawicieli \u015brednich \u00a0i a\u017c 68 proc. du\u017cych firm twierdzi, \u017ce inwestycje realizowane wsp\u00f3lnie z inn\u0105 firm\u0105 s\u0105 przedsi\u0119wzi\u0119ciami bardziej ryzykownymi od samodzielnego projektu \u2013 dodaje Agnieszka Wincewicz-Price.<\/p>\n<p>Adrian Andrzejewski zlec<\/p>\n","protected":false},"excerpt":{"rendered":"<p>Z przeprowadzonych przez Polski Instytut Ekonomiczny (PIE) bada\u0144 wynika, \u017ce polscy przedsi\u0119biorcy zawy\u017caj\u0105 swoj\u0105 samoocen\u0119 sk\u0142onno\u015bci \u00a0do ryzyka. O ile awersj\u0119 do ryzyka deklaruje 36 proc. przedstawicieli du\u017cych firm i&hellip;<\/p>\n","protected":false},"author":7,"featured_media":17104,"comment_status":"closed","ping_status":"open","sticky":false,"template":"","format":"standard","meta":{"_mi_skip_tracking":false,"footnotes":""},"categories":[48],"tags":[],"class_list":["post-17103","post","type-post","status-publish","format-standard","has-post-thumbnail","hentry","category-gospodarka"],"yoast_head":"<!-- This site is optimized with the Yoast SEO plugin v19.4 - https:\/\/yoast.com\/wordpress\/plugins\/seo\/ -->\n<title>Polscy przedsi\u0119biorcy nie s\u0105 sk\u0142onni do ryzyka - Godno\u015b\u0107 - DignityNews.eu<\/title>\n<meta name=\"robots\" content=\"index, follow, max-snippet:-1, max-image-preview:large, max-video-preview:-1\" \/>\n<link rel=\"canonical\" href=\"https:\/\/dignitynews.eu\/pl\/polscy-przedsiebiorcy-nie-sa-sklonni-do-ryzyka\/\" \/>\n<meta property=\"og:locale\" content=\"pl_PL\" \/>\n<meta property=\"og:type\" content=\"article\" \/>\n<meta property=\"og:title\" content=\"Polscy przedsi\u0119biorcy nie s\u0105 sk\u0142onni do ryzyka - Godno\u015b\u0107 - DignityNews.eu\" \/>\n<meta property=\"og:description\" content=\"Z przeprowadzonych przez Polski Instytut Ekonomiczny (PIE) bada\u0144 wynika, \u017ce polscy przedsi\u0119biorcy zawy\u017caj\u0105 swoj\u0105 samoocen\u0119 sk\u0142onno\u015bci \u00a0do ryzyka. O ile awersj\u0119 do ryzyka deklaruje 36 proc. przedstawicieli du\u017cych firm i&hellip;\" \/>\n<meta property=\"og:url\" content=\"https:\/\/dignitynews.eu\/pl\/polscy-przedsiebiorcy-nie-sa-sklonni-do-ryzyka\/\" \/>\n<meta property=\"og:site_name\" content=\"Godno\u015b\u0107 - DignityNews.eu\" \/>\n<meta property=\"article:published_time\" content=\"2022-05-09T11:17:54+00:00\" \/>\n<meta property=\"og:image\" content=\"https:\/\/dignitynews.eu\/wp-content\/uploads\/2022\/05\/Ryzyko-biznesowe-fot.-DK-IMAGES-Science-Photo-Library-East-News.jpg\" \/>\n\t<meta property=\"og:image:width\" content=\"1500\" \/>\n\t<meta property=\"og:image:height\" content=\"932\" \/>\n\t<meta property=\"og:image:type\" content=\"image\/jpeg\" \/>\n<meta name=\"author\" content=\"Dignity News\" \/>\n<meta name=\"twitter:card\" content=\"summary_large_image\" \/>\n<meta name=\"twitter:label1\" content=\"Napisane przez\" \/>\n\t<meta name=\"twitter:data1\" content=\"Dignity News\" \/>\n\t<meta name=\"twitter:label2\" content=\"Szacowany czas czytania\" \/>\n\t<meta name=\"twitter:data2\" content=\"2 minuty\" \/>\n<script type=\"application\/ld+json\" class=\"yoast-schema-graph\">{\"@context\":\"https:\/\/schema.org\",\"@graph\":[{\"@type\":\"WebSite\",\"@id\":\"https:\/\/dignitynews.eu\/pl\/#website\",\"url\":\"https:\/\/dignitynews.eu\/pl\/\",\"name\":\"Godno\u015b\u0107 - DignityNews.eu\",\"description\":\"\",\"potentialAction\":[{\"@type\":\"SearchAction\",\"target\":{\"@type\":\"EntryPoint\",\"urlTemplate\":\"https:\/\/dignitynews.eu\/pl\/?s={search_term_string}\"},\"query-input\":\"required name=search_term_string\"}],\"inLanguage\":\"pl-PL\"},{\"@type\":\"WebPage\",\"@id\":\"https:\/\/dignitynews.eu\/pl\/polscy-przedsiebiorcy-nie-sa-sklonni-do-ryzyka\/\",\"url\":\"https:\/\/dignitynews.eu\/pl\/polscy-przedsiebiorcy-nie-sa-sklonni-do-ryzyka\/\",\"name\":\"Polscy przedsi\u0119biorcy nie s\u0105 sk\u0142onni do ryzyka - Godno\u015b\u0107 - DignityNews.eu\",\"isPartOf\":{\"@id\":\"https:\/\/dignitynews.eu\/pl\/#website\"},\"datePublished\":\"2022-05-09T11:17:54+00:00\",\"dateModified\":\"2022-05-09T11:17:54+00:00\",\"author\":{\"@id\":\"https:\/\/dignitynews.eu\/pl\/#\/schema\/person\/0b62b762b8174802fabc81a3ecb1bfcb\"},\"breadcrumb\":{\"@id\":\"https:\/\/dignitynews.eu\/pl\/polscy-przedsiebiorcy-nie-sa-sklonni-do-ryzyka\/#breadcrumb\"},\"inLanguage\":\"pl-PL\",\"potentialAction\":[{\"@type\":\"ReadAction\",\"target\":[\"https:\/\/dignitynews.eu\/pl\/polscy-przedsiebiorcy-nie-sa-sklonni-do-ryzyka\/\"]}]},{\"@type\":\"BreadcrumbList\",\"@id\":\"https:\/\/dignitynews.eu\/pl\/polscy-przedsiebiorcy-nie-sa-sklonni-do-ryzyka\/#breadcrumb\",\"itemListElement\":[{\"@type\":\"ListItem\",\"position\":1,\"name\":\"Strona g\u0142\u00f3wna\",\"item\":\"https:\/\/dignitynews.eu\/pl\/\"},{\"@type\":\"ListItem\",\"position\":2,\"name\":\"Polscy przedsi\u0119biorcy nie s\u0105 sk\u0142onni do ryzyka\"}]},{\"@type\":\"Person\",\"@id\":\"https:\/\/dignitynews.eu\/pl\/#\/schema\/person\/0b62b762b8174802fabc81a3ecb1bfcb\",\"name\":\"Dignity News\",\"image\":{\"@type\":\"ImageObject\",\"inLanguage\":\"pl-PL\",\"@id\":\"https:\/\/dignitynews.eu\/pl\/#\/schema\/person\/image\/\",\"url\":\"https:\/\/secure.gravatar.com\/avatar\/97963171a6d9108f8381bbefb1c6b150c445b6ddd9e3077b96c86cf5892c85dc?s=96&d=mm&r=g\",\"contentUrl\":\"https:\/\/secure.gravatar.com\/avatar\/97963171a6d9108f8381bbefb1c6b150c445b6ddd9e3077b96c86cf5892c85dc?s=96&d=mm&r=g\",\"caption\":\"Dignity News\"},\"url\":\"https:\/\/dignitynews.eu\/pl\/author\/mikolaj-palade\/\"}]}<\/script>\n<!-- \/ Yoast SEO plugin. -->","yoast_head_json":{"title":"Polscy przedsi\u0119biorcy nie s\u0105 sk\u0142onni do ryzyka - Godno\u015b\u0107 - DignityNews.eu","robots":{"index":"index","follow":"follow","max-snippet":"max-snippet:-1","max-image-preview":"max-image-preview:large","max-video-preview":"max-video-preview:-1"},"canonical":"https:\/\/dignitynews.eu\/pl\/polscy-przedsiebiorcy-nie-sa-sklonni-do-ryzyka\/","og_locale":"pl_PL","og_type":"article","og_title":"Polscy przedsi\u0119biorcy nie s\u0105 sk\u0142onni do ryzyka - Godno\u015b\u0107 - DignityNews.eu","og_description":"Z przeprowadzonych przez Polski Instytut Ekonomiczny (PIE) bada\u0144 wynika, \u017ce polscy przedsi\u0119biorcy zawy\u017caj\u0105 swoj\u0105 samoocen\u0119 sk\u0142onno\u015bci \u00a0do ryzyka. O ile awersj\u0119 do ryzyka deklaruje 36 proc. przedstawicieli du\u017cych firm i&hellip;","og_url":"https:\/\/dignitynews.eu\/pl\/polscy-przedsiebiorcy-nie-sa-sklonni-do-ryzyka\/","og_site_name":"Godno\u015b\u0107 - DignityNews.eu","article_published_time":"2022-05-09T11:17:54+00:00","og_image":[{"width":1500,"height":932,"url":"https:\/\/dignitynews.eu\/wp-content\/uploads\/2022\/05\/Ryzyko-biznesowe-fot.-DK-IMAGES-Science-Photo-Library-East-News.jpg","type":"image\/jpeg"}],"author":"Dignity News","twitter_card":"summary_large_image","twitter_misc":{"Napisane przez":"Dignity News","Szacowany czas czytania":"2 minuty"},"schema":{"@context":"https:\/\/schema.org","@graph":[{"@type":"WebSite","@id":"https:\/\/dignitynews.eu\/pl\/#website","url":"https:\/\/dignitynews.eu\/pl\/","name":"Godno\u015b\u0107 - DignityNews.eu","description":"","potentialAction":[{"@type":"SearchAction","target":{"@type":"EntryPoint","urlTemplate":"https:\/\/dignitynews.eu\/pl\/?s={search_term_string}"},"query-input":"required name=search_term_string"}],"inLanguage":"pl-PL"},{"@type":"WebPage","@id":"https:\/\/dignitynews.eu\/pl\/polscy-przedsiebiorcy-nie-sa-sklonni-do-ryzyka\/","url":"https:\/\/dignitynews.eu\/pl\/polscy-przedsiebiorcy-nie-sa-sklonni-do-ryzyka\/","name":"Polscy przedsi\u0119biorcy nie s\u0105 sk\u0142onni do ryzyka - Godno\u015b\u0107 - DignityNews.eu","isPartOf":{"@id":"https:\/\/dignitynews.eu\/pl\/#website"},"datePublished":"2022-05-09T11:17:54+00:00","dateModified":"2022-05-09T11:17:54+00:00","author":{"@id":"https:\/\/dignitynews.eu\/pl\/#\/schema\/person\/0b62b762b8174802fabc81a3ecb1bfcb"},"breadcrumb":{"@id":"https:\/\/dignitynews.eu\/pl\/polscy-przedsiebiorcy-nie-sa-sklonni-do-ryzyka\/#breadcrumb"},"inLanguage":"pl-PL","potentialAction":[{"@type":"ReadAction","target":["https:\/\/dignitynews.eu\/pl\/polscy-przedsiebiorcy-nie-sa-sklonni-do-ryzyka\/"]}]},{"@type":"BreadcrumbList","@id":"https:\/\/dignitynews.eu\/pl\/polscy-przedsiebiorcy-nie-sa-sklonni-do-ryzyka\/#breadcrumb","itemListElement":[{"@type":"ListItem","position":1,"name":"Strona g\u0142\u00f3wna","item":"https:\/\/dignitynews.eu\/pl\/"},{"@type":"ListItem","position":2,"name":"Polscy przedsi\u0119biorcy nie s\u0105 sk\u0142onni do ryzyka"}]},{"@type":"Person","@id":"https:\/\/dignitynews.eu\/pl\/#\/schema\/person\/0b62b762b8174802fabc81a3ecb1bfcb","name":"Dignity News","image":{"@type":"ImageObject","inLanguage":"pl-PL","@id":"https:\/\/dignitynews.eu\/pl\/#\/schema\/person\/image\/","url":"https:\/\/secure.gravatar.com\/avatar\/97963171a6d9108f8381bbefb1c6b150c445b6ddd9e3077b96c86cf5892c85dc?s=96&d=mm&r=g","contentUrl":"https:\/\/secure.gravatar.com\/avatar\/97963171a6d9108f8381bbefb1c6b150c445b6ddd9e3077b96c86cf5892c85dc?s=96&d=mm&r=g","caption":"Dignity News"},"url":"https:\/\/dignitynews.eu\/pl\/author\/mikolaj-palade\/"}]}},"_links":{"self":[{"href":"https:\/\/dignitynews.eu\/pl\/wp-json\/wp\/v2\/posts\/17103","targetHints":{"allow":["GET"]}}],"collection":[{"href":"https:\/\/dignitynews.eu\/pl\/wp-json\/wp\/v2\/posts"}],"about":[{"href":"https:\/\/dignitynews.eu\/pl\/wp-json\/wp\/v2\/types\/post"}],"author":[{"embeddable":true,"href":"https:\/\/dignitynews.eu\/pl\/wp-json\/wp\/v2\/users\/7"}],"replies":[{"embeddable":true,"href":"https:\/\/dignitynews.eu\/pl\/wp-json\/wp\/v2\/comments?post=17103"}],"version-history":[{"count":1,"href":"https:\/\/dignitynews.eu\/pl\/wp-json\/wp\/v2\/posts\/17103\/revisions"}],"predecessor-version":[{"id":17109,"href":"https:\/\/dignitynews.eu\/pl\/wp-json\/wp\/v2\/posts\/17103\/revisions\/17109"}],"wp:featuredmedia":[{"embeddable":true,"href":"https:\/\/dignitynews.eu\/pl\/wp-json\/wp\/v2\/media\/17104"}],"wp:attachment":[{"href":"https:\/\/dignitynews.eu\/pl\/wp-json\/wp\/v2\/media?parent=17103"}],"wp:term":[{"taxonomy":"category","embeddable":true,"href":"https:\/\/dignitynews.eu\/pl\/wp-json\/wp\/v2\/categories?post=17103"},{"taxonomy":"post_tag","embeddable":true,"href":"https:\/\/dignitynews.eu\/pl\/wp-json\/wp\/v2\/tags?post=17103"}],"curies":[{"name":"wp","href":"https:\/\/api.w.org\/{rel}","templated":true}]}}