{"id":16588,"date":"2022-05-04T11:03:36","date_gmt":"2022-05-04T09:03:36","guid":{"rendered":"https:\/\/dignitynews.eu\/?p=16588"},"modified":"2022-05-04T11:03:36","modified_gmt":"2022-05-04T09:03:36","slug":"wiceminister-infrastruktury-termin-otwarcia-przekopu-mierzei-wislanej-bedzie-dotrzymany","status":"publish","type":"post","link":"https:\/\/dignitynews.eu\/pl\/wiceminister-infrastruktury-termin-otwarcia-przekopu-mierzei-wislanej-bedzie-dotrzymany\/","title":{"rendered":"Wiceminister infrastruktury: Termin otwarcia przekopu Mierzei Wi\u015blanej b\u0119dzie dotrzymany"},"content":{"rendered":"<h5>Wiceminister infrastruktury Grzegorz Witkowski poinformowa\u0142, ze pod koniec tygodnia zostanie podpisana umowa na budow\u0119 toru wodnego w ramach powstaj\u0105cej drogi wodnej \u0142\u0105cz\u0105cej Zalew Wi\u015blany z Zatok\u0105 Gda\u0144sk\u0105.<\/h5>\n<p>B\u0119dzie to odcinek toru o d\u0142ugo\u015bci ok. 8,2 km na Zalewie Wi\u015blanym, kt\u00f3ry umo\u017cliwi \u017ceglug\u0119 statk\u00f3w morskich o d\u0142ugo\u015bci 100 metr\u00f3w oraz zestaw\u00f3w barek d\u0142ugich na 180 m o szeroko\u015bci 20 metr\u00f3w i zanurzeniu 4,5 m. W ramach tej inwestycji wykonane zostan\u0105 roboty czerpane wraz z transportem urobku na nowo powsta\u0142\u0105 wysp\u0119 na Zalewie Wi\u015blanym.<\/p>\n<p>&#8211; Zostanie r\u00f3wnie\u017c dostarczone oznakowanie nawigacyjne. Inwestor, kt\u00f3rym jest Urz\u0105d Morski w Gdyni, zak\u0142ada, \u017ce ta cz\u0119\u015b\u0107 inwestycji zostanie zako\u0144czona w pierwszej po\u0142owie przysz\u0142ego roku &#8211; wyja\u015bni\u0142 wiceminister infrastruktury i przypomnia\u0142, \u017ce we wrze\u015bniu 2022 roku zako\u0144czony zostanie pierwszy etap inwestycji, kt\u00f3rym jest Kana\u0142 \u017beglugowy przez Mierzej\u0119 Wi\u015blan\u0105.<\/p>\n<p>Miasto Elbl\u0105g, kt\u00f3re jest w\u0142a\u015bcicielem portu, jeszcze w tym roku rozpocznie rozbudow\u0119 infrastruktury portowej.<\/p>\n<p>&#8211; Dajemy portowi pe\u0142n\u0105 drog\u0119 wodn\u0105, natomiast nie mo\u017cemy inwestowa\u0107 w port, gdy\u017c jest komunalny \u2013 podkre\u015bli\u0142 wiceminister Witkowski.<\/p>\n<p>Ca\u0142kowita d\u0142ugo\u015b\u0107 nowej drogi wodnej z Zatoki Gda\u0144skiej przez Zalew Wi\u015blany do Elbl\u0105ga to blisko 23 km, z czego ok. 2,5 km stanowi odcinek, na kt\u00f3ry z\u0142o\u017c\u0105 si\u0119 \u015bluza i port zewn\u0119trzny oraz stanowisko postojowe. Kana\u0142 i ca\u0142y tor wodny b\u0119d\u0105 mia\u0142y 5 m g\u0142\u0119boko\u015bci.<\/p>\n<p>Nowa droga wodna \u0142\u0105cz\u0105ca Zalew Wi\u015blany z Zatok\u0105 Gda\u0144sk\u0105 to jedna z priorytetowych inwestycji rz\u0105du. Ma ona wzmocni\u0107 suwerenno\u015b\u0107 Polski i uniezale\u017cni\u0107 nasz kraj od decyzji rosyjskiej strony. Na przep\u0142yni\u0119cie przez cie\u015bnin\u0119 pilawsk\u0105 polskie jednostki musia\u0142y ka\u017cdorazowo uzyskiwa\u0107 zgod\u0119 Rosji, po wybudowaniu kana\u0142u nie b\u0119d\u0105 musia\u0142y tego robi\u0107. Dzi\u0119ki przekopowi skr\u00f3ci si\u0119 te\u017c droga jednostek p\u0142yn\u0105cych z Zatoki Gda\u0144skiej na Zalew Wi\u015blany. Inwestycja wzmocni port w Elbl\u0105gu i porty nad Zalewem Wi\u015blanym.<\/p>\n<p>Arkadiusz S\u0142omczy\u0144ski<\/p>\n","protected":false},"excerpt":{"rendered":"<p>Wiceminister infrastruktury Grzegorz Witkowski poinformowa\u0142, ze pod koniec tygodnia zostanie podpisana umowa na budow\u0119 toru wodnego w ramach powstaj\u0105cej drogi wodnej \u0142\u0105cz\u0105cej Zalew Wi\u015blany z Zatok\u0105 Gda\u0144sk\u0105. B\u0119dzie to odcinek&hellip;<\/p>\n","protected":false},"author":7,"featured_media":16589,"comment_status":"closed","ping_status":"open","sticky":false,"template":"","format":"standard","meta":{"_mi_skip_tracking":false,"footnotes":""},"categories":[48],"tags":[],"class_list":["post-16588","post","type-post","status-publish","format-standard","has-post-thumbnail","hentry","category-gospodarka"],"yoast_head":"<!-- This site is optimized with the Yoast SEO plugin v19.4 - https:\/\/yoast.com\/wordpress\/plugins\/seo\/ -->\n<title>Wiceminister infrastruktury: Termin otwarcia przekopu Mierzei Wi\u015blanej b\u0119dzie dotrzymany - Godno\u015b\u0107 - DignityNews.eu<\/title>\n<meta name=\"robots\" content=\"index, follow, max-snippet:-1, max-image-preview:large, max-video-preview:-1\" \/>\n<link rel=\"canonical\" href=\"https:\/\/dignitynews.eu\/pl\/wiceminister-infrastruktury-termin-otwarcia-przekopu-mierzei-wislanej-bedzie-dotrzymany\/\" \/>\n<meta property=\"og:locale\" content=\"pl_PL\" \/>\n<meta property=\"og:type\" content=\"article\" \/>\n<meta property=\"og:title\" content=\"Wiceminister infrastruktury: Termin otwarcia przekopu Mierzei Wi\u015blanej b\u0119dzie dotrzymany - Godno\u015b\u0107 - DignityNews.eu\" \/>\n<meta property=\"og:description\" content=\"Wiceminister infrastruktury Grzegorz Witkowski poinformowa\u0142, ze pod koniec tygodnia zostanie podpisana umowa na budow\u0119 toru wodnego w ramach powstaj\u0105cej drogi wodnej \u0142\u0105cz\u0105cej Zalew Wi\u015blany z Zatok\u0105 Gda\u0144sk\u0105. B\u0119dzie to odcinek&hellip;\" \/>\n<meta property=\"og:url\" content=\"https:\/\/dignitynews.eu\/pl\/wiceminister-infrastruktury-termin-otwarcia-przekopu-mierzei-wislanej-bedzie-dotrzymany\/\" \/>\n<meta property=\"og:site_name\" content=\"Godno\u015b\u0107 - DignityNews.eu\" \/>\n<meta property=\"article:published_time\" content=\"2022-05-04T09:03:36+00:00\" \/>\n<meta property=\"og:image\" content=\"https:\/\/dignitynews.eu\/wp-content\/uploads\/2022\/05\/przekop-Mierzei-Wislanej-fot.-Przemek-Swiderski-REPORTER.jpg\" \/>\n\t<meta property=\"og:image:width\" content=\"1500\" \/>\n\t<meta property=\"og:image:height\" content=\"999\" \/>\n\t<meta property=\"og:image:type\" content=\"image\/jpeg\" \/>\n<meta name=\"author\" content=\"Dignity News\" \/>\n<meta name=\"twitter:card\" content=\"summary_large_image\" \/>\n<meta name=\"twitter:label1\" content=\"Napisane przez\" \/>\n\t<meta name=\"twitter:data1\" content=\"Dignity News\" \/>\n\t<meta name=\"twitter:label2\" content=\"Szacowany czas czytania\" \/>\n\t<meta name=\"twitter:data2\" content=\"2 minuty\" \/>\n<script type=\"application\/ld+json\" class=\"yoast-schema-graph\">{\"@context\":\"https:\/\/schema.org\",\"@graph\":[{\"@type\":\"WebSite\",\"@id\":\"https:\/\/dignitynews.eu\/pl\/#website\",\"url\":\"https:\/\/dignitynews.eu\/pl\/\",\"name\":\"Godno\u015b\u0107 - DignityNews.eu\",\"description\":\"\",\"potentialAction\":[{\"@type\":\"SearchAction\",\"target\":{\"@type\":\"EntryPoint\",\"urlTemplate\":\"https:\/\/dignitynews.eu\/pl\/?s={search_term_string}\"},\"query-input\":\"required name=search_term_string\"}],\"inLanguage\":\"pl-PL\"},{\"@type\":\"WebPage\",\"@id\":\"https:\/\/dignitynews.eu\/pl\/wiceminister-infrastruktury-termin-otwarcia-przekopu-mierzei-wislanej-bedzie-dotrzymany\/\",\"url\":\"https:\/\/dignitynews.eu\/pl\/wiceminister-infrastruktury-termin-otwarcia-przekopu-mierzei-wislanej-bedzie-dotrzymany\/\",\"name\":\"Wiceminister infrastruktury: Termin otwarcia przekopu Mierzei Wi\u015blanej b\u0119dzie dotrzymany - Godno\u015b\u0107 - DignityNews.eu\",\"isPartOf\":{\"@id\":\"https:\/\/dignitynews.eu\/pl\/#website\"},\"datePublished\":\"2022-05-04T09:03:36+00:00\",\"dateModified\":\"2022-05-04T09:03:36+00:00\",\"author\":{\"@id\":\"https:\/\/dignitynews.eu\/pl\/#\/schema\/person\/0b62b762b8174802fabc81a3ecb1bfcb\"},\"breadcrumb\":{\"@id\":\"https:\/\/dignitynews.eu\/pl\/wiceminister-infrastruktury-termin-otwarcia-przekopu-mierzei-wislanej-bedzie-dotrzymany\/#breadcrumb\"},\"inLanguage\":\"pl-PL\",\"potentialAction\":[{\"@type\":\"ReadAction\",\"target\":[\"https:\/\/dignitynews.eu\/pl\/wiceminister-infrastruktury-termin-otwarcia-przekopu-mierzei-wislanej-bedzie-dotrzymany\/\"]}]},{\"@type\":\"BreadcrumbList\",\"@id\":\"https:\/\/dignitynews.eu\/pl\/wiceminister-infrastruktury-termin-otwarcia-przekopu-mierzei-wislanej-bedzie-dotrzymany\/#breadcrumb\",\"itemListElement\":[{\"@type\":\"ListItem\",\"position\":1,\"name\":\"Strona g\u0142\u00f3wna\",\"item\":\"https:\/\/dignitynews.eu\/pl\/\"},{\"@type\":\"ListItem\",\"position\":2,\"name\":\"Wiceminister infrastruktury: Termin otwarcia przekopu Mierzei Wi\u015blanej b\u0119dzie dotrzymany\"}]},{\"@type\":\"Person\",\"@id\":\"https:\/\/dignitynews.eu\/pl\/#\/schema\/person\/0b62b762b8174802fabc81a3ecb1bfcb\",\"name\":\"Dignity News\",\"image\":{\"@type\":\"ImageObject\",\"inLanguage\":\"pl-PL\",\"@id\":\"https:\/\/dignitynews.eu\/pl\/#\/schema\/person\/image\/\",\"url\":\"https:\/\/secure.gravatar.com\/avatar\/97963171a6d9108f8381bbefb1c6b150c445b6ddd9e3077b96c86cf5892c85dc?s=96&d=mm&r=g\",\"contentUrl\":\"https:\/\/secure.gravatar.com\/avatar\/97963171a6d9108f8381bbefb1c6b150c445b6ddd9e3077b96c86cf5892c85dc?s=96&d=mm&r=g\",\"caption\":\"Dignity News\"},\"url\":\"https:\/\/dignitynews.eu\/pl\/author\/mikolaj-palade\/\"}]}<\/script>\n<!-- \/ Yoast SEO plugin. -->","yoast_head_json":{"title":"Wiceminister infrastruktury: Termin otwarcia przekopu Mierzei Wi\u015blanej b\u0119dzie dotrzymany - Godno\u015b\u0107 - DignityNews.eu","robots":{"index":"index","follow":"follow","max-snippet":"max-snippet:-1","max-image-preview":"max-image-preview:large","max-video-preview":"max-video-preview:-1"},"canonical":"https:\/\/dignitynews.eu\/pl\/wiceminister-infrastruktury-termin-otwarcia-przekopu-mierzei-wislanej-bedzie-dotrzymany\/","og_locale":"pl_PL","og_type":"article","og_title":"Wiceminister infrastruktury: Termin otwarcia przekopu Mierzei Wi\u015blanej b\u0119dzie dotrzymany - Godno\u015b\u0107 - DignityNews.eu","og_description":"Wiceminister infrastruktury Grzegorz Witkowski poinformowa\u0142, ze pod koniec tygodnia zostanie podpisana umowa na budow\u0119 toru wodnego w ramach powstaj\u0105cej drogi wodnej \u0142\u0105cz\u0105cej Zalew Wi\u015blany z Zatok\u0105 Gda\u0144sk\u0105. B\u0119dzie to odcinek&hellip;","og_url":"https:\/\/dignitynews.eu\/pl\/wiceminister-infrastruktury-termin-otwarcia-przekopu-mierzei-wislanej-bedzie-dotrzymany\/","og_site_name":"Godno\u015b\u0107 - DignityNews.eu","article_published_time":"2022-05-04T09:03:36+00:00","og_image":[{"width":1500,"height":999,"url":"https:\/\/dignitynews.eu\/wp-content\/uploads\/2022\/05\/przekop-Mierzei-Wislanej-fot.-Przemek-Swiderski-REPORTER.jpg","type":"image\/jpeg"}],"author":"Dignity News","twitter_card":"summary_large_image","twitter_misc":{"Napisane przez":"Dignity News","Szacowany czas czytania":"2 minuty"},"schema":{"@context":"https:\/\/schema.org","@graph":[{"@type":"WebSite","@id":"https:\/\/dignitynews.eu\/pl\/#website","url":"https:\/\/dignitynews.eu\/pl\/","name":"Godno\u015b\u0107 - DignityNews.eu","description":"","potentialAction":[{"@type":"SearchAction","target":{"@type":"EntryPoint","urlTemplate":"https:\/\/dignitynews.eu\/pl\/?s={search_term_string}"},"query-input":"required name=search_term_string"}],"inLanguage":"pl-PL"},{"@type":"WebPage","@id":"https:\/\/dignitynews.eu\/pl\/wiceminister-infrastruktury-termin-otwarcia-przekopu-mierzei-wislanej-bedzie-dotrzymany\/","url":"https:\/\/dignitynews.eu\/pl\/wiceminister-infrastruktury-termin-otwarcia-przekopu-mierzei-wislanej-bedzie-dotrzymany\/","name":"Wiceminister infrastruktury: Termin otwarcia przekopu Mierzei Wi\u015blanej b\u0119dzie dotrzymany - Godno\u015b\u0107 - DignityNews.eu","isPartOf":{"@id":"https:\/\/dignitynews.eu\/pl\/#website"},"datePublished":"2022-05-04T09:03:36+00:00","dateModified":"2022-05-04T09:03:36+00:00","author":{"@id":"https:\/\/dignitynews.eu\/pl\/#\/schema\/person\/0b62b762b8174802fabc81a3ecb1bfcb"},"breadcrumb":{"@id":"https:\/\/dignitynews.eu\/pl\/wiceminister-infrastruktury-termin-otwarcia-przekopu-mierzei-wislanej-bedzie-dotrzymany\/#breadcrumb"},"inLanguage":"pl-PL","potentialAction":[{"@type":"ReadAction","target":["https:\/\/dignitynews.eu\/pl\/wiceminister-infrastruktury-termin-otwarcia-przekopu-mierzei-wislanej-bedzie-dotrzymany\/"]}]},{"@type":"BreadcrumbList","@id":"https:\/\/dignitynews.eu\/pl\/wiceminister-infrastruktury-termin-otwarcia-przekopu-mierzei-wislanej-bedzie-dotrzymany\/#breadcrumb","itemListElement":[{"@type":"ListItem","position":1,"name":"Strona g\u0142\u00f3wna","item":"https:\/\/dignitynews.eu\/pl\/"},{"@type":"ListItem","position":2,"name":"Wiceminister infrastruktury: Termin otwarcia przekopu Mierzei Wi\u015blanej b\u0119dzie dotrzymany"}]},{"@type":"Person","@id":"https:\/\/dignitynews.eu\/pl\/#\/schema\/person\/0b62b762b8174802fabc81a3ecb1bfcb","name":"Dignity News","image":{"@type":"ImageObject","inLanguage":"pl-PL","@id":"https:\/\/dignitynews.eu\/pl\/#\/schema\/person\/image\/","url":"https:\/\/secure.gravatar.com\/avatar\/97963171a6d9108f8381bbefb1c6b150c445b6ddd9e3077b96c86cf5892c85dc?s=96&d=mm&r=g","contentUrl":"https:\/\/secure.gravatar.com\/avatar\/97963171a6d9108f8381bbefb1c6b150c445b6ddd9e3077b96c86cf5892c85dc?s=96&d=mm&r=g","caption":"Dignity News"},"url":"https:\/\/dignitynews.eu\/pl\/author\/mikolaj-palade\/"}]}},"_links":{"self":[{"href":"https:\/\/dignitynews.eu\/pl\/wp-json\/wp\/v2\/posts\/16588","targetHints":{"allow":["GET"]}}],"collection":[{"href":"https:\/\/dignitynews.eu\/pl\/wp-json\/wp\/v2\/posts"}],"about":[{"href":"https:\/\/dignitynews.eu\/pl\/wp-json\/wp\/v2\/types\/post"}],"author":[{"embeddable":true,"href":"https:\/\/dignitynews.eu\/pl\/wp-json\/wp\/v2\/users\/7"}],"replies":[{"embeddable":true,"href":"https:\/\/dignitynews.eu\/pl\/wp-json\/wp\/v2\/comments?post=16588"}],"version-history":[{"count":1,"href":"https:\/\/dignitynews.eu\/pl\/wp-json\/wp\/v2\/posts\/16588\/revisions"}],"predecessor-version":[{"id":16594,"href":"https:\/\/dignitynews.eu\/pl\/wp-json\/wp\/v2\/posts\/16588\/revisions\/16594"}],"wp:featuredmedia":[{"embeddable":true,"href":"https:\/\/dignitynews.eu\/pl\/wp-json\/wp\/v2\/media\/16589"}],"wp:attachment":[{"href":"https:\/\/dignitynews.eu\/pl\/wp-json\/wp\/v2\/media?parent=16588"}],"wp:term":[{"taxonomy":"category","embeddable":true,"href":"https:\/\/dignitynews.eu\/pl\/wp-json\/wp\/v2\/categories?post=16588"},{"taxonomy":"post_tag","embeddable":true,"href":"https:\/\/dignitynews.eu\/pl\/wp-json\/wp\/v2\/tags?post=16588"}],"curies":[{"name":"wp","href":"https:\/\/api.w.org\/{rel}","templated":true}]}}