{"id":16260,"date":"2022-04-29T11:13:12","date_gmt":"2022-04-29T09:13:12","guid":{"rendered":"https:\/\/dignitynews.eu\/?p=16260"},"modified":"2022-04-29T11:13:12","modified_gmt":"2022-04-29T09:13:12","slug":"minister-zdrowia-w-polowie-maja-zniesiony-zostanie-stan-epidemii-w-polsce","status":"publish","type":"post","link":"https:\/\/dignitynews.eu\/pl\/minister-zdrowia-w-polowie-maja-zniesiony-zostanie-stan-epidemii-w-polsce\/","title":{"rendered":"Minister zdrowia: w po\u0142owie maja zniesiony zostanie stan epidemii w Polsce"},"content":{"rendered":"<h5>Minister zdrowia poinformowa\u0142, \u017ce w po\u0142owie maja zniesiony zostanie stan epidemii w Polsce. Adam Niedzielski doda\u0142, \u017ce pozostanie stan zagro\u017cenia epidemicznego. Minionej doby badania potwierdzi\u0142y 958 zaka\u017ce\u0144 koronawirusem, w tym 91 ponownych. Zmar\u0142y 24 osoby &#8211; poinformowano na stronie Ministerstwa Zdrowia.<\/h5>\n<p>&#8211; Decyzja jest ju\u017c przekonsultowana na r\u00f3\u017cnych poziomach administracji, dokonali\u015bmy analizy prawnej &#8211; w po\u0142owie maja zniesiemy stan epidemii, przekszta\u0142cimy go w stan zagro\u017cenia epidemicznego &#8211; powiedzia\u0142 minister Niedzielski w rozmowie z PAP. Stan zagro\u017cenia epidemicznego to sytuacja prawna wprowadzona na danym obszarze w zwi\u0105zku z ryzykiem wyst\u0105pienia epidemii.<\/p>\n<p>Stan epidemii obowi\u0105zuje w Polsce od 20 marca 2020 r. Zgodnie z ustaw\u0105 o zapobieganiu oraz zwalczaniu zaka\u017ce\u0144 i chor\u00f3b zaka\u017anych u ludzi, stan epidemii to sytuacja prawna wprowadzona na danym obszarze w zwi\u0105zku z wyst\u0105pieniem epidemii w celu podj\u0119cia okre\u015blonych w ustawie dzia\u0142a\u0144 przeciwepidemicznych i zapobiegawczych dla zminimalizowania skutk\u00f3w epidemii.<\/p>\n<p>Od 28 marca zniesiony zosta\u0142 obowi\u0105zek zakrywania maseczk\u0105 ust i nosa w pomieszczeniach zamkni\u0119tych, z wyj\u0105tkiem budynk\u00f3w, w kt\u00f3rych prowadzona jest dzia\u0142alno\u015b\u0107 lecznicza oraz aptek. Nie ma ju\u017c obowi\u0105zku kierowania na izolacj\u0119 i kwarantann\u0119 z powodu choroby COVID-19. Zlikwidowano oddzia\u0142y covidowe i szpitale tymczasowych dla chorych na COVID-19.<\/p>\n<p>Od 1 kwietnia 2022 r. zmieni\u0142y si\u0119 m.in. zasady zlecania i wykonywania test\u00f3w na koronawirusa. O zleceniu testu decyduje lekarz podstawowej opieki zdrowotnej, a wykonywany jest test antygenowy. Test PCR mo\u017ce zleci\u0107 lekarz np. przed przyj\u0119ciem do szpitala, je\u015bli uzna to za konieczne. Nie ma ju\u017c mo\u017cliwo\u015bci samodzielnego zapisania si\u0119 na test przez formularz wype\u0142niany online lub przez konsultanta infolinii. Od pocz\u0105tku kwietnia nie mo\u017cna te\u017c zrobi\u0107 bezp\u0142atnego testu w kierunku COVID-19 m.in. w aptekach i w mobilnych punktach wymazowych.<\/p>\n<p>Arkadiusz S\u0142omczy\u0144ski<\/p>\n","protected":false},"excerpt":{"rendered":"<p>Minister zdrowia poinformowa\u0142, \u017ce w po\u0142owie maja zniesiony zostanie stan epidemii w Polsce. Adam Niedzielski doda\u0142, \u017ce pozostanie stan zagro\u017cenia epidemicznego. Minionej doby badania potwierdzi\u0142y 958 zaka\u017ce\u0144 koronawirusem, w tym&hellip;<\/p>\n","protected":false},"author":7,"featured_media":16261,"comment_status":"closed","ping_status":"open","sticky":false,"template":"","format":"standard","meta":{"_mi_skip_tracking":false,"footnotes":""},"categories":[47],"tags":[],"class_list":["post-16260","post","type-post","status-publish","format-standard","has-post-thumbnail","hentry","category-wydarzenia"],"yoast_head":"<!-- This site is optimized with the Yoast SEO plugin v19.4 - https:\/\/yoast.com\/wordpress\/plugins\/seo\/ -->\n<title>Minister zdrowia: w po\u0142owie maja zniesiony zostanie stan epidemii w Polsce - Godno\u015b\u0107 - DignityNews.eu<\/title>\n<meta name=\"robots\" content=\"index, follow, max-snippet:-1, max-image-preview:large, max-video-preview:-1\" \/>\n<link rel=\"canonical\" href=\"https:\/\/dignitynews.eu\/pl\/minister-zdrowia-w-polowie-maja-zniesiony-zostanie-stan-epidemii-w-polsce\/\" \/>\n<meta property=\"og:locale\" content=\"pl_PL\" \/>\n<meta property=\"og:type\" content=\"article\" \/>\n<meta property=\"og:title\" content=\"Minister zdrowia: w po\u0142owie maja zniesiony zostanie stan epidemii w Polsce - Godno\u015b\u0107 - DignityNews.eu\" \/>\n<meta property=\"og:description\" content=\"Minister zdrowia poinformowa\u0142, \u017ce w po\u0142owie maja zniesiony zostanie stan epidemii w Polsce. Adam Niedzielski doda\u0142, \u017ce pozostanie stan zagro\u017cenia epidemicznego. Minionej doby badania potwierdzi\u0142y 958 zaka\u017ce\u0144 koronawirusem, w tym&hellip;\" \/>\n<meta property=\"og:url\" content=\"https:\/\/dignitynews.eu\/pl\/minister-zdrowia-w-polowie-maja-zniesiony-zostanie-stan-epidemii-w-polsce\/\" \/>\n<meta property=\"og:site_name\" content=\"Godno\u015b\u0107 - DignityNews.eu\" \/>\n<meta property=\"article:published_time\" content=\"2022-04-29T09:13:12+00:00\" \/>\n<meta property=\"og:image\" content=\"https:\/\/dignitynews.eu\/wp-content\/uploads\/2022\/04\/minister-zdrowia-fot.-Andrzej-Iwanczuk-REPORTER-1.jpg\" \/>\n\t<meta property=\"og:image:width\" content=\"1500\" \/>\n\t<meta property=\"og:image:height\" content=\"1000\" \/>\n\t<meta property=\"og:image:type\" content=\"image\/jpeg\" \/>\n<meta name=\"author\" content=\"Dignity News\" \/>\n<meta name=\"twitter:card\" content=\"summary_large_image\" \/>\n<meta name=\"twitter:label1\" content=\"Napisane przez\" \/>\n\t<meta name=\"twitter:data1\" content=\"Dignity News\" \/>\n\t<meta name=\"twitter:label2\" content=\"Szacowany czas czytania\" \/>\n\t<meta name=\"twitter:data2\" content=\"2 minuty\" \/>\n<script type=\"application\/ld+json\" class=\"yoast-schema-graph\">{\"@context\":\"https:\/\/schema.org\",\"@graph\":[{\"@type\":\"WebSite\",\"@id\":\"https:\/\/dignitynews.eu\/pl\/#website\",\"url\":\"https:\/\/dignitynews.eu\/pl\/\",\"name\":\"Godno\u015b\u0107 - DignityNews.eu\",\"description\":\"\",\"potentialAction\":[{\"@type\":\"SearchAction\",\"target\":{\"@type\":\"EntryPoint\",\"urlTemplate\":\"https:\/\/dignitynews.eu\/pl\/?s={search_term_string}\"},\"query-input\":\"required name=search_term_string\"}],\"inLanguage\":\"pl-PL\"},{\"@type\":\"WebPage\",\"@id\":\"https:\/\/dignitynews.eu\/pl\/minister-zdrowia-w-polowie-maja-zniesiony-zostanie-stan-epidemii-w-polsce\/\",\"url\":\"https:\/\/dignitynews.eu\/pl\/minister-zdrowia-w-polowie-maja-zniesiony-zostanie-stan-epidemii-w-polsce\/\",\"name\":\"Minister zdrowia: w po\u0142owie maja zniesiony zostanie stan epidemii w Polsce - Godno\u015b\u0107 - DignityNews.eu\",\"isPartOf\":{\"@id\":\"https:\/\/dignitynews.eu\/pl\/#website\"},\"datePublished\":\"2022-04-29T09:13:12+00:00\",\"dateModified\":\"2022-04-29T09:13:12+00:00\",\"author\":{\"@id\":\"https:\/\/dignitynews.eu\/pl\/#\/schema\/person\/0b62b762b8174802fabc81a3ecb1bfcb\"},\"breadcrumb\":{\"@id\":\"https:\/\/dignitynews.eu\/pl\/minister-zdrowia-w-polowie-maja-zniesiony-zostanie-stan-epidemii-w-polsce\/#breadcrumb\"},\"inLanguage\":\"pl-PL\",\"potentialAction\":[{\"@type\":\"ReadAction\",\"target\":[\"https:\/\/dignitynews.eu\/pl\/minister-zdrowia-w-polowie-maja-zniesiony-zostanie-stan-epidemii-w-polsce\/\"]}]},{\"@type\":\"BreadcrumbList\",\"@id\":\"https:\/\/dignitynews.eu\/pl\/minister-zdrowia-w-polowie-maja-zniesiony-zostanie-stan-epidemii-w-polsce\/#breadcrumb\",\"itemListElement\":[{\"@type\":\"ListItem\",\"position\":1,\"name\":\"Strona g\u0142\u00f3wna\",\"item\":\"https:\/\/dignitynews.eu\/pl\/\"},{\"@type\":\"ListItem\",\"position\":2,\"name\":\"Minister zdrowia: w po\u0142owie maja zniesiony zostanie stan epidemii w Polsce\"}]},{\"@type\":\"Person\",\"@id\":\"https:\/\/dignitynews.eu\/pl\/#\/schema\/person\/0b62b762b8174802fabc81a3ecb1bfcb\",\"name\":\"Dignity News\",\"image\":{\"@type\":\"ImageObject\",\"inLanguage\":\"pl-PL\",\"@id\":\"https:\/\/dignitynews.eu\/pl\/#\/schema\/person\/image\/\",\"url\":\"https:\/\/secure.gravatar.com\/avatar\/97963171a6d9108f8381bbefb1c6b150c445b6ddd9e3077b96c86cf5892c85dc?s=96&d=mm&r=g\",\"contentUrl\":\"https:\/\/secure.gravatar.com\/avatar\/97963171a6d9108f8381bbefb1c6b150c445b6ddd9e3077b96c86cf5892c85dc?s=96&d=mm&r=g\",\"caption\":\"Dignity News\"},\"url\":\"https:\/\/dignitynews.eu\/pl\/author\/mikolaj-palade\/\"}]}<\/script>\n<!-- \/ Yoast SEO plugin. -->","yoast_head_json":{"title":"Minister zdrowia: w po\u0142owie maja zniesiony zostanie stan epidemii w Polsce - Godno\u015b\u0107 - DignityNews.eu","robots":{"index":"index","follow":"follow","max-snippet":"max-snippet:-1","max-image-preview":"max-image-preview:large","max-video-preview":"max-video-preview:-1"},"canonical":"https:\/\/dignitynews.eu\/pl\/minister-zdrowia-w-polowie-maja-zniesiony-zostanie-stan-epidemii-w-polsce\/","og_locale":"pl_PL","og_type":"article","og_title":"Minister zdrowia: w po\u0142owie maja zniesiony zostanie stan epidemii w Polsce - Godno\u015b\u0107 - DignityNews.eu","og_description":"Minister zdrowia poinformowa\u0142, \u017ce w po\u0142owie maja zniesiony zostanie stan epidemii w Polsce. Adam Niedzielski doda\u0142, \u017ce pozostanie stan zagro\u017cenia epidemicznego. Minionej doby badania potwierdzi\u0142y 958 zaka\u017ce\u0144 koronawirusem, w tym&hellip;","og_url":"https:\/\/dignitynews.eu\/pl\/minister-zdrowia-w-polowie-maja-zniesiony-zostanie-stan-epidemii-w-polsce\/","og_site_name":"Godno\u015b\u0107 - DignityNews.eu","article_published_time":"2022-04-29T09:13:12+00:00","og_image":[{"width":1500,"height":1000,"url":"https:\/\/dignitynews.eu\/wp-content\/uploads\/2022\/04\/minister-zdrowia-fot.-Andrzej-Iwanczuk-REPORTER-1.jpg","type":"image\/jpeg"}],"author":"Dignity News","twitter_card":"summary_large_image","twitter_misc":{"Napisane przez":"Dignity News","Szacowany czas czytania":"2 minuty"},"schema":{"@context":"https:\/\/schema.org","@graph":[{"@type":"WebSite","@id":"https:\/\/dignitynews.eu\/pl\/#website","url":"https:\/\/dignitynews.eu\/pl\/","name":"Godno\u015b\u0107 - DignityNews.eu","description":"","potentialAction":[{"@type":"SearchAction","target":{"@type":"EntryPoint","urlTemplate":"https:\/\/dignitynews.eu\/pl\/?s={search_term_string}"},"query-input":"required name=search_term_string"}],"inLanguage":"pl-PL"},{"@type":"WebPage","@id":"https:\/\/dignitynews.eu\/pl\/minister-zdrowia-w-polowie-maja-zniesiony-zostanie-stan-epidemii-w-polsce\/","url":"https:\/\/dignitynews.eu\/pl\/minister-zdrowia-w-polowie-maja-zniesiony-zostanie-stan-epidemii-w-polsce\/","name":"Minister zdrowia: w po\u0142owie maja zniesiony zostanie stan epidemii w Polsce - Godno\u015b\u0107 - DignityNews.eu","isPartOf":{"@id":"https:\/\/dignitynews.eu\/pl\/#website"},"datePublished":"2022-04-29T09:13:12+00:00","dateModified":"2022-04-29T09:13:12+00:00","author":{"@id":"https:\/\/dignitynews.eu\/pl\/#\/schema\/person\/0b62b762b8174802fabc81a3ecb1bfcb"},"breadcrumb":{"@id":"https:\/\/dignitynews.eu\/pl\/minister-zdrowia-w-polowie-maja-zniesiony-zostanie-stan-epidemii-w-polsce\/#breadcrumb"},"inLanguage":"pl-PL","potentialAction":[{"@type":"ReadAction","target":["https:\/\/dignitynews.eu\/pl\/minister-zdrowia-w-polowie-maja-zniesiony-zostanie-stan-epidemii-w-polsce\/"]}]},{"@type":"BreadcrumbList","@id":"https:\/\/dignitynews.eu\/pl\/minister-zdrowia-w-polowie-maja-zniesiony-zostanie-stan-epidemii-w-polsce\/#breadcrumb","itemListElement":[{"@type":"ListItem","position":1,"name":"Strona g\u0142\u00f3wna","item":"https:\/\/dignitynews.eu\/pl\/"},{"@type":"ListItem","position":2,"name":"Minister zdrowia: w po\u0142owie maja zniesiony zostanie stan epidemii w Polsce"}]},{"@type":"Person","@id":"https:\/\/dignitynews.eu\/pl\/#\/schema\/person\/0b62b762b8174802fabc81a3ecb1bfcb","name":"Dignity News","image":{"@type":"ImageObject","inLanguage":"pl-PL","@id":"https:\/\/dignitynews.eu\/pl\/#\/schema\/person\/image\/","url":"https:\/\/secure.gravatar.com\/avatar\/97963171a6d9108f8381bbefb1c6b150c445b6ddd9e3077b96c86cf5892c85dc?s=96&d=mm&r=g","contentUrl":"https:\/\/secure.gravatar.com\/avatar\/97963171a6d9108f8381bbefb1c6b150c445b6ddd9e3077b96c86cf5892c85dc?s=96&d=mm&r=g","caption":"Dignity News"},"url":"https:\/\/dignitynews.eu\/pl\/author\/mikolaj-palade\/"}]}},"_links":{"self":[{"href":"https:\/\/dignitynews.eu\/pl\/wp-json\/wp\/v2\/posts\/16260","targetHints":{"allow":["GET"]}}],"collection":[{"href":"https:\/\/dignitynews.eu\/pl\/wp-json\/wp\/v2\/posts"}],"about":[{"href":"https:\/\/dignitynews.eu\/pl\/wp-json\/wp\/v2\/types\/post"}],"author":[{"embeddable":true,"href":"https:\/\/dignitynews.eu\/pl\/wp-json\/wp\/v2\/users\/7"}],"replies":[{"embeddable":true,"href":"https:\/\/dignitynews.eu\/pl\/wp-json\/wp\/v2\/comments?post=16260"}],"version-history":[{"count":1,"href":"https:\/\/dignitynews.eu\/pl\/wp-json\/wp\/v2\/posts\/16260\/revisions"}],"predecessor-version":[{"id":16266,"href":"https:\/\/dignitynews.eu\/pl\/wp-json\/wp\/v2\/posts\/16260\/revisions\/16266"}],"wp:featuredmedia":[{"embeddable":true,"href":"https:\/\/dignitynews.eu\/pl\/wp-json\/wp\/v2\/media\/16261"}],"wp:attachment":[{"href":"https:\/\/dignitynews.eu\/pl\/wp-json\/wp\/v2\/media?parent=16260"}],"wp:term":[{"taxonomy":"category","embeddable":true,"href":"https:\/\/dignitynews.eu\/pl\/wp-json\/wp\/v2\/categories?post=16260"},{"taxonomy":"post_tag","embeddable":true,"href":"https:\/\/dignitynews.eu\/pl\/wp-json\/wp\/v2\/tags?post=16260"}],"curies":[{"name":"wp","href":"https:\/\/api.w.org\/{rel}","templated":true}]}}