{"id":15511,"date":"2022-04-25T11:14:32","date_gmt":"2022-04-25T09:14:32","guid":{"rendered":"https:\/\/dignitynews.eu\/?p=15511"},"modified":"2022-04-25T11:14:32","modified_gmt":"2022-04-25T09:14:32","slug":"do-polski-wjechalo-prawie-3-mln-uchodzcow-z-ukrainy-okolo-miliona-z-nich-juz-z-numerem-pesel","status":"publish","type":"post","link":"https:\/\/dignitynews.eu\/pl\/do-polski-wjechalo-prawie-3-mln-uchodzcow-z-ukrainy-okolo-miliona-z-nich-juz-z-numerem-pesel\/","title":{"rendered":"Do Polski wjecha\u0142o prawie 3 mln uchod\u017ac\u00f3w z Ukrainy, oko\u0142o miliona z nich ju\u017c z numerem PESEL"},"content":{"rendered":"<h5>Od 24 lutego do Polski z Ukrainy wjecha\u0142o 2, 944 mln os\u00f3b &#8211; poinformowa\u0142a w poniedzia\u0142ek Stra\u017c Graniczna. W niedziel\u0119 funkcjonariusze odprawili 9,8 tys. podr\u00f3\u017cnych, natomiast w poniedzia\u0142ek do godz. 7 rano &#8211; 1,8 tysi\u0119cy os\u00f3b. W por\u00f3wnaniu z sobot\u0105, wje\u017cd\u017caj\u0105cych do Polski by\u0142o o 35 proc. mniej.<\/h5>\n<p>W niedziel\u0119 z Polski na Ukrain\u0119 wyjecha\u0142o 11,8 tys. os\u00f3b, natomiast od 24 lutego &#8211; 860 tysi\u0119cy os\u00f3b. W czwartek i pi\u0105tek w ubieg\u0142ym tygodniu &#8211; po raz pierwszy od rozpocz\u0119cia agresji Rosji na Ukrain\u0119 &#8211; wi\u0119cej Ukrai\u0144c\u00f3w wyjecha\u0142o z Polski ni\u017c do niej przyjecha\u0142o.<\/p>\n<p>W ocenie wiceministra spraw wewn\u0119trznych i administracji, pe\u0142nomocnika rz\u0105du ds. uchod\u017ac\u00f3w wojennych z Ukrainy Paw\u0142a Szefernakera cz\u0119\u015b\u0107 os\u00f3b, kt\u00f3re opu\u015bci\u0142y Polsk\u0119 w ubieg\u0142ym tygodniu wr\u00f3ci\u0142a do rodzin na \u015bwi\u0119ta wielkanocne.<\/p>\n<p>&#8211; Te osoby, kt\u00f3re chc\u0105 i kt\u00f3re maj\u0105 bezpieczn\u0105 okolic\u0119 na Ukrainie, stara\u0142y si\u0119 wraca\u0107 na \u015bwi\u0119ta wielkanocne &#8211; m\u00f3wi\u0142 Pawe\u0142 Szefernaker. Zaznaczy\u0142 przy tym, \u017ce z rozm\u00f3w przeprowadzanych z uchod\u017acami, wynika, \u017ce marzeniem wi\u0119kszo\u015bci jest powr\u00f3t na Ukrain\u0119, do swoich dom\u00f3w, do swoich rodzin.<\/p>\n<p>&#8211; Ale z tych rozm\u00f3w i liczb na razie nie nale\u017cy wyci\u0105ga\u0107 \u017cadnych wniosk\u00f3w, poniewa\u017c te osoby bardzo cz\u0119sto nie wiedz\u0105, czy wr\u00f3c\u0105 do Polski, nie wiedz\u0105, jaki b\u0119dzie dalszy ich los, bo to wynika z sytuacji wojennej &#8211; podkre\u015bli\u0142 pe\u0142nomocnik ds. uchod\u017ac\u00f3w wojennych z Ukrainy.<\/p>\n<p>W poniedzia\u0142kowych Sygna\u0142ach Dnia w programie I Polskiego Radia wiceminister Szefernaker powiedzia\u0142, \u017ce prawdopodobnie dzi\u015b przekroczymy milion uchod\u017ac\u00f3w z Ukrainy wpisanych do rejestru PESEL. Zdaniem pe\u0142nomocnika rz\u0105du ds. uchod\u017ac\u00f3w, tylko cz\u0119\u015b\u0107 przebywaj\u0105cych w Polsce Ukrai\u0144c\u00f3w planuje zosta\u0107 tutaj na d\u0142u\u017cej.<\/p>\n<p>Uzyskanie numeru PESEL umo\u017cliwia uciekinierom, kt\u00f3rzy opu\u015bcili Ukrain\u0119 w zwi\u0105zku z agresj\u0105 rosyjsk\u0105, korzystanie z pomocy socjalnej, medycznej, oraz z systemu edukacji. Obcokrajowcy mog\u0105 za\u0142o\u017cy\u0107 Profil Zaufany, a potem podj\u0105\u0107 legaln\u0105 prac\u0119.<\/p>\n<p>Arkadiusz S\u0142omczy\u0144ski<\/p>\n","protected":false},"excerpt":{"rendered":"<p>Od 24 lutego do Polski z Ukrainy wjecha\u0142o 2, 944 mln os\u00f3b &#8211; poinformowa\u0142a w poniedzia\u0142ek Stra\u017c Graniczna. W niedziel\u0119 funkcjonariusze odprawili 9,8 tys. podr\u00f3\u017cnych, natomiast w poniedzia\u0142ek do godz.&hellip;<\/p>\n","protected":false},"author":7,"featured_media":15523,"comment_status":"closed","ping_status":"open","sticky":false,"template":"","format":"standard","meta":{"_mi_skip_tracking":false,"footnotes":""},"categories":[47],"tags":[],"class_list":["post-15511","post","type-post","status-publish","format-standard","has-post-thumbnail","hentry","category-wydarzenia"],"yoast_head":"<!-- This site is optimized with the Yoast SEO plugin v19.4 - https:\/\/yoast.com\/wordpress\/plugins\/seo\/ -->\n<title>Do Polski wjecha\u0142o prawie 3 mln uchod\u017ac\u00f3w z Ukrainy, oko\u0142o miliona z nich ju\u017c z numerem PESEL - Godno\u015b\u0107 - DignityNews.eu<\/title>\n<meta name=\"robots\" content=\"index, follow, max-snippet:-1, max-image-preview:large, max-video-preview:-1\" \/>\n<link rel=\"canonical\" href=\"https:\/\/dignitynews.eu\/pl\/do-polski-wjechalo-prawie-3-mln-uchodzcow-z-ukrainy-okolo-miliona-z-nich-juz-z-numerem-pesel\/\" \/>\n<meta property=\"og:locale\" content=\"pl_PL\" \/>\n<meta property=\"og:type\" content=\"article\" \/>\n<meta property=\"og:title\" content=\"Do Polski wjecha\u0142o prawie 3 mln uchod\u017ac\u00f3w z Ukrainy, oko\u0142o miliona z nich ju\u017c z numerem PESEL - Godno\u015b\u0107 - DignityNews.eu\" \/>\n<meta property=\"og:description\" content=\"Od 24 lutego do Polski z Ukrainy wjecha\u0142o 2, 944 mln os\u00f3b &#8211; poinformowa\u0142a w poniedzia\u0142ek Stra\u017c Graniczna. W niedziel\u0119 funkcjonariusze odprawili 9,8 tys. podr\u00f3\u017cnych, natomiast w poniedzia\u0142ek do godz.&hellip;\" \/>\n<meta property=\"og:url\" content=\"https:\/\/dignitynews.eu\/pl\/do-polski-wjechalo-prawie-3-mln-uchodzcow-z-ukrainy-okolo-miliona-z-nich-juz-z-numerem-pesel\/\" \/>\n<meta property=\"og:site_name\" content=\"Godno\u015b\u0107 - DignityNews.eu\" \/>\n<meta property=\"article:published_time\" content=\"2022-04-25T09:14:32+00:00\" \/>\n<meta property=\"og:image\" content=\"https:\/\/dignitynews.eu\/wp-content\/uploads\/2022\/04\/prawie-3-mln-uchodzcow-z-Ukrainy-fot.-Piotr-Zagiell-East-News.jpg\" \/>\n\t<meta property=\"og:image:width\" content=\"1500\" \/>\n\t<meta property=\"og:image:height\" content=\"1000\" \/>\n\t<meta property=\"og:image:type\" content=\"image\/jpeg\" \/>\n<meta name=\"author\" content=\"Dignity News\" \/>\n<meta name=\"twitter:card\" content=\"summary_large_image\" \/>\n<meta name=\"twitter:label1\" content=\"Napisane przez\" \/>\n\t<meta name=\"twitter:data1\" content=\"Dignity News\" \/>\n\t<meta name=\"twitter:label2\" content=\"Szacowany czas czytania\" \/>\n\t<meta name=\"twitter:data2\" content=\"2 minuty\" \/>\n<script type=\"application\/ld+json\" class=\"yoast-schema-graph\">{\"@context\":\"https:\/\/schema.org\",\"@graph\":[{\"@type\":\"WebSite\",\"@id\":\"https:\/\/dignitynews.eu\/pl\/#website\",\"url\":\"https:\/\/dignitynews.eu\/pl\/\",\"name\":\"Godno\u015b\u0107 - DignityNews.eu\",\"description\":\"\",\"potentialAction\":[{\"@type\":\"SearchAction\",\"target\":{\"@type\":\"EntryPoint\",\"urlTemplate\":\"https:\/\/dignitynews.eu\/pl\/?s={search_term_string}\"},\"query-input\":\"required name=search_term_string\"}],\"inLanguage\":\"pl-PL\"},{\"@type\":\"WebPage\",\"@id\":\"https:\/\/dignitynews.eu\/pl\/do-polski-wjechalo-prawie-3-mln-uchodzcow-z-ukrainy-okolo-miliona-z-nich-juz-z-numerem-pesel\/\",\"url\":\"https:\/\/dignitynews.eu\/pl\/do-polski-wjechalo-prawie-3-mln-uchodzcow-z-ukrainy-okolo-miliona-z-nich-juz-z-numerem-pesel\/\",\"name\":\"Do Polski wjecha\u0142o prawie 3 mln uchod\u017ac\u00f3w z Ukrainy, oko\u0142o miliona z nich ju\u017c z numerem PESEL - Godno\u015b\u0107 - DignityNews.eu\",\"isPartOf\":{\"@id\":\"https:\/\/dignitynews.eu\/pl\/#website\"},\"datePublished\":\"2022-04-25T09:14:32+00:00\",\"dateModified\":\"2022-04-25T09:14:32+00:00\",\"author\":{\"@id\":\"https:\/\/dignitynews.eu\/pl\/#\/schema\/person\/0b62b762b8174802fabc81a3ecb1bfcb\"},\"breadcrumb\":{\"@id\":\"https:\/\/dignitynews.eu\/pl\/do-polski-wjechalo-prawie-3-mln-uchodzcow-z-ukrainy-okolo-miliona-z-nich-juz-z-numerem-pesel\/#breadcrumb\"},\"inLanguage\":\"pl-PL\",\"potentialAction\":[{\"@type\":\"ReadAction\",\"target\":[\"https:\/\/dignitynews.eu\/pl\/do-polski-wjechalo-prawie-3-mln-uchodzcow-z-ukrainy-okolo-miliona-z-nich-juz-z-numerem-pesel\/\"]}]},{\"@type\":\"BreadcrumbList\",\"@id\":\"https:\/\/dignitynews.eu\/pl\/do-polski-wjechalo-prawie-3-mln-uchodzcow-z-ukrainy-okolo-miliona-z-nich-juz-z-numerem-pesel\/#breadcrumb\",\"itemListElement\":[{\"@type\":\"ListItem\",\"position\":1,\"name\":\"Strona g\u0142\u00f3wna\",\"item\":\"https:\/\/dignitynews.eu\/pl\/\"},{\"@type\":\"ListItem\",\"position\":2,\"name\":\"Do Polski wjecha\u0142o prawie 3 mln uchod\u017ac\u00f3w z Ukrainy, oko\u0142o miliona z nich ju\u017c z numerem PESEL\"}]},{\"@type\":\"Person\",\"@id\":\"https:\/\/dignitynews.eu\/pl\/#\/schema\/person\/0b62b762b8174802fabc81a3ecb1bfcb\",\"name\":\"Dignity News\",\"image\":{\"@type\":\"ImageObject\",\"inLanguage\":\"pl-PL\",\"@id\":\"https:\/\/dignitynews.eu\/pl\/#\/schema\/person\/image\/\",\"url\":\"https:\/\/secure.gravatar.com\/avatar\/97963171a6d9108f8381bbefb1c6b150c445b6ddd9e3077b96c86cf5892c85dc?s=96&d=mm&r=g\",\"contentUrl\":\"https:\/\/secure.gravatar.com\/avatar\/97963171a6d9108f8381bbefb1c6b150c445b6ddd9e3077b96c86cf5892c85dc?s=96&d=mm&r=g\",\"caption\":\"Dignity News\"},\"url\":\"https:\/\/dignitynews.eu\/pl\/author\/mikolaj-palade\/\"}]}<\/script>\n<!-- \/ Yoast SEO plugin. -->","yoast_head_json":{"title":"Do Polski wjecha\u0142o prawie 3 mln uchod\u017ac\u00f3w z Ukrainy, oko\u0142o miliona z nich ju\u017c z numerem PESEL - Godno\u015b\u0107 - DignityNews.eu","robots":{"index":"index","follow":"follow","max-snippet":"max-snippet:-1","max-image-preview":"max-image-preview:large","max-video-preview":"max-video-preview:-1"},"canonical":"https:\/\/dignitynews.eu\/pl\/do-polski-wjechalo-prawie-3-mln-uchodzcow-z-ukrainy-okolo-miliona-z-nich-juz-z-numerem-pesel\/","og_locale":"pl_PL","og_type":"article","og_title":"Do Polski wjecha\u0142o prawie 3 mln uchod\u017ac\u00f3w z Ukrainy, oko\u0142o miliona z nich ju\u017c z numerem PESEL - Godno\u015b\u0107 - DignityNews.eu","og_description":"Od 24 lutego do Polski z Ukrainy wjecha\u0142o 2, 944 mln os\u00f3b &#8211; poinformowa\u0142a w poniedzia\u0142ek Stra\u017c Graniczna. W niedziel\u0119 funkcjonariusze odprawili 9,8 tys. podr\u00f3\u017cnych, natomiast w poniedzia\u0142ek do godz.&hellip;","og_url":"https:\/\/dignitynews.eu\/pl\/do-polski-wjechalo-prawie-3-mln-uchodzcow-z-ukrainy-okolo-miliona-z-nich-juz-z-numerem-pesel\/","og_site_name":"Godno\u015b\u0107 - DignityNews.eu","article_published_time":"2022-04-25T09:14:32+00:00","og_image":[{"width":1500,"height":1000,"url":"https:\/\/dignitynews.eu\/wp-content\/uploads\/2022\/04\/prawie-3-mln-uchodzcow-z-Ukrainy-fot.-Piotr-Zagiell-East-News.jpg","type":"image\/jpeg"}],"author":"Dignity News","twitter_card":"summary_large_image","twitter_misc":{"Napisane przez":"Dignity News","Szacowany czas czytania":"2 minuty"},"schema":{"@context":"https:\/\/schema.org","@graph":[{"@type":"WebSite","@id":"https:\/\/dignitynews.eu\/pl\/#website","url":"https:\/\/dignitynews.eu\/pl\/","name":"Godno\u015b\u0107 - DignityNews.eu","description":"","potentialAction":[{"@type":"SearchAction","target":{"@type":"EntryPoint","urlTemplate":"https:\/\/dignitynews.eu\/pl\/?s={search_term_string}"},"query-input":"required name=search_term_string"}],"inLanguage":"pl-PL"},{"@type":"WebPage","@id":"https:\/\/dignitynews.eu\/pl\/do-polski-wjechalo-prawie-3-mln-uchodzcow-z-ukrainy-okolo-miliona-z-nich-juz-z-numerem-pesel\/","url":"https:\/\/dignitynews.eu\/pl\/do-polski-wjechalo-prawie-3-mln-uchodzcow-z-ukrainy-okolo-miliona-z-nich-juz-z-numerem-pesel\/","name":"Do Polski wjecha\u0142o prawie 3 mln uchod\u017ac\u00f3w z Ukrainy, oko\u0142o miliona z nich ju\u017c z numerem PESEL - Godno\u015b\u0107 - DignityNews.eu","isPartOf":{"@id":"https:\/\/dignitynews.eu\/pl\/#website"},"datePublished":"2022-04-25T09:14:32+00:00","dateModified":"2022-04-25T09:14:32+00:00","author":{"@id":"https:\/\/dignitynews.eu\/pl\/#\/schema\/person\/0b62b762b8174802fabc81a3ecb1bfcb"},"breadcrumb":{"@id":"https:\/\/dignitynews.eu\/pl\/do-polski-wjechalo-prawie-3-mln-uchodzcow-z-ukrainy-okolo-miliona-z-nich-juz-z-numerem-pesel\/#breadcrumb"},"inLanguage":"pl-PL","potentialAction":[{"@type":"ReadAction","target":["https:\/\/dignitynews.eu\/pl\/do-polski-wjechalo-prawie-3-mln-uchodzcow-z-ukrainy-okolo-miliona-z-nich-juz-z-numerem-pesel\/"]}]},{"@type":"BreadcrumbList","@id":"https:\/\/dignitynews.eu\/pl\/do-polski-wjechalo-prawie-3-mln-uchodzcow-z-ukrainy-okolo-miliona-z-nich-juz-z-numerem-pesel\/#breadcrumb","itemListElement":[{"@type":"ListItem","position":1,"name":"Strona g\u0142\u00f3wna","item":"https:\/\/dignitynews.eu\/pl\/"},{"@type":"ListItem","position":2,"name":"Do Polski wjecha\u0142o prawie 3 mln uchod\u017ac\u00f3w z Ukrainy, oko\u0142o miliona z nich ju\u017c z numerem PESEL"}]},{"@type":"Person","@id":"https:\/\/dignitynews.eu\/pl\/#\/schema\/person\/0b62b762b8174802fabc81a3ecb1bfcb","name":"Dignity News","image":{"@type":"ImageObject","inLanguage":"pl-PL","@id":"https:\/\/dignitynews.eu\/pl\/#\/schema\/person\/image\/","url":"https:\/\/secure.gravatar.com\/avatar\/97963171a6d9108f8381bbefb1c6b150c445b6ddd9e3077b96c86cf5892c85dc?s=96&d=mm&r=g","contentUrl":"https:\/\/secure.gravatar.com\/avatar\/97963171a6d9108f8381bbefb1c6b150c445b6ddd9e3077b96c86cf5892c85dc?s=96&d=mm&r=g","caption":"Dignity News"},"url":"https:\/\/dignitynews.eu\/pl\/author\/mikolaj-palade\/"}]}},"_links":{"self":[{"href":"https:\/\/dignitynews.eu\/pl\/wp-json\/wp\/v2\/posts\/15511","targetHints":{"allow":["GET"]}}],"collection":[{"href":"https:\/\/dignitynews.eu\/pl\/wp-json\/wp\/v2\/posts"}],"about":[{"href":"https:\/\/dignitynews.eu\/pl\/wp-json\/wp\/v2\/types\/post"}],"author":[{"embeddable":true,"href":"https:\/\/dignitynews.eu\/pl\/wp-json\/wp\/v2\/users\/7"}],"replies":[{"embeddable":true,"href":"https:\/\/dignitynews.eu\/pl\/wp-json\/wp\/v2\/comments?post=15511"}],"version-history":[{"count":1,"href":"https:\/\/dignitynews.eu\/pl\/wp-json\/wp\/v2\/posts\/15511\/revisions"}],"predecessor-version":[{"id":15528,"href":"https:\/\/dignitynews.eu\/pl\/wp-json\/wp\/v2\/posts\/15511\/revisions\/15528"}],"wp:featuredmedia":[{"embeddable":true,"href":"https:\/\/dignitynews.eu\/pl\/wp-json\/wp\/v2\/media\/15523"}],"wp:attachment":[{"href":"https:\/\/dignitynews.eu\/pl\/wp-json\/wp\/v2\/media?parent=15511"}],"wp:term":[{"taxonomy":"category","embeddable":true,"href":"https:\/\/dignitynews.eu\/pl\/wp-json\/wp\/v2\/categories?post=15511"},{"taxonomy":"post_tag","embeddable":true,"href":"https:\/\/dignitynews.eu\/pl\/wp-json\/wp\/v2\/tags?post=15511"}],"curies":[{"name":"wp","href":"https:\/\/api.w.org\/{rel}","templated":true}]}}