{"id":15317,"date":"2022-04-22T11:36:20","date_gmt":"2022-04-22T09:36:20","guid":{"rendered":"https:\/\/dignitynews.eu\/?p=15317"},"modified":"2022-04-22T11:36:20","modified_gmt":"2022-04-22T09:36:20","slug":"julian-klaczko-wspoltworca-ideologii-polskiego-konserwatyzmu","status":"publish","type":"post","link":"https:\/\/dignitynews.eu\/pl\/julian-klaczko-wspoltworca-ideologii-polskiego-konserwatyzmu\/","title":{"rendered":"Julian Klaczko \u2013 wsp\u00f3\u0142tw\u00f3rca ideologii polskiego konserwatyzmu"},"content":{"rendered":"<h5>Dokonania Juliana Klaczki (1825-1906), a w\u0142a\u015bciwie Jehudy Lejba, na niwie kultury polskiej s\u0105 dzi\u015b zupe\u0142nie zapomniane. Wielu badaczy fascynowa\u0142a szczeg\u00f3lnie jego zawrotna i niepospolita kariera europejska. Jak do tego dosz\u0142o, \u017ce syn \u017cydowskiego kupca z Wilna sta\u0142 si\u0119 nie tylko g\u0142o\u015bnym or\u0119downikiem polskiego romantyzmu, zyska\u0142 wielk\u0105 popularno\u015b\u0107 w\u015br\u00f3d czytelnik\u00f3w najznamienitszych pism francuskich lat 60. XIX w., ale te\u017c by\u0142 najg\u0142o\u015bniejszym or\u0119downikiem sprawy polskiej w publicystyce europejskiej owego pokolenia?<\/h5>\n<p>Klaczko urodzi\u0142 si\u0119 w rodzinie \u017cydowskiej, kt\u00f3ra reprezentowa\u0142a tradycje haskali. B\u0119d\u0105c zanurzonym w kulturze polskiej, rozpocz\u0105\u0142 studia w Kr\u00f3lewcu i Heidelbergu. Patriotyzm i mi\u0142o\u015b\u0107 do Polski spowodowa\u0142y, \u017ce zosta\u0142 uczestnikiem powstania wielkopolskiego (1848 r.), zaprzyja\u017aniaj\u0105c si\u0119 z jego przyw\u00f3dc\u0105 Dezyderym Ch\u0142apowskim.\u00a0 Gdy upad\u0142o, wyjecha\u0142 do Pary\u017ca, gdzie zwi\u0105za\u0142 si\u0119 z dzia\u0142aj\u0105cym w nim Hotelu Lambert. Grupa ta skupia\u0142a polsk\u0105 emigracj\u0119 po fiasku antyrosyjskiego powstania listopadowego (1831 r.) na ziemiach polskich \u2013 g\u0142\u00f3wnie bywalcami wspomnianego hotelu, od kt\u00f3rego powsta\u0142a nazwa tej grupy, by\u0142a rodz\u0105ca si\u0119 w\u00f3wczas maj\u0119tna inteligencja. W kr\u0119gu tym spotykali si\u0119 przede wszystkim katolicy o konserwatywnych przekonaniach. Pod wp\u0142ywem atmosfery tego miejsca Klaczko przyj\u0105\u0142 chrzest i zaprzyja\u017ani\u0142 si\u0119 z biskupem kujawsko-kaliskim J\u00f3zefem Szczepanem Ko\u017amianem.<\/p>\n<p>Klaczko karier\u0119 rozpocz\u0105\u0142 od wsp\u00f3\u0142pracy z poczytn\u0105 francusk\u0105 gazet\u0105 \u201eRevue des Deux Mondes\u201d. Publikowa\u0142 w niej artyku\u0142y na temat literatury polskiej, zarazem bior\u0105c udzia\u0142 w edycji pism Adama Mickiewicza. T\u0142umaczy\u0142 tak\u017ce jego dzie\u0142a na j\u0119zyk hebrajski. Dzi\u0119ki uznaniu francuskich czytelnik\u00f3w, zosta\u0142 cz\u0142onkiem Akademii Francuskiej.<\/p>\n<p>Gdy na ziemiach polskich wybuch\u0142o powstanie styczniowe (1863 r.), zaanga\u017cowa\u0142 si\u0119 w akcj\u0119 dyplomatyczn\u0105 na rzecz sprawy polskiej. Mimo pora\u017cki powsta\u0144c\u00f3w, pozosta\u0142 oddany kwestii niepodleg\u0142o\u015bci Polski. Wyjecha\u0142 do Galicji, gdzie w 1870 r. zosta\u0142 mianowany austriackim radc\u0105 dworu przy Ministerstwie Spraw Zagranicznych. Stanowisko to wykorzystywa\u0142, pr\u00f3buj\u0105c wp\u0142yn\u0105\u0107 na polityk\u0119 Europy wobec sprawy polskiej. Gdy cele, jakie sobie postawi\u0142, nie przynios\u0142y spodziewanych efekt\u00f3w, oko\u0142o 1888 r. zaj\u0105\u0142 si\u0119 pisaniem esej\u00f3w o sztuce, zostaj\u0105c cz\u0142onkiem krakowskiej Akademii Umiej\u0119tno\u015bci.<\/p>\n<p>W opinii niekt\u00f3rych polskich badaczy Klaczko by\u0142 jednym z najwybitniejszych umys\u0142\u00f3w XIX-wiecznej Europy. Zosta\u0142 pochowany na Cmentarzu Rakowickim w Krakowie w kwaterze nr 1.<\/p>\n","protected":false},"excerpt":{"rendered":"<p>Dokonania Juliana Klaczki (1825-1906), a w\u0142a\u015bciwie Jehudy Lejba, na niwie kultury polskiej s\u0105 dzi\u015b zupe\u0142nie zapomniane. Wielu badaczy fascynowa\u0142a szczeg\u00f3lnie jego zawrotna i niepospolita kariera europejska. Jak do tego dosz\u0142o,&hellip;<\/p>\n","protected":false},"author":7,"featured_media":15318,"comment_status":"closed","ping_status":"open","sticky":false,"template":"","format":"standard","meta":{"_mi_skip_tracking":false,"footnotes":""},"categories":[46],"tags":[],"class_list":["post-15317","post","type-post","status-publish","format-standard","has-post-thumbnail","hentry","category-historia"],"yoast_head":"<!-- This site is optimized with the Yoast SEO plugin v19.4 - https:\/\/yoast.com\/wordpress\/plugins\/seo\/ -->\n<title>Julian Klaczko \u2013 wsp\u00f3\u0142tw\u00f3rca ideologii polskiego konserwatyzmu - Godno\u015b\u0107 - DignityNews.eu<\/title>\n<meta name=\"robots\" content=\"index, follow, max-snippet:-1, max-image-preview:large, max-video-preview:-1\" \/>\n<link rel=\"canonical\" href=\"https:\/\/dignitynews.eu\/pl\/julian-klaczko-wspoltworca-ideologii-polskiego-konserwatyzmu\/\" \/>\n<meta property=\"og:locale\" content=\"pl_PL\" \/>\n<meta property=\"og:type\" content=\"article\" \/>\n<meta property=\"og:title\" content=\"Julian Klaczko \u2013 wsp\u00f3\u0142tw\u00f3rca ideologii polskiego konserwatyzmu - Godno\u015b\u0107 - DignityNews.eu\" \/>\n<meta property=\"og:description\" content=\"Dokonania Juliana Klaczki (1825-1906), a w\u0142a\u015bciwie Jehudy Lejba, na niwie kultury polskiej s\u0105 dzi\u015b zupe\u0142nie zapomniane. Wielu badaczy fascynowa\u0142a szczeg\u00f3lnie jego zawrotna i niepospolita kariera europejska. Jak do tego dosz\u0142o,&hellip;\" \/>\n<meta property=\"og:url\" content=\"https:\/\/dignitynews.eu\/pl\/julian-klaczko-wspoltworca-ideologii-polskiego-konserwatyzmu\/\" \/>\n<meta property=\"og:site_name\" content=\"Godno\u015b\u0107 - DignityNews.eu\" \/>\n<meta property=\"article:published_time\" content=\"2022-04-22T09:36:20+00:00\" \/>\n<meta property=\"og:image\" content=\"https:\/\/dignitynews.eu\/wp-content\/uploads\/2022\/04\/Kwiatkowski_Chopins_Polonaise-1024x495.jpg\" \/>\n\t<meta property=\"og:image:width\" content=\"1024\" \/>\n\t<meta property=\"og:image:height\" content=\"495\" \/>\n\t<meta property=\"og:image:type\" content=\"image\/jpeg\" \/>\n<meta name=\"author\" content=\"Dignity News\" \/>\n<meta name=\"twitter:card\" content=\"summary_large_image\" \/>\n<meta name=\"twitter:label1\" content=\"Napisane przez\" \/>\n\t<meta name=\"twitter:data1\" content=\"Dignity News\" \/>\n\t<meta name=\"twitter:label2\" content=\"Szacowany czas czytania\" \/>\n\t<meta name=\"twitter:data2\" content=\"2 minuty\" \/>\n<script type=\"application\/ld+json\" class=\"yoast-schema-graph\">{\"@context\":\"https:\/\/schema.org\",\"@graph\":[{\"@type\":\"WebSite\",\"@id\":\"https:\/\/dignitynews.eu\/pl\/#website\",\"url\":\"https:\/\/dignitynews.eu\/pl\/\",\"name\":\"Godno\u015b\u0107 - DignityNews.eu\",\"description\":\"\",\"potentialAction\":[{\"@type\":\"SearchAction\",\"target\":{\"@type\":\"EntryPoint\",\"urlTemplate\":\"https:\/\/dignitynews.eu\/pl\/?s={search_term_string}\"},\"query-input\":\"required name=search_term_string\"}],\"inLanguage\":\"pl-PL\"},{\"@type\":\"WebPage\",\"@id\":\"https:\/\/dignitynews.eu\/pl\/julian-klaczko-wspoltworca-ideologii-polskiego-konserwatyzmu\/\",\"url\":\"https:\/\/dignitynews.eu\/pl\/julian-klaczko-wspoltworca-ideologii-polskiego-konserwatyzmu\/\",\"name\":\"Julian Klaczko \u2013 wsp\u00f3\u0142tw\u00f3rca ideologii polskiego konserwatyzmu - Godno\u015b\u0107 - DignityNews.eu\",\"isPartOf\":{\"@id\":\"https:\/\/dignitynews.eu\/pl\/#website\"},\"datePublished\":\"2022-04-22T09:36:20+00:00\",\"dateModified\":\"2022-04-22T09:36:20+00:00\",\"author\":{\"@id\":\"https:\/\/dignitynews.eu\/pl\/#\/schema\/person\/0b62b762b8174802fabc81a3ecb1bfcb\"},\"breadcrumb\":{\"@id\":\"https:\/\/dignitynews.eu\/pl\/julian-klaczko-wspoltworca-ideologii-polskiego-konserwatyzmu\/#breadcrumb\"},\"inLanguage\":\"pl-PL\",\"potentialAction\":[{\"@type\":\"ReadAction\",\"target\":[\"https:\/\/dignitynews.eu\/pl\/julian-klaczko-wspoltworca-ideologii-polskiego-konserwatyzmu\/\"]}]},{\"@type\":\"BreadcrumbList\",\"@id\":\"https:\/\/dignitynews.eu\/pl\/julian-klaczko-wspoltworca-ideologii-polskiego-konserwatyzmu\/#breadcrumb\",\"itemListElement\":[{\"@type\":\"ListItem\",\"position\":1,\"name\":\"Strona g\u0142\u00f3wna\",\"item\":\"https:\/\/dignitynews.eu\/pl\/\"},{\"@type\":\"ListItem\",\"position\":2,\"name\":\"Julian Klaczko \u2013 wsp\u00f3\u0142tw\u00f3rca ideologii polskiego konserwatyzmu\"}]},{\"@type\":\"Person\",\"@id\":\"https:\/\/dignitynews.eu\/pl\/#\/schema\/person\/0b62b762b8174802fabc81a3ecb1bfcb\",\"name\":\"Dignity News\",\"image\":{\"@type\":\"ImageObject\",\"inLanguage\":\"pl-PL\",\"@id\":\"https:\/\/dignitynews.eu\/pl\/#\/schema\/person\/image\/\",\"url\":\"https:\/\/secure.gravatar.com\/avatar\/97963171a6d9108f8381bbefb1c6b150c445b6ddd9e3077b96c86cf5892c85dc?s=96&d=mm&r=g\",\"contentUrl\":\"https:\/\/secure.gravatar.com\/avatar\/97963171a6d9108f8381bbefb1c6b150c445b6ddd9e3077b96c86cf5892c85dc?s=96&d=mm&r=g\",\"caption\":\"Dignity News\"},\"url\":\"https:\/\/dignitynews.eu\/pl\/author\/mikolaj-palade\/\"}]}<\/script>\n<!-- \/ Yoast SEO plugin. -->","yoast_head_json":{"title":"Julian Klaczko \u2013 wsp\u00f3\u0142tw\u00f3rca ideologii polskiego konserwatyzmu - Godno\u015b\u0107 - DignityNews.eu","robots":{"index":"index","follow":"follow","max-snippet":"max-snippet:-1","max-image-preview":"max-image-preview:large","max-video-preview":"max-video-preview:-1"},"canonical":"https:\/\/dignitynews.eu\/pl\/julian-klaczko-wspoltworca-ideologii-polskiego-konserwatyzmu\/","og_locale":"pl_PL","og_type":"article","og_title":"Julian Klaczko \u2013 wsp\u00f3\u0142tw\u00f3rca ideologii polskiego konserwatyzmu - Godno\u015b\u0107 - DignityNews.eu","og_description":"Dokonania Juliana Klaczki (1825-1906), a w\u0142a\u015bciwie Jehudy Lejba, na niwie kultury polskiej s\u0105 dzi\u015b zupe\u0142nie zapomniane. Wielu badaczy fascynowa\u0142a szczeg\u00f3lnie jego zawrotna i niepospolita kariera europejska. Jak do tego dosz\u0142o,&hellip;","og_url":"https:\/\/dignitynews.eu\/pl\/julian-klaczko-wspoltworca-ideologii-polskiego-konserwatyzmu\/","og_site_name":"Godno\u015b\u0107 - DignityNews.eu","article_published_time":"2022-04-22T09:36:20+00:00","og_image":[{"width":1024,"height":495,"url":"https:\/\/dignitynews.eu\/wp-content\/uploads\/2022\/04\/Kwiatkowski_Chopins_Polonaise-1024x495.jpg","type":"image\/jpeg"}],"author":"Dignity News","twitter_card":"summary_large_image","twitter_misc":{"Napisane przez":"Dignity News","Szacowany czas czytania":"2 minuty"},"schema":{"@context":"https:\/\/schema.org","@graph":[{"@type":"WebSite","@id":"https:\/\/dignitynews.eu\/pl\/#website","url":"https:\/\/dignitynews.eu\/pl\/","name":"Godno\u015b\u0107 - DignityNews.eu","description":"","potentialAction":[{"@type":"SearchAction","target":{"@type":"EntryPoint","urlTemplate":"https:\/\/dignitynews.eu\/pl\/?s={search_term_string}"},"query-input":"required name=search_term_string"}],"inLanguage":"pl-PL"},{"@type":"WebPage","@id":"https:\/\/dignitynews.eu\/pl\/julian-klaczko-wspoltworca-ideologii-polskiego-konserwatyzmu\/","url":"https:\/\/dignitynews.eu\/pl\/julian-klaczko-wspoltworca-ideologii-polskiego-konserwatyzmu\/","name":"Julian Klaczko \u2013 wsp\u00f3\u0142tw\u00f3rca ideologii polskiego konserwatyzmu - Godno\u015b\u0107 - DignityNews.eu","isPartOf":{"@id":"https:\/\/dignitynews.eu\/pl\/#website"},"datePublished":"2022-04-22T09:36:20+00:00","dateModified":"2022-04-22T09:36:20+00:00","author":{"@id":"https:\/\/dignitynews.eu\/pl\/#\/schema\/person\/0b62b762b8174802fabc81a3ecb1bfcb"},"breadcrumb":{"@id":"https:\/\/dignitynews.eu\/pl\/julian-klaczko-wspoltworca-ideologii-polskiego-konserwatyzmu\/#breadcrumb"},"inLanguage":"pl-PL","potentialAction":[{"@type":"ReadAction","target":["https:\/\/dignitynews.eu\/pl\/julian-klaczko-wspoltworca-ideologii-polskiego-konserwatyzmu\/"]}]},{"@type":"BreadcrumbList","@id":"https:\/\/dignitynews.eu\/pl\/julian-klaczko-wspoltworca-ideologii-polskiego-konserwatyzmu\/#breadcrumb","itemListElement":[{"@type":"ListItem","position":1,"name":"Strona g\u0142\u00f3wna","item":"https:\/\/dignitynews.eu\/pl\/"},{"@type":"ListItem","position":2,"name":"Julian Klaczko \u2013 wsp\u00f3\u0142tw\u00f3rca ideologii polskiego konserwatyzmu"}]},{"@type":"Person","@id":"https:\/\/dignitynews.eu\/pl\/#\/schema\/person\/0b62b762b8174802fabc81a3ecb1bfcb","name":"Dignity News","image":{"@type":"ImageObject","inLanguage":"pl-PL","@id":"https:\/\/dignitynews.eu\/pl\/#\/schema\/person\/image\/","url":"https:\/\/secure.gravatar.com\/avatar\/97963171a6d9108f8381bbefb1c6b150c445b6ddd9e3077b96c86cf5892c85dc?s=96&d=mm&r=g","contentUrl":"https:\/\/secure.gravatar.com\/avatar\/97963171a6d9108f8381bbefb1c6b150c445b6ddd9e3077b96c86cf5892c85dc?s=96&d=mm&r=g","caption":"Dignity News"},"url":"https:\/\/dignitynews.eu\/pl\/author\/mikolaj-palade\/"}]}},"_links":{"self":[{"href":"https:\/\/dignitynews.eu\/pl\/wp-json\/wp\/v2\/posts\/15317","targetHints":{"allow":["GET"]}}],"collection":[{"href":"https:\/\/dignitynews.eu\/pl\/wp-json\/wp\/v2\/posts"}],"about":[{"href":"https:\/\/dignitynews.eu\/pl\/wp-json\/wp\/v2\/types\/post"}],"author":[{"embeddable":true,"href":"https:\/\/dignitynews.eu\/pl\/wp-json\/wp\/v2\/users\/7"}],"replies":[{"embeddable":true,"href":"https:\/\/dignitynews.eu\/pl\/wp-json\/wp\/v2\/comments?post=15317"}],"version-history":[{"count":1,"href":"https:\/\/dignitynews.eu\/pl\/wp-json\/wp\/v2\/posts\/15317\/revisions"}],"predecessor-version":[{"id":15323,"href":"https:\/\/dignitynews.eu\/pl\/wp-json\/wp\/v2\/posts\/15317\/revisions\/15323"}],"wp:featuredmedia":[{"embeddable":true,"href":"https:\/\/dignitynews.eu\/pl\/wp-json\/wp\/v2\/media\/15318"}],"wp:attachment":[{"href":"https:\/\/dignitynews.eu\/pl\/wp-json\/wp\/v2\/media?parent=15317"}],"wp:term":[{"taxonomy":"category","embeddable":true,"href":"https:\/\/dignitynews.eu\/pl\/wp-json\/wp\/v2\/categories?post=15317"},{"taxonomy":"post_tag","embeddable":true,"href":"https:\/\/dignitynews.eu\/pl\/wp-json\/wp\/v2\/tags?post=15317"}],"curies":[{"name":"wp","href":"https:\/\/api.w.org\/{rel}","templated":true}]}}