{"id":15177,"date":"2022-04-21T10:55:56","date_gmt":"2022-04-21T08:55:56","guid":{"rendered":"https:\/\/dignitynews.eu\/?p=15177"},"modified":"2022-04-21T10:55:56","modified_gmt":"2022-04-21T08:55:56","slug":"raport-otodom-i-polityka-insight-polacy-wynajmuja-bo-nie-stac-ich-na-zakup-mieszkania","status":"publish","type":"post","link":"https:\/\/dignitynews.eu\/pl\/raport-otodom-i-polityka-insight-polacy-wynajmuja-bo-nie-stac-ich-na-zakup-mieszkania\/","title":{"rendered":"Raport Otodom i Polityka Insight &#8211; Polacy wynajmuj\u0105, bo nie sta\u0107 ich na zakup mieszkania"},"content":{"rendered":"<h5>Portal z og\u0142oszeniami nieruchomo\u015bci Otodom i Polityka Insight opublikowa\u0142y wsp\u00f3lny raport dotycz\u0105cy sytuacji na polskim rynku nieruchomo\u015bci w I kwartale 2022 roku. W raporcie uwzgl\u0119dniono tak\u017ce dane dotycz\u0105ce wynajmu.<\/h5>\n<p>Wed\u0142ug raportu typowy polski najemca to najcz\u0119\u015bciej para bez dzieci przed trzydziestym rokiem \u017cycia, z dochodem rozporz\u0105dzalnym oko\u0142o 3-4 tysi\u0105ce z\u0142otych na osob\u0119. W przewa\u017caj\u0105cej wi\u0119kszo\u015bci wynajmuj\u0105 mieszkanie, bo nie sta\u0107 ich na kupno w\u0142asnego. Tak wskazuje a\u017c 79 proc. os\u00f3b zapytanych w badaniu, na kt\u00f3re powo\u0142uj\u0105 si\u0119 autorzy raportu.<\/p>\n<p>Obecnie typowe gospodarstwo domowe najemc\u00f3w sk\u0142ada si\u0119 z dw\u00f3ch os\u00f3b, podaje raport. Zwykle jest to bezdzietna para \u2013 to a\u017c jedna czwarta wszystkich najemc\u00f3w. 5 proc. os\u00f3b, kt\u00f3re w ten spos\u00f3b zamieszkuj\u0105, to samotni rodzice z dzieckiem, a 14 proc. to gospodarstwa domowe wynajmowane wsp\u00f3lnie przez kilku wsp\u00f3\u0142lokator\u00f3w. Wed\u0142ug danych zebranych w raporcie a\u017c 65 proc. obecnych najemc\u00f3w my\u015bli w tym momencie o kupnie mieszkania lub domu.<\/p>\n<p>\u2013 Co dziesi\u0105ty najemca chce kupi\u0107 mieszkanie lub dom w ci\u0105gu roku, a kolejne 15 proc. w ci\u0105gu najbli\u017cszych trzech lat. Takie preferencje s\u0105 wynikiem du\u017cego przywi\u0105zania Polak\u00f3w do w\u0142asno\u015bci \u2013 og\u00f3\u0142em a\u017c 89 proc. woli mieszka\u0107 we w\u0142asnym mieszkaniu. W\u015br\u00f3d najemc\u00f3w odsetek ten jest nieznacznie ni\u017cszy i wynosi 82 procent \u2013 podaj\u0105 autorzy publikacji cytowani w portalu 300gospodarka.pl.<\/p>\n<p>Liczba nowych mieszka\u0144 na sprzeda\u017c si\u0119 zmniejsza, ale ich ceny nadal rosn\u0105, wskazuje raport. Dro\u017cej\u0105 tak\u017ce mieszkania na sprzeda\u017c na rynku wt\u00f3rnym \u2013 chocia\u017c w ostatnim kwartale wolniej, ni\u017c nieruchomo\u015bci od deweloper\u00f3w.<\/p>\n<p>\u2013 W I kwartale \u015brednie ceny ofertowe mieszka\u0144 na portalu Otodom wzros\u0142y o 4,6 proc. To wzrost nieco mniejszy ni\u017c kwarta\u0142 wcze\u015bniej (5,2 proc.), ale i tak spowodowa\u0142 przyspieszenie dynamiki cen do \u015brednio 16,5 proc. w uj\u0119ciu rocznym. To najszybsze jak do tej pory tempo wzrostu w trakcie obecnej fazy boomu na rynku mieszkaniowym \u2013 czytamy w raporcie.<\/p>\n<p>Wed\u0142ug autor\u00f3w g\u0142\u00f3wnymi przyczynami wzrostu cen s\u0105 czynniki ekonomiczne &#8211; wy\u017csze ceny materia\u0142\u00f3w budowlanych oraz niedob\u00f3r pracownik\u00f3w w bran\u017cy budowlanej to. Ale w ostatnim kwartale du\u017c\u0105 rol\u0119 wci\u0105\u017c odgrywa\u0142y czynniki psychologiczne. Zw\u0142aszcza inwestorzy chcieli jak najszybciej i jak najdro\u017cej sprzeda\u0107 swoje mieszkania, by zd\u0105\u017cy\u0107 przed oczekiwanym spadkiem popytu.<\/p>\n<p>W ostatnich 3 miesi\u0105cach najbardziej wzros\u0142y ceny kawalerek oraz mieszka\u0144 w mniejszych miejscowo\u015bciach. To dlatego, \u017ce przez ni\u017csz\u0105 zdolno\u015b\u0107 kredytow\u0105 ludzi sta\u0107 na mniejszy kredyt \u2013 sugeruj\u0105 autorzy raportu. Kupcy szukaj\u0105 wi\u0119c ta\u0144szych opcji. A ta\u0144sze s\u0105 mieszkania mniejsze i poza metropoliami.<\/p>\n<p>Arkadiusz S\u0142omczy\u0144ski zlec<\/p>\n","protected":false},"excerpt":{"rendered":"<p>Portal z og\u0142oszeniami nieruchomo\u015bci Otodom i Polityka Insight opublikowa\u0142y wsp\u00f3lny raport dotycz\u0105cy sytuacji na polskim rynku nieruchomo\u015bci w I kwartale 2022 roku. W raporcie uwzgl\u0119dniono tak\u017ce dane dotycz\u0105ce wynajmu. Wed\u0142ug&hellip;<\/p>\n","protected":false},"author":7,"featured_media":15178,"comment_status":"closed","ping_status":"open","sticky":false,"template":"","format":"standard","meta":{"_mi_skip_tracking":false,"footnotes":""},"categories":[48],"tags":[],"class_list":["post-15177","post","type-post","status-publish","format-standard","has-post-thumbnail","hentry","category-gospodarka"],"yoast_head":"<!-- This site is optimized with the Yoast SEO plugin v19.4 - https:\/\/yoast.com\/wordpress\/plugins\/seo\/ -->\n<title>Raport Otodom i Polityka Insight - Polacy wynajmuj\u0105, bo nie sta\u0107 ich na zakup mieszkania - Godno\u015b\u0107 - DignityNews.eu<\/title>\n<meta name=\"robots\" content=\"index, follow, max-snippet:-1, max-image-preview:large, max-video-preview:-1\" \/>\n<link rel=\"canonical\" href=\"https:\/\/dignitynews.eu\/pl\/raport-otodom-i-polityka-insight-polacy-wynajmuja-bo-nie-stac-ich-na-zakup-mieszkania\/\" \/>\n<meta property=\"og:locale\" content=\"pl_PL\" \/>\n<meta property=\"og:type\" content=\"article\" \/>\n<meta property=\"og:title\" content=\"Raport Otodom i Polityka Insight - Polacy wynajmuj\u0105, bo nie sta\u0107 ich na zakup mieszkania - Godno\u015b\u0107 - DignityNews.eu\" \/>\n<meta property=\"og:description\" content=\"Portal z og\u0142oszeniami nieruchomo\u015bci Otodom i Polityka Insight opublikowa\u0142y wsp\u00f3lny raport dotycz\u0105cy sytuacji na polskim rynku nieruchomo\u015bci w I kwartale 2022 roku. W raporcie uwzgl\u0119dniono tak\u017ce dane dotycz\u0105ce wynajmu. Wed\u0142ug&hellip;\" \/>\n<meta property=\"og:url\" content=\"https:\/\/dignitynews.eu\/pl\/raport-otodom-i-polityka-insight-polacy-wynajmuja-bo-nie-stac-ich-na-zakup-mieszkania\/\" \/>\n<meta property=\"og:site_name\" content=\"Godno\u015b\u0107 - DignityNews.eu\" \/>\n<meta property=\"article:published_time\" content=\"2022-04-21T08:55:56+00:00\" \/>\n<meta property=\"og:image\" content=\"https:\/\/dignitynews.eu\/wp-content\/uploads\/2022\/04\/Nieruchomosci-na-wynajem-raport-\u2013-fot.-Piotr-Kamionka-REPORTER.jpg\" \/>\n\t<meta property=\"og:image:width\" content=\"1500\" \/>\n\t<meta property=\"og:image:height\" content=\"1122\" \/>\n\t<meta property=\"og:image:type\" content=\"image\/jpeg\" \/>\n<meta name=\"author\" content=\"Dignity News\" \/>\n<meta name=\"twitter:card\" content=\"summary_large_image\" \/>\n<meta name=\"twitter:label1\" content=\"Napisane przez\" \/>\n\t<meta name=\"twitter:data1\" content=\"Dignity News\" \/>\n\t<meta name=\"twitter:label2\" content=\"Szacowany czas czytania\" \/>\n\t<meta name=\"twitter:data2\" content=\"2 minuty\" \/>\n<script type=\"application\/ld+json\" class=\"yoast-schema-graph\">{\"@context\":\"https:\/\/schema.org\",\"@graph\":[{\"@type\":\"WebSite\",\"@id\":\"https:\/\/dignitynews.eu\/pl\/#website\",\"url\":\"https:\/\/dignitynews.eu\/pl\/\",\"name\":\"Godno\u015b\u0107 - DignityNews.eu\",\"description\":\"\",\"potentialAction\":[{\"@type\":\"SearchAction\",\"target\":{\"@type\":\"EntryPoint\",\"urlTemplate\":\"https:\/\/dignitynews.eu\/pl\/?s={search_term_string}\"},\"query-input\":\"required name=search_term_string\"}],\"inLanguage\":\"pl-PL\"},{\"@type\":\"WebPage\",\"@id\":\"https:\/\/dignitynews.eu\/pl\/raport-otodom-i-polityka-insight-polacy-wynajmuja-bo-nie-stac-ich-na-zakup-mieszkania\/\",\"url\":\"https:\/\/dignitynews.eu\/pl\/raport-otodom-i-polityka-insight-polacy-wynajmuja-bo-nie-stac-ich-na-zakup-mieszkania\/\",\"name\":\"Raport Otodom i Polityka Insight - Polacy wynajmuj\u0105, bo nie sta\u0107 ich na zakup mieszkania - Godno\u015b\u0107 - DignityNews.eu\",\"isPartOf\":{\"@id\":\"https:\/\/dignitynews.eu\/pl\/#website\"},\"datePublished\":\"2022-04-21T08:55:56+00:00\",\"dateModified\":\"2022-04-21T08:55:56+00:00\",\"author\":{\"@id\":\"https:\/\/dignitynews.eu\/pl\/#\/schema\/person\/0b62b762b8174802fabc81a3ecb1bfcb\"},\"breadcrumb\":{\"@id\":\"https:\/\/dignitynews.eu\/pl\/raport-otodom-i-polityka-insight-polacy-wynajmuja-bo-nie-stac-ich-na-zakup-mieszkania\/#breadcrumb\"},\"inLanguage\":\"pl-PL\",\"potentialAction\":[{\"@type\":\"ReadAction\",\"target\":[\"https:\/\/dignitynews.eu\/pl\/raport-otodom-i-polityka-insight-polacy-wynajmuja-bo-nie-stac-ich-na-zakup-mieszkania\/\"]}]},{\"@type\":\"BreadcrumbList\",\"@id\":\"https:\/\/dignitynews.eu\/pl\/raport-otodom-i-polityka-insight-polacy-wynajmuja-bo-nie-stac-ich-na-zakup-mieszkania\/#breadcrumb\",\"itemListElement\":[{\"@type\":\"ListItem\",\"position\":1,\"name\":\"Strona g\u0142\u00f3wna\",\"item\":\"https:\/\/dignitynews.eu\/pl\/\"},{\"@type\":\"ListItem\",\"position\":2,\"name\":\"Raport Otodom i Polityka Insight &#8211; Polacy wynajmuj\u0105, bo nie sta\u0107 ich na zakup mieszkania\"}]},{\"@type\":\"Person\",\"@id\":\"https:\/\/dignitynews.eu\/pl\/#\/schema\/person\/0b62b762b8174802fabc81a3ecb1bfcb\",\"name\":\"Dignity News\",\"image\":{\"@type\":\"ImageObject\",\"inLanguage\":\"pl-PL\",\"@id\":\"https:\/\/dignitynews.eu\/pl\/#\/schema\/person\/image\/\",\"url\":\"https:\/\/secure.gravatar.com\/avatar\/97963171a6d9108f8381bbefb1c6b150c445b6ddd9e3077b96c86cf5892c85dc?s=96&d=mm&r=g\",\"contentUrl\":\"https:\/\/secure.gravatar.com\/avatar\/97963171a6d9108f8381bbefb1c6b150c445b6ddd9e3077b96c86cf5892c85dc?s=96&d=mm&r=g\",\"caption\":\"Dignity News\"},\"url\":\"https:\/\/dignitynews.eu\/pl\/author\/mikolaj-palade\/\"}]}<\/script>\n<!-- \/ Yoast SEO plugin. -->","yoast_head_json":{"title":"Raport Otodom i Polityka Insight - Polacy wynajmuj\u0105, bo nie sta\u0107 ich na zakup mieszkania - Godno\u015b\u0107 - DignityNews.eu","robots":{"index":"index","follow":"follow","max-snippet":"max-snippet:-1","max-image-preview":"max-image-preview:large","max-video-preview":"max-video-preview:-1"},"canonical":"https:\/\/dignitynews.eu\/pl\/raport-otodom-i-polityka-insight-polacy-wynajmuja-bo-nie-stac-ich-na-zakup-mieszkania\/","og_locale":"pl_PL","og_type":"article","og_title":"Raport Otodom i Polityka Insight - Polacy wynajmuj\u0105, bo nie sta\u0107 ich na zakup mieszkania - Godno\u015b\u0107 - DignityNews.eu","og_description":"Portal z og\u0142oszeniami nieruchomo\u015bci Otodom i Polityka Insight opublikowa\u0142y wsp\u00f3lny raport dotycz\u0105cy sytuacji na polskim rynku nieruchomo\u015bci w I kwartale 2022 roku. W raporcie uwzgl\u0119dniono tak\u017ce dane dotycz\u0105ce wynajmu. Wed\u0142ug&hellip;","og_url":"https:\/\/dignitynews.eu\/pl\/raport-otodom-i-polityka-insight-polacy-wynajmuja-bo-nie-stac-ich-na-zakup-mieszkania\/","og_site_name":"Godno\u015b\u0107 - DignityNews.eu","article_published_time":"2022-04-21T08:55:56+00:00","og_image":[{"width":1500,"height":1122,"url":"https:\/\/dignitynews.eu\/wp-content\/uploads\/2022\/04\/Nieruchomosci-na-wynajem-raport-\u2013-fot.-Piotr-Kamionka-REPORTER.jpg","type":"image\/jpeg"}],"author":"Dignity News","twitter_card":"summary_large_image","twitter_misc":{"Napisane przez":"Dignity News","Szacowany czas czytania":"2 minuty"},"schema":{"@context":"https:\/\/schema.org","@graph":[{"@type":"WebSite","@id":"https:\/\/dignitynews.eu\/pl\/#website","url":"https:\/\/dignitynews.eu\/pl\/","name":"Godno\u015b\u0107 - DignityNews.eu","description":"","potentialAction":[{"@type":"SearchAction","target":{"@type":"EntryPoint","urlTemplate":"https:\/\/dignitynews.eu\/pl\/?s={search_term_string}"},"query-input":"required name=search_term_string"}],"inLanguage":"pl-PL"},{"@type":"WebPage","@id":"https:\/\/dignitynews.eu\/pl\/raport-otodom-i-polityka-insight-polacy-wynajmuja-bo-nie-stac-ich-na-zakup-mieszkania\/","url":"https:\/\/dignitynews.eu\/pl\/raport-otodom-i-polityka-insight-polacy-wynajmuja-bo-nie-stac-ich-na-zakup-mieszkania\/","name":"Raport Otodom i Polityka Insight - Polacy wynajmuj\u0105, bo nie sta\u0107 ich na zakup mieszkania - Godno\u015b\u0107 - DignityNews.eu","isPartOf":{"@id":"https:\/\/dignitynews.eu\/pl\/#website"},"datePublished":"2022-04-21T08:55:56+00:00","dateModified":"2022-04-21T08:55:56+00:00","author":{"@id":"https:\/\/dignitynews.eu\/pl\/#\/schema\/person\/0b62b762b8174802fabc81a3ecb1bfcb"},"breadcrumb":{"@id":"https:\/\/dignitynews.eu\/pl\/raport-otodom-i-polityka-insight-polacy-wynajmuja-bo-nie-stac-ich-na-zakup-mieszkania\/#breadcrumb"},"inLanguage":"pl-PL","potentialAction":[{"@type":"ReadAction","target":["https:\/\/dignitynews.eu\/pl\/raport-otodom-i-polityka-insight-polacy-wynajmuja-bo-nie-stac-ich-na-zakup-mieszkania\/"]}]},{"@type":"BreadcrumbList","@id":"https:\/\/dignitynews.eu\/pl\/raport-otodom-i-polityka-insight-polacy-wynajmuja-bo-nie-stac-ich-na-zakup-mieszkania\/#breadcrumb","itemListElement":[{"@type":"ListItem","position":1,"name":"Strona g\u0142\u00f3wna","item":"https:\/\/dignitynews.eu\/pl\/"},{"@type":"ListItem","position":2,"name":"Raport Otodom i Polityka Insight &#8211; Polacy wynajmuj\u0105, bo nie sta\u0107 ich na zakup mieszkania"}]},{"@type":"Person","@id":"https:\/\/dignitynews.eu\/pl\/#\/schema\/person\/0b62b762b8174802fabc81a3ecb1bfcb","name":"Dignity News","image":{"@type":"ImageObject","inLanguage":"pl-PL","@id":"https:\/\/dignitynews.eu\/pl\/#\/schema\/person\/image\/","url":"https:\/\/secure.gravatar.com\/avatar\/97963171a6d9108f8381bbefb1c6b150c445b6ddd9e3077b96c86cf5892c85dc?s=96&d=mm&r=g","contentUrl":"https:\/\/secure.gravatar.com\/avatar\/97963171a6d9108f8381bbefb1c6b150c445b6ddd9e3077b96c86cf5892c85dc?s=96&d=mm&r=g","caption":"Dignity News"},"url":"https:\/\/dignitynews.eu\/pl\/author\/mikolaj-palade\/"}]}},"_links":{"self":[{"href":"https:\/\/dignitynews.eu\/pl\/wp-json\/wp\/v2\/posts\/15177","targetHints":{"allow":["GET"]}}],"collection":[{"href":"https:\/\/dignitynews.eu\/pl\/wp-json\/wp\/v2\/posts"}],"about":[{"href":"https:\/\/dignitynews.eu\/pl\/wp-json\/wp\/v2\/types\/post"}],"author":[{"embeddable":true,"href":"https:\/\/dignitynews.eu\/pl\/wp-json\/wp\/v2\/users\/7"}],"replies":[{"embeddable":true,"href":"https:\/\/dignitynews.eu\/pl\/wp-json\/wp\/v2\/comments?post=15177"}],"version-history":[{"count":1,"href":"https:\/\/dignitynews.eu\/pl\/wp-json\/wp\/v2\/posts\/15177\/revisions"}],"predecessor-version":[{"id":15183,"href":"https:\/\/dignitynews.eu\/pl\/wp-json\/wp\/v2\/posts\/15177\/revisions\/15183"}],"wp:featuredmedia":[{"embeddable":true,"href":"https:\/\/dignitynews.eu\/pl\/wp-json\/wp\/v2\/media\/15178"}],"wp:attachment":[{"href":"https:\/\/dignitynews.eu\/pl\/wp-json\/wp\/v2\/media?parent=15177"}],"wp:term":[{"taxonomy":"category","embeddable":true,"href":"https:\/\/dignitynews.eu\/pl\/wp-json\/wp\/v2\/categories?post=15177"},{"taxonomy":"post_tag","embeddable":true,"href":"https:\/\/dignitynews.eu\/pl\/wp-json\/wp\/v2\/tags?post=15177"}],"curies":[{"name":"wp","href":"https:\/\/api.w.org\/{rel}","templated":true}]}}