{"id":14848,"date":"2022-04-19T14:46:00","date_gmt":"2022-04-19T12:46:00","guid":{"rendered":"https:\/\/dignitynews.eu\/?p=14848"},"modified":"2022-04-19T14:46:00","modified_gmt":"2022-04-19T12:46:00","slug":"mural-na-scianie-stacji-warszawskiego-metra-upamietnia-79-rocznice-wybuchu-powstania-w-getcie","status":"publish","type":"post","link":"https:\/\/dignitynews.eu\/pl\/mural-na-scianie-stacji-warszawskiego-metra-upamietnia-79-rocznice-wybuchu-powstania-w-getcie\/","title":{"rendered":"Mural na \u015bcianie stacji warszawskiego metra upami\u0119tnia 79. rocznic\u0119 wybuchu powstania w getcie"},"content":{"rendered":"<h5>Do 30 kwietnia na \u015bcianie stacji metra Centrum w Warszawie mo\u017cna ogl\u0105da\u0107 mural upami\u0119tniaj\u0105cy 79. rocznic\u0119 wybuchu powstania w getcie warszawskim i ludzi, dla kt\u00f3rych mi\u0142o\u015b\u0107 do drugiego cz\u0142owieka by\u0142a nadrz\u0119dn\u0105 warto\u015bci\u0105 \u2013 r\u00f3wnie\u017c podczas wojny.<\/h5>\n<p>Przez ca\u0142y wtorek trwa akcja spo\u0142eczno-edukacyjna \u017bonkile zorganizowana przez Muzeum Historii \u017byd\u00f3w Polskich \u201ePolin\u201d. Wolontariuszki i wolontariusze rozdaj\u0105 przechodniom przypinki do ubra\u0144 w formie \u017conkila &#8211; symbol pami\u0119ci o powsta\u0144cach z getta. W tym roku przygotowano ich 368 tys. &#8211; tyle, ilu \u017cydowskich mieszka\u0144c\u00f3w mia\u0142a Warszawa przed wybuchem II wojny \u015bwiatowej \u2013 informuje Muzeum.<\/p>\n<p>W\u015br\u00f3d postaci przedstawionych na \u015bciennym malowidle jest m.in. dr Anna Braude-Heller &#8211; lekarka, pediatra, dyrektorka i ordynatorka oddzia\u0142u niemowl\u0119cego w szpitalu Bersohn\u00f3w i Bauman\u00f3w w Warszawie. Cz\u0142onkini Bundu, po\u015bmiertnie odznaczona Orderem Virtuti Militari.<\/p>\n<p>Mural upami\u0119tnia tak\u017ce Stefani\u0119 Wilczy\u0144sk\u0105, \u201ePani\u0105 Stef\u0119\u201d. Wilczy\u0144ska by\u0142a pedago\u017ck\u0105, wyk\u0142adowczyni\u0105, w 1912 roku zosta\u0142a kierowniczk\u0105 Domu Sierot dla dzieci \u017cydowskich przy ulicy Krochmalnej 92. Wsp\u00f3\u0142tworzy\u0142a to miejsce wraz z Januszem Korczakiem.<\/p>\n<p>Jedn\u0105 z bohaterek malowid\u0142a jest te\u017c Alina Margolis-Edelman\u00a0 \u2013 lekarka i spo\u0142eczniczka. W getcie warszawskim by\u0142a uczennic\u0105 oraz piel\u0119gniark\u0105 w \u017bydowskiej Szkole Piel\u0119gniarek. Walczy\u0142a w powstaniu warszawskim, za co zosta\u0142a odznaczona Krzy\u017cem Walecznych. Po wojnie zosta\u0142a lekarzem pediatr\u0105.<\/p>\n<p>Na \u015bcianie stacji metra upami\u0119tniono tak\u017ce Mari\u0119 Ajzensztadt &#8211; utalentowan\u0105 \u015bpiewaczk\u0119 nazywan\u0105 \u201es\u0142owikiem getta\u201d. Na jej wyst\u0119py przychodzi\u0142y t\u0142umy. Dzi\u0119ki nim mieszka\u0144cy getta mogli chocia\u017c na chwil\u0119 zapomnie\u0107 o otaczaj\u0105cej ich rzeczywisto\u015bci. Pozosta\u0142e postaci na muralu to: Pola LIfszyc; Cywia Lubetkin \u201eCelina\u201d i Icchak Cukierman \u201eAntek\u201d; Stanis\u0142aw Chmielewski; Gela Seksztajn i Izrael Lichtensztajn oraz Irena Sendler i Adam Celnikier.<\/p>\n<p>Arkadiusz S\u0142omczy\u0144ski<\/p>\n","protected":false},"excerpt":{"rendered":"<p>Do 30 kwietnia na \u015bcianie stacji metra Centrum w Warszawie mo\u017cna ogl\u0105da\u0107 mural upami\u0119tniaj\u0105cy 79. rocznic\u0119 wybuchu powstania w getcie warszawskim i ludzi, dla kt\u00f3rych mi\u0142o\u015b\u0107 do drugiego cz\u0142owieka by\u0142a&hellip;<\/p>\n","protected":false},"author":7,"featured_media":14849,"comment_status":"closed","ping_status":"open","sticky":false,"template":"","format":"standard","meta":{"_mi_skip_tracking":false,"footnotes":""},"categories":[47],"tags":[],"class_list":["post-14848","post","type-post","status-publish","format-standard","has-post-thumbnail","hentry","category-wydarzenia"],"yoast_head":"<!-- This site is optimized with the Yoast SEO plugin v19.4 - https:\/\/yoast.com\/wordpress\/plugins\/seo\/ -->\n<title>Mural na \u015bcianie stacji warszawskiego metra upami\u0119tnia 79. rocznic\u0119 wybuchu powstania w getcie - Godno\u015b\u0107 - DignityNews.eu<\/title>\n<meta name=\"robots\" content=\"index, follow, max-snippet:-1, max-image-preview:large, max-video-preview:-1\" \/>\n<link rel=\"canonical\" href=\"https:\/\/dignitynews.eu\/pl\/mural-na-scianie-stacji-warszawskiego-metra-upamietnia-79-rocznice-wybuchu-powstania-w-getcie\/\" \/>\n<meta property=\"og:locale\" content=\"pl_PL\" \/>\n<meta property=\"og:type\" content=\"article\" \/>\n<meta property=\"og:title\" content=\"Mural na \u015bcianie stacji warszawskiego metra upami\u0119tnia 79. rocznic\u0119 wybuchu powstania w getcie - Godno\u015b\u0107 - DignityNews.eu\" \/>\n<meta property=\"og:description\" content=\"Do 30 kwietnia na \u015bcianie stacji metra Centrum w Warszawie mo\u017cna ogl\u0105da\u0107 mural upami\u0119tniaj\u0105cy 79. rocznic\u0119 wybuchu powstania w getcie warszawskim i ludzi, dla kt\u00f3rych mi\u0142o\u015b\u0107 do drugiego cz\u0142owieka by\u0142a&hellip;\" \/>\n<meta property=\"og:url\" content=\"https:\/\/dignitynews.eu\/pl\/mural-na-scianie-stacji-warszawskiego-metra-upamietnia-79-rocznice-wybuchu-powstania-w-getcie\/\" \/>\n<meta property=\"og:site_name\" content=\"Godno\u015b\u0107 - DignityNews.eu\" \/>\n<meta property=\"article:published_time\" content=\"2022-04-19T12:46:00+00:00\" \/>\n<meta property=\"og:image\" content=\"https:\/\/dignitynews.eu\/wp-content\/uploads\/2022\/04\/mural-stacja-Centrum-fot.-Muzeum-Historii-Zydow-Polskich-POLIN.jpg\" \/>\n\t<meta property=\"og:image:width\" content=\"1202\" \/>\n\t<meta property=\"og:image:height\" content=\"688\" \/>\n\t<meta property=\"og:image:type\" content=\"image\/jpeg\" \/>\n<meta name=\"author\" content=\"Dignity News\" \/>\n<meta name=\"twitter:card\" content=\"summary_large_image\" \/>\n<meta name=\"twitter:label1\" content=\"Napisane przez\" \/>\n\t<meta name=\"twitter:data1\" content=\"Dignity News\" \/>\n\t<meta name=\"twitter:label2\" content=\"Szacowany czas czytania\" \/>\n\t<meta name=\"twitter:data2\" content=\"2 minuty\" \/>\n<script type=\"application\/ld+json\" class=\"yoast-schema-graph\">{\"@context\":\"https:\/\/schema.org\",\"@graph\":[{\"@type\":\"WebSite\",\"@id\":\"https:\/\/dignitynews.eu\/pl\/#website\",\"url\":\"https:\/\/dignitynews.eu\/pl\/\",\"name\":\"Godno\u015b\u0107 - DignityNews.eu\",\"description\":\"\",\"potentialAction\":[{\"@type\":\"SearchAction\",\"target\":{\"@type\":\"EntryPoint\",\"urlTemplate\":\"https:\/\/dignitynews.eu\/pl\/?s={search_term_string}\"},\"query-input\":\"required name=search_term_string\"}],\"inLanguage\":\"pl-PL\"},{\"@type\":\"WebPage\",\"@id\":\"https:\/\/dignitynews.eu\/pl\/mural-na-scianie-stacji-warszawskiego-metra-upamietnia-79-rocznice-wybuchu-powstania-w-getcie\/\",\"url\":\"https:\/\/dignitynews.eu\/pl\/mural-na-scianie-stacji-warszawskiego-metra-upamietnia-79-rocznice-wybuchu-powstania-w-getcie\/\",\"name\":\"Mural na \u015bcianie stacji warszawskiego metra upami\u0119tnia 79. rocznic\u0119 wybuchu powstania w getcie - Godno\u015b\u0107 - DignityNews.eu\",\"isPartOf\":{\"@id\":\"https:\/\/dignitynews.eu\/pl\/#website\"},\"datePublished\":\"2022-04-19T12:46:00+00:00\",\"dateModified\":\"2022-04-19T12:46:00+00:00\",\"author\":{\"@id\":\"https:\/\/dignitynews.eu\/pl\/#\/schema\/person\/0b62b762b8174802fabc81a3ecb1bfcb\"},\"breadcrumb\":{\"@id\":\"https:\/\/dignitynews.eu\/pl\/mural-na-scianie-stacji-warszawskiego-metra-upamietnia-79-rocznice-wybuchu-powstania-w-getcie\/#breadcrumb\"},\"inLanguage\":\"pl-PL\",\"potentialAction\":[{\"@type\":\"ReadAction\",\"target\":[\"https:\/\/dignitynews.eu\/pl\/mural-na-scianie-stacji-warszawskiego-metra-upamietnia-79-rocznice-wybuchu-powstania-w-getcie\/\"]}]},{\"@type\":\"BreadcrumbList\",\"@id\":\"https:\/\/dignitynews.eu\/pl\/mural-na-scianie-stacji-warszawskiego-metra-upamietnia-79-rocznice-wybuchu-powstania-w-getcie\/#breadcrumb\",\"itemListElement\":[{\"@type\":\"ListItem\",\"position\":1,\"name\":\"Strona g\u0142\u00f3wna\",\"item\":\"https:\/\/dignitynews.eu\/pl\/\"},{\"@type\":\"ListItem\",\"position\":2,\"name\":\"Mural na \u015bcianie stacji warszawskiego metra upami\u0119tnia 79. rocznic\u0119 wybuchu powstania w getcie\"}]},{\"@type\":\"Person\",\"@id\":\"https:\/\/dignitynews.eu\/pl\/#\/schema\/person\/0b62b762b8174802fabc81a3ecb1bfcb\",\"name\":\"Dignity News\",\"image\":{\"@type\":\"ImageObject\",\"inLanguage\":\"pl-PL\",\"@id\":\"https:\/\/dignitynews.eu\/pl\/#\/schema\/person\/image\/\",\"url\":\"https:\/\/secure.gravatar.com\/avatar\/97963171a6d9108f8381bbefb1c6b150c445b6ddd9e3077b96c86cf5892c85dc?s=96&d=mm&r=g\",\"contentUrl\":\"https:\/\/secure.gravatar.com\/avatar\/97963171a6d9108f8381bbefb1c6b150c445b6ddd9e3077b96c86cf5892c85dc?s=96&d=mm&r=g\",\"caption\":\"Dignity News\"},\"url\":\"https:\/\/dignitynews.eu\/pl\/author\/mikolaj-palade\/\"}]}<\/script>\n<!-- \/ Yoast SEO plugin. -->","yoast_head_json":{"title":"Mural na \u015bcianie stacji warszawskiego metra upami\u0119tnia 79. rocznic\u0119 wybuchu powstania w getcie - Godno\u015b\u0107 - DignityNews.eu","robots":{"index":"index","follow":"follow","max-snippet":"max-snippet:-1","max-image-preview":"max-image-preview:large","max-video-preview":"max-video-preview:-1"},"canonical":"https:\/\/dignitynews.eu\/pl\/mural-na-scianie-stacji-warszawskiego-metra-upamietnia-79-rocznice-wybuchu-powstania-w-getcie\/","og_locale":"pl_PL","og_type":"article","og_title":"Mural na \u015bcianie stacji warszawskiego metra upami\u0119tnia 79. rocznic\u0119 wybuchu powstania w getcie - Godno\u015b\u0107 - DignityNews.eu","og_description":"Do 30 kwietnia na \u015bcianie stacji metra Centrum w Warszawie mo\u017cna ogl\u0105da\u0107 mural upami\u0119tniaj\u0105cy 79. rocznic\u0119 wybuchu powstania w getcie warszawskim i ludzi, dla kt\u00f3rych mi\u0142o\u015b\u0107 do drugiego cz\u0142owieka by\u0142a&hellip;","og_url":"https:\/\/dignitynews.eu\/pl\/mural-na-scianie-stacji-warszawskiego-metra-upamietnia-79-rocznice-wybuchu-powstania-w-getcie\/","og_site_name":"Godno\u015b\u0107 - DignityNews.eu","article_published_time":"2022-04-19T12:46:00+00:00","og_image":[{"width":1202,"height":688,"url":"https:\/\/dignitynews.eu\/wp-content\/uploads\/2022\/04\/mural-stacja-Centrum-fot.-Muzeum-Historii-Zydow-Polskich-POLIN.jpg","type":"image\/jpeg"}],"author":"Dignity News","twitter_card":"summary_large_image","twitter_misc":{"Napisane przez":"Dignity News","Szacowany czas czytania":"2 minuty"},"schema":{"@context":"https:\/\/schema.org","@graph":[{"@type":"WebSite","@id":"https:\/\/dignitynews.eu\/pl\/#website","url":"https:\/\/dignitynews.eu\/pl\/","name":"Godno\u015b\u0107 - DignityNews.eu","description":"","potentialAction":[{"@type":"SearchAction","target":{"@type":"EntryPoint","urlTemplate":"https:\/\/dignitynews.eu\/pl\/?s={search_term_string}"},"query-input":"required name=search_term_string"}],"inLanguage":"pl-PL"},{"@type":"WebPage","@id":"https:\/\/dignitynews.eu\/pl\/mural-na-scianie-stacji-warszawskiego-metra-upamietnia-79-rocznice-wybuchu-powstania-w-getcie\/","url":"https:\/\/dignitynews.eu\/pl\/mural-na-scianie-stacji-warszawskiego-metra-upamietnia-79-rocznice-wybuchu-powstania-w-getcie\/","name":"Mural na \u015bcianie stacji warszawskiego metra upami\u0119tnia 79. rocznic\u0119 wybuchu powstania w getcie - Godno\u015b\u0107 - DignityNews.eu","isPartOf":{"@id":"https:\/\/dignitynews.eu\/pl\/#website"},"datePublished":"2022-04-19T12:46:00+00:00","dateModified":"2022-04-19T12:46:00+00:00","author":{"@id":"https:\/\/dignitynews.eu\/pl\/#\/schema\/person\/0b62b762b8174802fabc81a3ecb1bfcb"},"breadcrumb":{"@id":"https:\/\/dignitynews.eu\/pl\/mural-na-scianie-stacji-warszawskiego-metra-upamietnia-79-rocznice-wybuchu-powstania-w-getcie\/#breadcrumb"},"inLanguage":"pl-PL","potentialAction":[{"@type":"ReadAction","target":["https:\/\/dignitynews.eu\/pl\/mural-na-scianie-stacji-warszawskiego-metra-upamietnia-79-rocznice-wybuchu-powstania-w-getcie\/"]}]},{"@type":"BreadcrumbList","@id":"https:\/\/dignitynews.eu\/pl\/mural-na-scianie-stacji-warszawskiego-metra-upamietnia-79-rocznice-wybuchu-powstania-w-getcie\/#breadcrumb","itemListElement":[{"@type":"ListItem","position":1,"name":"Strona g\u0142\u00f3wna","item":"https:\/\/dignitynews.eu\/pl\/"},{"@type":"ListItem","position":2,"name":"Mural na \u015bcianie stacji warszawskiego metra upami\u0119tnia 79. rocznic\u0119 wybuchu powstania w getcie"}]},{"@type":"Person","@id":"https:\/\/dignitynews.eu\/pl\/#\/schema\/person\/0b62b762b8174802fabc81a3ecb1bfcb","name":"Dignity News","image":{"@type":"ImageObject","inLanguage":"pl-PL","@id":"https:\/\/dignitynews.eu\/pl\/#\/schema\/person\/image\/","url":"https:\/\/secure.gravatar.com\/avatar\/97963171a6d9108f8381bbefb1c6b150c445b6ddd9e3077b96c86cf5892c85dc?s=96&d=mm&r=g","contentUrl":"https:\/\/secure.gravatar.com\/avatar\/97963171a6d9108f8381bbefb1c6b150c445b6ddd9e3077b96c86cf5892c85dc?s=96&d=mm&r=g","caption":"Dignity News"},"url":"https:\/\/dignitynews.eu\/pl\/author\/mikolaj-palade\/"}]}},"_links":{"self":[{"href":"https:\/\/dignitynews.eu\/pl\/wp-json\/wp\/v2\/posts\/14848","targetHints":{"allow":["GET"]}}],"collection":[{"href":"https:\/\/dignitynews.eu\/pl\/wp-json\/wp\/v2\/posts"}],"about":[{"href":"https:\/\/dignitynews.eu\/pl\/wp-json\/wp\/v2\/types\/post"}],"author":[{"embeddable":true,"href":"https:\/\/dignitynews.eu\/pl\/wp-json\/wp\/v2\/users\/7"}],"replies":[{"embeddable":true,"href":"https:\/\/dignitynews.eu\/pl\/wp-json\/wp\/v2\/comments?post=14848"}],"version-history":[{"count":1,"href":"https:\/\/dignitynews.eu\/pl\/wp-json\/wp\/v2\/posts\/14848\/revisions"}],"predecessor-version":[{"id":14854,"href":"https:\/\/dignitynews.eu\/pl\/wp-json\/wp\/v2\/posts\/14848\/revisions\/14854"}],"wp:featuredmedia":[{"embeddable":true,"href":"https:\/\/dignitynews.eu\/pl\/wp-json\/wp\/v2\/media\/14849"}],"wp:attachment":[{"href":"https:\/\/dignitynews.eu\/pl\/wp-json\/wp\/v2\/media?parent=14848"}],"wp:term":[{"taxonomy":"category","embeddable":true,"href":"https:\/\/dignitynews.eu\/pl\/wp-json\/wp\/v2\/categories?post=14848"},{"taxonomy":"post_tag","embeddable":true,"href":"https:\/\/dignitynews.eu\/pl\/wp-json\/wp\/v2\/tags?post=14848"}],"curies":[{"name":"wp","href":"https:\/\/api.w.org\/{rel}","templated":true}]}}