{"id":14778,"date":"2022-04-16T11:07:26","date_gmt":"2022-04-16T09:07:26","guid":{"rendered":"https:\/\/dignitynews.eu\/?p=14778"},"modified":"2022-04-16T11:07:26","modified_gmt":"2022-04-16T09:07:26","slug":"niech-zyje-walka-na-smierc-i-zycie-z-okupantem-powstanie-w-getcie-warszawskim-1943-roku","status":"publish","type":"post","link":"https:\/\/dignitynews.eu\/pl\/niech-zyje-walka-na-smierc-i-zycie-z-okupantem-powstanie-w-getcie-warszawskim-1943-roku\/","title":{"rendered":"\u201eNiech \u017cyje walka na \u015bmier\u0107 i \u017cycie z okupantem\u201d. Powstanie w getcie warszawskim 1943 roku"},"content":{"rendered":"<h5>\u00a0Niemcy dopuszczali do siebie my\u015bl, \u017ce zbrojny op\u00f3r w getcie warszawskim m\u00f3g\u0142 trwa\u0107 zaledwie 3 dni. Tyle czasu niemiecki okupant w swoich przewidywaniach potrzebowa\u0142, by militarnie pokona\u0107 \u017cydowskich powsta\u0144c\u00f3w i zlikwidowa\u0107 getto. By\u0107 mo\u017ce ca\u0142\u0105 akcj\u0119 planowano zako\u0144czy\u0107 jeszcze szybciej, gdy okaza\u0142o si\u0119, \u017ce powstanie wybuch\u0142o 19 kwietnia, czyli zaledwie jeden dzie\u0144 przed urodzinami Hitlera.<\/h5>\n<p>Jak pokaza\u0142 ju\u017c pierwszy dzie\u0144 powstania walki, wbrew za\u0142o\u017ceniom Niemc\u00f3w, by\u0142y zaci\u0119te i pokonanie \u017byd\u00f3w okaza\u0142o si\u0119 nie\u0142atwe. Getto broni\u0142o si\u0119 od drugiej po\u0142owy kwietnia 1943 r. do po\u0142owy czerwca tego roku, gdy ostatnia grupa \u017bydowskiego Zwi\u0105zku Wojskowego z Paw\u0142em Frenklem na czele zgin\u0119\u0142a w bunkrze przy ul. Grzybowskiej.<\/p>\n<p>W trakcie niemiecko-\u017cydowskiej bitwy na terenie getta niemieccy oprawcy u\u017cyli \u0142\u0105cznie: 1174 karabin\u00f3w, 135 pistolet\u00f3w automatycznych, 69 lekkich karabin\u00f3w maszynowych, 13 ci\u0119\u017ckich karabin\u00f3w maszynowych, dzia\u0142a, miotacze p\u0142omieni, 3 wozy pancerne i czo\u0142gi. Ich przewaga militarna by\u0142a ogromna. Akcj\u0105 dowodzi\u0142 pocz\u0105tkowo szef warszawskiej SS i policji p\u0142k Ferdinand von Sammern-Frankenegg. Ju\u017c jednak po po\u0142udniu 19 kwietnia, po kilku godzinach przerwy w walkach, dowodzenie przej\u0105\u0142 gen. SS J\u00fcrgen Stroop i Niemcy po raz drugi wkroczyli do getta.<\/p>\n<p>\u017bydowscy powsta\u0144cy nie utworzyli jednej podziemnej organizacji. Podejmowali Niem\u00f3w na terenie getta, w ramach dw\u00f3ch oddzielnie broni\u0105cych si\u0119, konspiracyjnych struktur \u2013 \u017bydowskiej Organizacji Bojowej, kierowanej przez Mordechaja Anielewicza, maj\u0105cej lewicowe zabarwienie polityczne oraz wspomnianego \u017bydowskiego Zwi\u0105zku Wojskowego, kt\u00f3ry grupowa\u0142 prawicowych syjonist\u00f3w-rewizjonist\u00f3w w liczbie oko\u0142o 150 os\u00f3b. Pierwsza z organizacji grupuj\u0105ca oko\u0142o 500 bojowc\u00f3w wesz\u0142a w kontakt z Armi\u0105 Krajow\u0105, kt\u00f3ra stara\u0142a si\u0119 militarnie pom\u00f3c walcz\u0105cemu getto. W momencie wybuchu powstania w getcie do akcji zbrojnej po aryjskiej stronie w\u0142\u0105czy\u0142a si\u0119 r\u00f3wnie\u017c Gwardia Ludowa. Niestety, wobec przewagi niemieckiej dzia\u0142ania bojowe polskiego podziemia (kryptonim \u201eGetto), kt\u00f3re prowadzono przy murach getta i na jego terenie nie przynios\u0142y spodziewanych efekt\u00f3w.<\/p>\n<p>D\u0142ugotrwa\u0142y op\u00f3r \u017cydowskich powsta\u0144c\u00f3w wynika\u0142 nie tylko z ich determinacji i przemy\u015blanego oporu, ale r\u00f3wnie\u017c z wielkiej pomys\u0142owo\u015bci w zakresie taktyki walki wr\u0119cz w warunkach miejskich. Z podziwem o tej partyzantce miejskiej informowa\u0142y meldunki Armii Krajowej. Getto sta\u0142o si\u0119 bowiem wielkim labiryntem podziemnych schron\u00f3w i bunkr\u00f3w. Szacuje si\u0119, \u017ce mog\u0142o by\u0107 ich oko\u0142o 500. Dlatego jedynym sposobem na ostatecznie pokonanie \u017byd\u00f3w by\u0142o zmuszenie ich do opuszczenia kryj\u00f3wek przez systematyczne podpalanie dom\u00f3w. Wcze\u015bniej Niemcy wy\u0142\u0105czyli w getcie \u015bwiat\u0142o, gaz i odci\u0119li dost\u0119p do wody, a ukrywaj\u0105cych si\u0119 tropi\u0142y sfory wyszkolonych ps\u00f3w. 26 kwietnia Stroop zaraportowa\u0142, \u017ce palenie budynk\u00f3w okaza\u0142o si\u0119 \u201ejedyn\u0105 i ostateczn\u0105 metod\u0105, aby t\u0119 ho\u0142ot\u0119 i podludzi zmusi\u0107 do ukazania si\u0119 na powierzchni\u201d. Znamienne, \u017ce niemieccy oprawcy pertraktowali z \u017bydami, lecz powsta\u0144cy odrzucili niemieckie ultimatum z\u0142o\u017cenia broni.<\/p>\n<p>Gdy okupant zacz\u0105\u0142 niszczy\u0107 zabudowania getta, sytuacja w bunkrach stawa\u0142a si\u0119 dla ukrywaj\u0105cej tam ludno\u015bci \u017cydowskiej bardzo trudna. Stella Fidelseid po wojnie relacjonowa\u0142a: \u201ePo kilkunastu godzinach zabrak\u0142o powietrza, dzieci strasznie p\u0142aka\u0142y, kobiety zacz\u0119\u0142y mdle\u0107, po po\u0142udniu zgas\u0142o \u015bwiat\u0142o, w ciemno\u015bci wzmaga\u0142 si\u0119 niepok\u00f3j. M\u0142odzie\u017c zacz\u0119\u0142a przebija\u0107 \u0142omami otwory w kominie, aby wpu\u015bci\u0107 do \u015brodka powietrze. Po przebiciu otworu buchn\u0119\u0142y jednak do \u015brodka p\u0142omienie\u2026\u201d.<\/p>\n<p>Stroop w swoich dziennych raportach twierdzi\u0142, \u017ce od 20 kwietnia do 16 maja 1943 r. w wykrytych i zlikwidowanych zosta\u0142o 56 065 \u017byd\u00f3w. Precyzowa\u0142, \u017ce oko\u0142o 7 tys. zamordowano na miejscu, 6929 wys\u0142ano do Treblinki II, do 6 tys. zgin\u0119\u0142o w walce w wyniku zatrucia lub w po\u017carach. Pozosta\u0142ych, w liczbie oko\u0142o 36 tys. wywieziono do innych oboz\u00f3w (Poniatowa, Majdanek, Trawniki). Historycy twierdz\u0105 jednak, \u017ce dane powy\u017csze by\u0142y \u015bwiadomie zawy\u017cane przez niemieckie si\u0142y, poniewa\u017c w jaki\u015b spos\u00f3b t\u0142umaczy\u0142y d\u0142ugotrwa\u0142y brak prze\u0142amania \u017cydowskiego oporu. Prawdopodobnie w getcie w kwietniu 1943 r. znajdowa\u0142o si\u0119 nie wi\u0119cej ni\u017c 40 tys. os\u00f3b. Je\u015bli chodzi o straty niemieckie, to s\u0105 one raczej trudne do oszacowania. W polskiej prasie podziemnej pisa\u0142o si\u0119 o 86 zabitych Niemcach i 420 rannych. Natomiast Stroop w swoim raporcie poda\u0142 liczb\u0119 16 zabitych i 85 rannych.<\/p>\n<p>Symbolem bohaterskiej walki w getcie, kt\u00f3r\u0105 prowadzono do ostatniej chwili, sta\u0142a si\u0119 postawa sztabu \u017bOB w bunkrze zlokalizowanym przy ul. Mi\u0142ej. 8 maja 1943 r., gdy Niemcy go odkryli, blokuj\u0105c 5 z 6 wej\u015b\u0107 do niego, wielu bojowc\u00f3w pope\u0142ni\u0142o samob\u00f3jstwo, lub prosi\u0142o towarzysza broni o kul\u0119, nie chc\u0105c dosta\u0107 si\u0119 w niemieckie r\u0119ce. Jak pisze Cywia Lubetkin, \u201eoddzia\u0142y bojowe by\u0142y tam tylko sublokatorami. Gospodarzami byli tu tzw. \u00abczumpi\u00bb \u2013 ludzie warszawskiego p\u00f3\u0142\u015bwiatka. Wryli si\u0119 oni g\u0142\u0119boko w ziemi\u0119, zbudowali du\u017cy i mocny bunkier [&#8230;] zaopatrzony w instalacj\u0119 elektryczn\u0105, [&#8230;] studni\u0119, wodoci\u0105gi, kuchni\u0119, czytelni\u0119 i pok\u00f3j dla&#8230; rozrywek. [&#8230;] Bunkrem rz\u0105dzi\u0142 Szmul Oszer \u2013 przyw\u00f3dca bandy, wielki, brzuchaty olbrzym. [&#8230;]\u201d. Z niemieckiego obl\u0119\u017cenia tylko niewielka grupka uratowa\u0142a si\u0119, wychodz\u0105c sz\u00f3stym nieodkrytym przez okupanta wej\u015bciem do tego schronu.<\/p>\n<p>Getto oficjalnie w niemieckiej dokumentacji przesta\u0142o istnie\u0107 16 maja o godz. 20.15, gdy Stroop, jako symbol niemieckiego zwyci\u0119stwa, nakaza\u0142 wysadzi\u0107 Wielk\u0105 Synagog\u0119 przy ul. T\u0142omackie.<\/p>\n","protected":false},"excerpt":{"rendered":"<p>\u00a0Niemcy dopuszczali do siebie my\u015bl, \u017ce zbrojny op\u00f3r w getcie warszawskim m\u00f3g\u0142 trwa\u0107 zaledwie 3 dni. Tyle czasu niemiecki okupant w swoich przewidywaniach potrzebowa\u0142, by militarnie pokona\u0107 \u017cydowskich powsta\u0144c\u00f3w i&hellip;<\/p>\n","protected":false},"author":7,"featured_media":14779,"comment_status":"closed","ping_status":"open","sticky":false,"template":"","format":"standard","meta":{"_mi_skip_tracking":false,"footnotes":""},"categories":[46],"tags":[],"class_list":["post-14778","post","type-post","status-publish","format-standard","has-post-thumbnail","hentry","category-historia"],"yoast_head":"<!-- This site is optimized with the Yoast SEO plugin v19.4 - https:\/\/yoast.com\/wordpress\/plugins\/seo\/ -->\n<title>\u201eNiech \u017cyje walka na \u015bmier\u0107 i \u017cycie z okupantem\u201d. Powstanie w getcie warszawskim 1943 roku - Godno\u015b\u0107 - DignityNews.eu<\/title>\n<meta name=\"robots\" content=\"index, follow, max-snippet:-1, max-image-preview:large, max-video-preview:-1\" \/>\n<link rel=\"canonical\" href=\"https:\/\/dignitynews.eu\/pl\/niech-zyje-walka-na-smierc-i-zycie-z-okupantem-powstanie-w-getcie-warszawskim-1943-roku\/\" \/>\n<meta property=\"og:locale\" content=\"pl_PL\" \/>\n<meta property=\"og:type\" content=\"article\" \/>\n<meta property=\"og:title\" content=\"\u201eNiech \u017cyje walka na \u015bmier\u0107 i \u017cycie z okupantem\u201d. Powstanie w getcie warszawskim 1943 roku - Godno\u015b\u0107 - DignityNews.eu\" \/>\n<meta property=\"og:description\" content=\"\u00a0Niemcy dopuszczali do siebie my\u015bl, \u017ce zbrojny op\u00f3r w getcie warszawskim m\u00f3g\u0142 trwa\u0107 zaledwie 3 dni. Tyle czasu niemiecki okupant w swoich przewidywaniach potrzebowa\u0142, by militarnie pokona\u0107 \u017cydowskich powsta\u0144c\u00f3w i&hellip;\" \/>\n<meta property=\"og:url\" content=\"https:\/\/dignitynews.eu\/pl\/niech-zyje-walka-na-smierc-i-zycie-z-okupantem-powstanie-w-getcie-warszawskim-1943-roku\/\" \/>\n<meta property=\"og:site_name\" content=\"Godno\u015b\u0107 - DignityNews.eu\" \/>\n<meta property=\"article:published_time\" content=\"2022-04-16T09:07:26+00:00\" \/>\n<meta property=\"og:image\" content=\"https:\/\/dignitynews.eu\/wp-content\/uploads\/2022\/04\/httpspl.wikipedia.orgwikiPowstanie_w_getcie_warszawskimmediaPlikStroop_Report_-_Warsaw_Ghetto_Uprising_03.jpg.jpg\" \/>\n\t<meta property=\"og:image:width\" content=\"1868\" \/>\n\t<meta property=\"og:image:height\" content=\"1289\" \/>\n\t<meta property=\"og:image:type\" content=\"image\/jpeg\" \/>\n<meta name=\"author\" content=\"Dignity News\" \/>\n<meta name=\"twitter:card\" content=\"summary_large_image\" \/>\n<meta name=\"twitter:label1\" content=\"Napisane przez\" \/>\n\t<meta name=\"twitter:data1\" content=\"Dignity News\" \/>\n\t<meta name=\"twitter:label2\" content=\"Szacowany czas czytania\" \/>\n\t<meta name=\"twitter:data2\" content=\"4 minuty\" \/>\n<script type=\"application\/ld+json\" class=\"yoast-schema-graph\">{\"@context\":\"https:\/\/schema.org\",\"@graph\":[{\"@type\":\"WebSite\",\"@id\":\"https:\/\/dignitynews.eu\/pl\/#website\",\"url\":\"https:\/\/dignitynews.eu\/pl\/\",\"name\":\"Godno\u015b\u0107 - DignityNews.eu\",\"description\":\"\",\"potentialAction\":[{\"@type\":\"SearchAction\",\"target\":{\"@type\":\"EntryPoint\",\"urlTemplate\":\"https:\/\/dignitynews.eu\/pl\/?s={search_term_string}\"},\"query-input\":\"required name=search_term_string\"}],\"inLanguage\":\"pl-PL\"},{\"@type\":\"WebPage\",\"@id\":\"https:\/\/dignitynews.eu\/pl\/niech-zyje-walka-na-smierc-i-zycie-z-okupantem-powstanie-w-getcie-warszawskim-1943-roku\/\",\"url\":\"https:\/\/dignitynews.eu\/pl\/niech-zyje-walka-na-smierc-i-zycie-z-okupantem-powstanie-w-getcie-warszawskim-1943-roku\/\",\"name\":\"\u201eNiech \u017cyje walka na \u015bmier\u0107 i \u017cycie z okupantem\u201d. Powstanie w getcie warszawskim 1943 roku - Godno\u015b\u0107 - DignityNews.eu\",\"isPartOf\":{\"@id\":\"https:\/\/dignitynews.eu\/pl\/#website\"},\"datePublished\":\"2022-04-16T09:07:26+00:00\",\"dateModified\":\"2022-04-16T09:07:26+00:00\",\"author\":{\"@id\":\"https:\/\/dignitynews.eu\/pl\/#\/schema\/person\/0b62b762b8174802fabc81a3ecb1bfcb\"},\"breadcrumb\":{\"@id\":\"https:\/\/dignitynews.eu\/pl\/niech-zyje-walka-na-smierc-i-zycie-z-okupantem-powstanie-w-getcie-warszawskim-1943-roku\/#breadcrumb\"},\"inLanguage\":\"pl-PL\",\"potentialAction\":[{\"@type\":\"ReadAction\",\"target\":[\"https:\/\/dignitynews.eu\/pl\/niech-zyje-walka-na-smierc-i-zycie-z-okupantem-powstanie-w-getcie-warszawskim-1943-roku\/\"]}]},{\"@type\":\"BreadcrumbList\",\"@id\":\"https:\/\/dignitynews.eu\/pl\/niech-zyje-walka-na-smierc-i-zycie-z-okupantem-powstanie-w-getcie-warszawskim-1943-roku\/#breadcrumb\",\"itemListElement\":[{\"@type\":\"ListItem\",\"position\":1,\"name\":\"Strona g\u0142\u00f3wna\",\"item\":\"https:\/\/dignitynews.eu\/pl\/\"},{\"@type\":\"ListItem\",\"position\":2,\"name\":\"\u201eNiech \u017cyje walka na \u015bmier\u0107 i \u017cycie z okupantem\u201d. Powstanie w getcie warszawskim 1943 roku\"}]},{\"@type\":\"Person\",\"@id\":\"https:\/\/dignitynews.eu\/pl\/#\/schema\/person\/0b62b762b8174802fabc81a3ecb1bfcb\",\"name\":\"Dignity News\",\"image\":{\"@type\":\"ImageObject\",\"inLanguage\":\"pl-PL\",\"@id\":\"https:\/\/dignitynews.eu\/pl\/#\/schema\/person\/image\/\",\"url\":\"https:\/\/secure.gravatar.com\/avatar\/97963171a6d9108f8381bbefb1c6b150c445b6ddd9e3077b96c86cf5892c85dc?s=96&d=mm&r=g\",\"contentUrl\":\"https:\/\/secure.gravatar.com\/avatar\/97963171a6d9108f8381bbefb1c6b150c445b6ddd9e3077b96c86cf5892c85dc?s=96&d=mm&r=g\",\"caption\":\"Dignity News\"},\"url\":\"https:\/\/dignitynews.eu\/pl\/author\/mikolaj-palade\/\"}]}<\/script>\n<!-- \/ Yoast SEO plugin. -->","yoast_head_json":{"title":"\u201eNiech \u017cyje walka na \u015bmier\u0107 i \u017cycie z okupantem\u201d. Powstanie w getcie warszawskim 1943 roku - Godno\u015b\u0107 - DignityNews.eu","robots":{"index":"index","follow":"follow","max-snippet":"max-snippet:-1","max-image-preview":"max-image-preview:large","max-video-preview":"max-video-preview:-1"},"canonical":"https:\/\/dignitynews.eu\/pl\/niech-zyje-walka-na-smierc-i-zycie-z-okupantem-powstanie-w-getcie-warszawskim-1943-roku\/","og_locale":"pl_PL","og_type":"article","og_title":"\u201eNiech \u017cyje walka na \u015bmier\u0107 i \u017cycie z okupantem\u201d. Powstanie w getcie warszawskim 1943 roku - Godno\u015b\u0107 - DignityNews.eu","og_description":"\u00a0Niemcy dopuszczali do siebie my\u015bl, \u017ce zbrojny op\u00f3r w getcie warszawskim m\u00f3g\u0142 trwa\u0107 zaledwie 3 dni. Tyle czasu niemiecki okupant w swoich przewidywaniach potrzebowa\u0142, by militarnie pokona\u0107 \u017cydowskich powsta\u0144c\u00f3w i&hellip;","og_url":"https:\/\/dignitynews.eu\/pl\/niech-zyje-walka-na-smierc-i-zycie-z-okupantem-powstanie-w-getcie-warszawskim-1943-roku\/","og_site_name":"Godno\u015b\u0107 - DignityNews.eu","article_published_time":"2022-04-16T09:07:26+00:00","og_image":[{"width":1868,"height":1289,"url":"https:\/\/dignitynews.eu\/wp-content\/uploads\/2022\/04\/httpspl.wikipedia.orgwikiPowstanie_w_getcie_warszawskimmediaPlikStroop_Report_-_Warsaw_Ghetto_Uprising_03.jpg.jpg","type":"image\/jpeg"}],"author":"Dignity News","twitter_card":"summary_large_image","twitter_misc":{"Napisane przez":"Dignity News","Szacowany czas czytania":"4 minuty"},"schema":{"@context":"https:\/\/schema.org","@graph":[{"@type":"WebSite","@id":"https:\/\/dignitynews.eu\/pl\/#website","url":"https:\/\/dignitynews.eu\/pl\/","name":"Godno\u015b\u0107 - DignityNews.eu","description":"","potentialAction":[{"@type":"SearchAction","target":{"@type":"EntryPoint","urlTemplate":"https:\/\/dignitynews.eu\/pl\/?s={search_term_string}"},"query-input":"required name=search_term_string"}],"inLanguage":"pl-PL"},{"@type":"WebPage","@id":"https:\/\/dignitynews.eu\/pl\/niech-zyje-walka-na-smierc-i-zycie-z-okupantem-powstanie-w-getcie-warszawskim-1943-roku\/","url":"https:\/\/dignitynews.eu\/pl\/niech-zyje-walka-na-smierc-i-zycie-z-okupantem-powstanie-w-getcie-warszawskim-1943-roku\/","name":"\u201eNiech \u017cyje walka na \u015bmier\u0107 i \u017cycie z okupantem\u201d. Powstanie w getcie warszawskim 1943 roku - Godno\u015b\u0107 - DignityNews.eu","isPartOf":{"@id":"https:\/\/dignitynews.eu\/pl\/#website"},"datePublished":"2022-04-16T09:07:26+00:00","dateModified":"2022-04-16T09:07:26+00:00","author":{"@id":"https:\/\/dignitynews.eu\/pl\/#\/schema\/person\/0b62b762b8174802fabc81a3ecb1bfcb"},"breadcrumb":{"@id":"https:\/\/dignitynews.eu\/pl\/niech-zyje-walka-na-smierc-i-zycie-z-okupantem-powstanie-w-getcie-warszawskim-1943-roku\/#breadcrumb"},"inLanguage":"pl-PL","potentialAction":[{"@type":"ReadAction","target":["https:\/\/dignitynews.eu\/pl\/niech-zyje-walka-na-smierc-i-zycie-z-okupantem-powstanie-w-getcie-warszawskim-1943-roku\/"]}]},{"@type":"BreadcrumbList","@id":"https:\/\/dignitynews.eu\/pl\/niech-zyje-walka-na-smierc-i-zycie-z-okupantem-powstanie-w-getcie-warszawskim-1943-roku\/#breadcrumb","itemListElement":[{"@type":"ListItem","position":1,"name":"Strona g\u0142\u00f3wna","item":"https:\/\/dignitynews.eu\/pl\/"},{"@type":"ListItem","position":2,"name":"\u201eNiech \u017cyje walka na \u015bmier\u0107 i \u017cycie z okupantem\u201d. Powstanie w getcie warszawskim 1943 roku"}]},{"@type":"Person","@id":"https:\/\/dignitynews.eu\/pl\/#\/schema\/person\/0b62b762b8174802fabc81a3ecb1bfcb","name":"Dignity News","image":{"@type":"ImageObject","inLanguage":"pl-PL","@id":"https:\/\/dignitynews.eu\/pl\/#\/schema\/person\/image\/","url":"https:\/\/secure.gravatar.com\/avatar\/97963171a6d9108f8381bbefb1c6b150c445b6ddd9e3077b96c86cf5892c85dc?s=96&d=mm&r=g","contentUrl":"https:\/\/secure.gravatar.com\/avatar\/97963171a6d9108f8381bbefb1c6b150c445b6ddd9e3077b96c86cf5892c85dc?s=96&d=mm&r=g","caption":"Dignity News"},"url":"https:\/\/dignitynews.eu\/pl\/author\/mikolaj-palade\/"}]}},"_links":{"self":[{"href":"https:\/\/dignitynews.eu\/pl\/wp-json\/wp\/v2\/posts\/14778","targetHints":{"allow":["GET"]}}],"collection":[{"href":"https:\/\/dignitynews.eu\/pl\/wp-json\/wp\/v2\/posts"}],"about":[{"href":"https:\/\/dignitynews.eu\/pl\/wp-json\/wp\/v2\/types\/post"}],"author":[{"embeddable":true,"href":"https:\/\/dignitynews.eu\/pl\/wp-json\/wp\/v2\/users\/7"}],"replies":[{"embeddable":true,"href":"https:\/\/dignitynews.eu\/pl\/wp-json\/wp\/v2\/comments?post=14778"}],"version-history":[{"count":1,"href":"https:\/\/dignitynews.eu\/pl\/wp-json\/wp\/v2\/posts\/14778\/revisions"}],"predecessor-version":[{"id":14784,"href":"https:\/\/dignitynews.eu\/pl\/wp-json\/wp\/v2\/posts\/14778\/revisions\/14784"}],"wp:featuredmedia":[{"embeddable":true,"href":"https:\/\/dignitynews.eu\/pl\/wp-json\/wp\/v2\/media\/14779"}],"wp:attachment":[{"href":"https:\/\/dignitynews.eu\/pl\/wp-json\/wp\/v2\/media?parent=14778"}],"wp:term":[{"taxonomy":"category","embeddable":true,"href":"https:\/\/dignitynews.eu\/pl\/wp-json\/wp\/v2\/categories?post=14778"},{"taxonomy":"post_tag","embeddable":true,"href":"https:\/\/dignitynews.eu\/pl\/wp-json\/wp\/v2\/tags?post=14778"}],"curies":[{"name":"wp","href":"https:\/\/api.w.org\/{rel}","templated":true}]}}