{"id":14652,"date":"2022-04-15T10:05:06","date_gmt":"2022-04-15T08:05:06","guid":{"rendered":"https:\/\/dignitynews.eu\/?p=14652"},"modified":"2022-04-15T10:05:06","modified_gmt":"2022-04-15T08:05:06","slug":"juz-w-tym-roku-pierwsza-jednostka-ogniowa-systemu-narew-w-polsce","status":"publish","type":"post","link":"https:\/\/dignitynews.eu\/pl\/juz-w-tym-roku-pierwsza-jednostka-ogniowa-systemu-narew-w-polsce\/","title":{"rendered":"Ju\u017c w tym roku pierwsza jednostka ogniowa systemu NAREW w Polsce"},"content":{"rendered":"<h5><strong>Wyci\u0105gamy wnioski z tego, co dzieje si\u0119 za nasz\u0105 wschodni\u0105 granic\u0105. Bardzo wyra\u017anie wida\u0107, \u017ce napadni\u0119ta przez Rosj\u0119 Ukraina broni si\u0119 dzielnie, ale broni si\u0119 dlatego, \u017ce jest przygotowana do obrony. Widzimy jak wa\u017cn\u0105 rol\u0119 odgrywa w procesie obronnym mo\u017cliwo\u015b\u0107 obrony powietrznej i przeciwlotniczej. St\u0105d te\u017c przyspieszyli\u015bmy znacz\u0105co dostarczenie na wyposa\u017cenie Wojska Polskiego element\u00f3w systemu obrony przeciwlotniczej kr\u00f3tkiego zasi\u0119gu Narew &#8211; poinformowa\u0142 Mariusz B\u0142aszczak, minister obrony narodowej.<\/strong><\/h5>\n<p>W czwartek, 14 kwietnia w siedzibie Ministerstwa Obrony Narodowej (MON), minister B\u0142aszczak zatwierdzi\u0142 umow\u0119 na dostawy element\u00f3w obrony przeciwlotniczej kr\u00f3tkiego zasi\u0119gu w ramach programu Narew. Stronami umowy s\u0105 Skarb Pa\u0144stwa reprezentowany przez Agencj\u0119 Uzbrojenia oraz konsorcjum PGZ-Narew.<\/p>\n<p>We wsp\u00f3\u0142pracy z krajowym i zagranicznym przemys\u0142em obronnym, podj\u0119to decyzj\u0119 o pozyskaniu element\u00f3w systemu efektora CAMM oraz ich dalszej integracji z polskimi komponentami.<\/p>\n<p>Jak informuje MON w komunikacie, w wyniku realizacji umowy pozyskane zostan\u0105 dwie jednostki ogniowe systemu obrony przeciwlotniczej kr\u00f3tkiego zasi\u0119gu, z kt\u00f3rych pierwsza zostanie dostarczona do Si\u0142 Zbrojnych RP ju\u017c we wrze\u015bniu br. Druga jednostka ogniowa zostanie przekazana na prze\u0142omie 2022 i 2023 roku. Wraz z systemami obrony przeciwlotniczej umowa przewiduje pozyskanie pakietu szkoleniowego, logistycznego oraz wsparcie wykonawcy w eksploatacji sprz\u0119tu wojskowego.<\/p>\n<p>Na Ukrainie sprawdzaj\u0105 si\u0119 polskie Pioruny, a wi\u0119c bro\u0144 przeciwlotnicza bardzo kr\u00f3tkiego zasi\u0119gu. Patrioty maj\u0105 swoj\u0105 opini\u0119 utwierdzon\u0105 na \u015bwiecie. \u00a0W tym roku pierwsze zestawy Patriot trafi\u0105 na wyposa\u017cenie Wojska Polskiego. We wrze\u015bniu pierwsza jednostka ogniowa systemu Narew trafi na wyposa\u017cenia polskiego wojska, a druga na prze\u0142omie roku. Brakowa\u0142o nam w\u0142a\u015bnie tego poziomu po\u015bredniego i oto ten poziom zapewniamy \u2013 powiedzia\u0142 szef resortu obrony.<\/p>\n<p>Szef MON zaznaczy\u0142, \u017ce przy\u015bpieszenie dostaw systemu jest mo\u017cliwe dzi\u0119ki dobrej wsp\u00f3\u0142pracy zar\u00f3wno z partnerem\u00a0brytyjskim, jak r\u00f3wnie\u017c krajowym przemys\u0142em zbrojeniowym.<\/p>\n<p>Adrian Andrzejewski<\/p>\n","protected":false},"excerpt":{"rendered":"<p>Wyci\u0105gamy wnioski z tego, co dzieje si\u0119 za nasz\u0105 wschodni\u0105 granic\u0105. Bardzo wyra\u017anie wida\u0107, \u017ce napadni\u0119ta przez Rosj\u0119 Ukraina broni si\u0119 dzielnie, ale broni si\u0119 dlatego, \u017ce jest przygotowana do&hellip;<\/p>\n","protected":false},"author":7,"featured_media":14653,"comment_status":"closed","ping_status":"open","sticky":false,"template":"","format":"standard","meta":{"_mi_skip_tracking":false,"footnotes":""},"categories":[47],"tags":[],"class_list":["post-14652","post","type-post","status-publish","format-standard","has-post-thumbnail","hentry","category-wydarzenia"],"yoast_head":"<!-- This site is optimized with the Yoast SEO plugin v19.4 - https:\/\/yoast.com\/wordpress\/plugins\/seo\/ -->\n<title>Ju\u017c w tym roku pierwsza jednostka ogniowa systemu NAREW w Polsce - Godno\u015b\u0107 - DignityNews.eu<\/title>\n<meta name=\"robots\" content=\"index, follow, max-snippet:-1, max-image-preview:large, max-video-preview:-1\" \/>\n<link rel=\"canonical\" href=\"https:\/\/dignitynews.eu\/pl\/juz-w-tym-roku-pierwsza-jednostka-ogniowa-systemu-narew-w-polsce\/\" \/>\n<meta property=\"og:locale\" content=\"pl_PL\" \/>\n<meta property=\"og:type\" content=\"article\" \/>\n<meta property=\"og:title\" content=\"Ju\u017c w tym roku pierwsza jednostka ogniowa systemu NAREW w Polsce - Godno\u015b\u0107 - DignityNews.eu\" \/>\n<meta property=\"og:description\" content=\"Wyci\u0105gamy wnioski z tego, co dzieje si\u0119 za nasz\u0105 wschodni\u0105 granic\u0105. Bardzo wyra\u017anie wida\u0107, \u017ce napadni\u0119ta przez Rosj\u0119 Ukraina broni si\u0119 dzielnie, ale broni si\u0119 dlatego, \u017ce jest przygotowana do&hellip;\" \/>\n<meta property=\"og:url\" content=\"https:\/\/dignitynews.eu\/pl\/juz-w-tym-roku-pierwsza-jednostka-ogniowa-systemu-narew-w-polsce\/\" \/>\n<meta property=\"og:site_name\" content=\"Godno\u015b\u0107 - DignityNews.eu\" \/>\n<meta property=\"article:published_time\" content=\"2022-04-15T08:05:06+00:00\" \/>\n<meta property=\"og:image\" content=\"https:\/\/dignitynews.eu\/wp-content\/uploads\/2022\/04\/NAREW-fot.-Leszek-Chemperek-MON-1024x576.jpg\" \/>\n\t<meta property=\"og:image:width\" content=\"1024\" \/>\n\t<meta property=\"og:image:height\" content=\"576\" \/>\n\t<meta property=\"og:image:type\" content=\"image\/jpeg\" \/>\n<meta name=\"author\" content=\"Dignity News\" \/>\n<meta name=\"twitter:card\" content=\"summary_large_image\" \/>\n<meta name=\"twitter:label1\" content=\"Napisane przez\" \/>\n\t<meta name=\"twitter:data1\" content=\"Dignity News\" \/>\n\t<meta name=\"twitter:label2\" content=\"Szacowany czas czytania\" \/>\n\t<meta name=\"twitter:data2\" content=\"2 minuty\" \/>\n<script type=\"application\/ld+json\" class=\"yoast-schema-graph\">{\"@context\":\"https:\/\/schema.org\",\"@graph\":[{\"@type\":\"WebSite\",\"@id\":\"https:\/\/dignitynews.eu\/pl\/#website\",\"url\":\"https:\/\/dignitynews.eu\/pl\/\",\"name\":\"Godno\u015b\u0107 - DignityNews.eu\",\"description\":\"\",\"potentialAction\":[{\"@type\":\"SearchAction\",\"target\":{\"@type\":\"EntryPoint\",\"urlTemplate\":\"https:\/\/dignitynews.eu\/pl\/?s={search_term_string}\"},\"query-input\":\"required name=search_term_string\"}],\"inLanguage\":\"pl-PL\"},{\"@type\":\"WebPage\",\"@id\":\"https:\/\/dignitynews.eu\/pl\/juz-w-tym-roku-pierwsza-jednostka-ogniowa-systemu-narew-w-polsce\/\",\"url\":\"https:\/\/dignitynews.eu\/pl\/juz-w-tym-roku-pierwsza-jednostka-ogniowa-systemu-narew-w-polsce\/\",\"name\":\"Ju\u017c w tym roku pierwsza jednostka ogniowa systemu NAREW w Polsce - Godno\u015b\u0107 - DignityNews.eu\",\"isPartOf\":{\"@id\":\"https:\/\/dignitynews.eu\/pl\/#website\"},\"datePublished\":\"2022-04-15T08:05:06+00:00\",\"dateModified\":\"2022-04-15T08:05:06+00:00\",\"author\":{\"@id\":\"https:\/\/dignitynews.eu\/pl\/#\/schema\/person\/0b62b762b8174802fabc81a3ecb1bfcb\"},\"breadcrumb\":{\"@id\":\"https:\/\/dignitynews.eu\/pl\/juz-w-tym-roku-pierwsza-jednostka-ogniowa-systemu-narew-w-polsce\/#breadcrumb\"},\"inLanguage\":\"pl-PL\",\"potentialAction\":[{\"@type\":\"ReadAction\",\"target\":[\"https:\/\/dignitynews.eu\/pl\/juz-w-tym-roku-pierwsza-jednostka-ogniowa-systemu-narew-w-polsce\/\"]}]},{\"@type\":\"BreadcrumbList\",\"@id\":\"https:\/\/dignitynews.eu\/pl\/juz-w-tym-roku-pierwsza-jednostka-ogniowa-systemu-narew-w-polsce\/#breadcrumb\",\"itemListElement\":[{\"@type\":\"ListItem\",\"position\":1,\"name\":\"Strona g\u0142\u00f3wna\",\"item\":\"https:\/\/dignitynews.eu\/pl\/\"},{\"@type\":\"ListItem\",\"position\":2,\"name\":\"Ju\u017c w tym roku pierwsza jednostka ogniowa systemu NAREW w Polsce\"}]},{\"@type\":\"Person\",\"@id\":\"https:\/\/dignitynews.eu\/pl\/#\/schema\/person\/0b62b762b8174802fabc81a3ecb1bfcb\",\"name\":\"Dignity News\",\"image\":{\"@type\":\"ImageObject\",\"inLanguage\":\"pl-PL\",\"@id\":\"https:\/\/dignitynews.eu\/pl\/#\/schema\/person\/image\/\",\"url\":\"https:\/\/secure.gravatar.com\/avatar\/97963171a6d9108f8381bbefb1c6b150c445b6ddd9e3077b96c86cf5892c85dc?s=96&d=mm&r=g\",\"contentUrl\":\"https:\/\/secure.gravatar.com\/avatar\/97963171a6d9108f8381bbefb1c6b150c445b6ddd9e3077b96c86cf5892c85dc?s=96&d=mm&r=g\",\"caption\":\"Dignity News\"},\"url\":\"https:\/\/dignitynews.eu\/pl\/author\/mikolaj-palade\/\"}]}<\/script>\n<!-- \/ Yoast SEO plugin. -->","yoast_head_json":{"title":"Ju\u017c w tym roku pierwsza jednostka ogniowa systemu NAREW w Polsce - Godno\u015b\u0107 - DignityNews.eu","robots":{"index":"index","follow":"follow","max-snippet":"max-snippet:-1","max-image-preview":"max-image-preview:large","max-video-preview":"max-video-preview:-1"},"canonical":"https:\/\/dignitynews.eu\/pl\/juz-w-tym-roku-pierwsza-jednostka-ogniowa-systemu-narew-w-polsce\/","og_locale":"pl_PL","og_type":"article","og_title":"Ju\u017c w tym roku pierwsza jednostka ogniowa systemu NAREW w Polsce - Godno\u015b\u0107 - DignityNews.eu","og_description":"Wyci\u0105gamy wnioski z tego, co dzieje si\u0119 za nasz\u0105 wschodni\u0105 granic\u0105. Bardzo wyra\u017anie wida\u0107, \u017ce napadni\u0119ta przez Rosj\u0119 Ukraina broni si\u0119 dzielnie, ale broni si\u0119 dlatego, \u017ce jest przygotowana do&hellip;","og_url":"https:\/\/dignitynews.eu\/pl\/juz-w-tym-roku-pierwsza-jednostka-ogniowa-systemu-narew-w-polsce\/","og_site_name":"Godno\u015b\u0107 - DignityNews.eu","article_published_time":"2022-04-15T08:05:06+00:00","og_image":[{"width":1024,"height":576,"url":"https:\/\/dignitynews.eu\/wp-content\/uploads\/2022\/04\/NAREW-fot.-Leszek-Chemperek-MON-1024x576.jpg","type":"image\/jpeg"}],"author":"Dignity News","twitter_card":"summary_large_image","twitter_misc":{"Napisane przez":"Dignity News","Szacowany czas czytania":"2 minuty"},"schema":{"@context":"https:\/\/schema.org","@graph":[{"@type":"WebSite","@id":"https:\/\/dignitynews.eu\/pl\/#website","url":"https:\/\/dignitynews.eu\/pl\/","name":"Godno\u015b\u0107 - DignityNews.eu","description":"","potentialAction":[{"@type":"SearchAction","target":{"@type":"EntryPoint","urlTemplate":"https:\/\/dignitynews.eu\/pl\/?s={search_term_string}"},"query-input":"required name=search_term_string"}],"inLanguage":"pl-PL"},{"@type":"WebPage","@id":"https:\/\/dignitynews.eu\/pl\/juz-w-tym-roku-pierwsza-jednostka-ogniowa-systemu-narew-w-polsce\/","url":"https:\/\/dignitynews.eu\/pl\/juz-w-tym-roku-pierwsza-jednostka-ogniowa-systemu-narew-w-polsce\/","name":"Ju\u017c w tym roku pierwsza jednostka ogniowa systemu NAREW w Polsce - Godno\u015b\u0107 - DignityNews.eu","isPartOf":{"@id":"https:\/\/dignitynews.eu\/pl\/#website"},"datePublished":"2022-04-15T08:05:06+00:00","dateModified":"2022-04-15T08:05:06+00:00","author":{"@id":"https:\/\/dignitynews.eu\/pl\/#\/schema\/person\/0b62b762b8174802fabc81a3ecb1bfcb"},"breadcrumb":{"@id":"https:\/\/dignitynews.eu\/pl\/juz-w-tym-roku-pierwsza-jednostka-ogniowa-systemu-narew-w-polsce\/#breadcrumb"},"inLanguage":"pl-PL","potentialAction":[{"@type":"ReadAction","target":["https:\/\/dignitynews.eu\/pl\/juz-w-tym-roku-pierwsza-jednostka-ogniowa-systemu-narew-w-polsce\/"]}]},{"@type":"BreadcrumbList","@id":"https:\/\/dignitynews.eu\/pl\/juz-w-tym-roku-pierwsza-jednostka-ogniowa-systemu-narew-w-polsce\/#breadcrumb","itemListElement":[{"@type":"ListItem","position":1,"name":"Strona g\u0142\u00f3wna","item":"https:\/\/dignitynews.eu\/pl\/"},{"@type":"ListItem","position":2,"name":"Ju\u017c w tym roku pierwsza jednostka ogniowa systemu NAREW w Polsce"}]},{"@type":"Person","@id":"https:\/\/dignitynews.eu\/pl\/#\/schema\/person\/0b62b762b8174802fabc81a3ecb1bfcb","name":"Dignity News","image":{"@type":"ImageObject","inLanguage":"pl-PL","@id":"https:\/\/dignitynews.eu\/pl\/#\/schema\/person\/image\/","url":"https:\/\/secure.gravatar.com\/avatar\/97963171a6d9108f8381bbefb1c6b150c445b6ddd9e3077b96c86cf5892c85dc?s=96&d=mm&r=g","contentUrl":"https:\/\/secure.gravatar.com\/avatar\/97963171a6d9108f8381bbefb1c6b150c445b6ddd9e3077b96c86cf5892c85dc?s=96&d=mm&r=g","caption":"Dignity News"},"url":"https:\/\/dignitynews.eu\/pl\/author\/mikolaj-palade\/"}]}},"_links":{"self":[{"href":"https:\/\/dignitynews.eu\/pl\/wp-json\/wp\/v2\/posts\/14652","targetHints":{"allow":["GET"]}}],"collection":[{"href":"https:\/\/dignitynews.eu\/pl\/wp-json\/wp\/v2\/posts"}],"about":[{"href":"https:\/\/dignitynews.eu\/pl\/wp-json\/wp\/v2\/types\/post"}],"author":[{"embeddable":true,"href":"https:\/\/dignitynews.eu\/pl\/wp-json\/wp\/v2\/users\/7"}],"replies":[{"embeddable":true,"href":"https:\/\/dignitynews.eu\/pl\/wp-json\/wp\/v2\/comments?post=14652"}],"version-history":[{"count":1,"href":"https:\/\/dignitynews.eu\/pl\/wp-json\/wp\/v2\/posts\/14652\/revisions"}],"predecessor-version":[{"id":14658,"href":"https:\/\/dignitynews.eu\/pl\/wp-json\/wp\/v2\/posts\/14652\/revisions\/14658"}],"wp:featuredmedia":[{"embeddable":true,"href":"https:\/\/dignitynews.eu\/pl\/wp-json\/wp\/v2\/media\/14653"}],"wp:attachment":[{"href":"https:\/\/dignitynews.eu\/pl\/wp-json\/wp\/v2\/media?parent=14652"}],"wp:term":[{"taxonomy":"category","embeddable":true,"href":"https:\/\/dignitynews.eu\/pl\/wp-json\/wp\/v2\/categories?post=14652"},{"taxonomy":"post_tag","embeddable":true,"href":"https:\/\/dignitynews.eu\/pl\/wp-json\/wp\/v2\/tags?post=14652"}],"curies":[{"name":"wp","href":"https:\/\/api.w.org\/{rel}","templated":true}]}}