{"id":14488,"date":"2022-04-14T11:22:56","date_gmt":"2022-04-14T09:22:56","guid":{"rendered":"https:\/\/dignitynews.eu\/?p=14488"},"modified":"2022-04-14T11:22:56","modified_gmt":"2022-04-14T09:22:56","slug":"prezydenci-polski-estonii-lotwy-i-litwy-o-rosyjskich-zbrodniach-i-pomocy-dla-ukrainy","status":"publish","type":"post","link":"https:\/\/dignitynews.eu\/pl\/prezydenci-polski-estonii-lotwy-i-litwy-o-rosyjskich-zbrodniach-i-pomocy-dla-ukrainy\/","title":{"rendered":"Prezydenci Polski, Estonii, \u0141otwy i Litwy o rosyjskich zbrodniach i pomocy dla Ukrainy"},"content":{"rendered":"<h5>Prezydenci Polski, Estonii, \u0141otwy i Litwy &#8211; Andrzej Duda, Alar Karis, Egils Levits i Gitanas Nauseda &#8211; \u00a0wr\u00f3cili z Kijowa, gdzie spotkali si\u0119 z prezydentem Ukrainy Wo\u0142odymyrem Ze\u0142enskim. Na konferencji prasowej Andrzej Duda podkre\u015bli\u0142 wag\u0119 uzyskania funduszy na odbudow\u0119 zniszczonego wojn\u0105 kraju.<\/h5>\n<p>&#8211; To wsparcie finansowe musi da\u0107 UE, to wsparcie finansowe dla Ukrainy musi da\u0107 \u015bwiat i wierz\u0119 w to, \u017ce sprostamy jako spo\u0142eczno\u015b\u0107 mi\u0119dzynarodowa temu zadaniu &#8211; powiedzia\u0142 polski prezydent<\/p>\n<p>Prezydent Litwy Gitanas Nauseda podczas konferencji prasowej zaznaczy\u0142, \u017ce prezydenci zobaczyli podczas pobytu na Ukrainie okropie\u0144stwa, kt\u00f3re wyrz\u0105dzi\u0142 re\u017cim Putina.<\/p>\n<p>&#8211; My\u015bl\u0119, \u017ce inni liderzy \u015bwiatowi powinni pojecha\u0107 do Borodzianki i innych miejsc i zobaczy\u0107 to na w\u0142asne oczy. Doprowadzi\u0142oby to prawdopodobnie do bardziej zdecydowanych dzia\u0142a\u0144 ze strony Unii Europejskiej &#8211; powiedzia\u0142 litewski prezydent, kt\u00f3rego zdaniem powinni\u015bmy porzuci\u0107 wszelkie iluzje co do tego, \u017ce re\u017cim Putina mo\u017ce zosta\u0107 pokonany dzia\u0142aniami dyplomatycznymi.<\/p>\n<p>Prezydent Estonii podkre\u015bli\u0142, \u017ce jego kraj udost\u0119pnia pomoc wojskow\u0105 i humanitarn\u0105 a Esto\u0144czycy podziwiaj\u0105 odwag\u0119 prezydenta Ukrainy Wo\u0142odymyra Ze\u0142enskiego i ca\u0142ego jego narodu.<\/p>\n<p>&#8211; Wczoraj odwiedzili\u015bmy dwa miejsca na Ukrainie, miejsca zbrodni i odebra\u0142o nam mow\u0119. Ludzie, kt\u00f3rzy dokonali tych zbrodni, rozpocz\u0119li t\u0119 wojn\u0119, zabijali cywil\u00f3w, w tym dzieci, musz\u0105 stan\u0105\u0107 przed s\u0105dem &#8211; o\u015bwiadczy\u0142 Alar Karis.<\/p>\n<p>O rosyjskich zbrodniach i konieczno\u015bci ukarania sprawc\u00f3w m\u00f3wi\u0142 tak\u017ce prezydent \u0141otwy Egils Levits.<\/p>\n<p>&#8211; Na w\u0142asne oczy widzieli\u015bmy okropie\u0144stwa dokonywane przez Rosj\u0119 na Ukrainie. Uwa\u017camy, \u017ce osoby odpowiedzialne powinny zosta\u0107 postawione przed trybuna\u0142ami mi\u0119dzynarodowymi, aby mog\u0142y ponie\u015b\u0107 kar\u0119. Poniewa\u017c takie zbrodnie wojenne nie mog\u0105 by\u0107 tolerowane przez spo\u0142eczno\u015b\u0107 mi\u0119dzynarodow\u0105 &#8211; o\u015bwiadczy\u0142 Levits i doda\u0142, \u017ce w sprawie zbrodni na Ukrainie powinien zosta\u0107 powo\u0142any trybuna\u0142 podobny do tego, jaki mia\u0142 miejsce dwadzie\u015bcia lat temu w sprawie zbrodni serbskich.<\/p>\n<p>Arkadiusz Szopi\u0144ski<\/p>\n","protected":false},"excerpt":{"rendered":"<p>Prezydenci Polski, Estonii, \u0141otwy i Litwy &#8211; Andrzej Duda, Alar Karis, Egils Levits i Gitanas Nauseda &#8211; \u00a0wr\u00f3cili z Kijowa, gdzie spotkali si\u0119 z prezydentem Ukrainy Wo\u0142odymyrem Ze\u0142enskim. Na konferencji&hellip;<\/p>\n","protected":false},"author":7,"featured_media":14489,"comment_status":"closed","ping_status":"open","sticky":false,"template":"","format":"standard","meta":{"_mi_skip_tracking":false,"footnotes":""},"categories":[47],"tags":[],"class_list":["post-14488","post","type-post","status-publish","format-standard","has-post-thumbnail","hentry","category-wydarzenia"],"yoast_head":"<!-- This site is optimized with the Yoast SEO plugin v19.4 - https:\/\/yoast.com\/wordpress\/plugins\/seo\/ -->\n<title>Prezydenci Polski, Estonii, \u0141otwy i Litwy o rosyjskich zbrodniach i pomocy dla Ukrainy - Godno\u015b\u0107 - DignityNews.eu<\/title>\n<meta name=\"robots\" content=\"index, follow, max-snippet:-1, max-image-preview:large, max-video-preview:-1\" \/>\n<link rel=\"canonical\" href=\"https:\/\/dignitynews.eu\/pl\/prezydenci-polski-estonii-lotwy-i-litwy-o-rosyjskich-zbrodniach-i-pomocy-dla-ukrainy\/\" \/>\n<meta property=\"og:locale\" content=\"pl_PL\" \/>\n<meta property=\"og:type\" content=\"article\" \/>\n<meta property=\"og:title\" content=\"Prezydenci Polski, Estonii, \u0141otwy i Litwy o rosyjskich zbrodniach i pomocy dla Ukrainy - Godno\u015b\u0107 - DignityNews.eu\" \/>\n<meta property=\"og:description\" content=\"Prezydenci Polski, Estonii, \u0141otwy i Litwy &#8211; Andrzej Duda, Alar Karis, Egils Levits i Gitanas Nauseda &#8211; \u00a0wr\u00f3cili z Kijowa, gdzie spotkali si\u0119 z prezydentem Ukrainy Wo\u0142odymyrem Ze\u0142enskim. Na konferencji&hellip;\" \/>\n<meta property=\"og:url\" content=\"https:\/\/dignitynews.eu\/pl\/prezydenci-polski-estonii-lotwy-i-litwy-o-rosyjskich-zbrodniach-i-pomocy-dla-ukrainy\/\" \/>\n<meta property=\"og:site_name\" content=\"Godno\u015b\u0107 - DignityNews.eu\" \/>\n<meta property=\"article:published_time\" content=\"2022-04-14T09:22:56+00:00\" \/>\n<meta property=\"og:image\" content=\"https:\/\/dignitynews.eu\/wp-content\/uploads\/2022\/04\/prezydenci-po-wizycie-na-Ukrainie-fot.-AA-ABACA-Abaca-East-News.jpg\" \/>\n\t<meta property=\"og:image:width\" content=\"1500\" \/>\n\t<meta property=\"og:image:height\" content=\"1000\" \/>\n\t<meta property=\"og:image:type\" content=\"image\/jpeg\" \/>\n<meta name=\"author\" content=\"Dignity News\" \/>\n<meta name=\"twitter:card\" content=\"summary_large_image\" \/>\n<meta name=\"twitter:label1\" content=\"Napisane przez\" \/>\n\t<meta name=\"twitter:data1\" content=\"Dignity News\" \/>\n\t<meta name=\"twitter:label2\" content=\"Szacowany czas czytania\" \/>\n\t<meta name=\"twitter:data2\" content=\"2 minuty\" \/>\n<script type=\"application\/ld+json\" class=\"yoast-schema-graph\">{\"@context\":\"https:\/\/schema.org\",\"@graph\":[{\"@type\":\"WebSite\",\"@id\":\"https:\/\/dignitynews.eu\/pl\/#website\",\"url\":\"https:\/\/dignitynews.eu\/pl\/\",\"name\":\"Godno\u015b\u0107 - DignityNews.eu\",\"description\":\"\",\"potentialAction\":[{\"@type\":\"SearchAction\",\"target\":{\"@type\":\"EntryPoint\",\"urlTemplate\":\"https:\/\/dignitynews.eu\/pl\/?s={search_term_string}\"},\"query-input\":\"required name=search_term_string\"}],\"inLanguage\":\"pl-PL\"},{\"@type\":\"WebPage\",\"@id\":\"https:\/\/dignitynews.eu\/pl\/prezydenci-polski-estonii-lotwy-i-litwy-o-rosyjskich-zbrodniach-i-pomocy-dla-ukrainy\/\",\"url\":\"https:\/\/dignitynews.eu\/pl\/prezydenci-polski-estonii-lotwy-i-litwy-o-rosyjskich-zbrodniach-i-pomocy-dla-ukrainy\/\",\"name\":\"Prezydenci Polski, Estonii, \u0141otwy i Litwy o rosyjskich zbrodniach i pomocy dla Ukrainy - Godno\u015b\u0107 - DignityNews.eu\",\"isPartOf\":{\"@id\":\"https:\/\/dignitynews.eu\/pl\/#website\"},\"datePublished\":\"2022-04-14T09:22:56+00:00\",\"dateModified\":\"2022-04-14T09:22:56+00:00\",\"author\":{\"@id\":\"https:\/\/dignitynews.eu\/pl\/#\/schema\/person\/0b62b762b8174802fabc81a3ecb1bfcb\"},\"breadcrumb\":{\"@id\":\"https:\/\/dignitynews.eu\/pl\/prezydenci-polski-estonii-lotwy-i-litwy-o-rosyjskich-zbrodniach-i-pomocy-dla-ukrainy\/#breadcrumb\"},\"inLanguage\":\"pl-PL\",\"potentialAction\":[{\"@type\":\"ReadAction\",\"target\":[\"https:\/\/dignitynews.eu\/pl\/prezydenci-polski-estonii-lotwy-i-litwy-o-rosyjskich-zbrodniach-i-pomocy-dla-ukrainy\/\"]}]},{\"@type\":\"BreadcrumbList\",\"@id\":\"https:\/\/dignitynews.eu\/pl\/prezydenci-polski-estonii-lotwy-i-litwy-o-rosyjskich-zbrodniach-i-pomocy-dla-ukrainy\/#breadcrumb\",\"itemListElement\":[{\"@type\":\"ListItem\",\"position\":1,\"name\":\"Strona g\u0142\u00f3wna\",\"item\":\"https:\/\/dignitynews.eu\/pl\/\"},{\"@type\":\"ListItem\",\"position\":2,\"name\":\"Prezydenci Polski, Estonii, \u0141otwy i Litwy o rosyjskich zbrodniach i pomocy dla Ukrainy\"}]},{\"@type\":\"Person\",\"@id\":\"https:\/\/dignitynews.eu\/pl\/#\/schema\/person\/0b62b762b8174802fabc81a3ecb1bfcb\",\"name\":\"Dignity News\",\"image\":{\"@type\":\"ImageObject\",\"inLanguage\":\"pl-PL\",\"@id\":\"https:\/\/dignitynews.eu\/pl\/#\/schema\/person\/image\/\",\"url\":\"https:\/\/secure.gravatar.com\/avatar\/97963171a6d9108f8381bbefb1c6b150c445b6ddd9e3077b96c86cf5892c85dc?s=96&d=mm&r=g\",\"contentUrl\":\"https:\/\/secure.gravatar.com\/avatar\/97963171a6d9108f8381bbefb1c6b150c445b6ddd9e3077b96c86cf5892c85dc?s=96&d=mm&r=g\",\"caption\":\"Dignity News\"},\"url\":\"https:\/\/dignitynews.eu\/pl\/author\/mikolaj-palade\/\"}]}<\/script>\n<!-- \/ Yoast SEO plugin. -->","yoast_head_json":{"title":"Prezydenci Polski, Estonii, \u0141otwy i Litwy o rosyjskich zbrodniach i pomocy dla Ukrainy - Godno\u015b\u0107 - DignityNews.eu","robots":{"index":"index","follow":"follow","max-snippet":"max-snippet:-1","max-image-preview":"max-image-preview:large","max-video-preview":"max-video-preview:-1"},"canonical":"https:\/\/dignitynews.eu\/pl\/prezydenci-polski-estonii-lotwy-i-litwy-o-rosyjskich-zbrodniach-i-pomocy-dla-ukrainy\/","og_locale":"pl_PL","og_type":"article","og_title":"Prezydenci Polski, Estonii, \u0141otwy i Litwy o rosyjskich zbrodniach i pomocy dla Ukrainy - Godno\u015b\u0107 - DignityNews.eu","og_description":"Prezydenci Polski, Estonii, \u0141otwy i Litwy &#8211; Andrzej Duda, Alar Karis, Egils Levits i Gitanas Nauseda &#8211; \u00a0wr\u00f3cili z Kijowa, gdzie spotkali si\u0119 z prezydentem Ukrainy Wo\u0142odymyrem Ze\u0142enskim. Na konferencji&hellip;","og_url":"https:\/\/dignitynews.eu\/pl\/prezydenci-polski-estonii-lotwy-i-litwy-o-rosyjskich-zbrodniach-i-pomocy-dla-ukrainy\/","og_site_name":"Godno\u015b\u0107 - DignityNews.eu","article_published_time":"2022-04-14T09:22:56+00:00","og_image":[{"width":1500,"height":1000,"url":"https:\/\/dignitynews.eu\/wp-content\/uploads\/2022\/04\/prezydenci-po-wizycie-na-Ukrainie-fot.-AA-ABACA-Abaca-East-News.jpg","type":"image\/jpeg"}],"author":"Dignity News","twitter_card":"summary_large_image","twitter_misc":{"Napisane przez":"Dignity News","Szacowany czas czytania":"2 minuty"},"schema":{"@context":"https:\/\/schema.org","@graph":[{"@type":"WebSite","@id":"https:\/\/dignitynews.eu\/pl\/#website","url":"https:\/\/dignitynews.eu\/pl\/","name":"Godno\u015b\u0107 - DignityNews.eu","description":"","potentialAction":[{"@type":"SearchAction","target":{"@type":"EntryPoint","urlTemplate":"https:\/\/dignitynews.eu\/pl\/?s={search_term_string}"},"query-input":"required name=search_term_string"}],"inLanguage":"pl-PL"},{"@type":"WebPage","@id":"https:\/\/dignitynews.eu\/pl\/prezydenci-polski-estonii-lotwy-i-litwy-o-rosyjskich-zbrodniach-i-pomocy-dla-ukrainy\/","url":"https:\/\/dignitynews.eu\/pl\/prezydenci-polski-estonii-lotwy-i-litwy-o-rosyjskich-zbrodniach-i-pomocy-dla-ukrainy\/","name":"Prezydenci Polski, Estonii, \u0141otwy i Litwy o rosyjskich zbrodniach i pomocy dla Ukrainy - Godno\u015b\u0107 - DignityNews.eu","isPartOf":{"@id":"https:\/\/dignitynews.eu\/pl\/#website"},"datePublished":"2022-04-14T09:22:56+00:00","dateModified":"2022-04-14T09:22:56+00:00","author":{"@id":"https:\/\/dignitynews.eu\/pl\/#\/schema\/person\/0b62b762b8174802fabc81a3ecb1bfcb"},"breadcrumb":{"@id":"https:\/\/dignitynews.eu\/pl\/prezydenci-polski-estonii-lotwy-i-litwy-o-rosyjskich-zbrodniach-i-pomocy-dla-ukrainy\/#breadcrumb"},"inLanguage":"pl-PL","potentialAction":[{"@type":"ReadAction","target":["https:\/\/dignitynews.eu\/pl\/prezydenci-polski-estonii-lotwy-i-litwy-o-rosyjskich-zbrodniach-i-pomocy-dla-ukrainy\/"]}]},{"@type":"BreadcrumbList","@id":"https:\/\/dignitynews.eu\/pl\/prezydenci-polski-estonii-lotwy-i-litwy-o-rosyjskich-zbrodniach-i-pomocy-dla-ukrainy\/#breadcrumb","itemListElement":[{"@type":"ListItem","position":1,"name":"Strona g\u0142\u00f3wna","item":"https:\/\/dignitynews.eu\/pl\/"},{"@type":"ListItem","position":2,"name":"Prezydenci Polski, Estonii, \u0141otwy i Litwy o rosyjskich zbrodniach i pomocy dla Ukrainy"}]},{"@type":"Person","@id":"https:\/\/dignitynews.eu\/pl\/#\/schema\/person\/0b62b762b8174802fabc81a3ecb1bfcb","name":"Dignity News","image":{"@type":"ImageObject","inLanguage":"pl-PL","@id":"https:\/\/dignitynews.eu\/pl\/#\/schema\/person\/image\/","url":"https:\/\/secure.gravatar.com\/avatar\/97963171a6d9108f8381bbefb1c6b150c445b6ddd9e3077b96c86cf5892c85dc?s=96&d=mm&r=g","contentUrl":"https:\/\/secure.gravatar.com\/avatar\/97963171a6d9108f8381bbefb1c6b150c445b6ddd9e3077b96c86cf5892c85dc?s=96&d=mm&r=g","caption":"Dignity News"},"url":"https:\/\/dignitynews.eu\/pl\/author\/mikolaj-palade\/"}]}},"_links":{"self":[{"href":"https:\/\/dignitynews.eu\/pl\/wp-json\/wp\/v2\/posts\/14488","targetHints":{"allow":["GET"]}}],"collection":[{"href":"https:\/\/dignitynews.eu\/pl\/wp-json\/wp\/v2\/posts"}],"about":[{"href":"https:\/\/dignitynews.eu\/pl\/wp-json\/wp\/v2\/types\/post"}],"author":[{"embeddable":true,"href":"https:\/\/dignitynews.eu\/pl\/wp-json\/wp\/v2\/users\/7"}],"replies":[{"embeddable":true,"href":"https:\/\/dignitynews.eu\/pl\/wp-json\/wp\/v2\/comments?post=14488"}],"version-history":[{"count":1,"href":"https:\/\/dignitynews.eu\/pl\/wp-json\/wp\/v2\/posts\/14488\/revisions"}],"predecessor-version":[{"id":14494,"href":"https:\/\/dignitynews.eu\/pl\/wp-json\/wp\/v2\/posts\/14488\/revisions\/14494"}],"wp:featuredmedia":[{"embeddable":true,"href":"https:\/\/dignitynews.eu\/pl\/wp-json\/wp\/v2\/media\/14489"}],"wp:attachment":[{"href":"https:\/\/dignitynews.eu\/pl\/wp-json\/wp\/v2\/media?parent=14488"}],"wp:term":[{"taxonomy":"category","embeddable":true,"href":"https:\/\/dignitynews.eu\/pl\/wp-json\/wp\/v2\/categories?post=14488"},{"taxonomy":"post_tag","embeddable":true,"href":"https:\/\/dignitynews.eu\/pl\/wp-json\/wp\/v2\/tags?post=14488"}],"curies":[{"name":"wp","href":"https:\/\/api.w.org\/{rel}","templated":true}]}}