{"id":14473,"date":"2022-04-14T11:47:21","date_gmt":"2022-04-14T09:47:21","guid":{"rendered":"https:\/\/dignitynews.eu\/?p=14473"},"modified":"2022-04-14T11:48:00","modified_gmt":"2022-04-14T09:48:00","slug":"akcja-zonkile-w-79-ta-rocznice-wybuchu-powstania-w-getcie-warszawskim","status":"publish","type":"post","link":"https:\/\/dignitynews.eu\/pl\/akcja-zonkile-w-79-ta-rocznice-wybuchu-powstania-w-getcie-warszawskim\/","title":{"rendered":"Akcja \u017bonkile w 79-t\u0105 rocznic\u0119 wybuchu powstania w getcie warszawskim"},"content":{"rendered":"<h5>Muzeum POLIN zaprasza do udzia\u0142u w jubileuszowej akcji spo\u0142eczno-edukacyjnej \u017bonkile. Tematem przewodnim tej edycji jest mi\u0142o\u015b\u0107 i wok\u00f3\u0142 niej koncentruje si\u0119 program wydarze\u0144 zar\u00f3wno w Internecie, jak i stacjonarnie. 19 kwietnia przypada 79. rocznica wybuchu powstania w getcie warszawskim. Tego dnia w ca\u0142ej Polsce po\u0142\u0105czy nas pami\u0119\u0107, kt\u00f3rej symbolem \u2013 ju\u017c od dziesi\u0119ciu lat \u2013 jest \u017conkil \u2013 czytamy w informacji prasowej.<\/h5>\n<p>Muzeum podkre\u015bla r\u00f3wnie\u017c znaczenie ponadczasowych i uniwersalnych postaw maj\u0105cych z mi\u0142o\u015bci\u0105 wiele wsp\u00f3lnego: wra\u017cliwo\u015bci na krzywd\u0119 innych i po\u015bwi\u0119cenia na rzecz potrzebuj\u0105cych.<\/p>\n<p>\u2013 Akcja \u017bonkile jest oddaniem ho\u0142du bojowcom i cywilom, kt\u00f3rzy 79 lat temu w okupowanym mie\u015bcie stawili czo\u0142a oprawcom, nie maj\u0105c nadziei na militarny sukces. Tegoroczna edycja odbywa si\u0119 w czasie, gdy za nasz\u0105 granic\u0105 rozgorza\u0142 kolejny krwawy konflikt. Spraw\u0105 naturaln\u0105 jest zatem, \u017ce b\u0119dziemy manifestowa\u0107 mi\u0142o\u015b\u0107 tak\u017ce w wymiarze ponadczasowego sprzeciwu wobec wojny, jeste\u015bmy przeciwko agresji, jeste\u015bmy po stronie ofiar. Musimy pami\u0119ta\u0107 i nie mo\u017cemy by\u0107 oboj\u0119tni wobec z\u0142a \u2013 m\u00f3wi Zygmunt St\u0119pi\u0144ski, dyrektor Muzeum POLIN.<\/p>\n<p>Program wydarze\u0144 odbywaj\u0105cych si\u0119 w ramach akcji spo\u0142eczno-edukacyjnej \u017bonkile koncentruje si\u0119 wok\u00f3\u0142 tematu mi\u0142o\u015bci &#8211; tak\u017ce tej siostrzanej i braterskiej, mi\u0142o\u015bci romantycznej czy rodzicielskiej. \u00a0Ambasadorami tegorocznej akcji s\u0105 Irena Santor, Krzysztof Gonciarz, Eliza Rycembel, Janusz Gajos, Andrzej Piaseczny i Aleksandra Pop\u0142awska.<\/p>\n<p>\u017bonkil sta\u0142 si\u0119 symbolem szacunku i pami\u0119ci o powstaniu dzi\u0119ki Markowi Edelmanowi. Ocala\u0142y z getta ostatni dow\u00f3dca \u017bydowskiej Organizacji Bojowej sk\u0142ada\u0142 bukiet \u017c\u00f3\u0142tych kwiat\u00f3w pod Pomnikiem Bohater\u00f3w Getta na warszawskim Muranowie w ka\u017cd\u0105 rocznic\u0119 powstania. Organizowana przez Muzeum Historii \u017byd\u00f3w Polskich POLIN akcja ma na celu rozpowszechnianie tego symbolu oraz szerzenie wiedzy na temat samego powstania.<\/p>\n<p>Arkadiusz S\u0142omczy\u0144ski<\/p>\n<p>&nbsp;<\/p>\n","protected":false},"excerpt":{"rendered":"<p>Muzeum POLIN zaprasza do udzia\u0142u w jubileuszowej akcji spo\u0142eczno-edukacyjnej \u017bonkile. Tematem przewodnim tej edycji jest mi\u0142o\u015b\u0107 i wok\u00f3\u0142 niej koncentruje si\u0119 program wydarze\u0144 zar\u00f3wno w Internecie, jak i stacjonarnie. 19&hellip;<\/p>\n","protected":false},"author":7,"featured_media":14474,"comment_status":"closed","ping_status":"open","sticky":false,"template":"","format":"standard","meta":{"_mi_skip_tracking":false,"footnotes":""},"categories":[47],"tags":[],"class_list":["post-14473","post","type-post","status-publish","format-standard","has-post-thumbnail","hentry","category-wydarzenia"],"yoast_head":"<!-- This site is optimized with the Yoast SEO plugin v19.4 - https:\/\/yoast.com\/wordpress\/plugins\/seo\/ -->\n<title>Akcja \u017bonkile w 79-t\u0105 rocznic\u0119 wybuchu powstania w getcie warszawskim - Godno\u015b\u0107 - DignityNews.eu<\/title>\n<meta name=\"robots\" content=\"index, follow, max-snippet:-1, max-image-preview:large, max-video-preview:-1\" \/>\n<link rel=\"canonical\" href=\"https:\/\/dignitynews.eu\/pl\/akcja-zonkile-w-79-ta-rocznice-wybuchu-powstania-w-getcie-warszawskim\/\" \/>\n<meta property=\"og:locale\" content=\"pl_PL\" \/>\n<meta property=\"og:type\" content=\"article\" \/>\n<meta property=\"og:title\" content=\"Akcja \u017bonkile w 79-t\u0105 rocznic\u0119 wybuchu powstania w getcie warszawskim - Godno\u015b\u0107 - DignityNews.eu\" \/>\n<meta property=\"og:description\" content=\"Muzeum POLIN zaprasza do udzia\u0142u w jubileuszowej akcji spo\u0142eczno-edukacyjnej \u017bonkile. Tematem przewodnim tej edycji jest mi\u0142o\u015b\u0107 i wok\u00f3\u0142 niej koncentruje si\u0119 program wydarze\u0144 zar\u00f3wno w Internecie, jak i stacjonarnie. 19&hellip;\" \/>\n<meta property=\"og:url\" content=\"https:\/\/dignitynews.eu\/pl\/akcja-zonkile-w-79-ta-rocznice-wybuchu-powstania-w-getcie-warszawskim\/\" \/>\n<meta property=\"og:site_name\" content=\"Godno\u015b\u0107 - DignityNews.eu\" \/>\n<meta property=\"article:published_time\" content=\"2022-04-14T09:47:21+00:00\" \/>\n<meta property=\"article:modified_time\" content=\"2022-04-14T09:48:00+00:00\" \/>\n<meta property=\"og:image\" content=\"https:\/\/dignitynews.eu\/wp-content\/uploads\/2022\/04\/Akcja-spoleczno-edukacyjna-Zonkile-fot.-Muzeum-Historii-Zydow-Polskich-POLIN_.png\" \/>\n\t<meta property=\"og:image:width\" content=\"1158\" \/>\n\t<meta property=\"og:image:height\" content=\"794\" \/>\n\t<meta property=\"og:image:type\" content=\"image\/png\" \/>\n<meta name=\"author\" content=\"Dignity News\" \/>\n<meta name=\"twitter:card\" content=\"summary_large_image\" \/>\n<meta name=\"twitter:label1\" content=\"Napisane przez\" \/>\n\t<meta name=\"twitter:data1\" content=\"Dignity News\" \/>\n\t<meta name=\"twitter:label2\" content=\"Szacowany czas czytania\" \/>\n\t<meta name=\"twitter:data2\" content=\"2 minuty\" \/>\n<script type=\"application\/ld+json\" class=\"yoast-schema-graph\">{\"@context\":\"https:\/\/schema.org\",\"@graph\":[{\"@type\":\"WebSite\",\"@id\":\"https:\/\/dignitynews.eu\/pl\/#website\",\"url\":\"https:\/\/dignitynews.eu\/pl\/\",\"name\":\"Godno\u015b\u0107 - DignityNews.eu\",\"description\":\"\",\"potentialAction\":[{\"@type\":\"SearchAction\",\"target\":{\"@type\":\"EntryPoint\",\"urlTemplate\":\"https:\/\/dignitynews.eu\/pl\/?s={search_term_string}\"},\"query-input\":\"required name=search_term_string\"}],\"inLanguage\":\"pl-PL\"},{\"@type\":\"WebPage\",\"@id\":\"https:\/\/dignitynews.eu\/pl\/akcja-zonkile-w-79-ta-rocznice-wybuchu-powstania-w-getcie-warszawskim\/\",\"url\":\"https:\/\/dignitynews.eu\/pl\/akcja-zonkile-w-79-ta-rocznice-wybuchu-powstania-w-getcie-warszawskim\/\",\"name\":\"Akcja \u017bonkile w 79-t\u0105 rocznic\u0119 wybuchu powstania w getcie warszawskim - Godno\u015b\u0107 - DignityNews.eu\",\"isPartOf\":{\"@id\":\"https:\/\/dignitynews.eu\/pl\/#website\"},\"datePublished\":\"2022-04-14T09:47:21+00:00\",\"dateModified\":\"2022-04-14T09:48:00+00:00\",\"author\":{\"@id\":\"https:\/\/dignitynews.eu\/pl\/#\/schema\/person\/0b62b762b8174802fabc81a3ecb1bfcb\"},\"breadcrumb\":{\"@id\":\"https:\/\/dignitynews.eu\/pl\/akcja-zonkile-w-79-ta-rocznice-wybuchu-powstania-w-getcie-warszawskim\/#breadcrumb\"},\"inLanguage\":\"pl-PL\",\"potentialAction\":[{\"@type\":\"ReadAction\",\"target\":[\"https:\/\/dignitynews.eu\/pl\/akcja-zonkile-w-79-ta-rocznice-wybuchu-powstania-w-getcie-warszawskim\/\"]}]},{\"@type\":\"BreadcrumbList\",\"@id\":\"https:\/\/dignitynews.eu\/pl\/akcja-zonkile-w-79-ta-rocznice-wybuchu-powstania-w-getcie-warszawskim\/#breadcrumb\",\"itemListElement\":[{\"@type\":\"ListItem\",\"position\":1,\"name\":\"Strona g\u0142\u00f3wna\",\"item\":\"https:\/\/dignitynews.eu\/pl\/\"},{\"@type\":\"ListItem\",\"position\":2,\"name\":\"Akcja \u017bonkile w 79-t\u0105 rocznic\u0119 wybuchu powstania w getcie warszawskim\"}]},{\"@type\":\"Person\",\"@id\":\"https:\/\/dignitynews.eu\/pl\/#\/schema\/person\/0b62b762b8174802fabc81a3ecb1bfcb\",\"name\":\"Dignity News\",\"image\":{\"@type\":\"ImageObject\",\"inLanguage\":\"pl-PL\",\"@id\":\"https:\/\/dignitynews.eu\/pl\/#\/schema\/person\/image\/\",\"url\":\"https:\/\/secure.gravatar.com\/avatar\/97963171a6d9108f8381bbefb1c6b150c445b6ddd9e3077b96c86cf5892c85dc?s=96&d=mm&r=g\",\"contentUrl\":\"https:\/\/secure.gravatar.com\/avatar\/97963171a6d9108f8381bbefb1c6b150c445b6ddd9e3077b96c86cf5892c85dc?s=96&d=mm&r=g\",\"caption\":\"Dignity News\"},\"url\":\"https:\/\/dignitynews.eu\/pl\/author\/mikolaj-palade\/\"}]}<\/script>\n<!-- \/ Yoast SEO plugin. -->","yoast_head_json":{"title":"Akcja \u017bonkile w 79-t\u0105 rocznic\u0119 wybuchu powstania w getcie warszawskim - Godno\u015b\u0107 - DignityNews.eu","robots":{"index":"index","follow":"follow","max-snippet":"max-snippet:-1","max-image-preview":"max-image-preview:large","max-video-preview":"max-video-preview:-1"},"canonical":"https:\/\/dignitynews.eu\/pl\/akcja-zonkile-w-79-ta-rocznice-wybuchu-powstania-w-getcie-warszawskim\/","og_locale":"pl_PL","og_type":"article","og_title":"Akcja \u017bonkile w 79-t\u0105 rocznic\u0119 wybuchu powstania w getcie warszawskim - Godno\u015b\u0107 - DignityNews.eu","og_description":"Muzeum POLIN zaprasza do udzia\u0142u w jubileuszowej akcji spo\u0142eczno-edukacyjnej \u017bonkile. Tematem przewodnim tej edycji jest mi\u0142o\u015b\u0107 i wok\u00f3\u0142 niej koncentruje si\u0119 program wydarze\u0144 zar\u00f3wno w Internecie, jak i stacjonarnie. 19&hellip;","og_url":"https:\/\/dignitynews.eu\/pl\/akcja-zonkile-w-79-ta-rocznice-wybuchu-powstania-w-getcie-warszawskim\/","og_site_name":"Godno\u015b\u0107 - DignityNews.eu","article_published_time":"2022-04-14T09:47:21+00:00","article_modified_time":"2022-04-14T09:48:00+00:00","og_image":[{"width":1158,"height":794,"url":"https:\/\/dignitynews.eu\/wp-content\/uploads\/2022\/04\/Akcja-spoleczno-edukacyjna-Zonkile-fot.-Muzeum-Historii-Zydow-Polskich-POLIN_.png","type":"image\/png"}],"author":"Dignity News","twitter_card":"summary_large_image","twitter_misc":{"Napisane przez":"Dignity News","Szacowany czas czytania":"2 minuty"},"schema":{"@context":"https:\/\/schema.org","@graph":[{"@type":"WebSite","@id":"https:\/\/dignitynews.eu\/pl\/#website","url":"https:\/\/dignitynews.eu\/pl\/","name":"Godno\u015b\u0107 - DignityNews.eu","description":"","potentialAction":[{"@type":"SearchAction","target":{"@type":"EntryPoint","urlTemplate":"https:\/\/dignitynews.eu\/pl\/?s={search_term_string}"},"query-input":"required name=search_term_string"}],"inLanguage":"pl-PL"},{"@type":"WebPage","@id":"https:\/\/dignitynews.eu\/pl\/akcja-zonkile-w-79-ta-rocznice-wybuchu-powstania-w-getcie-warszawskim\/","url":"https:\/\/dignitynews.eu\/pl\/akcja-zonkile-w-79-ta-rocznice-wybuchu-powstania-w-getcie-warszawskim\/","name":"Akcja \u017bonkile w 79-t\u0105 rocznic\u0119 wybuchu powstania w getcie warszawskim - Godno\u015b\u0107 - DignityNews.eu","isPartOf":{"@id":"https:\/\/dignitynews.eu\/pl\/#website"},"datePublished":"2022-04-14T09:47:21+00:00","dateModified":"2022-04-14T09:48:00+00:00","author":{"@id":"https:\/\/dignitynews.eu\/pl\/#\/schema\/person\/0b62b762b8174802fabc81a3ecb1bfcb"},"breadcrumb":{"@id":"https:\/\/dignitynews.eu\/pl\/akcja-zonkile-w-79-ta-rocznice-wybuchu-powstania-w-getcie-warszawskim\/#breadcrumb"},"inLanguage":"pl-PL","potentialAction":[{"@type":"ReadAction","target":["https:\/\/dignitynews.eu\/pl\/akcja-zonkile-w-79-ta-rocznice-wybuchu-powstania-w-getcie-warszawskim\/"]}]},{"@type":"BreadcrumbList","@id":"https:\/\/dignitynews.eu\/pl\/akcja-zonkile-w-79-ta-rocznice-wybuchu-powstania-w-getcie-warszawskim\/#breadcrumb","itemListElement":[{"@type":"ListItem","position":1,"name":"Strona g\u0142\u00f3wna","item":"https:\/\/dignitynews.eu\/pl\/"},{"@type":"ListItem","position":2,"name":"Akcja \u017bonkile w 79-t\u0105 rocznic\u0119 wybuchu powstania w getcie warszawskim"}]},{"@type":"Person","@id":"https:\/\/dignitynews.eu\/pl\/#\/schema\/person\/0b62b762b8174802fabc81a3ecb1bfcb","name":"Dignity News","image":{"@type":"ImageObject","inLanguage":"pl-PL","@id":"https:\/\/dignitynews.eu\/pl\/#\/schema\/person\/image\/","url":"https:\/\/secure.gravatar.com\/avatar\/97963171a6d9108f8381bbefb1c6b150c445b6ddd9e3077b96c86cf5892c85dc?s=96&d=mm&r=g","contentUrl":"https:\/\/secure.gravatar.com\/avatar\/97963171a6d9108f8381bbefb1c6b150c445b6ddd9e3077b96c86cf5892c85dc?s=96&d=mm&r=g","caption":"Dignity News"},"url":"https:\/\/dignitynews.eu\/pl\/author\/mikolaj-palade\/"}]}},"_links":{"self":[{"href":"https:\/\/dignitynews.eu\/pl\/wp-json\/wp\/v2\/posts\/14473","targetHints":{"allow":["GET"]}}],"collection":[{"href":"https:\/\/dignitynews.eu\/pl\/wp-json\/wp\/v2\/posts"}],"about":[{"href":"https:\/\/dignitynews.eu\/pl\/wp-json\/wp\/v2\/types\/post"}],"author":[{"embeddable":true,"href":"https:\/\/dignitynews.eu\/pl\/wp-json\/wp\/v2\/users\/7"}],"replies":[{"embeddable":true,"href":"https:\/\/dignitynews.eu\/pl\/wp-json\/wp\/v2\/comments?post=14473"}],"version-history":[{"count":1,"href":"https:\/\/dignitynews.eu\/pl\/wp-json\/wp\/v2\/posts\/14473\/revisions"}],"predecessor-version":[{"id":14479,"href":"https:\/\/dignitynews.eu\/pl\/wp-json\/wp\/v2\/posts\/14473\/revisions\/14479"}],"wp:featuredmedia":[{"embeddable":true,"href":"https:\/\/dignitynews.eu\/pl\/wp-json\/wp\/v2\/media\/14474"}],"wp:attachment":[{"href":"https:\/\/dignitynews.eu\/pl\/wp-json\/wp\/v2\/media?parent=14473"}],"wp:term":[{"taxonomy":"category","embeddable":true,"href":"https:\/\/dignitynews.eu\/pl\/wp-json\/wp\/v2\/categories?post=14473"},{"taxonomy":"post_tag","embeddable":true,"href":"https:\/\/dignitynews.eu\/pl\/wp-json\/wp\/v2\/tags?post=14473"}],"curies":[{"name":"wp","href":"https:\/\/api.w.org\/{rel}","templated":true}]}}