{"id":14336,"date":"2022-04-13T11:52:28","date_gmt":"2022-04-13T09:52:28","guid":{"rendered":"https:\/\/dignitynews.eu\/?p=14336"},"modified":"2022-04-13T18:39:34","modified_gmt":"2022-04-13T16:39:34","slug":"zlodzieje-uwzieli-sie-na-jego-skrzypce-huberman-skrzypek-ktory-snil-o-zjednoczonej-europie","status":"publish","type":"post","link":"https:\/\/dignitynews.eu\/pl\/zlodzieje-uwzieli-sie-na-jego-skrzypce-huberman-skrzypek-ktory-snil-o-zjednoczonej-europie\/","title":{"rendered":"Z\u0142odzieje uwzi\u0119li si\u0119 na jego skrzypce. Huberman \u2013 skrzypek, kt\u00f3ry \u015bni\u0142 o Zjednoczonej Europie"},"content":{"rendered":"<h5><strong>Utalentowany polski skrzypek \u017cydowskiego pochodzenia, Bronis\u0142aw Huberman, mia\u0142 niezwyk\u0142ego pecha: z\u0142odziejom bardzo podoba\u0142y si\u0119 jego skrzypce. Opr\u00f3cz muzykowania \u00a0szerzy\u0142 ide\u0119 Zjednoczonej Europy. <\/strong><\/h5>\n<p>Bronis\u0142aw Huberman przyszed\u0142 na \u015bwiat 19 grudnia 1882 r. w Cz\u0119stochowie. Ju\u017c jako m\u0142ody ch\u0142opak okaza\u0142 si\u0119 by\u0107 niezwykle utalentowanym skrzypkiem. Pierwszy publiczny wyst\u0119p zaliczy\u0142 w wieku 7 lat.<\/p>\n<p>Wkr\u00f3tce wraz z rodzicami wyjecha\u0142 do Berlina, gdzie rozpocz\u0105\u0142 dalsz\u0105 nauk\u0119. Koncertowa\u0142 w stolicach europejskich. W\u00f3wczas pod opiek\u0119 wzi\u0105\u0142 go polski arystokrata Jana hrabia Zamoyski.<\/p>\n<p><strong>Or\u0119downik Zjednoczonej Europy<\/strong><\/p>\n<p>Kariera m\u0142odego artysty rozwija\u0142a si\u0119 wspaniale. W wieku 15 lat wyjecha\u0142 na tourn\u00e9e po Stanach Zjednoczonych i Rosji. Koncertowa\u0142 tak\u017ce w swojej ojczy\u017anie, Polsce. Po I wojnie \u015bwiatowej, opr\u00f3cz kraj\u00f3w europejskich, wyst\u0119powa\u0142 tak\u017ce w Ameryce Po\u0142udniowej i odwiedzi\u0142 po raz pierwszy Palestyn\u0119.<\/p>\n<p>By\u0107 mo\u017ce do\u015bwiadczenia, jakie wyni\u00f3s\u0142 z wieloletnich podr\u00f3\u017cy, \u00a0zaowocowa\u0142y u niego ide\u0105 Zjednoczonej Europy, kt\u00f3r\u0105 propagowa\u0142 \u00a0w swoich politycznych tekstach. Niew\u0105tpliwie wyprzedza\u0142 swoje czasy w tej kwestii, poniewa\u017c, jak wiemy, proces integracji europejskiej rozpocz\u0105\u0142 si\u0119 dopiero \u00a0po II wojnie \u015bwiatowej.<\/p>\n<p><strong>Stworzy\u0142 \u017cydowsk\u0105 orkiestr\u0119 <\/strong><\/p>\n<p>Po doj\u015bciu do w\u0142adzy niemieckich nazist\u00f3w w III Rzeszy, \u017cycie w Berlinie, gdzie mieszka\u0142, stawa\u0142o si\u0119 coraz ci\u0119\u017csze dla \u017byd\u00f3w. Przeni\u00f3s\u0142 si\u0119 wi\u0119c do Wiednia. Kilka razy odwiedzi\u0142 Tel Awiw i zorganizowa\u0142 tam Palesty\u0144sk\u0105 Orkiestr\u0119 Symfoniczn\u0105. Grupa sk\u0142ada\u0142a si\u0119 z \u017byd\u00f3w, kt\u00f3rzy uciekli przed hitlerowskim re\u017cimem.<\/p>\n<p><strong>Z\u0142odzieje uwzi\u0119li si\u0119 na jego skrzypce<\/strong><\/p>\n<p>Huberman koncertowa\u0142 niestrudzenie. Przed wybuchem II wojny \u015bwiatowej w Stanach Zjednoczonych, skradziono mu skrzypce Stradivariusa z 1713 r. Z\u0142odziej, kt\u00f3ry mu je ukrad\u0142, zna\u0142 si\u0119 jednak na muzyce i \u00a0skrzypce zachowa\u0142 do \u015bmierci. Dopiero gdy umiera\u0142, powiedzia\u0142 \u017conie, jak wszed\u0142 w ich posiadanie. Podobna sytuacja Hubermana spotka\u0142a \u00a0w \u00a0w \u0141odzi. Tam jednak skrzypce pom\u00f3g\u0142 mu odzyska\u0107 \u017cydowski gangster <a href=\"https:\/\/dignitynews.eu\/pl\/bornsztajn-gangster-ktory-pomagal-biednym-zydom\/\">Menachem Bornsztajn<\/a>.<\/p>\n<p><strong>Pomaga\u0142 Polakom<\/strong><\/p>\n<p>Wracaj\u0105c z\u00a0 tourn\u00e9e uleg\u0142 wypadkowi w katastrofie lotniczej, podczas kt\u00f3rej ucierpia\u0142y jego r\u0119ce. Po rehabilitacji wr\u00f3ci\u0142 jednak do koncertowania. Wyst\u0119powa\u0142\u00a0 w czasie II wojny \u015bwiatowej. Zagra\u0142 m.in. podczas \u00a0koncertu \u00a0polskiej muzyki w Nowym Jorku w 1944 r. Anga\u017cowa\u0142 si\u0119 r\u00f3wnie\u017c w pomoc Polakom, kt\u00f3rzy uciekli przed agresj\u0105 Niemiec i Zwi\u0105zku Sowieckiego. Zmar\u0142 16 grudnia 1947 r.<\/p>\n","protected":false},"excerpt":{"rendered":"<p>Utalentowany polski skrzypek \u017cydowskiego pochodzenia, Bronis\u0142aw Huberman, mia\u0142 niezwyk\u0142ego pecha: z\u0142odziejom bardzo podoba\u0142y si\u0119 jego skrzypce. Opr\u00f3cz muzykowania \u00a0szerzy\u0142 ide\u0119 Zjednoczonej Europy. Bronis\u0142aw Huberman przyszed\u0142 na \u015bwiat 19 grudnia 1882&hellip;<\/p>\n","protected":false},"author":7,"featured_media":14343,"comment_status":"closed","ping_status":"open","sticky":false,"template":"","format":"standard","meta":{"_mi_skip_tracking":false,"footnotes":""},"categories":[46],"tags":[],"class_list":["post-14336","post","type-post","status-publish","format-standard","has-post-thumbnail","hentry","category-historia"],"yoast_head":"<!-- This site is optimized with the Yoast SEO plugin v19.4 - https:\/\/yoast.com\/wordpress\/plugins\/seo\/ -->\n<title>Z\u0142odzieje uwzi\u0119li si\u0119 na jego skrzypce. Huberman \u2013 skrzypek, kt\u00f3ry \u015bni\u0142 o Zjednoczonej Europie - Godno\u015b\u0107 - DignityNews.eu<\/title>\n<meta name=\"robots\" content=\"index, follow, max-snippet:-1, max-image-preview:large, max-video-preview:-1\" \/>\n<link rel=\"canonical\" href=\"https:\/\/dignitynews.eu\/pl\/zlodzieje-uwzieli-sie-na-jego-skrzypce-huberman-skrzypek-ktory-snil-o-zjednoczonej-europie\/\" \/>\n<meta property=\"og:locale\" content=\"pl_PL\" \/>\n<meta property=\"og:type\" content=\"article\" \/>\n<meta property=\"og:title\" content=\"Z\u0142odzieje uwzi\u0119li si\u0119 na jego skrzypce. Huberman \u2013 skrzypek, kt\u00f3ry \u015bni\u0142 o Zjednoczonej Europie - Godno\u015b\u0107 - DignityNews.eu\" \/>\n<meta property=\"og:description\" content=\"Utalentowany polski skrzypek \u017cydowskiego pochodzenia, Bronis\u0142aw Huberman, mia\u0142 niezwyk\u0142ego pecha: z\u0142odziejom bardzo podoba\u0142y si\u0119 jego skrzypce. Opr\u00f3cz muzykowania \u00a0szerzy\u0142 ide\u0119 Zjednoczonej Europy. Bronis\u0142aw Huberman przyszed\u0142 na \u015bwiat 19 grudnia 1882&hellip;\" \/>\n<meta property=\"og:url\" content=\"https:\/\/dignitynews.eu\/pl\/zlodzieje-uwzieli-sie-na-jego-skrzypce-huberman-skrzypek-ktory-snil-o-zjednoczonej-europie\/\" \/>\n<meta property=\"og:site_name\" content=\"Godno\u015b\u0107 - DignityNews.eu\" \/>\n<meta property=\"article:published_time\" content=\"2022-04-13T09:52:28+00:00\" \/>\n<meta property=\"article:modified_time\" content=\"2022-04-13T16:39:34+00:00\" \/>\n<meta property=\"og:image\" content=\"https:\/\/dignitynews.eu\/wp-content\/uploads\/2022\/04\/httpscommons.wikimedia.orgwindex.phpcurid1272053-scaled.jpg\" \/>\n\t<meta property=\"og:image:width\" content=\"1775\" \/>\n\t<meta property=\"og:image:height\" content=\"2560\" \/>\n\t<meta property=\"og:image:type\" content=\"image\/jpeg\" \/>\n<meta name=\"author\" content=\"Dignity News\" \/>\n<meta name=\"twitter:card\" content=\"summary_large_image\" \/>\n<meta name=\"twitter:label1\" content=\"Napisane przez\" \/>\n\t<meta name=\"twitter:data1\" content=\"Dignity News\" \/>\n\t<meta name=\"twitter:label2\" content=\"Szacowany czas czytania\" \/>\n\t<meta name=\"twitter:data2\" content=\"3 minuty\" \/>\n<script type=\"application\/ld+json\" class=\"yoast-schema-graph\">{\"@context\":\"https:\/\/schema.org\",\"@graph\":[{\"@type\":\"WebSite\",\"@id\":\"https:\/\/dignitynews.eu\/pl\/#website\",\"url\":\"https:\/\/dignitynews.eu\/pl\/\",\"name\":\"Godno\u015b\u0107 - DignityNews.eu\",\"description\":\"\",\"potentialAction\":[{\"@type\":\"SearchAction\",\"target\":{\"@type\":\"EntryPoint\",\"urlTemplate\":\"https:\/\/dignitynews.eu\/pl\/?s={search_term_string}\"},\"query-input\":\"required name=search_term_string\"}],\"inLanguage\":\"pl-PL\"},{\"@type\":\"WebPage\",\"@id\":\"https:\/\/dignitynews.eu\/pl\/zlodzieje-uwzieli-sie-na-jego-skrzypce-huberman-skrzypek-ktory-snil-o-zjednoczonej-europie\/\",\"url\":\"https:\/\/dignitynews.eu\/pl\/zlodzieje-uwzieli-sie-na-jego-skrzypce-huberman-skrzypek-ktory-snil-o-zjednoczonej-europie\/\",\"name\":\"Z\u0142odzieje uwzi\u0119li si\u0119 na jego skrzypce. Huberman \u2013 skrzypek, kt\u00f3ry \u015bni\u0142 o Zjednoczonej Europie - Godno\u015b\u0107 - DignityNews.eu\",\"isPartOf\":{\"@id\":\"https:\/\/dignitynews.eu\/pl\/#website\"},\"datePublished\":\"2022-04-13T09:52:28+00:00\",\"dateModified\":\"2022-04-13T16:39:34+00:00\",\"author\":{\"@id\":\"https:\/\/dignitynews.eu\/pl\/#\/schema\/person\/0b62b762b8174802fabc81a3ecb1bfcb\"},\"breadcrumb\":{\"@id\":\"https:\/\/dignitynews.eu\/pl\/zlodzieje-uwzieli-sie-na-jego-skrzypce-huberman-skrzypek-ktory-snil-o-zjednoczonej-europie\/#breadcrumb\"},\"inLanguage\":\"pl-PL\",\"potentialAction\":[{\"@type\":\"ReadAction\",\"target\":[\"https:\/\/dignitynews.eu\/pl\/zlodzieje-uwzieli-sie-na-jego-skrzypce-huberman-skrzypek-ktory-snil-o-zjednoczonej-europie\/\"]}]},{\"@type\":\"BreadcrumbList\",\"@id\":\"https:\/\/dignitynews.eu\/pl\/zlodzieje-uwzieli-sie-na-jego-skrzypce-huberman-skrzypek-ktory-snil-o-zjednoczonej-europie\/#breadcrumb\",\"itemListElement\":[{\"@type\":\"ListItem\",\"position\":1,\"name\":\"Strona g\u0142\u00f3wna\",\"item\":\"https:\/\/dignitynews.eu\/pl\/\"},{\"@type\":\"ListItem\",\"position\":2,\"name\":\"Z\u0142odzieje uwzi\u0119li si\u0119 na jego skrzypce. Huberman \u2013 skrzypek, kt\u00f3ry \u015bni\u0142 o Zjednoczonej Europie\"}]},{\"@type\":\"Person\",\"@id\":\"https:\/\/dignitynews.eu\/pl\/#\/schema\/person\/0b62b762b8174802fabc81a3ecb1bfcb\",\"name\":\"Dignity News\",\"image\":{\"@type\":\"ImageObject\",\"inLanguage\":\"pl-PL\",\"@id\":\"https:\/\/dignitynews.eu\/pl\/#\/schema\/person\/image\/\",\"url\":\"https:\/\/secure.gravatar.com\/avatar\/97963171a6d9108f8381bbefb1c6b150c445b6ddd9e3077b96c86cf5892c85dc?s=96&d=mm&r=g\",\"contentUrl\":\"https:\/\/secure.gravatar.com\/avatar\/97963171a6d9108f8381bbefb1c6b150c445b6ddd9e3077b96c86cf5892c85dc?s=96&d=mm&r=g\",\"caption\":\"Dignity News\"},\"url\":\"https:\/\/dignitynews.eu\/pl\/author\/mikolaj-palade\/\"}]}<\/script>\n<!-- \/ Yoast SEO plugin. -->","yoast_head_json":{"title":"Z\u0142odzieje uwzi\u0119li si\u0119 na jego skrzypce. Huberman \u2013 skrzypek, kt\u00f3ry \u015bni\u0142 o Zjednoczonej Europie - Godno\u015b\u0107 - DignityNews.eu","robots":{"index":"index","follow":"follow","max-snippet":"max-snippet:-1","max-image-preview":"max-image-preview:large","max-video-preview":"max-video-preview:-1"},"canonical":"https:\/\/dignitynews.eu\/pl\/zlodzieje-uwzieli-sie-na-jego-skrzypce-huberman-skrzypek-ktory-snil-o-zjednoczonej-europie\/","og_locale":"pl_PL","og_type":"article","og_title":"Z\u0142odzieje uwzi\u0119li si\u0119 na jego skrzypce. Huberman \u2013 skrzypek, kt\u00f3ry \u015bni\u0142 o Zjednoczonej Europie - Godno\u015b\u0107 - DignityNews.eu","og_description":"Utalentowany polski skrzypek \u017cydowskiego pochodzenia, Bronis\u0142aw Huberman, mia\u0142 niezwyk\u0142ego pecha: z\u0142odziejom bardzo podoba\u0142y si\u0119 jego skrzypce. Opr\u00f3cz muzykowania \u00a0szerzy\u0142 ide\u0119 Zjednoczonej Europy. Bronis\u0142aw Huberman przyszed\u0142 na \u015bwiat 19 grudnia 1882&hellip;","og_url":"https:\/\/dignitynews.eu\/pl\/zlodzieje-uwzieli-sie-na-jego-skrzypce-huberman-skrzypek-ktory-snil-o-zjednoczonej-europie\/","og_site_name":"Godno\u015b\u0107 - DignityNews.eu","article_published_time":"2022-04-13T09:52:28+00:00","article_modified_time":"2022-04-13T16:39:34+00:00","og_image":[{"width":1775,"height":2560,"url":"https:\/\/dignitynews.eu\/wp-content\/uploads\/2022\/04\/httpscommons.wikimedia.orgwindex.phpcurid1272053-scaled.jpg","type":"image\/jpeg"}],"author":"Dignity News","twitter_card":"summary_large_image","twitter_misc":{"Napisane przez":"Dignity News","Szacowany czas czytania":"3 minuty"},"schema":{"@context":"https:\/\/schema.org","@graph":[{"@type":"WebSite","@id":"https:\/\/dignitynews.eu\/pl\/#website","url":"https:\/\/dignitynews.eu\/pl\/","name":"Godno\u015b\u0107 - DignityNews.eu","description":"","potentialAction":[{"@type":"SearchAction","target":{"@type":"EntryPoint","urlTemplate":"https:\/\/dignitynews.eu\/pl\/?s={search_term_string}"},"query-input":"required name=search_term_string"}],"inLanguage":"pl-PL"},{"@type":"WebPage","@id":"https:\/\/dignitynews.eu\/pl\/zlodzieje-uwzieli-sie-na-jego-skrzypce-huberman-skrzypek-ktory-snil-o-zjednoczonej-europie\/","url":"https:\/\/dignitynews.eu\/pl\/zlodzieje-uwzieli-sie-na-jego-skrzypce-huberman-skrzypek-ktory-snil-o-zjednoczonej-europie\/","name":"Z\u0142odzieje uwzi\u0119li si\u0119 na jego skrzypce. Huberman \u2013 skrzypek, kt\u00f3ry \u015bni\u0142 o Zjednoczonej Europie - Godno\u015b\u0107 - DignityNews.eu","isPartOf":{"@id":"https:\/\/dignitynews.eu\/pl\/#website"},"datePublished":"2022-04-13T09:52:28+00:00","dateModified":"2022-04-13T16:39:34+00:00","author":{"@id":"https:\/\/dignitynews.eu\/pl\/#\/schema\/person\/0b62b762b8174802fabc81a3ecb1bfcb"},"breadcrumb":{"@id":"https:\/\/dignitynews.eu\/pl\/zlodzieje-uwzieli-sie-na-jego-skrzypce-huberman-skrzypek-ktory-snil-o-zjednoczonej-europie\/#breadcrumb"},"inLanguage":"pl-PL","potentialAction":[{"@type":"ReadAction","target":["https:\/\/dignitynews.eu\/pl\/zlodzieje-uwzieli-sie-na-jego-skrzypce-huberman-skrzypek-ktory-snil-o-zjednoczonej-europie\/"]}]},{"@type":"BreadcrumbList","@id":"https:\/\/dignitynews.eu\/pl\/zlodzieje-uwzieli-sie-na-jego-skrzypce-huberman-skrzypek-ktory-snil-o-zjednoczonej-europie\/#breadcrumb","itemListElement":[{"@type":"ListItem","position":1,"name":"Strona g\u0142\u00f3wna","item":"https:\/\/dignitynews.eu\/pl\/"},{"@type":"ListItem","position":2,"name":"Z\u0142odzieje uwzi\u0119li si\u0119 na jego skrzypce. Huberman \u2013 skrzypek, kt\u00f3ry \u015bni\u0142 o Zjednoczonej Europie"}]},{"@type":"Person","@id":"https:\/\/dignitynews.eu\/pl\/#\/schema\/person\/0b62b762b8174802fabc81a3ecb1bfcb","name":"Dignity News","image":{"@type":"ImageObject","inLanguage":"pl-PL","@id":"https:\/\/dignitynews.eu\/pl\/#\/schema\/person\/image\/","url":"https:\/\/secure.gravatar.com\/avatar\/97963171a6d9108f8381bbefb1c6b150c445b6ddd9e3077b96c86cf5892c85dc?s=96&d=mm&r=g","contentUrl":"https:\/\/secure.gravatar.com\/avatar\/97963171a6d9108f8381bbefb1c6b150c445b6ddd9e3077b96c86cf5892c85dc?s=96&d=mm&r=g","caption":"Dignity News"},"url":"https:\/\/dignitynews.eu\/pl\/author\/mikolaj-palade\/"}]}},"_links":{"self":[{"href":"https:\/\/dignitynews.eu\/pl\/wp-json\/wp\/v2\/posts\/14336","targetHints":{"allow":["GET"]}}],"collection":[{"href":"https:\/\/dignitynews.eu\/pl\/wp-json\/wp\/v2\/posts"}],"about":[{"href":"https:\/\/dignitynews.eu\/pl\/wp-json\/wp\/v2\/types\/post"}],"author":[{"embeddable":true,"href":"https:\/\/dignitynews.eu\/pl\/wp-json\/wp\/v2\/users\/7"}],"replies":[{"embeddable":true,"href":"https:\/\/dignitynews.eu\/pl\/wp-json\/wp\/v2\/comments?post=14336"}],"version-history":[{"count":3,"href":"https:\/\/dignitynews.eu\/pl\/wp-json\/wp\/v2\/posts\/14336\/revisions"}],"predecessor-version":[{"id":14453,"href":"https:\/\/dignitynews.eu\/pl\/wp-json\/wp\/v2\/posts\/14336\/revisions\/14453"}],"wp:featuredmedia":[{"embeddable":true,"href":"https:\/\/dignitynews.eu\/pl\/wp-json\/wp\/v2\/media\/14343"}],"wp:attachment":[{"href":"https:\/\/dignitynews.eu\/pl\/wp-json\/wp\/v2\/media?parent=14336"}],"wp:term":[{"taxonomy":"category","embeddable":true,"href":"https:\/\/dignitynews.eu\/pl\/wp-json\/wp\/v2\/categories?post=14336"},{"taxonomy":"post_tag","embeddable":true,"href":"https:\/\/dignitynews.eu\/pl\/wp-json\/wp\/v2\/tags?post=14336"}],"curies":[{"name":"wp","href":"https:\/\/api.w.org\/{rel}","templated":true}]}}