{"id":14318,"date":"2022-04-13T10:41:50","date_gmt":"2022-04-13T08:41:50","guid":{"rendered":"https:\/\/dignitynews.eu\/?p=14318"},"modified":"2022-04-13T10:42:10","modified_gmt":"2022-04-13T08:42:10","slug":"prezydenci-polski-litwy-lotwy-i-estonii-w-drodze-do-kijowa","status":"publish","type":"post","link":"https:\/\/dignitynews.eu\/pl\/prezydenci-polski-litwy-lotwy-i-estonii-w-drodze-do-kijowa\/","title":{"rendered":"Prezydenci Polski, Litwy, \u0141otwy i Estonii w drodze do Kijowa"},"content":{"rendered":"<h5><strong>Prezydent Polski Andrzej Duda w towarzystwie prezydent\u00f3w Litwy Gitanasa Nausedy, \u0141otwy Egilsa Levitsa oraz Estonii Alara Karisa, s\u0105 ju\u017c na Ukrainie i jad\u0105 do Kijowa na spotkanie z prezydentem Ukrainy Wo\u0142odymyrem Ze\u0142enskim.<\/strong><\/h5>\n<p>Ta wizyta ma charakter szczeg\u00f3lny. Pan prezydent przebywa na terytorium dzia\u0142a\u0144 wojennych. Wszystko co mog\u0119 powiedzie\u0107 to to, \u017ce pan prezydent razem z prezydentami Litwy, \u0141otwy i Estonii przebywa na terytorium Ukrainy &#8211; powiedzia\u0142 na antenie Polsat News Pawe\u0142 Szrot, szef Gabinetu Prezydenta Polski.<\/p>\n<p>Jak poinformowa\u0142 Pawe\u0142 Szrot rozmowy w Kijowie b\u0119d\u0105 koncentrowa\u0142y si\u0119 wok\u00f3\u0142 mo\u017cliwych form wsparcia Ukrainy. Przypomnia\u0142, \u017ce Polska i kraje ba\u0142tyckie bardzo konkretnie wspieraj\u0105 naszych wschodnich s\u0105siad\u00f3w, zar\u00f3wno je\u015bli chodzi o pomoc dla milion\u00f3w uchod\u017ac\u00f3w, kt\u00f3rzy przekroczyli granice, jak te\u017c w zakresie pomocy w prowadzeniu dzia\u0142a\u0144 obronnych.<\/p>\n<p>Z kolei Jakub Kumoch, sekretarz stanu w Kancelarii Prezydenta, kt\u00f3ry wraz z szefem Biura Bezpiecze\u0144stwa Narodowego Paw\u0142em Solochem i wiceministrem spraw zagranicznych Marcinem Przydaczem towarzyszy prezydentowi Polski, powiedzia\u0142, \u017ce \u201enaszym celem jest wsparcie prezydenta Ze\u0142enskiego oraz obro\u0144c\u00f3w Ukrainy w decyduj\u0105cym dla tego kraju momencie\u201d.<\/p>\n<p>Przed wyjazdem na Kijowa, we wtorek 12 kwietnia w godzinach wieczornych, dosz\u0142o w Rzeszowie do nadzwyczajnego szczytu przyw\u00f3dc\u00f3w Polski i pa\u0144stw ba\u0142tyckich, kt\u00f3ry w ca\u0142o\u015bci by\u0142 po\u015bwi\u0119cony sytuacji na Ukrainie. Jak poinformowa\u0142a Kancelaria Prezydenta, \u201espotkanie by\u0142o okazj\u0105 do om\u00f3wienia sytuacji bezpiecze\u0144stwa w Ukrainie i regionie, a tak\u017ce sposob\u00f3w wsparcia dla Ukrainy\u201d.<\/p>\n<p>Adrian Andrzejewski<\/p>\n","protected":false},"excerpt":{"rendered":"<p>Prezydent Polski Andrzej Duda w towarzystwie prezydent\u00f3w Litwy Gitanasa Nausedy, \u0141otwy Egilsa Levitsa oraz Estonii Alara Karisa, s\u0105 ju\u017c na Ukrainie i jad\u0105 do Kijowa na spotkanie z prezydentem Ukrainy&hellip;<\/p>\n","protected":false},"author":7,"featured_media":14324,"comment_status":"closed","ping_status":"open","sticky":false,"template":"","format":"standard","meta":{"_mi_skip_tracking":false,"footnotes":""},"categories":[47],"tags":[],"class_list":["post-14318","post","type-post","status-publish","format-standard","has-post-thumbnail","hentry","category-wydarzenia"],"yoast_head":"<!-- This site is optimized with the Yoast SEO plugin v19.4 - https:\/\/yoast.com\/wordpress\/plugins\/seo\/ -->\n<title>Prezydenci Polski, Litwy, \u0141otwy i Estonii w drodze do Kijowa - Godno\u015b\u0107 - DignityNews.eu<\/title>\n<meta name=\"robots\" content=\"index, follow, max-snippet:-1, max-image-preview:large, max-video-preview:-1\" \/>\n<link rel=\"canonical\" href=\"https:\/\/dignitynews.eu\/pl\/prezydenci-polski-litwy-lotwy-i-estonii-w-drodze-do-kijowa\/\" \/>\n<meta property=\"og:locale\" content=\"pl_PL\" \/>\n<meta property=\"og:type\" content=\"article\" \/>\n<meta property=\"og:title\" content=\"Prezydenci Polski, Litwy, \u0141otwy i Estonii w drodze do Kijowa - Godno\u015b\u0107 - DignityNews.eu\" \/>\n<meta property=\"og:description\" content=\"Prezydent Polski Andrzej Duda w towarzystwie prezydent\u00f3w Litwy Gitanasa Nausedy, \u0141otwy Egilsa Levitsa oraz Estonii Alara Karisa, s\u0105 ju\u017c na Ukrainie i jad\u0105 do Kijowa na spotkanie z prezydentem Ukrainy&hellip;\" \/>\n<meta property=\"og:url\" content=\"https:\/\/dignitynews.eu\/pl\/prezydenci-polski-litwy-lotwy-i-estonii-w-drodze-do-kijowa\/\" \/>\n<meta property=\"og:site_name\" content=\"Godno\u015b\u0107 - DignityNews.eu\" \/>\n<meta property=\"article:published_time\" content=\"2022-04-13T08:41:50+00:00\" \/>\n<meta property=\"article:modified_time\" content=\"2022-04-13T08:42:10+00:00\" \/>\n<meta property=\"og:image\" content=\"https:\/\/dignitynews.eu\/wp-content\/uploads\/2022\/04\/Andrzej_Duda_prezydenci_Kijow-fot.-Jakub-Szymczuk-KPRP.jpg\" \/>\n\t<meta property=\"og:image:width\" content=\"1600\" \/>\n\t<meta property=\"og:image:height\" content=\"1067\" \/>\n\t<meta property=\"og:image:type\" content=\"image\/jpeg\" \/>\n<meta name=\"author\" content=\"Dignity News\" \/>\n<meta name=\"twitter:card\" content=\"summary_large_image\" \/>\n<meta name=\"twitter:label1\" content=\"Napisane przez\" \/>\n\t<meta name=\"twitter:data1\" content=\"Dignity News\" \/>\n\t<meta name=\"twitter:label2\" content=\"Szacowany czas czytania\" \/>\n\t<meta name=\"twitter:data2\" content=\"1 minuta\" \/>\n<script type=\"application\/ld+json\" class=\"yoast-schema-graph\">{\"@context\":\"https:\/\/schema.org\",\"@graph\":[{\"@type\":\"WebSite\",\"@id\":\"https:\/\/dignitynews.eu\/pl\/#website\",\"url\":\"https:\/\/dignitynews.eu\/pl\/\",\"name\":\"Godno\u015b\u0107 - DignityNews.eu\",\"description\":\"\",\"potentialAction\":[{\"@type\":\"SearchAction\",\"target\":{\"@type\":\"EntryPoint\",\"urlTemplate\":\"https:\/\/dignitynews.eu\/pl\/?s={search_term_string}\"},\"query-input\":\"required name=search_term_string\"}],\"inLanguage\":\"pl-PL\"},{\"@type\":\"WebPage\",\"@id\":\"https:\/\/dignitynews.eu\/pl\/prezydenci-polski-litwy-lotwy-i-estonii-w-drodze-do-kijowa\/\",\"url\":\"https:\/\/dignitynews.eu\/pl\/prezydenci-polski-litwy-lotwy-i-estonii-w-drodze-do-kijowa\/\",\"name\":\"Prezydenci Polski, Litwy, \u0141otwy i Estonii w drodze do Kijowa - Godno\u015b\u0107 - DignityNews.eu\",\"isPartOf\":{\"@id\":\"https:\/\/dignitynews.eu\/pl\/#website\"},\"datePublished\":\"2022-04-13T08:41:50+00:00\",\"dateModified\":\"2022-04-13T08:42:10+00:00\",\"author\":{\"@id\":\"https:\/\/dignitynews.eu\/pl\/#\/schema\/person\/0b62b762b8174802fabc81a3ecb1bfcb\"},\"breadcrumb\":{\"@id\":\"https:\/\/dignitynews.eu\/pl\/prezydenci-polski-litwy-lotwy-i-estonii-w-drodze-do-kijowa\/#breadcrumb\"},\"inLanguage\":\"pl-PL\",\"potentialAction\":[{\"@type\":\"ReadAction\",\"target\":[\"https:\/\/dignitynews.eu\/pl\/prezydenci-polski-litwy-lotwy-i-estonii-w-drodze-do-kijowa\/\"]}]},{\"@type\":\"BreadcrumbList\",\"@id\":\"https:\/\/dignitynews.eu\/pl\/prezydenci-polski-litwy-lotwy-i-estonii-w-drodze-do-kijowa\/#breadcrumb\",\"itemListElement\":[{\"@type\":\"ListItem\",\"position\":1,\"name\":\"Strona g\u0142\u00f3wna\",\"item\":\"https:\/\/dignitynews.eu\/pl\/\"},{\"@type\":\"ListItem\",\"position\":2,\"name\":\"Prezydenci Polski, Litwy, \u0141otwy i Estonii w drodze do Kijowa\"}]},{\"@type\":\"Person\",\"@id\":\"https:\/\/dignitynews.eu\/pl\/#\/schema\/person\/0b62b762b8174802fabc81a3ecb1bfcb\",\"name\":\"Dignity News\",\"image\":{\"@type\":\"ImageObject\",\"inLanguage\":\"pl-PL\",\"@id\":\"https:\/\/dignitynews.eu\/pl\/#\/schema\/person\/image\/\",\"url\":\"https:\/\/secure.gravatar.com\/avatar\/97963171a6d9108f8381bbefb1c6b150c445b6ddd9e3077b96c86cf5892c85dc?s=96&d=mm&r=g\",\"contentUrl\":\"https:\/\/secure.gravatar.com\/avatar\/97963171a6d9108f8381bbefb1c6b150c445b6ddd9e3077b96c86cf5892c85dc?s=96&d=mm&r=g\",\"caption\":\"Dignity News\"},\"url\":\"https:\/\/dignitynews.eu\/pl\/author\/mikolaj-palade\/\"}]}<\/script>\n<!-- \/ Yoast SEO plugin. -->","yoast_head_json":{"title":"Prezydenci Polski, Litwy, \u0141otwy i Estonii w drodze do Kijowa - Godno\u015b\u0107 - DignityNews.eu","robots":{"index":"index","follow":"follow","max-snippet":"max-snippet:-1","max-image-preview":"max-image-preview:large","max-video-preview":"max-video-preview:-1"},"canonical":"https:\/\/dignitynews.eu\/pl\/prezydenci-polski-litwy-lotwy-i-estonii-w-drodze-do-kijowa\/","og_locale":"pl_PL","og_type":"article","og_title":"Prezydenci Polski, Litwy, \u0141otwy i Estonii w drodze do Kijowa - Godno\u015b\u0107 - DignityNews.eu","og_description":"Prezydent Polski Andrzej Duda w towarzystwie prezydent\u00f3w Litwy Gitanasa Nausedy, \u0141otwy Egilsa Levitsa oraz Estonii Alara Karisa, s\u0105 ju\u017c na Ukrainie i jad\u0105 do Kijowa na spotkanie z prezydentem Ukrainy&hellip;","og_url":"https:\/\/dignitynews.eu\/pl\/prezydenci-polski-litwy-lotwy-i-estonii-w-drodze-do-kijowa\/","og_site_name":"Godno\u015b\u0107 - DignityNews.eu","article_published_time":"2022-04-13T08:41:50+00:00","article_modified_time":"2022-04-13T08:42:10+00:00","og_image":[{"width":1600,"height":1067,"url":"https:\/\/dignitynews.eu\/wp-content\/uploads\/2022\/04\/Andrzej_Duda_prezydenci_Kijow-fot.-Jakub-Szymczuk-KPRP.jpg","type":"image\/jpeg"}],"author":"Dignity News","twitter_card":"summary_large_image","twitter_misc":{"Napisane przez":"Dignity News","Szacowany czas czytania":"1 minuta"},"schema":{"@context":"https:\/\/schema.org","@graph":[{"@type":"WebSite","@id":"https:\/\/dignitynews.eu\/pl\/#website","url":"https:\/\/dignitynews.eu\/pl\/","name":"Godno\u015b\u0107 - DignityNews.eu","description":"","potentialAction":[{"@type":"SearchAction","target":{"@type":"EntryPoint","urlTemplate":"https:\/\/dignitynews.eu\/pl\/?s={search_term_string}"},"query-input":"required name=search_term_string"}],"inLanguage":"pl-PL"},{"@type":"WebPage","@id":"https:\/\/dignitynews.eu\/pl\/prezydenci-polski-litwy-lotwy-i-estonii-w-drodze-do-kijowa\/","url":"https:\/\/dignitynews.eu\/pl\/prezydenci-polski-litwy-lotwy-i-estonii-w-drodze-do-kijowa\/","name":"Prezydenci Polski, Litwy, \u0141otwy i Estonii w drodze do Kijowa - Godno\u015b\u0107 - DignityNews.eu","isPartOf":{"@id":"https:\/\/dignitynews.eu\/pl\/#website"},"datePublished":"2022-04-13T08:41:50+00:00","dateModified":"2022-04-13T08:42:10+00:00","author":{"@id":"https:\/\/dignitynews.eu\/pl\/#\/schema\/person\/0b62b762b8174802fabc81a3ecb1bfcb"},"breadcrumb":{"@id":"https:\/\/dignitynews.eu\/pl\/prezydenci-polski-litwy-lotwy-i-estonii-w-drodze-do-kijowa\/#breadcrumb"},"inLanguage":"pl-PL","potentialAction":[{"@type":"ReadAction","target":["https:\/\/dignitynews.eu\/pl\/prezydenci-polski-litwy-lotwy-i-estonii-w-drodze-do-kijowa\/"]}]},{"@type":"BreadcrumbList","@id":"https:\/\/dignitynews.eu\/pl\/prezydenci-polski-litwy-lotwy-i-estonii-w-drodze-do-kijowa\/#breadcrumb","itemListElement":[{"@type":"ListItem","position":1,"name":"Strona g\u0142\u00f3wna","item":"https:\/\/dignitynews.eu\/pl\/"},{"@type":"ListItem","position":2,"name":"Prezydenci Polski, Litwy, \u0141otwy i Estonii w drodze do Kijowa"}]},{"@type":"Person","@id":"https:\/\/dignitynews.eu\/pl\/#\/schema\/person\/0b62b762b8174802fabc81a3ecb1bfcb","name":"Dignity News","image":{"@type":"ImageObject","inLanguage":"pl-PL","@id":"https:\/\/dignitynews.eu\/pl\/#\/schema\/person\/image\/","url":"https:\/\/secure.gravatar.com\/avatar\/97963171a6d9108f8381bbefb1c6b150c445b6ddd9e3077b96c86cf5892c85dc?s=96&d=mm&r=g","contentUrl":"https:\/\/secure.gravatar.com\/avatar\/97963171a6d9108f8381bbefb1c6b150c445b6ddd9e3077b96c86cf5892c85dc?s=96&d=mm&r=g","caption":"Dignity News"},"url":"https:\/\/dignitynews.eu\/pl\/author\/mikolaj-palade\/"}]}},"_links":{"self":[{"href":"https:\/\/dignitynews.eu\/pl\/wp-json\/wp\/v2\/posts\/14318","targetHints":{"allow":["GET"]}}],"collection":[{"href":"https:\/\/dignitynews.eu\/pl\/wp-json\/wp\/v2\/posts"}],"about":[{"href":"https:\/\/dignitynews.eu\/pl\/wp-json\/wp\/v2\/types\/post"}],"author":[{"embeddable":true,"href":"https:\/\/dignitynews.eu\/pl\/wp-json\/wp\/v2\/users\/7"}],"replies":[{"embeddable":true,"href":"https:\/\/dignitynews.eu\/pl\/wp-json\/wp\/v2\/comments?post=14318"}],"version-history":[{"count":1,"href":"https:\/\/dignitynews.eu\/pl\/wp-json\/wp\/v2\/posts\/14318\/revisions"}],"predecessor-version":[{"id":14329,"href":"https:\/\/dignitynews.eu\/pl\/wp-json\/wp\/v2\/posts\/14318\/revisions\/14329"}],"wp:featuredmedia":[{"embeddable":true,"href":"https:\/\/dignitynews.eu\/pl\/wp-json\/wp\/v2\/media\/14324"}],"wp:attachment":[{"href":"https:\/\/dignitynews.eu\/pl\/wp-json\/wp\/v2\/media?parent=14318"}],"wp:term":[{"taxonomy":"category","embeddable":true,"href":"https:\/\/dignitynews.eu\/pl\/wp-json\/wp\/v2\/categories?post=14318"},{"taxonomy":"post_tag","embeddable":true,"href":"https:\/\/dignitynews.eu\/pl\/wp-json\/wp\/v2\/tags?post=14318"}],"curies":[{"name":"wp","href":"https:\/\/api.w.org\/{rel}","templated":true}]}}