{"id":14169,"date":"2022-04-12T11:14:51","date_gmt":"2022-04-12T09:14:51","guid":{"rendered":"https:\/\/dignitynews.eu\/?p=14169"},"modified":"2022-04-12T11:14:51","modified_gmt":"2022-04-12T09:14:51","slug":"premier-mateusz-morawiecki-po-spotkaniu-z-szefem-belgijskiego-rzadu-musimy-odpowiedziec-bardzo-zdecydowanie","status":"publish","type":"post","link":"https:\/\/dignitynews.eu\/pl\/premier-mateusz-morawiecki-po-spotkaniu-z-szefem-belgijskiego-rzadu-musimy-odpowiedziec-bardzo-zdecydowanie\/","title":{"rendered":"Premier Mateusz Morawiecki po spotkaniu z szefem belgijskiego rz\u0105du: musimy odpowiedzie\u0107 bardzo zdecydowanie"},"content":{"rendered":"<h5>Premier Mateusz Morawiecki spotka\u0142 si\u0119 szefem belgijskiego rz\u0105du Alexandrem de Croo. &#8211; W obliczu strasznych zbrodni pope\u0142nianych na Ukrainie przez rosyjskich naje\u017ad\u017ac\u00f3w musimy skonsolidowa\u0107 si\u0119, musimy odpowiedzie\u0107 bardzo zdecydowanie. O tym rozmawiali\u015bmy z premierem Belgii &#8211; relacjonowa\u0142 polski premier.<\/h5>\n<p>&#8211; Niedawno w miejscowo\u015bci Husariwka zarejestrowano, zauwa\u017cono spalone cia\u0142a. Badania wst\u0119pne, kt\u00f3re zosta\u0142y przeprowadzone, m\u00f3wi\u0105 o kolejnych dramatycznych zbrodniach, strasznych zbrodniach pope\u0142nianych przez rosyjskich naje\u017ad\u017ac\u00f3w. M\u00f3wi\u0105 nie tylko o paleniu ludzi, ale tak\u017ce o torturowaniu ludzi, tak\u017ce \u015blady tortur na ciele dziecka &#8211; powiedzia\u0142 szef polskiego rz\u0105du na wsp\u00f3lnej konferencji prasowej z premierem Belgii.<\/p>\n<p>Premier Morawiecki m\u00f3wi\u0142 te\u017c o rosyjskiej propagandzie, kt\u00f3ra \u2013 jego zdaniem &#8211; wprost nawi\u0105zuje do najgorszych tradycji niemieckich, faszystowskich.<\/p>\n<p>&#8211; I dlatego por\u00f3wnanie re\u017cimu Putina do re\u017cimu faszystowskiego jest nie tylko jak najbardziej uprawnione, jest w\u0142a\u015bciwe, we w\u0142a\u015bciwy spos\u00f3b oddaje brutalno\u015b\u0107 tego, co dzieje si\u0119 na Ukrainie &#8211; podkre\u015bli\u0142 premier.<\/p>\n<p>Mateusz Morawiecki zwr\u00f3ci\u0142 uwag\u0119, \u017ce w Polsce go\u015bcimy ju\u017c ponad dwa miliony uchod\u017ac\u00f3w z Ukrainy i zwr\u00f3ci\u0142 si\u0119 z apelem do Komisji Europejskiej, by &#8211; skoro w przesz\u0142o\u015bci pomog\u0142a Turcji w kryzysie z uchod\u017acami &#8211; teraz wspar\u0142a finansowo nasz kraj.<\/p>\n<p>&#8211; Na razie finansujemy to w ramach naszych mo\u017cliwo\u015bci, ale aby z jednej strony sprawiedliwo\u015bci sta\u0142o si\u0119 zado\u015b\u0107, a z drugiej strony, \u017ceby obowi\u0105zywa\u0142 system europejski, tak\u017ce i w naszym przypadku, prowadzimy coraz to bardziej intensywny dialog z Komisj\u0105 Europejsk\u0105 w tym zakresie &#8211; powiedzia\u0142 premier.<\/p>\n<p>Szef belgijskiego rz\u0105du zaznaczy\u0142, \u017ce koszty dla Rosji, kt\u00f3ra wywo\u0142a\u0142a t\u0119 wojn\u0119, powinny by\u0107 tak wysokie, jak to tylko mo\u017cliwe. Zadeklarowa\u0142 tak\u017ce gotowo\u015b\u0107 do dalszych krok\u00f3w i wyrazi\u0142 przekonanie o konieczno\u015bci wprowadzenia kolejnych pakiet\u00f3w sankcji.<\/p>\n<p>Arkadiusz S\u0142omczy\u0144ski<\/p>\n","protected":false},"excerpt":{"rendered":"<p>Premier Mateusz Morawiecki spotka\u0142 si\u0119 szefem belgijskiego rz\u0105du Alexandrem de Croo. &#8211; W obliczu strasznych zbrodni pope\u0142nianych na Ukrainie przez rosyjskich naje\u017ad\u017ac\u00f3w musimy skonsolidowa\u0107 si\u0119, musimy odpowiedzie\u0107 bardzo zdecydowanie. O&hellip;<\/p>\n","protected":false},"author":7,"featured_media":14170,"comment_status":"closed","ping_status":"open","sticky":false,"template":"","format":"standard","meta":{"_mi_skip_tracking":false,"footnotes":""},"categories":[47],"tags":[],"class_list":["post-14169","post","type-post","status-publish","format-standard","has-post-thumbnail","hentry","category-wydarzenia"],"yoast_head":"<!-- This site is optimized with the Yoast SEO plugin v19.4 - https:\/\/yoast.com\/wordpress\/plugins\/seo\/ -->\n<title>Premier Mateusz Morawiecki po spotkaniu z szefem belgijskiego rz\u0105du: musimy odpowiedzie\u0107 bardzo zdecydowanie - Godno\u015b\u0107 - DignityNews.eu<\/title>\n<meta name=\"robots\" content=\"index, follow, max-snippet:-1, max-image-preview:large, max-video-preview:-1\" \/>\n<link rel=\"canonical\" href=\"https:\/\/dignitynews.eu\/pl\/premier-mateusz-morawiecki-po-spotkaniu-z-szefem-belgijskiego-rzadu-musimy-odpowiedziec-bardzo-zdecydowanie\/\" \/>\n<meta property=\"og:locale\" content=\"pl_PL\" \/>\n<meta property=\"og:type\" content=\"article\" \/>\n<meta property=\"og:title\" content=\"Premier Mateusz Morawiecki po spotkaniu z szefem belgijskiego rz\u0105du: musimy odpowiedzie\u0107 bardzo zdecydowanie - Godno\u015b\u0107 - DignityNews.eu\" \/>\n<meta property=\"og:description\" content=\"Premier Mateusz Morawiecki spotka\u0142 si\u0119 szefem belgijskiego rz\u0105du Alexandrem de Croo. &#8211; W obliczu strasznych zbrodni pope\u0142nianych na Ukrainie przez rosyjskich naje\u017ad\u017ac\u00f3w musimy skonsolidowa\u0107 si\u0119, musimy odpowiedzie\u0107 bardzo zdecydowanie. O&hellip;\" \/>\n<meta property=\"og:url\" content=\"https:\/\/dignitynews.eu\/pl\/premier-mateusz-morawiecki-po-spotkaniu-z-szefem-belgijskiego-rzadu-musimy-odpowiedziec-bardzo-zdecydowanie\/\" \/>\n<meta property=\"og:site_name\" content=\"Godno\u015b\u0107 - DignityNews.eu\" \/>\n<meta property=\"article:published_time\" content=\"2022-04-12T09:14:51+00:00\" \/>\n<meta property=\"og:image\" content=\"https:\/\/dignitynews.eu\/wp-content\/uploads\/2022\/04\/Spotkanie-premierow-Polski-i-Belgii-\u2013-fot.-Piotr-Molecki-East-News.jpg\" \/>\n\t<meta property=\"og:image:width\" content=\"1500\" \/>\n\t<meta property=\"og:image:height\" content=\"993\" \/>\n\t<meta property=\"og:image:type\" content=\"image\/jpeg\" \/>\n<meta name=\"author\" content=\"Dignity News\" \/>\n<meta name=\"twitter:card\" content=\"summary_large_image\" \/>\n<meta name=\"twitter:label1\" content=\"Napisane przez\" \/>\n\t<meta name=\"twitter:data1\" content=\"Dignity News\" \/>\n\t<meta name=\"twitter:label2\" content=\"Szacowany czas czytania\" \/>\n\t<meta name=\"twitter:data2\" content=\"2 minuty\" \/>\n<script type=\"application\/ld+json\" class=\"yoast-schema-graph\">{\"@context\":\"https:\/\/schema.org\",\"@graph\":[{\"@type\":\"WebSite\",\"@id\":\"https:\/\/dignitynews.eu\/pl\/#website\",\"url\":\"https:\/\/dignitynews.eu\/pl\/\",\"name\":\"Godno\u015b\u0107 - DignityNews.eu\",\"description\":\"\",\"potentialAction\":[{\"@type\":\"SearchAction\",\"target\":{\"@type\":\"EntryPoint\",\"urlTemplate\":\"https:\/\/dignitynews.eu\/pl\/?s={search_term_string}\"},\"query-input\":\"required name=search_term_string\"}],\"inLanguage\":\"pl-PL\"},{\"@type\":\"WebPage\",\"@id\":\"https:\/\/dignitynews.eu\/pl\/premier-mateusz-morawiecki-po-spotkaniu-z-szefem-belgijskiego-rzadu-musimy-odpowiedziec-bardzo-zdecydowanie\/\",\"url\":\"https:\/\/dignitynews.eu\/pl\/premier-mateusz-morawiecki-po-spotkaniu-z-szefem-belgijskiego-rzadu-musimy-odpowiedziec-bardzo-zdecydowanie\/\",\"name\":\"Premier Mateusz Morawiecki po spotkaniu z szefem belgijskiego rz\u0105du: musimy odpowiedzie\u0107 bardzo zdecydowanie - Godno\u015b\u0107 - DignityNews.eu\",\"isPartOf\":{\"@id\":\"https:\/\/dignitynews.eu\/pl\/#website\"},\"datePublished\":\"2022-04-12T09:14:51+00:00\",\"dateModified\":\"2022-04-12T09:14:51+00:00\",\"author\":{\"@id\":\"https:\/\/dignitynews.eu\/pl\/#\/schema\/person\/0b62b762b8174802fabc81a3ecb1bfcb\"},\"breadcrumb\":{\"@id\":\"https:\/\/dignitynews.eu\/pl\/premier-mateusz-morawiecki-po-spotkaniu-z-szefem-belgijskiego-rzadu-musimy-odpowiedziec-bardzo-zdecydowanie\/#breadcrumb\"},\"inLanguage\":\"pl-PL\",\"potentialAction\":[{\"@type\":\"ReadAction\",\"target\":[\"https:\/\/dignitynews.eu\/pl\/premier-mateusz-morawiecki-po-spotkaniu-z-szefem-belgijskiego-rzadu-musimy-odpowiedziec-bardzo-zdecydowanie\/\"]}]},{\"@type\":\"BreadcrumbList\",\"@id\":\"https:\/\/dignitynews.eu\/pl\/premier-mateusz-morawiecki-po-spotkaniu-z-szefem-belgijskiego-rzadu-musimy-odpowiedziec-bardzo-zdecydowanie\/#breadcrumb\",\"itemListElement\":[{\"@type\":\"ListItem\",\"position\":1,\"name\":\"Strona g\u0142\u00f3wna\",\"item\":\"https:\/\/dignitynews.eu\/pl\/\"},{\"@type\":\"ListItem\",\"position\":2,\"name\":\"Premier Mateusz Morawiecki po spotkaniu z szefem belgijskiego rz\u0105du: musimy odpowiedzie\u0107 bardzo zdecydowanie\"}]},{\"@type\":\"Person\",\"@id\":\"https:\/\/dignitynews.eu\/pl\/#\/schema\/person\/0b62b762b8174802fabc81a3ecb1bfcb\",\"name\":\"Dignity News\",\"image\":{\"@type\":\"ImageObject\",\"inLanguage\":\"pl-PL\",\"@id\":\"https:\/\/dignitynews.eu\/pl\/#\/schema\/person\/image\/\",\"url\":\"https:\/\/secure.gravatar.com\/avatar\/97963171a6d9108f8381bbefb1c6b150c445b6ddd9e3077b96c86cf5892c85dc?s=96&d=mm&r=g\",\"contentUrl\":\"https:\/\/secure.gravatar.com\/avatar\/97963171a6d9108f8381bbefb1c6b150c445b6ddd9e3077b96c86cf5892c85dc?s=96&d=mm&r=g\",\"caption\":\"Dignity News\"},\"url\":\"https:\/\/dignitynews.eu\/pl\/author\/mikolaj-palade\/\"}]}<\/script>\n<!-- \/ Yoast SEO plugin. -->","yoast_head_json":{"title":"Premier Mateusz Morawiecki po spotkaniu z szefem belgijskiego rz\u0105du: musimy odpowiedzie\u0107 bardzo zdecydowanie - Godno\u015b\u0107 - DignityNews.eu","robots":{"index":"index","follow":"follow","max-snippet":"max-snippet:-1","max-image-preview":"max-image-preview:large","max-video-preview":"max-video-preview:-1"},"canonical":"https:\/\/dignitynews.eu\/pl\/premier-mateusz-morawiecki-po-spotkaniu-z-szefem-belgijskiego-rzadu-musimy-odpowiedziec-bardzo-zdecydowanie\/","og_locale":"pl_PL","og_type":"article","og_title":"Premier Mateusz Morawiecki po spotkaniu z szefem belgijskiego rz\u0105du: musimy odpowiedzie\u0107 bardzo zdecydowanie - Godno\u015b\u0107 - DignityNews.eu","og_description":"Premier Mateusz Morawiecki spotka\u0142 si\u0119 szefem belgijskiego rz\u0105du Alexandrem de Croo. &#8211; W obliczu strasznych zbrodni pope\u0142nianych na Ukrainie przez rosyjskich naje\u017ad\u017ac\u00f3w musimy skonsolidowa\u0107 si\u0119, musimy odpowiedzie\u0107 bardzo zdecydowanie. O&hellip;","og_url":"https:\/\/dignitynews.eu\/pl\/premier-mateusz-morawiecki-po-spotkaniu-z-szefem-belgijskiego-rzadu-musimy-odpowiedziec-bardzo-zdecydowanie\/","og_site_name":"Godno\u015b\u0107 - DignityNews.eu","article_published_time":"2022-04-12T09:14:51+00:00","og_image":[{"width":1500,"height":993,"url":"https:\/\/dignitynews.eu\/wp-content\/uploads\/2022\/04\/Spotkanie-premierow-Polski-i-Belgii-\u2013-fot.-Piotr-Molecki-East-News.jpg","type":"image\/jpeg"}],"author":"Dignity News","twitter_card":"summary_large_image","twitter_misc":{"Napisane przez":"Dignity News","Szacowany czas czytania":"2 minuty"},"schema":{"@context":"https:\/\/schema.org","@graph":[{"@type":"WebSite","@id":"https:\/\/dignitynews.eu\/pl\/#website","url":"https:\/\/dignitynews.eu\/pl\/","name":"Godno\u015b\u0107 - DignityNews.eu","description":"","potentialAction":[{"@type":"SearchAction","target":{"@type":"EntryPoint","urlTemplate":"https:\/\/dignitynews.eu\/pl\/?s={search_term_string}"},"query-input":"required name=search_term_string"}],"inLanguage":"pl-PL"},{"@type":"WebPage","@id":"https:\/\/dignitynews.eu\/pl\/premier-mateusz-morawiecki-po-spotkaniu-z-szefem-belgijskiego-rzadu-musimy-odpowiedziec-bardzo-zdecydowanie\/","url":"https:\/\/dignitynews.eu\/pl\/premier-mateusz-morawiecki-po-spotkaniu-z-szefem-belgijskiego-rzadu-musimy-odpowiedziec-bardzo-zdecydowanie\/","name":"Premier Mateusz Morawiecki po spotkaniu z szefem belgijskiego rz\u0105du: musimy odpowiedzie\u0107 bardzo zdecydowanie - Godno\u015b\u0107 - DignityNews.eu","isPartOf":{"@id":"https:\/\/dignitynews.eu\/pl\/#website"},"datePublished":"2022-04-12T09:14:51+00:00","dateModified":"2022-04-12T09:14:51+00:00","author":{"@id":"https:\/\/dignitynews.eu\/pl\/#\/schema\/person\/0b62b762b8174802fabc81a3ecb1bfcb"},"breadcrumb":{"@id":"https:\/\/dignitynews.eu\/pl\/premier-mateusz-morawiecki-po-spotkaniu-z-szefem-belgijskiego-rzadu-musimy-odpowiedziec-bardzo-zdecydowanie\/#breadcrumb"},"inLanguage":"pl-PL","potentialAction":[{"@type":"ReadAction","target":["https:\/\/dignitynews.eu\/pl\/premier-mateusz-morawiecki-po-spotkaniu-z-szefem-belgijskiego-rzadu-musimy-odpowiedziec-bardzo-zdecydowanie\/"]}]},{"@type":"BreadcrumbList","@id":"https:\/\/dignitynews.eu\/pl\/premier-mateusz-morawiecki-po-spotkaniu-z-szefem-belgijskiego-rzadu-musimy-odpowiedziec-bardzo-zdecydowanie\/#breadcrumb","itemListElement":[{"@type":"ListItem","position":1,"name":"Strona g\u0142\u00f3wna","item":"https:\/\/dignitynews.eu\/pl\/"},{"@type":"ListItem","position":2,"name":"Premier Mateusz Morawiecki po spotkaniu z szefem belgijskiego rz\u0105du: musimy odpowiedzie\u0107 bardzo zdecydowanie"}]},{"@type":"Person","@id":"https:\/\/dignitynews.eu\/pl\/#\/schema\/person\/0b62b762b8174802fabc81a3ecb1bfcb","name":"Dignity News","image":{"@type":"ImageObject","inLanguage":"pl-PL","@id":"https:\/\/dignitynews.eu\/pl\/#\/schema\/person\/image\/","url":"https:\/\/secure.gravatar.com\/avatar\/97963171a6d9108f8381bbefb1c6b150c445b6ddd9e3077b96c86cf5892c85dc?s=96&d=mm&r=g","contentUrl":"https:\/\/secure.gravatar.com\/avatar\/97963171a6d9108f8381bbefb1c6b150c445b6ddd9e3077b96c86cf5892c85dc?s=96&d=mm&r=g","caption":"Dignity News"},"url":"https:\/\/dignitynews.eu\/pl\/author\/mikolaj-palade\/"}]}},"_links":{"self":[{"href":"https:\/\/dignitynews.eu\/pl\/wp-json\/wp\/v2\/posts\/14169","targetHints":{"allow":["GET"]}}],"collection":[{"href":"https:\/\/dignitynews.eu\/pl\/wp-json\/wp\/v2\/posts"}],"about":[{"href":"https:\/\/dignitynews.eu\/pl\/wp-json\/wp\/v2\/types\/post"}],"author":[{"embeddable":true,"href":"https:\/\/dignitynews.eu\/pl\/wp-json\/wp\/v2\/users\/7"}],"replies":[{"embeddable":true,"href":"https:\/\/dignitynews.eu\/pl\/wp-json\/wp\/v2\/comments?post=14169"}],"version-history":[{"count":1,"href":"https:\/\/dignitynews.eu\/pl\/wp-json\/wp\/v2\/posts\/14169\/revisions"}],"predecessor-version":[{"id":14175,"href":"https:\/\/dignitynews.eu\/pl\/wp-json\/wp\/v2\/posts\/14169\/revisions\/14175"}],"wp:featuredmedia":[{"embeddable":true,"href":"https:\/\/dignitynews.eu\/pl\/wp-json\/wp\/v2\/media\/14170"}],"wp:attachment":[{"href":"https:\/\/dignitynews.eu\/pl\/wp-json\/wp\/v2\/media?parent=14169"}],"wp:term":[{"taxonomy":"category","embeddable":true,"href":"https:\/\/dignitynews.eu\/pl\/wp-json\/wp\/v2\/categories?post=14169"},{"taxonomy":"post_tag","embeddable":true,"href":"https:\/\/dignitynews.eu\/pl\/wp-json\/wp\/v2\/tags?post=14169"}],"curies":[{"name":"wp","href":"https:\/\/api.w.org\/{rel}","templated":true}]}}