{"id":14150,"date":"2022-04-12T11:15:02","date_gmt":"2022-04-12T09:15:02","guid":{"rendered":"https:\/\/dignitynews.eu\/?p=14150"},"modified":"2022-04-13T19:34:56","modified_gmt":"2022-04-13T17:34:56","slug":"kto-byl-lodzermenschem-geneza-lodzkiego-fenomenu","status":"publish","type":"post","link":"https:\/\/dignitynews.eu\/pl\/kto-byl-lodzermenschem-geneza-lodzkiego-fenomenu\/","title":{"rendered":"Kto by\u0142 Lodzermenschem? Geneza \u0142\u00f3dzkiego fenomenu"},"content":{"rendered":"<h5>Wedle definicji, kt\u00f3ra pojawi\u0142a si\u0119 w wydanym w 1882 r. \u201eS\u0142owniku wyraz\u00f3w obcych\u201d, wydrukowanym przez znanego ksi\u0119garza Micha\u0142a Arcta (1840-1912), lodzermenschem nazywamy \u201etyp \u0142\u00f3dzkiego geszefciarza, kt\u00f3ry wyrobi\u0142 si\u0119 pod wp\u0142ywem niemiecko-\u017cydowskim; nie przyznaje si\u0119 do \u017cadnej narodowo\u015bci i dba tylko o interes\u201d. Czy na pewno jednak tak by\u0142o? Dzi\u015b naukowcy maj\u0105 co do tego w\u0105tpliwo\u015bci, dostrzegaj\u0105c skomplikowan\u0105 natur\u0119 terminu lodzermensch.<\/h5>\n<p>Okre\u015blenie to by\u0142 znane od co najmniej lat 70. XIX w., a oznacza\u0142o tyle co \u201ecz\u0142owiek \u0142\u00f3dzki\u201d, a wi\u0119c w gruncie rzeczy bardzo wiele. Nie nale\u017cy go jednak uto\u017csamia\u0107 ze s\u0142owem \u0142odzianin. Niejasny jest szczeg\u00f3lnie wspomniany w \u201eS\u0142owniku\u201d wp\u0142yw niemiecko-\u017cydowski na krystalizowanie si\u0119 tego poj\u0119cia. Jedni badacze uwa\u017caj\u0105 bowiem, \u017ce to w\u0142a\u015bnie Niemcy by\u0142y ojczyzn\u0105 lodzermenscha, kt\u00f3rego patriotyzm germa\u0144ski przez lata przekszta\u0142ci\u0142 si\u0119 w \u0141odzi w swoisty spos\u00f3b i doprowadzi\u0142 do powstania nowego zjawiska, kt\u00f3re mo\u017cna okre\u015bli\u0107 mianem patriotyzmu \u0142\u00f3dzkiego. Nie aspirowa\u0142 on do polsko\u015bci.<\/p>\n<p>Inni s\u0105dzili, \u017ce natura tego fenomenu by\u0142a o wiele bardziej skomplikowana i w og\u00f3le nie akcentowali \u017cydowskich oddzia\u0142ywa\u0144 kulturowych. Jak pisano 1912 r., na przemian postaciami tymi mogli by\u0107 Polacy lub Niemcy, \u201estosownie do \u015brodowiska, w jakim si\u0119 chwilowo znajdowali\u201d. Jeszcze inaczej genez\u0119 lodzermensch\u00f3w postrzega\u0142 Stanis\u0142aw Kutrzeba (1876-1946) \u2013 polski historyk prawa, prof. Uniwersytetu Jagiello\u0144skiego. Do tej grupy zalicza\u0142 bowiem g\u0142\u00f3wnie zasymilowanych \u017byd\u00f3w.<\/p>\n<p>Dzi\u015b na pewno ju\u017c nikt nie rozstrzygnie tych spor\u00f3w, ale wydaje si\u0119, \u017ce udzia\u0142 \u017cydowski w kszta\u0142towaniu si\u0119 obrazu lodzermenscha by\u0142 jednak najsilniejszy. Tak\u0105 opini\u0119 mia\u0142 te\u017c Julian Tuwim. Przyjmujemy wi\u0119c obecnie, \u017ce do tej \u201ekategorii\u201d mieszka\u0144c\u00f3w \u0141odzi nale\u017celi przedstawiciele trzech narodowo\u015bci \u2013 \u017bydzi, Niemcy i Polacy, oraz pojedynczy Rosjanie czy Ormianie.<\/p>\n<p>Pojawi\u0142a si\u0119 r\u00f3wnie\u017c inna, do\u015b\u0107 przewrotna koncepcja odno\u015bnie genealogii tych osobnik\u00f3w. Ot\u00f3\u017c, jak pisze Adam Hemer z Uniwersytetu \u0141\u00f3dzkiego, \u201eto nie lodzermensch wyrobi\u0142 si\u0119 pod wp\u0142ywem niemiecko-\u017cydowskim, to raczej \u017cywio\u0142 niemiecko-\u017cydowsko-polski wyrobi\u0142 si\u0119 pod wp\u0142ywem \u0141odzi\u201d.<\/p>\n<p>Ogromny wp\u0142yw na nasz spos\u00f3b widzenia genealogii lodzermenscha z pewno\u015bci\u0105 mia\u0142a nie tylko \u017cydowska inteligencja, lecz szczeg\u00f3lnie W\u0142adys\u0142aw Reymont, kt\u00f3ry w \u201eZiemi obiecanej\u201d stworzy\u0142 zdecydowanie ich niepochlebny portret zbiorowy. Znamienne jednak, \u017ce w folklorze robotniczym obraz \u0142\u00f3dzkich fabrykant\u00f3w by\u0142 zgo\u0142a inny. To ludzie silni, nieugi\u0119ci, wr\u0119cz \u201edobrzy panowie\u201d troszcz\u0105cy si\u0119 o swoich pracownik\u00f3w.<\/p>\n","protected":false},"excerpt":{"rendered":"<p>Wedle definicji, kt\u00f3ra pojawi\u0142a si\u0119 w wydanym w 1882 r. \u201eS\u0142owniku wyraz\u00f3w obcych\u201d, wydrukowanym przez znanego ksi\u0119garza Micha\u0142a Arcta (1840-1912), lodzermenschem nazywamy \u201etyp \u0142\u00f3dzkiego geszefciarza, kt\u00f3ry wyrobi\u0142 si\u0119 pod wp\u0142ywem&hellip;<\/p>\n","protected":false},"author":7,"featured_media":14151,"comment_status":"closed","ping_status":"open","sticky":false,"template":"","format":"standard","meta":{"_mi_skip_tracking":false,"footnotes":""},"categories":[46],"tags":[],"class_list":["post-14150","post","type-post","status-publish","format-standard","has-post-thumbnail","hentry","category-historia"],"yoast_head":"<!-- This site is optimized with the Yoast SEO plugin v19.4 - https:\/\/yoast.com\/wordpress\/plugins\/seo\/ -->\n<title>Kto by\u0142 Lodzermenschem? Geneza \u0142\u00f3dzkiego fenomenu - Godno\u015b\u0107 - DignityNews.eu<\/title>\n<meta name=\"robots\" content=\"index, follow, max-snippet:-1, max-image-preview:large, max-video-preview:-1\" \/>\n<link rel=\"canonical\" href=\"https:\/\/dignitynews.eu\/pl\/kto-byl-lodzermenschem-geneza-lodzkiego-fenomenu\/\" \/>\n<meta property=\"og:locale\" content=\"pl_PL\" \/>\n<meta property=\"og:type\" content=\"article\" \/>\n<meta property=\"og:title\" content=\"Kto by\u0142 Lodzermenschem? Geneza \u0142\u00f3dzkiego fenomenu - Godno\u015b\u0107 - DignityNews.eu\" \/>\n<meta property=\"og:description\" content=\"Wedle definicji, kt\u00f3ra pojawi\u0142a si\u0119 w wydanym w 1882 r. \u201eS\u0142owniku wyraz\u00f3w obcych\u201d, wydrukowanym przez znanego ksi\u0119garza Micha\u0142a Arcta (1840-1912), lodzermenschem nazywamy \u201etyp \u0142\u00f3dzkiego geszefciarza, kt\u00f3ry wyrobi\u0142 si\u0119 pod wp\u0142ywem&hellip;\" \/>\n<meta property=\"og:url\" content=\"https:\/\/dignitynews.eu\/pl\/kto-byl-lodzermenschem-geneza-lodzkiego-fenomenu\/\" \/>\n<meta property=\"og:site_name\" content=\"Godno\u015b\u0107 - DignityNews.eu\" \/>\n<meta property=\"article:published_time\" content=\"2022-04-12T09:15:02+00:00\" \/>\n<meta property=\"article:modified_time\" content=\"2022-04-13T17:34:56+00:00\" \/>\n<meta property=\"og:image\" content=\"https:\/\/dignitynews.eu\/wp-content\/uploads\/2022\/04\/Izrael_Kalmanowicz_Poznanski.jpg\" \/>\n\t<meta property=\"og:image:width\" content=\"245\" \/>\n\t<meta property=\"og:image:height\" content=\"350\" \/>\n\t<meta property=\"og:image:type\" content=\"image\/jpeg\" \/>\n<meta name=\"author\" content=\"Dignity News\" \/>\n<meta name=\"twitter:card\" content=\"summary_large_image\" \/>\n<meta name=\"twitter:label1\" content=\"Napisane przez\" \/>\n\t<meta name=\"twitter:data1\" content=\"Dignity News\" \/>\n\t<meta name=\"twitter:label2\" content=\"Szacowany czas czytania\" \/>\n\t<meta name=\"twitter:data2\" content=\"3 minuty\" \/>\n<script type=\"application\/ld+json\" class=\"yoast-schema-graph\">{\"@context\":\"https:\/\/schema.org\",\"@graph\":[{\"@type\":\"WebSite\",\"@id\":\"https:\/\/dignitynews.eu\/pl\/#website\",\"url\":\"https:\/\/dignitynews.eu\/pl\/\",\"name\":\"Godno\u015b\u0107 - DignityNews.eu\",\"description\":\"\",\"potentialAction\":[{\"@type\":\"SearchAction\",\"target\":{\"@type\":\"EntryPoint\",\"urlTemplate\":\"https:\/\/dignitynews.eu\/pl\/?s={search_term_string}\"},\"query-input\":\"required name=search_term_string\"}],\"inLanguage\":\"pl-PL\"},{\"@type\":\"WebPage\",\"@id\":\"https:\/\/dignitynews.eu\/pl\/kto-byl-lodzermenschem-geneza-lodzkiego-fenomenu\/\",\"url\":\"https:\/\/dignitynews.eu\/pl\/kto-byl-lodzermenschem-geneza-lodzkiego-fenomenu\/\",\"name\":\"Kto by\u0142 Lodzermenschem? Geneza \u0142\u00f3dzkiego fenomenu - Godno\u015b\u0107 - DignityNews.eu\",\"isPartOf\":{\"@id\":\"https:\/\/dignitynews.eu\/pl\/#website\"},\"datePublished\":\"2022-04-12T09:15:02+00:00\",\"dateModified\":\"2022-04-13T17:34:56+00:00\",\"author\":{\"@id\":\"https:\/\/dignitynews.eu\/pl\/#\/schema\/person\/0b62b762b8174802fabc81a3ecb1bfcb\"},\"breadcrumb\":{\"@id\":\"https:\/\/dignitynews.eu\/pl\/kto-byl-lodzermenschem-geneza-lodzkiego-fenomenu\/#breadcrumb\"},\"inLanguage\":\"pl-PL\",\"potentialAction\":[{\"@type\":\"ReadAction\",\"target\":[\"https:\/\/dignitynews.eu\/pl\/kto-byl-lodzermenschem-geneza-lodzkiego-fenomenu\/\"]}]},{\"@type\":\"BreadcrumbList\",\"@id\":\"https:\/\/dignitynews.eu\/pl\/kto-byl-lodzermenschem-geneza-lodzkiego-fenomenu\/#breadcrumb\",\"itemListElement\":[{\"@type\":\"ListItem\",\"position\":1,\"name\":\"Strona g\u0142\u00f3wna\",\"item\":\"https:\/\/dignitynews.eu\/pl\/\"},{\"@type\":\"ListItem\",\"position\":2,\"name\":\"Kto by\u0142 Lodzermenschem? Geneza \u0142\u00f3dzkiego fenomenu\"}]},{\"@type\":\"Person\",\"@id\":\"https:\/\/dignitynews.eu\/pl\/#\/schema\/person\/0b62b762b8174802fabc81a3ecb1bfcb\",\"name\":\"Dignity News\",\"image\":{\"@type\":\"ImageObject\",\"inLanguage\":\"pl-PL\",\"@id\":\"https:\/\/dignitynews.eu\/pl\/#\/schema\/person\/image\/\",\"url\":\"https:\/\/secure.gravatar.com\/avatar\/97963171a6d9108f8381bbefb1c6b150c445b6ddd9e3077b96c86cf5892c85dc?s=96&d=mm&r=g\",\"contentUrl\":\"https:\/\/secure.gravatar.com\/avatar\/97963171a6d9108f8381bbefb1c6b150c445b6ddd9e3077b96c86cf5892c85dc?s=96&d=mm&r=g\",\"caption\":\"Dignity News\"},\"url\":\"https:\/\/dignitynews.eu\/pl\/author\/mikolaj-palade\/\"}]}<\/script>\n<!-- \/ Yoast SEO plugin. -->","yoast_head_json":{"title":"Kto by\u0142 Lodzermenschem? Geneza \u0142\u00f3dzkiego fenomenu - Godno\u015b\u0107 - DignityNews.eu","robots":{"index":"index","follow":"follow","max-snippet":"max-snippet:-1","max-image-preview":"max-image-preview:large","max-video-preview":"max-video-preview:-1"},"canonical":"https:\/\/dignitynews.eu\/pl\/kto-byl-lodzermenschem-geneza-lodzkiego-fenomenu\/","og_locale":"pl_PL","og_type":"article","og_title":"Kto by\u0142 Lodzermenschem? Geneza \u0142\u00f3dzkiego fenomenu - Godno\u015b\u0107 - DignityNews.eu","og_description":"Wedle definicji, kt\u00f3ra pojawi\u0142a si\u0119 w wydanym w 1882 r. \u201eS\u0142owniku wyraz\u00f3w obcych\u201d, wydrukowanym przez znanego ksi\u0119garza Micha\u0142a Arcta (1840-1912), lodzermenschem nazywamy \u201etyp \u0142\u00f3dzkiego geszefciarza, kt\u00f3ry wyrobi\u0142 si\u0119 pod wp\u0142ywem&hellip;","og_url":"https:\/\/dignitynews.eu\/pl\/kto-byl-lodzermenschem-geneza-lodzkiego-fenomenu\/","og_site_name":"Godno\u015b\u0107 - DignityNews.eu","article_published_time":"2022-04-12T09:15:02+00:00","article_modified_time":"2022-04-13T17:34:56+00:00","og_image":[{"width":245,"height":350,"url":"https:\/\/dignitynews.eu\/wp-content\/uploads\/2022\/04\/Izrael_Kalmanowicz_Poznanski.jpg","type":"image\/jpeg"}],"author":"Dignity News","twitter_card":"summary_large_image","twitter_misc":{"Napisane przez":"Dignity News","Szacowany czas czytania":"3 minuty"},"schema":{"@context":"https:\/\/schema.org","@graph":[{"@type":"WebSite","@id":"https:\/\/dignitynews.eu\/pl\/#website","url":"https:\/\/dignitynews.eu\/pl\/","name":"Godno\u015b\u0107 - DignityNews.eu","description":"","potentialAction":[{"@type":"SearchAction","target":{"@type":"EntryPoint","urlTemplate":"https:\/\/dignitynews.eu\/pl\/?s={search_term_string}"},"query-input":"required name=search_term_string"}],"inLanguage":"pl-PL"},{"@type":"WebPage","@id":"https:\/\/dignitynews.eu\/pl\/kto-byl-lodzermenschem-geneza-lodzkiego-fenomenu\/","url":"https:\/\/dignitynews.eu\/pl\/kto-byl-lodzermenschem-geneza-lodzkiego-fenomenu\/","name":"Kto by\u0142 Lodzermenschem? Geneza \u0142\u00f3dzkiego fenomenu - Godno\u015b\u0107 - DignityNews.eu","isPartOf":{"@id":"https:\/\/dignitynews.eu\/pl\/#website"},"datePublished":"2022-04-12T09:15:02+00:00","dateModified":"2022-04-13T17:34:56+00:00","author":{"@id":"https:\/\/dignitynews.eu\/pl\/#\/schema\/person\/0b62b762b8174802fabc81a3ecb1bfcb"},"breadcrumb":{"@id":"https:\/\/dignitynews.eu\/pl\/kto-byl-lodzermenschem-geneza-lodzkiego-fenomenu\/#breadcrumb"},"inLanguage":"pl-PL","potentialAction":[{"@type":"ReadAction","target":["https:\/\/dignitynews.eu\/pl\/kto-byl-lodzermenschem-geneza-lodzkiego-fenomenu\/"]}]},{"@type":"BreadcrumbList","@id":"https:\/\/dignitynews.eu\/pl\/kto-byl-lodzermenschem-geneza-lodzkiego-fenomenu\/#breadcrumb","itemListElement":[{"@type":"ListItem","position":1,"name":"Strona g\u0142\u00f3wna","item":"https:\/\/dignitynews.eu\/pl\/"},{"@type":"ListItem","position":2,"name":"Kto by\u0142 Lodzermenschem? Geneza \u0142\u00f3dzkiego fenomenu"}]},{"@type":"Person","@id":"https:\/\/dignitynews.eu\/pl\/#\/schema\/person\/0b62b762b8174802fabc81a3ecb1bfcb","name":"Dignity News","image":{"@type":"ImageObject","inLanguage":"pl-PL","@id":"https:\/\/dignitynews.eu\/pl\/#\/schema\/person\/image\/","url":"https:\/\/secure.gravatar.com\/avatar\/97963171a6d9108f8381bbefb1c6b150c445b6ddd9e3077b96c86cf5892c85dc?s=96&d=mm&r=g","contentUrl":"https:\/\/secure.gravatar.com\/avatar\/97963171a6d9108f8381bbefb1c6b150c445b6ddd9e3077b96c86cf5892c85dc?s=96&d=mm&r=g","caption":"Dignity News"},"url":"https:\/\/dignitynews.eu\/pl\/author\/mikolaj-palade\/"}]}},"_links":{"self":[{"href":"https:\/\/dignitynews.eu\/pl\/wp-json\/wp\/v2\/posts\/14150","targetHints":{"allow":["GET"]}}],"collection":[{"href":"https:\/\/dignitynews.eu\/pl\/wp-json\/wp\/v2\/posts"}],"about":[{"href":"https:\/\/dignitynews.eu\/pl\/wp-json\/wp\/v2\/types\/post"}],"author":[{"embeddable":true,"href":"https:\/\/dignitynews.eu\/pl\/wp-json\/wp\/v2\/users\/7"}],"replies":[{"embeddable":true,"href":"https:\/\/dignitynews.eu\/pl\/wp-json\/wp\/v2\/comments?post=14150"}],"version-history":[{"count":2,"href":"https:\/\/dignitynews.eu\/pl\/wp-json\/wp\/v2\/posts\/14150\/revisions"}],"predecessor-version":[{"id":14457,"href":"https:\/\/dignitynews.eu\/pl\/wp-json\/wp\/v2\/posts\/14150\/revisions\/14457"}],"wp:featuredmedia":[{"embeddable":true,"href":"https:\/\/dignitynews.eu\/pl\/wp-json\/wp\/v2\/media\/14151"}],"wp:attachment":[{"href":"https:\/\/dignitynews.eu\/pl\/wp-json\/wp\/v2\/media?parent=14150"}],"wp:term":[{"taxonomy":"category","embeddable":true,"href":"https:\/\/dignitynews.eu\/pl\/wp-json\/wp\/v2\/categories?post=14150"},{"taxonomy":"post_tag","embeddable":true,"href":"https:\/\/dignitynews.eu\/pl\/wp-json\/wp\/v2\/tags?post=14150"}],"curies":[{"name":"wp","href":"https:\/\/api.w.org\/{rel}","templated":true}]}}