{"id":13974,"date":"2022-04-11T10:15:37","date_gmt":"2022-04-11T08:15:37","guid":{"rendered":"https:\/\/dignitynews.eu\/?p=13974"},"modified":"2022-04-11T10:15:37","modified_gmt":"2022-04-11T08:15:37","slug":"prezydent-polski-chce-osadzenia-zbrodni-katynskiej-przed-miedzynarodowymi-trybunalami","status":"publish","type":"post","link":"https:\/\/dignitynews.eu\/pl\/prezydent-polski-chce-osadzenia-zbrodni-katynskiej-przed-miedzynarodowymi-trybunalami\/","title":{"rendered":"Prezydent Polski chce os\u0105dzenia zbrodni katy\u0144skiej przed mi\u0119dzynarodowymi trybuna\u0142ami"},"content":{"rendered":"<h5><strong>Przez 80 lat ofiary i ich rodziny nie doczeka\u0142y si\u0119 sprawiedliwo\u015bci za zbrodni\u0119 katy\u0144sk\u0105. Ludob\u00f3jstwo si\u0119 nie przedawnia. Dlatego b\u0119d\u0119 domaga\u0142 si\u0119 rozstrzygni\u0119cia tej sprawy przed mi\u0119dzynarodowymi trybuna\u0142ami. Z\u0142o\u017cymy w najbli\u017cszym czasie odpowiednie wnioski. Ta zbrodnia musi zosta\u0107 ostatecznie os\u0105dzona, a sprawcy nazwani \u2013 powiedzia\u0142 w or\u0119dziu 10 kwietnia prezydent Polski Andrzej Duda.<\/strong><\/h5>\n<p>Zwr\u00f3ci\u0142 uwag\u0119, \u017ce zamordowanie w 1940 roku z rozkazu J\u00f3zefa Stalina blisko 22 tys. naszych rodak\u00f3w \u201eby\u0142o zbrodni\u0105 ludob\u00f3jstwa pope\u0142nion\u0105 przez Sowiet\u00f3w na zupe\u0142nie bezbronnych ofiarach\u201d. Prezydent doda\u0142, \u017ce ta zbrodnia nigdy nie zosta\u0142a ukarana.<\/p>\n<p>Andrzej Duda wyrazi\u0142 przekonanie, \u017ce \u201ezapomniane i nieukarane zbrodnie wojenne, zbrodnie przeciw ludzko\u015bci buduj\u0105 poczucie bezkarno\u015bci sprawc\u00f3w\u201d. To z kolei jest przyzwoleniem dla ich nast\u0119pc\u00f3w i na\u015bladowc\u00f3w. Widzimy to dzisiaj w pe\u0142ni w trakcie brutalnej agresji Rosji przeciwko niepodleg\u0142ej i demokratycznej Ukrainie \u2013 doda\u0142 prezydent.<\/p>\n<p>Polski przyw\u00f3dca zapowiedzia\u0142, \u017ce b\u0119dzie podejmowa\u0142 wszystkie mo\u017cliwe kroki dyplomatyczne, aby \u015bwiat o zbrodni katy\u0144skiej nie zapomnia\u0142 i konsekwentnie pot\u0119pia\u0142 jej sprawc\u00f3w. Jeste\u015bmy to winni tym, kt\u00f3rzy zgin\u0119li, ale jeste\u015bmy to winni r\u00f3wnie\u017c tym, kt\u00f3rzy przez lata walczyli o prawd\u0119 i pami\u0119\u0107 o Katyniu \u2013 stwierdzi\u0142 Andrzej Duda.<\/p>\n<p>Adrian Andrzejewski<\/p>\n","protected":false},"excerpt":{"rendered":"<p>Przez 80 lat ofiary i ich rodziny nie doczeka\u0142y si\u0119 sprawiedliwo\u015bci za zbrodni\u0119 katy\u0144sk\u0105. Ludob\u00f3jstwo si\u0119 nie przedawnia. Dlatego b\u0119d\u0119 domaga\u0142 si\u0119 rozstrzygni\u0119cia tej sprawy przed mi\u0119dzynarodowymi trybuna\u0142ami. Z\u0142o\u017cymy w&hellip;<\/p>\n","protected":false},"author":7,"featured_media":13975,"comment_status":"closed","ping_status":"open","sticky":false,"template":"","format":"standard","meta":{"_mi_skip_tracking":false,"footnotes":""},"categories":[47],"tags":[],"class_list":["post-13974","post","type-post","status-publish","format-standard","has-post-thumbnail","hentry","category-wydarzenia"],"yoast_head":"<!-- This site is optimized with the Yoast SEO plugin v19.4 - https:\/\/yoast.com\/wordpress\/plugins\/seo\/ -->\n<title>Prezydent Polski chce os\u0105dzenia zbrodni katy\u0144skiej przed mi\u0119dzynarodowymi trybuna\u0142ami - Godno\u015b\u0107 - DignityNews.eu<\/title>\n<meta name=\"robots\" content=\"index, follow, max-snippet:-1, max-image-preview:large, max-video-preview:-1\" \/>\n<link rel=\"canonical\" href=\"https:\/\/dignitynews.eu\/pl\/prezydent-polski-chce-osadzenia-zbrodni-katynskiej-przed-miedzynarodowymi-trybunalami\/\" \/>\n<meta property=\"og:locale\" content=\"pl_PL\" \/>\n<meta property=\"og:type\" content=\"article\" \/>\n<meta property=\"og:title\" content=\"Prezydent Polski chce os\u0105dzenia zbrodni katy\u0144skiej przed mi\u0119dzynarodowymi trybuna\u0142ami - Godno\u015b\u0107 - DignityNews.eu\" \/>\n<meta property=\"og:description\" content=\"Przez 80 lat ofiary i ich rodziny nie doczeka\u0142y si\u0119 sprawiedliwo\u015bci za zbrodni\u0119 katy\u0144sk\u0105. Ludob\u00f3jstwo si\u0119 nie przedawnia. Dlatego b\u0119d\u0119 domaga\u0142 si\u0119 rozstrzygni\u0119cia tej sprawy przed mi\u0119dzynarodowymi trybuna\u0142ami. Z\u0142o\u017cymy w&hellip;\" \/>\n<meta property=\"og:url\" content=\"https:\/\/dignitynews.eu\/pl\/prezydent-polski-chce-osadzenia-zbrodni-katynskiej-przed-miedzynarodowymi-trybunalami\/\" \/>\n<meta property=\"og:site_name\" content=\"Godno\u015b\u0107 - DignityNews.eu\" \/>\n<meta property=\"article:published_time\" content=\"2022-04-11T08:15:37+00:00\" \/>\n<meta property=\"og:image\" content=\"https:\/\/dignitynews.eu\/wp-content\/uploads\/2022\/04\/Andrzej_Duda-fot.-Jakub-Szymczuk-KPRP.jpg\" \/>\n\t<meta property=\"og:image:width\" content=\"1600\" \/>\n\t<meta property=\"og:image:height\" content=\"1066\" \/>\n\t<meta property=\"og:image:type\" content=\"image\/jpeg\" \/>\n<meta name=\"author\" content=\"Dignity News\" \/>\n<meta name=\"twitter:card\" content=\"summary_large_image\" \/>\n<meta name=\"twitter:label1\" content=\"Napisane przez\" \/>\n\t<meta name=\"twitter:data1\" content=\"Dignity News\" \/>\n\t<meta name=\"twitter:label2\" content=\"Szacowany czas czytania\" \/>\n\t<meta name=\"twitter:data2\" content=\"1 minuta\" \/>\n<script type=\"application\/ld+json\" class=\"yoast-schema-graph\">{\"@context\":\"https:\/\/schema.org\",\"@graph\":[{\"@type\":\"WebSite\",\"@id\":\"https:\/\/dignitynews.eu\/pl\/#website\",\"url\":\"https:\/\/dignitynews.eu\/pl\/\",\"name\":\"Godno\u015b\u0107 - DignityNews.eu\",\"description\":\"\",\"potentialAction\":[{\"@type\":\"SearchAction\",\"target\":{\"@type\":\"EntryPoint\",\"urlTemplate\":\"https:\/\/dignitynews.eu\/pl\/?s={search_term_string}\"},\"query-input\":\"required name=search_term_string\"}],\"inLanguage\":\"pl-PL\"},{\"@type\":\"WebPage\",\"@id\":\"https:\/\/dignitynews.eu\/pl\/prezydent-polski-chce-osadzenia-zbrodni-katynskiej-przed-miedzynarodowymi-trybunalami\/\",\"url\":\"https:\/\/dignitynews.eu\/pl\/prezydent-polski-chce-osadzenia-zbrodni-katynskiej-przed-miedzynarodowymi-trybunalami\/\",\"name\":\"Prezydent Polski chce os\u0105dzenia zbrodni katy\u0144skiej przed mi\u0119dzynarodowymi trybuna\u0142ami - Godno\u015b\u0107 - DignityNews.eu\",\"isPartOf\":{\"@id\":\"https:\/\/dignitynews.eu\/pl\/#website\"},\"datePublished\":\"2022-04-11T08:15:37+00:00\",\"dateModified\":\"2022-04-11T08:15:37+00:00\",\"author\":{\"@id\":\"https:\/\/dignitynews.eu\/pl\/#\/schema\/person\/0b62b762b8174802fabc81a3ecb1bfcb\"},\"breadcrumb\":{\"@id\":\"https:\/\/dignitynews.eu\/pl\/prezydent-polski-chce-osadzenia-zbrodni-katynskiej-przed-miedzynarodowymi-trybunalami\/#breadcrumb\"},\"inLanguage\":\"pl-PL\",\"potentialAction\":[{\"@type\":\"ReadAction\",\"target\":[\"https:\/\/dignitynews.eu\/pl\/prezydent-polski-chce-osadzenia-zbrodni-katynskiej-przed-miedzynarodowymi-trybunalami\/\"]}]},{\"@type\":\"BreadcrumbList\",\"@id\":\"https:\/\/dignitynews.eu\/pl\/prezydent-polski-chce-osadzenia-zbrodni-katynskiej-przed-miedzynarodowymi-trybunalami\/#breadcrumb\",\"itemListElement\":[{\"@type\":\"ListItem\",\"position\":1,\"name\":\"Strona g\u0142\u00f3wna\",\"item\":\"https:\/\/dignitynews.eu\/pl\/\"},{\"@type\":\"ListItem\",\"position\":2,\"name\":\"Prezydent Polski chce os\u0105dzenia zbrodni katy\u0144skiej przed mi\u0119dzynarodowymi trybuna\u0142ami\"}]},{\"@type\":\"Person\",\"@id\":\"https:\/\/dignitynews.eu\/pl\/#\/schema\/person\/0b62b762b8174802fabc81a3ecb1bfcb\",\"name\":\"Dignity News\",\"image\":{\"@type\":\"ImageObject\",\"inLanguage\":\"pl-PL\",\"@id\":\"https:\/\/dignitynews.eu\/pl\/#\/schema\/person\/image\/\",\"url\":\"https:\/\/secure.gravatar.com\/avatar\/97963171a6d9108f8381bbefb1c6b150c445b6ddd9e3077b96c86cf5892c85dc?s=96&d=mm&r=g\",\"contentUrl\":\"https:\/\/secure.gravatar.com\/avatar\/97963171a6d9108f8381bbefb1c6b150c445b6ddd9e3077b96c86cf5892c85dc?s=96&d=mm&r=g\",\"caption\":\"Dignity News\"},\"url\":\"https:\/\/dignitynews.eu\/pl\/author\/mikolaj-palade\/\"}]}<\/script>\n<!-- \/ Yoast SEO plugin. -->","yoast_head_json":{"title":"Prezydent Polski chce os\u0105dzenia zbrodni katy\u0144skiej przed mi\u0119dzynarodowymi trybuna\u0142ami - Godno\u015b\u0107 - DignityNews.eu","robots":{"index":"index","follow":"follow","max-snippet":"max-snippet:-1","max-image-preview":"max-image-preview:large","max-video-preview":"max-video-preview:-1"},"canonical":"https:\/\/dignitynews.eu\/pl\/prezydent-polski-chce-osadzenia-zbrodni-katynskiej-przed-miedzynarodowymi-trybunalami\/","og_locale":"pl_PL","og_type":"article","og_title":"Prezydent Polski chce os\u0105dzenia zbrodni katy\u0144skiej przed mi\u0119dzynarodowymi trybuna\u0142ami - Godno\u015b\u0107 - DignityNews.eu","og_description":"Przez 80 lat ofiary i ich rodziny nie doczeka\u0142y si\u0119 sprawiedliwo\u015bci za zbrodni\u0119 katy\u0144sk\u0105. Ludob\u00f3jstwo si\u0119 nie przedawnia. Dlatego b\u0119d\u0119 domaga\u0142 si\u0119 rozstrzygni\u0119cia tej sprawy przed mi\u0119dzynarodowymi trybuna\u0142ami. Z\u0142o\u017cymy w&hellip;","og_url":"https:\/\/dignitynews.eu\/pl\/prezydent-polski-chce-osadzenia-zbrodni-katynskiej-przed-miedzynarodowymi-trybunalami\/","og_site_name":"Godno\u015b\u0107 - DignityNews.eu","article_published_time":"2022-04-11T08:15:37+00:00","og_image":[{"width":1600,"height":1066,"url":"https:\/\/dignitynews.eu\/wp-content\/uploads\/2022\/04\/Andrzej_Duda-fot.-Jakub-Szymczuk-KPRP.jpg","type":"image\/jpeg"}],"author":"Dignity News","twitter_card":"summary_large_image","twitter_misc":{"Napisane przez":"Dignity News","Szacowany czas czytania":"1 minuta"},"schema":{"@context":"https:\/\/schema.org","@graph":[{"@type":"WebSite","@id":"https:\/\/dignitynews.eu\/pl\/#website","url":"https:\/\/dignitynews.eu\/pl\/","name":"Godno\u015b\u0107 - DignityNews.eu","description":"","potentialAction":[{"@type":"SearchAction","target":{"@type":"EntryPoint","urlTemplate":"https:\/\/dignitynews.eu\/pl\/?s={search_term_string}"},"query-input":"required name=search_term_string"}],"inLanguage":"pl-PL"},{"@type":"WebPage","@id":"https:\/\/dignitynews.eu\/pl\/prezydent-polski-chce-osadzenia-zbrodni-katynskiej-przed-miedzynarodowymi-trybunalami\/","url":"https:\/\/dignitynews.eu\/pl\/prezydent-polski-chce-osadzenia-zbrodni-katynskiej-przed-miedzynarodowymi-trybunalami\/","name":"Prezydent Polski chce os\u0105dzenia zbrodni katy\u0144skiej przed mi\u0119dzynarodowymi trybuna\u0142ami - Godno\u015b\u0107 - DignityNews.eu","isPartOf":{"@id":"https:\/\/dignitynews.eu\/pl\/#website"},"datePublished":"2022-04-11T08:15:37+00:00","dateModified":"2022-04-11T08:15:37+00:00","author":{"@id":"https:\/\/dignitynews.eu\/pl\/#\/schema\/person\/0b62b762b8174802fabc81a3ecb1bfcb"},"breadcrumb":{"@id":"https:\/\/dignitynews.eu\/pl\/prezydent-polski-chce-osadzenia-zbrodni-katynskiej-przed-miedzynarodowymi-trybunalami\/#breadcrumb"},"inLanguage":"pl-PL","potentialAction":[{"@type":"ReadAction","target":["https:\/\/dignitynews.eu\/pl\/prezydent-polski-chce-osadzenia-zbrodni-katynskiej-przed-miedzynarodowymi-trybunalami\/"]}]},{"@type":"BreadcrumbList","@id":"https:\/\/dignitynews.eu\/pl\/prezydent-polski-chce-osadzenia-zbrodni-katynskiej-przed-miedzynarodowymi-trybunalami\/#breadcrumb","itemListElement":[{"@type":"ListItem","position":1,"name":"Strona g\u0142\u00f3wna","item":"https:\/\/dignitynews.eu\/pl\/"},{"@type":"ListItem","position":2,"name":"Prezydent Polski chce os\u0105dzenia zbrodni katy\u0144skiej przed mi\u0119dzynarodowymi trybuna\u0142ami"}]},{"@type":"Person","@id":"https:\/\/dignitynews.eu\/pl\/#\/schema\/person\/0b62b762b8174802fabc81a3ecb1bfcb","name":"Dignity News","image":{"@type":"ImageObject","inLanguage":"pl-PL","@id":"https:\/\/dignitynews.eu\/pl\/#\/schema\/person\/image\/","url":"https:\/\/secure.gravatar.com\/avatar\/97963171a6d9108f8381bbefb1c6b150c445b6ddd9e3077b96c86cf5892c85dc?s=96&d=mm&r=g","contentUrl":"https:\/\/secure.gravatar.com\/avatar\/97963171a6d9108f8381bbefb1c6b150c445b6ddd9e3077b96c86cf5892c85dc?s=96&d=mm&r=g","caption":"Dignity News"},"url":"https:\/\/dignitynews.eu\/pl\/author\/mikolaj-palade\/"}]}},"_links":{"self":[{"href":"https:\/\/dignitynews.eu\/pl\/wp-json\/wp\/v2\/posts\/13974","targetHints":{"allow":["GET"]}}],"collection":[{"href":"https:\/\/dignitynews.eu\/pl\/wp-json\/wp\/v2\/posts"}],"about":[{"href":"https:\/\/dignitynews.eu\/pl\/wp-json\/wp\/v2\/types\/post"}],"author":[{"embeddable":true,"href":"https:\/\/dignitynews.eu\/pl\/wp-json\/wp\/v2\/users\/7"}],"replies":[{"embeddable":true,"href":"https:\/\/dignitynews.eu\/pl\/wp-json\/wp\/v2\/comments?post=13974"}],"version-history":[{"count":1,"href":"https:\/\/dignitynews.eu\/pl\/wp-json\/wp\/v2\/posts\/13974\/revisions"}],"predecessor-version":[{"id":13980,"href":"https:\/\/dignitynews.eu\/pl\/wp-json\/wp\/v2\/posts\/13974\/revisions\/13980"}],"wp:featuredmedia":[{"embeddable":true,"href":"https:\/\/dignitynews.eu\/pl\/wp-json\/wp\/v2\/media\/13975"}],"wp:attachment":[{"href":"https:\/\/dignitynews.eu\/pl\/wp-json\/wp\/v2\/media?parent=13974"}],"wp:term":[{"taxonomy":"category","embeddable":true,"href":"https:\/\/dignitynews.eu\/pl\/wp-json\/wp\/v2\/categories?post=13974"},{"taxonomy":"post_tag","embeddable":true,"href":"https:\/\/dignitynews.eu\/pl\/wp-json\/wp\/v2\/tags?post=13974"}],"curies":[{"name":"wp","href":"https:\/\/api.w.org\/{rel}","templated":true}]}}